{"id":35755,"date":"2026-04-29T17:42:47","date_gmt":"2026-04-29T20:42:47","guid":{"rendered":"https:\/\/rotario.com.br\/site\/?p=35755"},"modified":"2026-04-29T17:44:14","modified_gmt":"2026-04-29T20:44:14","slug":"presidente-do-condetur-classifica-cenario-como-catastrofico-para-o-rio-com-a-perda-dos-royalties","status":"publish","type":"post","link":"https:\/\/rotario.com.br\/site\/presidente-do-condetur-classifica-cenario-como-catastrofico-para-o-rio-com-a-perda-dos-royalties\/","title":{"rendered":"Presidente do Condetur classifica cen\u00e1rio como \u201ccatastr\u00f3fico\u201d para o Rio com a perda dos royalties"},"content":{"rendered":"\n<p>A redistribui\u00e7\u00e3o dos royalties do petr\u00f3leo segue fervendo nos bastidores. Ap\u00f3s prefeitos e representantes dos munic\u00edpios produtores terem se reunido na Alerj em defesa aos royalties, o Conselho de Turismo da Regi\u00e3o Costa do Sol (Condetur), na figura de seu presidente, Marco Navega, tamb\u00e9m se posicionou contra a redistribui\u00e7\u00e3o, apontando inclusive uma s\u00e9rie de impactos negativos caso a medida seja aprovada pelo Supremo Tribunal Federal (STF). A vota\u00e7\u00e3o ser\u00e1 no dia 6 de maio.<\/p>\n\n\n\n<p>Mais do que prestar apoio aos munic\u00edpios produtores, o Condetur lembra que a medida, se aprovada, pode fazer com que o Estado do Rio de Janeiro perca cerca de R$ 30 bilh\u00f5es anuais. \u201c\u00c9 um cen\u00e1rio catastr\u00f3fico que n\u00e3o podemos aceitar passivamente\u201d, come\u00e7a Navega.<\/p>\n\n\n\n<p>Dentre os argumentos em defesa dos royalties, o Condetur aponta que eles n\u00e3o s\u00e3o um \u201cb\u00f4nus\u201d, mas sim \u201cuma compensa\u00e7\u00e3o indispens\u00e1vel pelos impactos socioambientais e pela demanda sobre os servi\u00e7os p\u00fablicos gerados pela explora\u00e7\u00e3o do petr\u00f3leo em nossa costa\u201d.<\/p>\n\n\n\n<p>Navega afirma tamb\u00e9m que \u00e9 preciso enxergar que turismo e petr\u00f3leo caminham lado a lado. A retirada desses recursos dos munic\u00edpios produtores comprometeria a arrecada\u00e7\u00e3o de recursos que poderiam ser aplicados para o setor. A qualidade de servi\u00e7os essenciais cairiam, ocasionando preju\u00edzos ao turismo como um todo. \u201cSem essa receita, o padr\u00e3o de atendimento ao turista e a qualidade de vida do morador sofrer\u00e3o um retrocesso sem precedentes, comprometendo d\u00e9cadas de planejamento e investimento no setor de servi\u00e7os\u201d.<\/p>\n\n\n\n<p>\u201cRetirar esses recursos das cidades produtoras para redistribu\u00ed-los indiscriminadamente por todo o pa\u00eds, \u00e9 ignorar a responsabilidade log\u00edstica e os \u00f4nus que nossos munic\u00edpios suportam diariamente para que o Brasil alcance sua autossufici\u00eancia energ\u00e9tica\u201d, explica Navega.<\/p>\n\n\n\n<p>Mais que o turismo, o Condetur aponta tamb\u00e9m os impactos sociais negativos caso a medida seja aprovada. Dentre os exemplos, hospitais poderiam ser fechados, assim como escolas e tamb\u00e9m preju\u00edzos em uma cadeia produtiva de turismo que emprega milhares de pais de fam\u00edlia na Regi\u00e3o dos Lagos e Norte Fluminense.<\/p>\n\n\n\n<p>\u201cO Condetur reafirma seu apoio irrestrito \u00e0s prefeituras da Costa do Sol nessa luta. Precisamos de uni\u00e3o institucional e de um olhar t\u00e9cnico do Judici\u00e1rio que reconhe\u00e7a a especificidade e a vulnerabilidade das regi\u00f5es produtoras perante a atividade extrativista. N\u00e3o permitiremos que o futuro de nossos munic\u00edpios seja sacrificado sob o pretexto de uma redistribui\u00e7\u00e3o que desconsidera a realidade de quem vive e trabalha no epicentro da produ\u00e7\u00e3o do petr\u00f3leo\u201d, encerrou Navega.<\/p>\n\n\n\n<p>Fazem parte do Condetur munic\u00edpios como Araruama, Arma\u00e7\u00e3o dos B\u00fazios, Arraial do Cabo, Cabo Frio, Carapebus, Casimiro de Abreu, Iguaba Grande, Quissam\u00e3, Maric\u00e1, Maca\u00e9, Rio das Ostras, Saquarema e S\u00e3o Pedro da Aldeia.<\/p>\n","protected":false},"excerpt":{"rendered":"<p>A redistribui\u00e7\u00e3o dos royalties do petr\u00f3leo segue fervendo nos bastidores. Ap\u00f3s prefeitos e representantes dos munic\u00edpios produtores terem se reunido na Alerj em defesa aos royalties, o Conselho de Turismo da Regi\u00e3o Costa do Sol (Condetur), na figura de seu presidente, Marco Navega, tamb\u00e9m se posicionou contra a redistribui\u00e7\u00e3o, apontando inclusive uma s\u00e9rie de impactos [&hellip;]<\/p>\n","protected":false},"author":2,"featured_media":35756,"comment_status":"open","ping_status":"closed","sticky":false,"template":"","format":"standard","meta":{"footnotes":""},"categories":[225],"tags":[2785],"class_list":["post-35755","post","type-post","status-publish","format-standard","has-post-thumbnail","hentry","category-destaque","tag-redistribuicao-dos-royalties-do-petroleo"],"yoast_head":"<!-- This site is optimized with the Yoast SEO plugin v26.5 - https:\/\/yoast.com\/wordpress\/plugins\/seo\/ -->\n<title>Presidente do Condetur classifica cen\u00e1rio como \u201ccatastr\u00f3fico\u201d para o Rio com a perda dos royalties - Rota Rio<\/title>\n<meta name=\"robots\" content=\"index, follow, max-snippet:-1, max-image-preview:large, max-video-preview:-1\" \/>\n<link rel=\"canonical\" href=\"https:\/\/rotario.com.br\/site\/presidente-do-condetur-classifica-cenario-como-catastrofico-para-o-rio-com-a-perda-dos-royalties\/\" \/>\n<meta property=\"og:locale\" content=\"pt_BR\" \/>\n<meta property=\"og:type\" content=\"article\" \/>\n<meta property=\"og:title\" content=\"Presidente do Condetur classifica cen\u00e1rio como \u201ccatastr\u00f3fico\u201d para o Rio com a perda dos royalties - Rota Rio\" \/>\n<meta property=\"og:description\" content=\"A redistribui\u00e7\u00e3o dos royalties do petr\u00f3leo segue fervendo nos bastidores. Ap\u00f3s prefeitos e representantes dos munic\u00edpios produtores terem se reunido na Alerj em defesa aos royalties, o Conselho de Turismo da Regi\u00e3o Costa do Sol (Condetur), na figura de seu presidente, Marco Navega, tamb\u00e9m se posicionou contra a redistribui\u00e7\u00e3o, apontando inclusive uma s\u00e9rie de impactos [&hellip;]\" \/>\n<meta property=\"og:url\" content=\"https:\/\/rotario.com.br\/site\/presidente-do-condetur-classifica-cenario-como-catastrofico-para-o-rio-com-a-perda-dos-royalties\/\" \/>\n<meta property=\"og:site_name\" content=\"Rota Rio\" \/>\n<meta property=\"article:published_time\" content=\"2026-04-29T20:42:47+00:00\" \/>\n<meta property=\"article:modified_time\" content=\"2026-04-29T20:44:14+00:00\" \/>\n<meta property=\"og:image\" content=\"https:\/\/rotario.com.br\/site\/wp-content\/uploads\/2026\/04\/WhatsApp-Image-2026-04-29-at-15.15.05.jpeg\" \/>\n\t<meta property=\"og:image:width\" content=\"1280\" \/>\n\t<meta property=\"og:image:height\" content=\"960\" \/>\n\t<meta property=\"og:image:type\" content=\"image\/jpeg\" \/>\n<meta name=\"author\" content=\"Galv\u00e3o\" \/>\n<meta name=\"twitter:card\" content=\"summary_large_image\" \/>\n<meta name=\"twitter:label1\" content=\"Escrito por\" \/>\n\t<meta name=\"twitter:data1\" content=\"Galv\u00e3o\" \/>\n\t<meta name=\"twitter:label2\" content=\"Est. tempo de leitura\" \/>\n\t<meta name=\"twitter:data2\" content=\"3 minutos\" \/>\n<script type=\"application\/ld+json\" class=\"yoast-schema-graph\">{\"@context\":\"https:\/\/schema.org\",\"@graph\":[{\"@type\":\"Article\",\"@id\":\"https:\/\/rotario.com.br\/site\/presidente-do-condetur-classifica-cenario-como-catastrofico-para-o-rio-com-a-perda-dos-royalties\/#article\",\"isPartOf\":{\"@id\":\"https:\/\/rotario.com.br\/site\/presidente-do-condetur-classifica-cenario-como-catastrofico-para-o-rio-com-a-perda-dos-royalties\/\"},\"author\":{\"name\":\"Galv\u00e3o\",\"@id\":\"https:\/\/rotario.com.br\/site\/#\/schema\/person\/fd89bbbf4136f7e8a21e0dd67b8a66c7\"},\"headline\":\"Presidente do Condetur classifica cen\u00e1rio como \u201ccatastr\u00f3fico\u201d para o Rio com a perda dos royalties\",\"datePublished\":\"2026-04-29T20:42:47+00:00\",\"dateModified\":\"2026-04-29T20:44:14+00:00\",\"mainEntityOfPage\":{\"@id\":\"https:\/\/rotario.com.br\/site\/presidente-do-condetur-classifica-cenario-como-catastrofico-para-o-rio-com-a-perda-dos-royalties\/\"},\"wordCount\":497,\"commentCount\":0,\"publisher\":{\"@id\":\"https:\/\/rotario.com.br\/site\/#organization\"},\"image\":{\"@id\":\"https:\/\/rotario.com.br\/site\/presidente-do-condetur-classifica-cenario-como-catastrofico-para-o-rio-com-a-perda-dos-royalties\/#primaryimage\"},\"thumbnailUrl\":\"https:\/\/rotario.com.br\/site\/wp-content\/uploads\/2026\/04\/WhatsApp-Image-2026-04-29-at-15.15.05.jpeg\",\"keywords\":[\"redistribui\u00e7\u00e3o dos royalties do petr\u00f3leo\"],\"articleSection\":[\"Destaque\"],\"inLanguage\":\"pt-BR\",\"potentialAction\":[{\"@type\":\"CommentAction\",\"name\":\"Comment\",\"target\":[\"https:\/\/rotario.com.br\/site\/presidente-do-condetur-classifica-cenario-como-catastrofico-para-o-rio-com-a-perda-dos-royalties\/#respond\"]}]},{\"@type\":\"WebPage\",\"@id\":\"https:\/\/rotario.com.br\/site\/presidente-do-condetur-classifica-cenario-como-catastrofico-para-o-rio-com-a-perda-dos-royalties\/\",\"url\":\"https:\/\/rotario.com.br\/site\/presidente-do-condetur-classifica-cenario-como-catastrofico-para-o-rio-com-a-perda-dos-royalties\/\",\"name\":\"Presidente do Condetur classifica cen\u00e1rio como \u201ccatastr\u00f3fico\u201d para o Rio com a perda dos royalties - Rota Rio\",\"isPartOf\":{\"@id\":\"https:\/\/rotario.com.br\/site\/#website\"},\"primaryImageOfPage\":{\"@id\":\"https:\/\/rotario.com.br\/site\/presidente-do-condetur-classifica-cenario-como-catastrofico-para-o-rio-com-a-perda-dos-royalties\/#primaryimage\"},\"image\":{\"@id\":\"https:\/\/rotario.com.br\/site\/presidente-do-condetur-classifica-cenario-como-catastrofico-para-o-rio-com-a-perda-dos-royalties\/#primaryimage\"},\"thumbnailUrl\":\"https:\/\/rotario.com.br\/site\/wp-content\/uploads\/2026\/04\/WhatsApp-Image-2026-04-29-at-15.15.05.jpeg\",\"datePublished\":\"2026-04-29T20:42:47+00:00\",\"dateModified\":\"2026-04-29T20:44:14+00:00\",\"breadcrumb\":{\"@id\":\"https:\/\/rotario.com.br\/site\/presidente-do-condetur-classifica-cenario-como-catastrofico-para-o-rio-com-a-perda-dos-royalties\/#breadcrumb\"},\"inLanguage\":\"pt-BR\",\"potentialAction\":[{\"@type\":\"ReadAction\",\"target\":[\"https:\/\/rotario.com.br\/site\/presidente-do-condetur-classifica-cenario-como-catastrofico-para-o-rio-com-a-perda-dos-royalties\/\"]}]},{\"@type\":\"ImageObject\",\"inLanguage\":\"pt-BR\",\"@id\":\"https:\/\/rotario.com.br\/site\/presidente-do-condetur-classifica-cenario-como-catastrofico-para-o-rio-com-a-perda-dos-royalties\/#primaryimage\",\"url\":\"https:\/\/rotario.com.br\/site\/wp-content\/uploads\/2026\/04\/WhatsApp-Image-2026-04-29-at-15.15.05.jpeg\",\"contentUrl\":\"https:\/\/rotario.com.br\/site\/wp-content\/uploads\/2026\/04\/WhatsApp-Image-2026-04-29-at-15.15.05.jpeg\",\"width\":1280,\"height\":960},{\"@type\":\"BreadcrumbList\",\"@id\":\"https:\/\/rotario.com.br\/site\/presidente-do-condetur-classifica-cenario-como-catastrofico-para-o-rio-com-a-perda-dos-royalties\/#breadcrumb\",\"itemListElement\":[{\"@type\":\"ListItem\",\"position\":1,\"name\":\"In\u00edcio\",\"item\":\"https:\/\/rotario.com.br\/site\/\"},{\"@type\":\"ListItem\",\"position\":2,\"name\":\"Presidente do Condetur classifica cen\u00e1rio como \u201ccatastr\u00f3fico\u201d para o Rio com a perda dos royalties\"}]},{\"@type\":\"WebSite\",\"@id\":\"https:\/\/rotario.com.br\/site\/#website\",\"url\":\"https:\/\/rotario.com.br\/site\/\",\"name\":\"Rota Rio\",\"description\":\"Aqui, o Rio de Janeiro \u00e9 a pauta!\",\"publisher\":{\"@id\":\"https:\/\/rotario.com.br\/site\/#organization\"},\"potentialAction\":[{\"@type\":\"SearchAction\",\"target\":{\"@type\":\"EntryPoint\",\"urlTemplate\":\"https:\/\/rotario.com.br\/site\/?s={search_term_string}\"},\"query-input\":{\"@type\":\"PropertyValueSpecification\",\"valueRequired\":true,\"valueName\":\"search_term_string\"}}],\"inLanguage\":\"pt-BR\"},{\"@type\":\"Organization\",\"@id\":\"https:\/\/rotario.com.br\/site\/#organization\",\"name\":\"Rota Rio\",\"url\":\"https:\/\/rotario.com.br\/site\/\",\"logo\":{\"@type\":\"ImageObject\",\"inLanguage\":\"pt-BR\",\"@id\":\"https:\/\/rotario.com.br\/site\/#\/schema\/logo\/image\/\",\"url\":\"https:\/\/rotario.com.br\/site\/wp-content\/uploads\/2022\/04\/cropped-ROTARIO-LOGO-Prancheta-1-1-2048x654-1.png\",\"contentUrl\":\"https:\/\/rotario.com.br\/site\/wp-content\/uploads\/2022\/04\/cropped-ROTARIO-LOGO-Prancheta-1-1-2048x654-1.png\",\"width\":2048,\"height\":654,\"caption\":\"Rota Rio\"},\"image\":{\"@id\":\"https:\/\/rotario.com.br\/site\/#\/schema\/logo\/image\/\"}},{\"@type\":\"Person\",\"@id\":\"https:\/\/rotario.com.br\/site\/#\/schema\/person\/fd89bbbf4136f7e8a21e0dd67b8a66c7\",\"name\":\"Galv\u00e3o\",\"url\":\"https:\/\/rotario.com.br\/site\/author\/daniel\/\"}]}<\/script>\n<!-- \/ Yoast SEO plugin. -->","yoast_head_json":{"title":"Presidente do Condetur classifica cen\u00e1rio como \u201ccatastr\u00f3fico\u201d para o Rio com a perda dos royalties - Rota Rio","robots":{"index":"index","follow":"follow","max-snippet":"max-snippet:-1","max-image-preview":"max-image-preview:large","max-video-preview":"max-video-preview:-1"},"canonical":"https:\/\/rotario.com.br\/site\/presidente-do-condetur-classifica-cenario-como-catastrofico-para-o-rio-com-a-perda-dos-royalties\/","og_locale":"pt_BR","og_type":"article","og_title":"Presidente do Condetur classifica cen\u00e1rio como \u201ccatastr\u00f3fico\u201d para o Rio com a perda dos royalties - Rota Rio","og_description":"A redistribui\u00e7\u00e3o dos royalties do petr\u00f3leo segue fervendo nos bastidores. Ap\u00f3s prefeitos e representantes dos munic\u00edpios produtores terem se reunido na Alerj em defesa aos royalties, o Conselho de Turismo da Regi\u00e3o Costa do Sol (Condetur), na figura de seu presidente, Marco Navega, tamb\u00e9m se posicionou contra a redistribui\u00e7\u00e3o, apontando inclusive uma s\u00e9rie de impactos [&hellip;]","og_url":"https:\/\/rotario.com.br\/site\/presidente-do-condetur-classifica-cenario-como-catastrofico-para-o-rio-com-a-perda-dos-royalties\/","og_site_name":"Rota Rio","article_published_time":"2026-04-29T20:42:47+00:00","article_modified_time":"2026-04-29T20:44:14+00:00","og_image":[{"width":1280,"height":960,"url":"https:\/\/rotario.com.br\/site\/wp-content\/uploads\/2026\/04\/WhatsApp-Image-2026-04-29-at-15.15.05.jpeg","type":"image\/jpeg"}],"author":"Galv\u00e3o","twitter_card":"summary_large_image","twitter_misc":{"Escrito por":"Galv\u00e3o","Est. tempo de leitura":"3 minutos"},"schema":{"@context":"https:\/\/schema.org","@graph":[{"@type":"Article","@id":"https:\/\/rotario.com.br\/site\/presidente-do-condetur-classifica-cenario-como-catastrofico-para-o-rio-com-a-perda-dos-royalties\/#article","isPartOf":{"@id":"https:\/\/rotario.com.br\/site\/presidente-do-condetur-classifica-cenario-como-catastrofico-para-o-rio-com-a-perda-dos-royalties\/"},"author":{"name":"Galv\u00e3o","@id":"https:\/\/rotario.com.br\/site\/#\/schema\/person\/fd89bbbf4136f7e8a21e0dd67b8a66c7"},"headline":"Presidente do Condetur classifica cen\u00e1rio como \u201ccatastr\u00f3fico\u201d para o Rio com a perda dos royalties","datePublished":"2026-04-29T20:42:47+00:00","dateModified":"2026-04-29T20:44:14+00:00","mainEntityOfPage":{"@id":"https:\/\/rotario.com.br\/site\/presidente-do-condetur-classifica-cenario-como-catastrofico-para-o-rio-com-a-perda-dos-royalties\/"},"wordCount":497,"commentCount":0,"publisher":{"@id":"https:\/\/rotario.com.br\/site\/#organization"},"image":{"@id":"https:\/\/rotario.com.br\/site\/presidente-do-condetur-classifica-cenario-como-catastrofico-para-o-rio-com-a-perda-dos-royalties\/#primaryimage"},"thumbnailUrl":"https:\/\/rotario.com.br\/site\/wp-content\/uploads\/2026\/04\/WhatsApp-Image-2026-04-29-at-15.15.05.jpeg","keywords":["redistribui\u00e7\u00e3o dos royalties do petr\u00f3leo"],"articleSection":["Destaque"],"inLanguage":"pt-BR","potentialAction":[{"@type":"CommentAction","name":"Comment","target":["https:\/\/rotario.com.br\/site\/presidente-do-condetur-classifica-cenario-como-catastrofico-para-o-rio-com-a-perda-dos-royalties\/#respond"]}]},{"@type":"WebPage","@id":"https:\/\/rotario.com.br\/site\/presidente-do-condetur-classifica-cenario-como-catastrofico-para-o-rio-com-a-perda-dos-royalties\/","url":"https:\/\/rotario.com.br\/site\/presidente-do-condetur-classifica-cenario-como-catastrofico-para-o-rio-com-a-perda-dos-royalties\/","name":"Presidente do Condetur classifica cen\u00e1rio como \u201ccatastr\u00f3fico\u201d para o Rio com a perda dos royalties - Rota Rio","isPartOf":{"@id":"https:\/\/rotario.com.br\/site\/#website"},"primaryImageOfPage":{"@id":"https:\/\/rotario.com.br\/site\/presidente-do-condetur-classifica-cenario-como-catastrofico-para-o-rio-com-a-perda-dos-royalties\/#primaryimage"},"image":{"@id":"https:\/\/rotario.com.br\/site\/presidente-do-condetur-classifica-cenario-como-catastrofico-para-o-rio-com-a-perda-dos-royalties\/#primaryimage"},"thumbnailUrl":"https:\/\/rotario.com.br\/site\/wp-content\/uploads\/2026\/04\/WhatsApp-Image-2026-04-29-at-15.15.05.jpeg","datePublished":"2026-04-29T20:42:47+00:00","dateModified":"2026-04-29T20:44:14+00:00","breadcrumb":{"@id":"https:\/\/rotario.com.br\/site\/presidente-do-condetur-classifica-cenario-como-catastrofico-para-o-rio-com-a-perda-dos-royalties\/#breadcrumb"},"inLanguage":"pt-BR","potentialAction":[{"@type":"ReadAction","target":["https:\/\/rotario.com.br\/site\/presidente-do-condetur-classifica-cenario-como-catastrofico-para-o-rio-com-a-perda-dos-royalties\/"]}]},{"@type":"ImageObject","inLanguage":"pt-BR","@id":"https:\/\/rotario.com.br\/site\/presidente-do-condetur-classifica-cenario-como-catastrofico-para-o-rio-com-a-perda-dos-royalties\/#primaryimage","url":"https:\/\/rotario.com.br\/site\/wp-content\/uploads\/2026\/04\/WhatsApp-Image-2026-04-29-at-15.15.05.jpeg","contentUrl":"https:\/\/rotario.com.br\/site\/wp-content\/uploads\/2026\/04\/WhatsApp-Image-2026-04-29-at-15.15.05.jpeg","width":1280,"height":960},{"@type":"BreadcrumbList","@id":"https:\/\/rotario.com.br\/site\/presidente-do-condetur-classifica-cenario-como-catastrofico-para-o-rio-com-a-perda-dos-royalties\/#breadcrumb","itemListElement":[{"@type":"ListItem","position":1,"name":"In\u00edcio","item":"https:\/\/rotario.com.br\/site\/"},{"@type":"ListItem","position":2,"name":"Presidente do Condetur classifica cen\u00e1rio como \u201ccatastr\u00f3fico\u201d para o Rio com a perda dos royalties"}]},{"@type":"WebSite","@id":"https:\/\/rotario.com.br\/site\/#website","url":"https:\/\/rotario.com.br\/site\/","name":"Rota Rio","description":"Aqui, o Rio de Janeiro \u00e9 a pauta!","publisher":{"@id":"https:\/\/rotario.com.br\/site\/#organization"},"potentialAction":[{"@type":"SearchAction","target":{"@type":"EntryPoint","urlTemplate":"https:\/\/rotario.com.br\/site\/?s={search_term_string}"},"query-input":{"@type":"PropertyValueSpecification","valueRequired":true,"valueName":"search_term_string"}}],"inLanguage":"pt-BR"},{"@type":"Organization","@id":"https:\/\/rotario.com.br\/site\/#organization","name":"Rota Rio","url":"https:\/\/rotario.com.br\/site\/","logo":{"@type":"ImageObject","inLanguage":"pt-BR","@id":"https:\/\/rotario.com.br\/site\/#\/schema\/logo\/image\/","url":"https:\/\/rotario.com.br\/site\/wp-content\/uploads\/2022\/04\/cropped-ROTARIO-LOGO-Prancheta-1-1-2048x654-1.png","contentUrl":"https:\/\/rotario.com.br\/site\/wp-content\/uploads\/2022\/04\/cropped-ROTARIO-LOGO-Prancheta-1-1-2048x654-1.png","width":2048,"height":654,"caption":"Rota Rio"},"image":{"@id":"https:\/\/rotario.com.br\/site\/#\/schema\/logo\/image\/"}},{"@type":"Person","@id":"https:\/\/rotario.com.br\/site\/#\/schema\/person\/fd89bbbf4136f7e8a21e0dd67b8a66c7","name":"Galv\u00e3o","url":"https:\/\/rotario.com.br\/site\/author\/daniel\/"}]}},"_links":{"self":[{"href":"https:\/\/rotario.com.br\/site\/wp-json\/wp\/v2\/posts\/35755","targetHints":{"allow":["GET"]}}],"collection":[{"href":"https:\/\/rotario.com.br\/site\/wp-json\/wp\/v2\/posts"}],"about":[{"href":"https:\/\/rotario.com.br\/site\/wp-json\/wp\/v2\/types\/post"}],"author":[{"embeddable":true,"href":"https:\/\/rotario.com.br\/site\/wp-json\/wp\/v2\/users\/2"}],"replies":[{"embeddable":true,"href":"https:\/\/rotario.com.br\/site\/wp-json\/wp\/v2\/comments?post=35755"}],"version-history":[{"count":1,"href":"https:\/\/rotario.com.br\/site\/wp-json\/wp\/v2\/posts\/35755\/revisions"}],"predecessor-version":[{"id":35757,"href":"https:\/\/rotario.com.br\/site\/wp-json\/wp\/v2\/posts\/35755\/revisions\/35757"}],"wp:featuredmedia":[{"embeddable":true,"href":"https:\/\/rotario.com.br\/site\/wp-json\/wp\/v2\/media\/35756"}],"wp:attachment":[{"href":"https:\/\/rotario.com.br\/site\/wp-json\/wp\/v2\/media?parent=35755"}],"wp:term":[{"taxonomy":"category","embeddable":true,"href":"https:\/\/rotario.com.br\/site\/wp-json\/wp\/v2\/categories?post=35755"},{"taxonomy":"post_tag","embeddable":true,"href":"https:\/\/rotario.com.br\/site\/wp-json\/wp\/v2\/tags?post=35755"}],"curies":[{"name":"wp","href":"https:\/\/api.w.org\/{rel}","templated":true}]}}