{"id":35763,"date":"2026-04-29T18:04:29","date_gmt":"2026-04-29T21:04:29","guid":{"rendered":"https:\/\/rotario.com.br\/site\/?p=35763"},"modified":"2026-04-29T18:04:33","modified_gmt":"2026-04-29T21:04:33","slug":"mae-de-rio-das-ostras-faz-denuncia-e-expoe-inseguranca-das-mulheres-do-jardim-marilea","status":"publish","type":"post","link":"https:\/\/rotario.com.br\/site\/mae-de-rio-das-ostras-faz-denuncia-e-expoe-inseguranca-das-mulheres-do-jardim-marilea\/","title":{"rendered":"M\u00e3e de Rio das Ostras faz den\u00fancia e exp\u00f5e inseguran\u00e7a das mulheres do Jardim Maril\u00e9a"},"content":{"rendered":"\n<p>Uma den\u00fancia feita por uma moradora do Jardim Maril\u00e9a, em Rio das Ostras, na manh\u00e3 dessa quarta-feira, 29, vem repercutindo na cidade, chegando at\u00e9 mesmo a ser tema de uma explana\u00e7\u00e3o na sess\u00e3o da C\u00e2mara Municipal.<\/p>\n\n\n\n<p>A den\u00fancia partiu de uma m\u00e3e, chamada Yasmim, moradora do bairro, que relatou ter sido assediada por um homem conduzindo uma motocicleta vermelha, que teria chegado, inclusive, a assediar tamb\u00e9m sua filha, de 12 anos.<\/p>\n\n\n\n<p>\u201cHoje (29) eu vim aqui, n\u00e3o para contar uma coisa muito legal, mas necess\u00e1ria, que fique de alerta para as pessoas. Ontem (ter\u00e7a, 28) eu e minha filha sa\u00edmos da capoeira, na pra\u00e7a ali do Maril\u00e9a, por volta das 20h20, 20h30; n\u00e3o sei muito bem o hor\u00e1rio que era. A gente estava passando quase em frente ali a creche, na Rua Bom Jardim, na Creche Espa\u00e7o Feliz, que acho que hoje nem tem esse nome mais, n\u00e9, \u00e9 outro nome. E um cara numa moto vermelha passou muito perto da gente, passou a m\u00e3o na nossa bunda; passou a m\u00e3o na minha, depois passou a m\u00e3o na minha filha. A minha filha tem 12 anos\u201d, relatou Yasmim.<\/p>\n\n\n\n<p>Publicado nas redes sociais, o v\u00eddeo com o relato da moradora rapidamente alcan\u00e7ou outras pessoas, trazendo \u00e0 tona que o crime do qual ela e sua filha foram v\u00edtimas n\u00e3o foi um caso isolado, encontrado eco nas vozes de outros moradores do Jardim Maril\u00e9a.<\/p>\n\n\n\n<p>\u201cE n\u00e3o fez s\u00f3 com a gente. Depois a gente descobriu que esse cara, ele fez com mais 4 meninas, 4 mulheres, e foi aqui pelo Maril\u00e9a. Comigo e com a minha filha, acho que deu umas 5 mulheres que ele fez isso ontem (28). Uma, inclusive, chegou a cair da bicicleta, se machucou. Vou atr\u00e1s, daqui a pouquinho, das imagens, porque, como foi perto de uma creche, creio eu que tem a c\u00e2mera; eu n\u00e3o tenho certeza, tem a c\u00e2mera ali para a rua, eu sei que tem uma casa do lado que tem uma c\u00e2mera. Eu vou ver se eu consigo, pelo menos. Ele estava de capacete, ent\u00e3o n\u00e3o deu para ver o rosto da pessoa. Mas se eu conseguir pelo menos a placa, n\u00e9, da moto, a gente j\u00e1 consegue identificar\u201d, afirmou Yasmim.<\/p>\n\n\n\n<p>Nos stories de sua conta no Instagram, a m\u00e3e recebeu apoio, compartilhando outros relatos de casos semelhantes, como o que aconteceu com a m\u00e3e de Ruan, a cerca de 900 metros do local onde Yasmim foi assediada com a filha.<\/p>\n\n\n\n<p>\u201cMinha m\u00e3e sofreu uma tentativa de abuso e acabou se machucando ao tentar se defender na rua da nossa casa, por volta das 21h. Rua Para\u00edba do Sul, Jardim Maril\u00e9a. Isso ocorreu perto da Rua Maca\u00e9, que corta o bairro, e que foi pela rua que o verme fugiu de moto\u201d, contou Ruan, em story compartilhado por Yasmim.<\/p>\n\n\n\n<p>Em outro story, mais um relato, de outro morador, por volta das 22h, mostrava que o criminoso continuava agindo, assediando mulheres nas ruas do bairro, sempre usando o mesmo \u201cmodus operandi\u201d, se aproximando e fugindo rapidamente de moto.<\/p>\n\n\n\n<p>\u201cCara, um cara de moto assediou a irm\u00e3 de um amigo e mais uma amiga dela no Maril\u00e9a tamb\u00e9m. E fez a mesma coisa, fugiu de moto. Isso hoje (28), agora h\u00e1 pouco. Vi de novo os v\u00eddeos que \u2018tu postou\u2019. Ele fez tudo isso na frente da filha dela. Assediou as duas. Chegou a tocar mesmo\u201d, contou Ricardo.<\/p>\n\n\n\n<p>Imagens de c\u00e2meras de seguran\u00e7a do bairro, compartilhadas nas redes sociais pelas v\u00edtimas, mostram alguns desses ataques que v\u00eam transformando as ruas do Jardim Maril\u00e9a em verdadeiros filmes de terror, especialmente para as mulheres.<\/p>\n\n\n\n<p>Em um deles, \u00e9 poss\u00edvel ver uma mulher chegando em casa de bicicleta quando um homem de moto se aproxima, fazendo com que ela tivesse que correr para dentro de casa enquanto o criminoso foge rapidamente.<\/p>\n\n\n\n<p>A repercuss\u00e3o do caso saiu das redes sociais e chegou at\u00e9 a C\u00e2mara Municipal, onde o vereador Rapha Ulrick (PP) falou sobre o drama de Yasmim e das mulheres do Maril\u00e9a, afirmando ter entrado em contato com a Pol\u00edcia Militar, a Pol\u00edcia Civil e a Patrulha Maria da Penha.<\/p>\n\n\n\n<p>\u201cTemos que refor\u00e7ar o patrulhamento ali naquela \u00e1rea do Maril\u00e9a, naquela pra\u00e7a ali que tamb\u00e9m tem sido um ponto frequente de uso de drogas; as pessoas t\u00eam medo de frequentar, e \u00e9 um ponto t\u00e3o importante da nossa cidade, que tamb\u00e9m tem que ser revitalizado, tem que ser melhorado, tem que ter uma ilumina\u00e7\u00e3o ali tamb\u00e9m, para aumentar essa seguran\u00e7a. Eu tenho irm\u00e3, tenho m\u00e3e, tenho amigas, e ontem (28) uma crian\u00e7a de 12 anos foi assediada ao lado da m\u00e3e, que tamb\u00e9m foi assediada por um cara numa moto que se evadiu pela Rua Maca\u00e9\u201d, cobrou o vereador.<\/p>\n\n\n\n<p>Na sequ\u00eancia de publica\u00e7\u00f5es, Yasmim chega a mostrar o Boletim de Ocorr\u00eancia (BO), registrado na manh\u00e3 dessa quarta-feira, mas segundo ela contou, ao sair da 128\u00aa Delegacia de Pol\u00edcia Civil (128\u00aa DP), o caso ainda parece longe de ter uma solu\u00e7\u00e3o.<\/p>\n\n\n\n<p>\u201cEnt\u00e3o, eles n\u00e3o podem fazer muita coisa porque n\u00e3o tem apar\u00eancia da pessoa, n\u00e3o tem a placa, mas eu pe\u00e7o para voc\u00ea, que \u00e9 da Rua Bom Jardim, perto da Creche Espa\u00e7o Feliz, algu\u00e9m ali perto, se tiver c\u00e2mera em casa, e puder me mandar, mandar imagem para algu\u00e9m, para a gente conseguir identificar a placa, pelo menos a placa, para saber de quem \u00e9, ter um norte, n\u00e9\u201d, completou Yasmim.<\/p>\n","protected":false},"excerpt":{"rendered":"<p>Uma den\u00fancia feita por uma moradora do Jardim Maril\u00e9a, em Rio das Ostras, na manh\u00e3 dessa quarta-feira, 29, vem repercutindo na cidade, chegando at\u00e9 mesmo a ser tema de uma explana\u00e7\u00e3o na sess\u00e3o da C\u00e2mara Municipal. A den\u00fancia partiu de uma m\u00e3e, chamada Yasmim, moradora do bairro, que relatou ter sido assediada por um homem [&hellip;]<\/p>\n","protected":false},"author":2,"featured_media":35764,"comment_status":"open","ping_status":"closed","sticky":false,"template":"","format":"standard","meta":{"footnotes":""},"categories":[1160],"tags":[],"class_list":["post-35763","post","type-post","status-publish","format-standard","has-post-thumbnail","hentry","category-policia"],"yoast_head":"<!-- This site is optimized with the Yoast SEO plugin v26.5 - https:\/\/yoast.com\/wordpress\/plugins\/seo\/ -->\n<title>M\u00e3e de Rio das Ostras faz den\u00fancia e exp\u00f5e inseguran\u00e7a das mulheres do Jardim Maril\u00e9a - Rota Rio<\/title>\n<meta name=\"robots\" content=\"index, follow, max-snippet:-1, max-image-preview:large, max-video-preview:-1\" \/>\n<link rel=\"canonical\" href=\"https:\/\/rotario.com.br\/site\/mae-de-rio-das-ostras-faz-denuncia-e-expoe-inseguranca-das-mulheres-do-jardim-marilea\/\" \/>\n<meta property=\"og:locale\" content=\"pt_BR\" \/>\n<meta property=\"og:type\" content=\"article\" \/>\n<meta property=\"og:title\" content=\"M\u00e3e de Rio das Ostras faz den\u00fancia e exp\u00f5e inseguran\u00e7a das mulheres do Jardim Maril\u00e9a - Rota Rio\" \/>\n<meta property=\"og:description\" content=\"Uma den\u00fancia feita por uma moradora do Jardim Maril\u00e9a, em Rio das Ostras, na manh\u00e3 dessa quarta-feira, 29, vem repercutindo na cidade, chegando at\u00e9 mesmo a ser tema de uma explana\u00e7\u00e3o na sess\u00e3o da C\u00e2mara Municipal. A den\u00fancia partiu de uma m\u00e3e, chamada Yasmim, moradora do bairro, que relatou ter sido assediada por um homem [&hellip;]\" \/>\n<meta property=\"og:url\" content=\"https:\/\/rotario.com.br\/site\/mae-de-rio-das-ostras-faz-denuncia-e-expoe-inseguranca-das-mulheres-do-jardim-marilea\/\" \/>\n<meta property=\"og:site_name\" content=\"Rota Rio\" \/>\n<meta property=\"article:published_time\" content=\"2026-04-29T21:04:29+00:00\" \/>\n<meta property=\"article:modified_time\" content=\"2026-04-29T21:04:33+00:00\" \/>\n<meta property=\"og:image\" content=\"https:\/\/rotario.com.br\/site\/wp-content\/uploads\/2026\/04\/WhatsApp-Image-2026-04-29-at-16.23.28.jpeg\" \/>\n\t<meta property=\"og:image:width\" content=\"800\" \/>\n\t<meta property=\"og:image:height\" content=\"600\" \/>\n\t<meta property=\"og:image:type\" content=\"image\/jpeg\" \/>\n<meta name=\"author\" content=\"Galv\u00e3o\" \/>\n<meta name=\"twitter:card\" content=\"summary_large_image\" \/>\n<meta name=\"twitter:label1\" content=\"Escrito por\" \/>\n\t<meta name=\"twitter:data1\" content=\"Galv\u00e3o\" \/>\n\t<meta name=\"twitter:label2\" content=\"Est. tempo de leitura\" \/>\n\t<meta name=\"twitter:data2\" content=\"6 minutos\" \/>\n<script type=\"application\/ld+json\" class=\"yoast-schema-graph\">{\"@context\":\"https:\/\/schema.org\",\"@graph\":[{\"@type\":\"Article\",\"@id\":\"https:\/\/rotario.com.br\/site\/mae-de-rio-das-ostras-faz-denuncia-e-expoe-inseguranca-das-mulheres-do-jardim-marilea\/#article\",\"isPartOf\":{\"@id\":\"https:\/\/rotario.com.br\/site\/mae-de-rio-das-ostras-faz-denuncia-e-expoe-inseguranca-das-mulheres-do-jardim-marilea\/\"},\"author\":{\"name\":\"Galv\u00e3o\",\"@id\":\"https:\/\/rotario.com.br\/site\/#\/schema\/person\/fd89bbbf4136f7e8a21e0dd67b8a66c7\"},\"headline\":\"M\u00e3e de Rio das Ostras faz den\u00fancia e exp\u00f5e inseguran\u00e7a das mulheres do Jardim Maril\u00e9a\",\"datePublished\":\"2026-04-29T21:04:29+00:00\",\"dateModified\":\"2026-04-29T21:04:33+00:00\",\"mainEntityOfPage\":{\"@id\":\"https:\/\/rotario.com.br\/site\/mae-de-rio-das-ostras-faz-denuncia-e-expoe-inseguranca-das-mulheres-do-jardim-marilea\/\"},\"wordCount\":974,\"commentCount\":0,\"publisher\":{\"@id\":\"https:\/\/rotario.com.br\/site\/#organization\"},\"image\":{\"@id\":\"https:\/\/rotario.com.br\/site\/mae-de-rio-das-ostras-faz-denuncia-e-expoe-inseguranca-das-mulheres-do-jardim-marilea\/#primaryimage\"},\"thumbnailUrl\":\"https:\/\/rotario.com.br\/site\/wp-content\/uploads\/2026\/04\/WhatsApp-Image-2026-04-29-at-16.23.28.jpeg\",\"articleSection\":[\"Pol\u00edcia\"],\"inLanguage\":\"pt-BR\",\"potentialAction\":[{\"@type\":\"CommentAction\",\"name\":\"Comment\",\"target\":[\"https:\/\/rotario.com.br\/site\/mae-de-rio-das-ostras-faz-denuncia-e-expoe-inseguranca-das-mulheres-do-jardim-marilea\/#respond\"]}]},{\"@type\":\"WebPage\",\"@id\":\"https:\/\/rotario.com.br\/site\/mae-de-rio-das-ostras-faz-denuncia-e-expoe-inseguranca-das-mulheres-do-jardim-marilea\/\",\"url\":\"https:\/\/rotario.com.br\/site\/mae-de-rio-das-ostras-faz-denuncia-e-expoe-inseguranca-das-mulheres-do-jardim-marilea\/\",\"name\":\"M\u00e3e de Rio das Ostras faz den\u00fancia e exp\u00f5e inseguran\u00e7a das mulheres do Jardim Maril\u00e9a - Rota Rio\",\"isPartOf\":{\"@id\":\"https:\/\/rotario.com.br\/site\/#website\"},\"primaryImageOfPage\":{\"@id\":\"https:\/\/rotario.com.br\/site\/mae-de-rio-das-ostras-faz-denuncia-e-expoe-inseguranca-das-mulheres-do-jardim-marilea\/#primaryimage\"},\"image\":{\"@id\":\"https:\/\/rotario.com.br\/site\/mae-de-rio-das-ostras-faz-denuncia-e-expoe-inseguranca-das-mulheres-do-jardim-marilea\/#primaryimage\"},\"thumbnailUrl\":\"https:\/\/rotario.com.br\/site\/wp-content\/uploads\/2026\/04\/WhatsApp-Image-2026-04-29-at-16.23.28.jpeg\",\"datePublished\":\"2026-04-29T21:04:29+00:00\",\"dateModified\":\"2026-04-29T21:04:33+00:00\",\"breadcrumb\":{\"@id\":\"https:\/\/rotario.com.br\/site\/mae-de-rio-das-ostras-faz-denuncia-e-expoe-inseguranca-das-mulheres-do-jardim-marilea\/#breadcrumb\"},\"inLanguage\":\"pt-BR\",\"potentialAction\":[{\"@type\":\"ReadAction\",\"target\":[\"https:\/\/rotario.com.br\/site\/mae-de-rio-das-ostras-faz-denuncia-e-expoe-inseguranca-das-mulheres-do-jardim-marilea\/\"]}]},{\"@type\":\"ImageObject\",\"inLanguage\":\"pt-BR\",\"@id\":\"https:\/\/rotario.com.br\/site\/mae-de-rio-das-ostras-faz-denuncia-e-expoe-inseguranca-das-mulheres-do-jardim-marilea\/#primaryimage\",\"url\":\"https:\/\/rotario.com.br\/site\/wp-content\/uploads\/2026\/04\/WhatsApp-Image-2026-04-29-at-16.23.28.jpeg\",\"contentUrl\":\"https:\/\/rotario.com.br\/site\/wp-content\/uploads\/2026\/04\/WhatsApp-Image-2026-04-29-at-16.23.28.jpeg\",\"width\":800,\"height\":600},{\"@type\":\"BreadcrumbList\",\"@id\":\"https:\/\/rotario.com.br\/site\/mae-de-rio-das-ostras-faz-denuncia-e-expoe-inseguranca-das-mulheres-do-jardim-marilea\/#breadcrumb\",\"itemListElement\":[{\"@type\":\"ListItem\",\"position\":1,\"name\":\"In\u00edcio\",\"item\":\"https:\/\/rotario.com.br\/site\/\"},{\"@type\":\"ListItem\",\"position\":2,\"name\":\"M\u00e3e de Rio das Ostras faz den\u00fancia e exp\u00f5e inseguran\u00e7a das mulheres do Jardim Maril\u00e9a\"}]},{\"@type\":\"WebSite\",\"@id\":\"https:\/\/rotario.com.br\/site\/#website\",\"url\":\"https:\/\/rotario.com.br\/site\/\",\"name\":\"Rota Rio\",\"description\":\"Aqui, o Rio de Janeiro \u00e9 a pauta!\",\"publisher\":{\"@id\":\"https:\/\/rotario.com.br\/site\/#organization\"},\"potentialAction\":[{\"@type\":\"SearchAction\",\"target\":{\"@type\":\"EntryPoint\",\"urlTemplate\":\"https:\/\/rotario.com.br\/site\/?s={search_term_string}\"},\"query-input\":{\"@type\":\"PropertyValueSpecification\",\"valueRequired\":true,\"valueName\":\"search_term_string\"}}],\"inLanguage\":\"pt-BR\"},{\"@type\":\"Organization\",\"@id\":\"https:\/\/rotario.com.br\/site\/#organization\",\"name\":\"Rota Rio\",\"url\":\"https:\/\/rotario.com.br\/site\/\",\"logo\":{\"@type\":\"ImageObject\",\"inLanguage\":\"pt-BR\",\"@id\":\"https:\/\/rotario.com.br\/site\/#\/schema\/logo\/image\/\",\"url\":\"https:\/\/rotario.com.br\/site\/wp-content\/uploads\/2022\/04\/cropped-ROTARIO-LOGO-Prancheta-1-1-2048x654-1.png\",\"contentUrl\":\"https:\/\/rotario.com.br\/site\/wp-content\/uploads\/2022\/04\/cropped-ROTARIO-LOGO-Prancheta-1-1-2048x654-1.png\",\"width\":2048,\"height\":654,\"caption\":\"Rota Rio\"},\"image\":{\"@id\":\"https:\/\/rotario.com.br\/site\/#\/schema\/logo\/image\/\"}},{\"@type\":\"Person\",\"@id\":\"https:\/\/rotario.com.br\/site\/#\/schema\/person\/fd89bbbf4136f7e8a21e0dd67b8a66c7\",\"name\":\"Galv\u00e3o\",\"url\":\"https:\/\/rotario.com.br\/site\/author\/daniel\/\"}]}<\/script>\n<!-- \/ Yoast SEO plugin. -->","yoast_head_json":{"title":"M\u00e3e de Rio das Ostras faz den\u00fancia e exp\u00f5e inseguran\u00e7a das mulheres do Jardim Maril\u00e9a - Rota Rio","robots":{"index":"index","follow":"follow","max-snippet":"max-snippet:-1","max-image-preview":"max-image-preview:large","max-video-preview":"max-video-preview:-1"},"canonical":"https:\/\/rotario.com.br\/site\/mae-de-rio-das-ostras-faz-denuncia-e-expoe-inseguranca-das-mulheres-do-jardim-marilea\/","og_locale":"pt_BR","og_type":"article","og_title":"M\u00e3e de Rio das Ostras faz den\u00fancia e exp\u00f5e inseguran\u00e7a das mulheres do Jardim Maril\u00e9a - Rota Rio","og_description":"Uma den\u00fancia feita por uma moradora do Jardim Maril\u00e9a, em Rio das Ostras, na manh\u00e3 dessa quarta-feira, 29, vem repercutindo na cidade, chegando at\u00e9 mesmo a ser tema de uma explana\u00e7\u00e3o na sess\u00e3o da C\u00e2mara Municipal. A den\u00fancia partiu de uma m\u00e3e, chamada Yasmim, moradora do bairro, que relatou ter sido assediada por um homem [&hellip;]","og_url":"https:\/\/rotario.com.br\/site\/mae-de-rio-das-ostras-faz-denuncia-e-expoe-inseguranca-das-mulheres-do-jardim-marilea\/","og_site_name":"Rota Rio","article_published_time":"2026-04-29T21:04:29+00:00","article_modified_time":"2026-04-29T21:04:33+00:00","og_image":[{"width":800,"height":600,"url":"https:\/\/rotario.com.br\/site\/wp-content\/uploads\/2026\/04\/WhatsApp-Image-2026-04-29-at-16.23.28.jpeg","type":"image\/jpeg"}],"author":"Galv\u00e3o","twitter_card":"summary_large_image","twitter_misc":{"Escrito por":"Galv\u00e3o","Est. tempo de leitura":"6 minutos"},"schema":{"@context":"https:\/\/schema.org","@graph":[{"@type":"Article","@id":"https:\/\/rotario.com.br\/site\/mae-de-rio-das-ostras-faz-denuncia-e-expoe-inseguranca-das-mulheres-do-jardim-marilea\/#article","isPartOf":{"@id":"https:\/\/rotario.com.br\/site\/mae-de-rio-das-ostras-faz-denuncia-e-expoe-inseguranca-das-mulheres-do-jardim-marilea\/"},"author":{"name":"Galv\u00e3o","@id":"https:\/\/rotario.com.br\/site\/#\/schema\/person\/fd89bbbf4136f7e8a21e0dd67b8a66c7"},"headline":"M\u00e3e de Rio das Ostras faz den\u00fancia e exp\u00f5e inseguran\u00e7a das mulheres do Jardim Maril\u00e9a","datePublished":"2026-04-29T21:04:29+00:00","dateModified":"2026-04-29T21:04:33+00:00","mainEntityOfPage":{"@id":"https:\/\/rotario.com.br\/site\/mae-de-rio-das-ostras-faz-denuncia-e-expoe-inseguranca-das-mulheres-do-jardim-marilea\/"},"wordCount":974,"commentCount":0,"publisher":{"@id":"https:\/\/rotario.com.br\/site\/#organization"},"image":{"@id":"https:\/\/rotario.com.br\/site\/mae-de-rio-das-ostras-faz-denuncia-e-expoe-inseguranca-das-mulheres-do-jardim-marilea\/#primaryimage"},"thumbnailUrl":"https:\/\/rotario.com.br\/site\/wp-content\/uploads\/2026\/04\/WhatsApp-Image-2026-04-29-at-16.23.28.jpeg","articleSection":["Pol\u00edcia"],"inLanguage":"pt-BR","potentialAction":[{"@type":"CommentAction","name":"Comment","target":["https:\/\/rotario.com.br\/site\/mae-de-rio-das-ostras-faz-denuncia-e-expoe-inseguranca-das-mulheres-do-jardim-marilea\/#respond"]}]},{"@type":"WebPage","@id":"https:\/\/rotario.com.br\/site\/mae-de-rio-das-ostras-faz-denuncia-e-expoe-inseguranca-das-mulheres-do-jardim-marilea\/","url":"https:\/\/rotario.com.br\/site\/mae-de-rio-das-ostras-faz-denuncia-e-expoe-inseguranca-das-mulheres-do-jardim-marilea\/","name":"M\u00e3e de Rio das Ostras faz den\u00fancia e exp\u00f5e inseguran\u00e7a das mulheres do Jardim Maril\u00e9a - Rota Rio","isPartOf":{"@id":"https:\/\/rotario.com.br\/site\/#website"},"primaryImageOfPage":{"@id":"https:\/\/rotario.com.br\/site\/mae-de-rio-das-ostras-faz-denuncia-e-expoe-inseguranca-das-mulheres-do-jardim-marilea\/#primaryimage"},"image":{"@id":"https:\/\/rotario.com.br\/site\/mae-de-rio-das-ostras-faz-denuncia-e-expoe-inseguranca-das-mulheres-do-jardim-marilea\/#primaryimage"},"thumbnailUrl":"https:\/\/rotario.com.br\/site\/wp-content\/uploads\/2026\/04\/WhatsApp-Image-2026-04-29-at-16.23.28.jpeg","datePublished":"2026-04-29T21:04:29+00:00","dateModified":"2026-04-29T21:04:33+00:00","breadcrumb":{"@id":"https:\/\/rotario.com.br\/site\/mae-de-rio-das-ostras-faz-denuncia-e-expoe-inseguranca-das-mulheres-do-jardim-marilea\/#breadcrumb"},"inLanguage":"pt-BR","potentialAction":[{"@type":"ReadAction","target":["https:\/\/rotario.com.br\/site\/mae-de-rio-das-ostras-faz-denuncia-e-expoe-inseguranca-das-mulheres-do-jardim-marilea\/"]}]},{"@type":"ImageObject","inLanguage":"pt-BR","@id":"https:\/\/rotario.com.br\/site\/mae-de-rio-das-ostras-faz-denuncia-e-expoe-inseguranca-das-mulheres-do-jardim-marilea\/#primaryimage","url":"https:\/\/rotario.com.br\/site\/wp-content\/uploads\/2026\/04\/WhatsApp-Image-2026-04-29-at-16.23.28.jpeg","contentUrl":"https:\/\/rotario.com.br\/site\/wp-content\/uploads\/2026\/04\/WhatsApp-Image-2026-04-29-at-16.23.28.jpeg","width":800,"height":600},{"@type":"BreadcrumbList","@id":"https:\/\/rotario.com.br\/site\/mae-de-rio-das-ostras-faz-denuncia-e-expoe-inseguranca-das-mulheres-do-jardim-marilea\/#breadcrumb","itemListElement":[{"@type":"ListItem","position":1,"name":"In\u00edcio","item":"https:\/\/rotario.com.br\/site\/"},{"@type":"ListItem","position":2,"name":"M\u00e3e de Rio das Ostras faz den\u00fancia e exp\u00f5e inseguran\u00e7a das mulheres do Jardim Maril\u00e9a"}]},{"@type":"WebSite","@id":"https:\/\/rotario.com.br\/site\/#website","url":"https:\/\/rotario.com.br\/site\/","name":"Rota Rio","description":"Aqui, o Rio de Janeiro \u00e9 a pauta!","publisher":{"@id":"https:\/\/rotario.com.br\/site\/#organization"},"potentialAction":[{"@type":"SearchAction","target":{"@type":"EntryPoint","urlTemplate":"https:\/\/rotario.com.br\/site\/?s={search_term_string}"},"query-input":{"@type":"PropertyValueSpecification","valueRequired":true,"valueName":"search_term_string"}}],"inLanguage":"pt-BR"},{"@type":"Organization","@id":"https:\/\/rotario.com.br\/site\/#organization","name":"Rota Rio","url":"https:\/\/rotario.com.br\/site\/","logo":{"@type":"ImageObject","inLanguage":"pt-BR","@id":"https:\/\/rotario.com.br\/site\/#\/schema\/logo\/image\/","url":"https:\/\/rotario.com.br\/site\/wp-content\/uploads\/2022\/04\/cropped-ROTARIO-LOGO-Prancheta-1-1-2048x654-1.png","contentUrl":"https:\/\/rotario.com.br\/site\/wp-content\/uploads\/2022\/04\/cropped-ROTARIO-LOGO-Prancheta-1-1-2048x654-1.png","width":2048,"height":654,"caption":"Rota Rio"},"image":{"@id":"https:\/\/rotario.com.br\/site\/#\/schema\/logo\/image\/"}},{"@type":"Person","@id":"https:\/\/rotario.com.br\/site\/#\/schema\/person\/fd89bbbf4136f7e8a21e0dd67b8a66c7","name":"Galv\u00e3o","url":"https:\/\/rotario.com.br\/site\/author\/daniel\/"}]}},"_links":{"self":[{"href":"https:\/\/rotario.com.br\/site\/wp-json\/wp\/v2\/posts\/35763","targetHints":{"allow":["GET"]}}],"collection":[{"href":"https:\/\/rotario.com.br\/site\/wp-json\/wp\/v2\/posts"}],"about":[{"href":"https:\/\/rotario.com.br\/site\/wp-json\/wp\/v2\/types\/post"}],"author":[{"embeddable":true,"href":"https:\/\/rotario.com.br\/site\/wp-json\/wp\/v2\/users\/2"}],"replies":[{"embeddable":true,"href":"https:\/\/rotario.com.br\/site\/wp-json\/wp\/v2\/comments?post=35763"}],"version-history":[{"count":1,"href":"https:\/\/rotario.com.br\/site\/wp-json\/wp\/v2\/posts\/35763\/revisions"}],"predecessor-version":[{"id":35765,"href":"https:\/\/rotario.com.br\/site\/wp-json\/wp\/v2\/posts\/35763\/revisions\/35765"}],"wp:featuredmedia":[{"embeddable":true,"href":"https:\/\/rotario.com.br\/site\/wp-json\/wp\/v2\/media\/35764"}],"wp:attachment":[{"href":"https:\/\/rotario.com.br\/site\/wp-json\/wp\/v2\/media?parent=35763"}],"wp:term":[{"taxonomy":"category","embeddable":true,"href":"https:\/\/rotario.com.br\/site\/wp-json\/wp\/v2\/categories?post=35763"},{"taxonomy":"post_tag","embeddable":true,"href":"https:\/\/rotario.com.br\/site\/wp-json\/wp\/v2\/tags?post=35763"}],"curies":[{"name":"wp","href":"https:\/\/api.w.org\/{rel}","templated":true}]}}