{"id":35769,"date":"2026-04-29T18:15:32","date_gmt":"2026-04-29T21:15:32","guid":{"rendered":"https:\/\/rotario.com.br\/site\/?p=35769"},"modified":"2026-04-29T18:15:37","modified_gmt":"2026-04-29T21:15:37","slug":"decisao-judicial-concede-liberdade-a-empresario-investigado-por-morte-de-adolescente-na-rj-182","status":"publish","type":"post","link":"https:\/\/rotario.com.br\/site\/decisao-judicial-concede-liberdade-a-empresario-investigado-por-morte-de-adolescente-na-rj-182\/","title":{"rendered":"Decis\u00e3o judicial concede liberdade a empres\u00e1rio investigado por morte de adolescente na RJ-182"},"content":{"rendered":"\n<p>Apontado como o autor do disparo que resultou na morte do jovem Lorran, de 13 anos, o empres\u00e1rio Hudson Schelles foi solto pela Justi\u00e7a. Ele estava preso desde o dia 28 de fevereiro, quando a investiga\u00e7\u00e3o conduzida pela 122\u00aa Delegacia de Pol\u00edcia (DP) de Concei\u00e7\u00e3o de Macabu reuniu as provas para o pedido de pris\u00e3o tempor\u00e1ria. Agora, a Justi\u00e7a decidiu pela revoga\u00e7\u00e3o j\u00e1 que as investiga\u00e7\u00f5es ainda est\u00e3o em curso e o resultado do confronto bal\u00edstico foi considerado inconclusivo.<\/p>\n\n\n\n<p>Embora solto, o empres\u00e1rio precisar\u00e1 lidar com uma s\u00e9rie de restri\u00e7\u00f5es e medidas cautelares. Ele est\u00e1 proibido de se aproximar de testemunhas e familiares da v\u00edtima, n\u00e3o poder\u00e1 deixar a cidade por mais de cinco dias, nem sair do Estado do Rio. Al\u00e9m disso, tamb\u00e9m precisar\u00e1 se apresentar mensalmente em ju\u00edzo para atualiza\u00e7\u00e3o de endere\u00e7o e telefone.<\/p>\n\n\n\n<p>A liberdade foi concedida mediante o pagamento de fian\u00e7a no valor de R$ 500 mil. O empres\u00e1rio permaneceu preso por cerca de 50 dias. A decis\u00e3o por revogar a pris\u00e3o tempor\u00e1ria foi proferida pela Comarca de Concei\u00e7\u00e3o de Macabu. O juiz Wycliffe Couto afirmou que n\u00e3o h\u00e1 previs\u00e3o para a conclus\u00e3o das investiga\u00e7\u00f5es devido \u00e0 complexidade do caso. Ainda s\u00e3o aguardados laudos e a an\u00e1lise de quebra de sigilo telef\u00f4nico e banc\u00e1rio. Para o juiz, ainda n\u00e3o h\u00e1 elementos suficientes que comprovem a autoria do crime.<\/p>\n\n\n\n<p>Lorran foi baleado dentro do carro da fam\u00edlia quando voltava de uma festa de formatura da m\u00e3e em Maca\u00e9. Ele foi surpreendido por disparos de arma de fogo na RJ-182, na altura de Concei\u00e7\u00e3o de Macabu. O pai contou que os disparos partiram de um carro que seguia no sentido contr\u00e1rio em alta velocidade. O tiro que atingiu a cabe\u00e7a do jovem atravessou o vidro traseiro.<\/p>\n","protected":false},"excerpt":{"rendered":"<p>Apontado como o autor do disparo que resultou na morte do jovem Lorran, de 13 anos, o empres\u00e1rio Hudson Schelles foi solto pela Justi\u00e7a. Ele estava preso desde o dia 28 de fevereiro, quando a investiga\u00e7\u00e3o conduzida pela 122\u00aa Delegacia de Pol\u00edcia (DP) de Concei\u00e7\u00e3o de Macabu reuniu as provas para o pedido de pris\u00e3o [&hellip;]<\/p>\n","protected":false},"author":2,"featured_media":35770,"comment_status":"open","ping_status":"closed","sticky":false,"template":"","format":"standard","meta":{"footnotes":""},"categories":[1160],"tags":[],"class_list":["post-35769","post","type-post","status-publish","format-standard","has-post-thumbnail","hentry","category-policia"],"yoast_head":"<!-- This site is optimized with the Yoast SEO plugin v26.5 - https:\/\/yoast.com\/wordpress\/plugins\/seo\/ -->\n<title>Decis\u00e3o judicial concede liberdade a empres\u00e1rio investigado por morte de adolescente na RJ-182 - Rota Rio<\/title>\n<meta name=\"robots\" content=\"index, follow, max-snippet:-1, max-image-preview:large, max-video-preview:-1\" \/>\n<link rel=\"canonical\" href=\"https:\/\/rotario.com.br\/site\/decisao-judicial-concede-liberdade-a-empresario-investigado-por-morte-de-adolescente-na-rj-182\/\" \/>\n<meta property=\"og:locale\" content=\"pt_BR\" \/>\n<meta property=\"og:type\" content=\"article\" \/>\n<meta property=\"og:title\" content=\"Decis\u00e3o judicial concede liberdade a empres\u00e1rio investigado por morte de adolescente na RJ-182 - Rota Rio\" \/>\n<meta property=\"og:description\" content=\"Apontado como o autor do disparo que resultou na morte do jovem Lorran, de 13 anos, o empres\u00e1rio Hudson Schelles foi solto pela Justi\u00e7a. Ele estava preso desde o dia 28 de fevereiro, quando a investiga\u00e7\u00e3o conduzida pela 122\u00aa Delegacia de Pol\u00edcia (DP) de Concei\u00e7\u00e3o de Macabu reuniu as provas para o pedido de pris\u00e3o [&hellip;]\" \/>\n<meta property=\"og:url\" content=\"https:\/\/rotario.com.br\/site\/decisao-judicial-concede-liberdade-a-empresario-investigado-por-morte-de-adolescente-na-rj-182\/\" \/>\n<meta property=\"og:site_name\" content=\"Rota Rio\" \/>\n<meta property=\"article:published_time\" content=\"2026-04-29T21:15:32+00:00\" \/>\n<meta property=\"article:modified_time\" content=\"2026-04-29T21:15:37+00:00\" \/>\n<meta property=\"og:image\" content=\"https:\/\/rotario.com.br\/site\/wp-content\/uploads\/2026\/04\/WhatsApp-Image-2026-04-29-at-17.04.45.jpeg\" \/>\n\t<meta property=\"og:image:width\" content=\"692\" \/>\n\t<meta property=\"og:image:height\" content=\"936\" \/>\n\t<meta property=\"og:image:type\" content=\"image\/jpeg\" \/>\n<meta name=\"author\" content=\"Galv\u00e3o\" \/>\n<meta name=\"twitter:card\" content=\"summary_large_image\" \/>\n<meta name=\"twitter:label1\" content=\"Escrito por\" \/>\n\t<meta name=\"twitter:data1\" content=\"Galv\u00e3o\" \/>\n\t<meta name=\"twitter:label2\" content=\"Est. tempo de leitura\" \/>\n\t<meta name=\"twitter:data2\" content=\"2 minutos\" \/>\n<script type=\"application\/ld+json\" class=\"yoast-schema-graph\">{\"@context\":\"https:\/\/schema.org\",\"@graph\":[{\"@type\":\"Article\",\"@id\":\"https:\/\/rotario.com.br\/site\/decisao-judicial-concede-liberdade-a-empresario-investigado-por-morte-de-adolescente-na-rj-182\/#article\",\"isPartOf\":{\"@id\":\"https:\/\/rotario.com.br\/site\/decisao-judicial-concede-liberdade-a-empresario-investigado-por-morte-de-adolescente-na-rj-182\/\"},\"author\":{\"name\":\"Galv\u00e3o\",\"@id\":\"https:\/\/rotario.com.br\/site\/#\/schema\/person\/fd89bbbf4136f7e8a21e0dd67b8a66c7\"},\"headline\":\"Decis\u00e3o judicial concede liberdade a empres\u00e1rio investigado por morte de adolescente na RJ-182\",\"datePublished\":\"2026-04-29T21:15:32+00:00\",\"dateModified\":\"2026-04-29T21:15:37+00:00\",\"mainEntityOfPage\":{\"@id\":\"https:\/\/rotario.com.br\/site\/decisao-judicial-concede-liberdade-a-empresario-investigado-por-morte-de-adolescente-na-rj-182\/\"},\"wordCount\":339,\"commentCount\":0,\"publisher\":{\"@id\":\"https:\/\/rotario.com.br\/site\/#organization\"},\"image\":{\"@id\":\"https:\/\/rotario.com.br\/site\/decisao-judicial-concede-liberdade-a-empresario-investigado-por-morte-de-adolescente-na-rj-182\/#primaryimage\"},\"thumbnailUrl\":\"https:\/\/rotario.com.br\/site\/wp-content\/uploads\/2026\/04\/WhatsApp-Image-2026-04-29-at-17.04.45.jpeg\",\"articleSection\":[\"Pol\u00edcia\"],\"inLanguage\":\"pt-BR\",\"potentialAction\":[{\"@type\":\"CommentAction\",\"name\":\"Comment\",\"target\":[\"https:\/\/rotario.com.br\/site\/decisao-judicial-concede-liberdade-a-empresario-investigado-por-morte-de-adolescente-na-rj-182\/#respond\"]}]},{\"@type\":\"WebPage\",\"@id\":\"https:\/\/rotario.com.br\/site\/decisao-judicial-concede-liberdade-a-empresario-investigado-por-morte-de-adolescente-na-rj-182\/\",\"url\":\"https:\/\/rotario.com.br\/site\/decisao-judicial-concede-liberdade-a-empresario-investigado-por-morte-de-adolescente-na-rj-182\/\",\"name\":\"Decis\u00e3o judicial concede liberdade a empres\u00e1rio investigado por morte de adolescente na RJ-182 - Rota Rio\",\"isPartOf\":{\"@id\":\"https:\/\/rotario.com.br\/site\/#website\"},\"primaryImageOfPage\":{\"@id\":\"https:\/\/rotario.com.br\/site\/decisao-judicial-concede-liberdade-a-empresario-investigado-por-morte-de-adolescente-na-rj-182\/#primaryimage\"},\"image\":{\"@id\":\"https:\/\/rotario.com.br\/site\/decisao-judicial-concede-liberdade-a-empresario-investigado-por-morte-de-adolescente-na-rj-182\/#primaryimage\"},\"thumbnailUrl\":\"https:\/\/rotario.com.br\/site\/wp-content\/uploads\/2026\/04\/WhatsApp-Image-2026-04-29-at-17.04.45.jpeg\",\"datePublished\":\"2026-04-29T21:15:32+00:00\",\"dateModified\":\"2026-04-29T21:15:37+00:00\",\"breadcrumb\":{\"@id\":\"https:\/\/rotario.com.br\/site\/decisao-judicial-concede-liberdade-a-empresario-investigado-por-morte-de-adolescente-na-rj-182\/#breadcrumb\"},\"inLanguage\":\"pt-BR\",\"potentialAction\":[{\"@type\":\"ReadAction\",\"target\":[\"https:\/\/rotario.com.br\/site\/decisao-judicial-concede-liberdade-a-empresario-investigado-por-morte-de-adolescente-na-rj-182\/\"]}]},{\"@type\":\"ImageObject\",\"inLanguage\":\"pt-BR\",\"@id\":\"https:\/\/rotario.com.br\/site\/decisao-judicial-concede-liberdade-a-empresario-investigado-por-morte-de-adolescente-na-rj-182\/#primaryimage\",\"url\":\"https:\/\/rotario.com.br\/site\/wp-content\/uploads\/2026\/04\/WhatsApp-Image-2026-04-29-at-17.04.45.jpeg\",\"contentUrl\":\"https:\/\/rotario.com.br\/site\/wp-content\/uploads\/2026\/04\/WhatsApp-Image-2026-04-29-at-17.04.45.jpeg\",\"width\":692,\"height\":936},{\"@type\":\"BreadcrumbList\",\"@id\":\"https:\/\/rotario.com.br\/site\/decisao-judicial-concede-liberdade-a-empresario-investigado-por-morte-de-adolescente-na-rj-182\/#breadcrumb\",\"itemListElement\":[{\"@type\":\"ListItem\",\"position\":1,\"name\":\"In\u00edcio\",\"item\":\"https:\/\/rotario.com.br\/site\/\"},{\"@type\":\"ListItem\",\"position\":2,\"name\":\"Decis\u00e3o judicial concede liberdade a empres\u00e1rio investigado por morte de adolescente na RJ-182\"}]},{\"@type\":\"WebSite\",\"@id\":\"https:\/\/rotario.com.br\/site\/#website\",\"url\":\"https:\/\/rotario.com.br\/site\/\",\"name\":\"Rota Rio\",\"description\":\"Aqui, o Rio de Janeiro \u00e9 a pauta!\",\"publisher\":{\"@id\":\"https:\/\/rotario.com.br\/site\/#organization\"},\"potentialAction\":[{\"@type\":\"SearchAction\",\"target\":{\"@type\":\"EntryPoint\",\"urlTemplate\":\"https:\/\/rotario.com.br\/site\/?s={search_term_string}\"},\"query-input\":{\"@type\":\"PropertyValueSpecification\",\"valueRequired\":true,\"valueName\":\"search_term_string\"}}],\"inLanguage\":\"pt-BR\"},{\"@type\":\"Organization\",\"@id\":\"https:\/\/rotario.com.br\/site\/#organization\",\"name\":\"Rota Rio\",\"url\":\"https:\/\/rotario.com.br\/site\/\",\"logo\":{\"@type\":\"ImageObject\",\"inLanguage\":\"pt-BR\",\"@id\":\"https:\/\/rotario.com.br\/site\/#\/schema\/logo\/image\/\",\"url\":\"https:\/\/rotario.com.br\/site\/wp-content\/uploads\/2022\/04\/cropped-ROTARIO-LOGO-Prancheta-1-1-2048x654-1.png\",\"contentUrl\":\"https:\/\/rotario.com.br\/site\/wp-content\/uploads\/2022\/04\/cropped-ROTARIO-LOGO-Prancheta-1-1-2048x654-1.png\",\"width\":2048,\"height\":654,\"caption\":\"Rota Rio\"},\"image\":{\"@id\":\"https:\/\/rotario.com.br\/site\/#\/schema\/logo\/image\/\"}},{\"@type\":\"Person\",\"@id\":\"https:\/\/rotario.com.br\/site\/#\/schema\/person\/fd89bbbf4136f7e8a21e0dd67b8a66c7\",\"name\":\"Galv\u00e3o\",\"url\":\"https:\/\/rotario.com.br\/site\/author\/daniel\/\"}]}<\/script>\n<!-- \/ Yoast SEO plugin. -->","yoast_head_json":{"title":"Decis\u00e3o judicial concede liberdade a empres\u00e1rio investigado por morte de adolescente na RJ-182 - Rota Rio","robots":{"index":"index","follow":"follow","max-snippet":"max-snippet:-1","max-image-preview":"max-image-preview:large","max-video-preview":"max-video-preview:-1"},"canonical":"https:\/\/rotario.com.br\/site\/decisao-judicial-concede-liberdade-a-empresario-investigado-por-morte-de-adolescente-na-rj-182\/","og_locale":"pt_BR","og_type":"article","og_title":"Decis\u00e3o judicial concede liberdade a empres\u00e1rio investigado por morte de adolescente na RJ-182 - Rota Rio","og_description":"Apontado como o autor do disparo que resultou na morte do jovem Lorran, de 13 anos, o empres\u00e1rio Hudson Schelles foi solto pela Justi\u00e7a. Ele estava preso desde o dia 28 de fevereiro, quando a investiga\u00e7\u00e3o conduzida pela 122\u00aa Delegacia de Pol\u00edcia (DP) de Concei\u00e7\u00e3o de Macabu reuniu as provas para o pedido de pris\u00e3o [&hellip;]","og_url":"https:\/\/rotario.com.br\/site\/decisao-judicial-concede-liberdade-a-empresario-investigado-por-morte-de-adolescente-na-rj-182\/","og_site_name":"Rota Rio","article_published_time":"2026-04-29T21:15:32+00:00","article_modified_time":"2026-04-29T21:15:37+00:00","og_image":[{"width":692,"height":936,"url":"https:\/\/rotario.com.br\/site\/wp-content\/uploads\/2026\/04\/WhatsApp-Image-2026-04-29-at-17.04.45.jpeg","type":"image\/jpeg"}],"author":"Galv\u00e3o","twitter_card":"summary_large_image","twitter_misc":{"Escrito por":"Galv\u00e3o","Est. tempo de leitura":"2 minutos"},"schema":{"@context":"https:\/\/schema.org","@graph":[{"@type":"Article","@id":"https:\/\/rotario.com.br\/site\/decisao-judicial-concede-liberdade-a-empresario-investigado-por-morte-de-adolescente-na-rj-182\/#article","isPartOf":{"@id":"https:\/\/rotario.com.br\/site\/decisao-judicial-concede-liberdade-a-empresario-investigado-por-morte-de-adolescente-na-rj-182\/"},"author":{"name":"Galv\u00e3o","@id":"https:\/\/rotario.com.br\/site\/#\/schema\/person\/fd89bbbf4136f7e8a21e0dd67b8a66c7"},"headline":"Decis\u00e3o judicial concede liberdade a empres\u00e1rio investigado por morte de adolescente na RJ-182","datePublished":"2026-04-29T21:15:32+00:00","dateModified":"2026-04-29T21:15:37+00:00","mainEntityOfPage":{"@id":"https:\/\/rotario.com.br\/site\/decisao-judicial-concede-liberdade-a-empresario-investigado-por-morte-de-adolescente-na-rj-182\/"},"wordCount":339,"commentCount":0,"publisher":{"@id":"https:\/\/rotario.com.br\/site\/#organization"},"image":{"@id":"https:\/\/rotario.com.br\/site\/decisao-judicial-concede-liberdade-a-empresario-investigado-por-morte-de-adolescente-na-rj-182\/#primaryimage"},"thumbnailUrl":"https:\/\/rotario.com.br\/site\/wp-content\/uploads\/2026\/04\/WhatsApp-Image-2026-04-29-at-17.04.45.jpeg","articleSection":["Pol\u00edcia"],"inLanguage":"pt-BR","potentialAction":[{"@type":"CommentAction","name":"Comment","target":["https:\/\/rotario.com.br\/site\/decisao-judicial-concede-liberdade-a-empresario-investigado-por-morte-de-adolescente-na-rj-182\/#respond"]}]},{"@type":"WebPage","@id":"https:\/\/rotario.com.br\/site\/decisao-judicial-concede-liberdade-a-empresario-investigado-por-morte-de-adolescente-na-rj-182\/","url":"https:\/\/rotario.com.br\/site\/decisao-judicial-concede-liberdade-a-empresario-investigado-por-morte-de-adolescente-na-rj-182\/","name":"Decis\u00e3o judicial concede liberdade a empres\u00e1rio investigado por morte de adolescente na RJ-182 - Rota Rio","isPartOf":{"@id":"https:\/\/rotario.com.br\/site\/#website"},"primaryImageOfPage":{"@id":"https:\/\/rotario.com.br\/site\/decisao-judicial-concede-liberdade-a-empresario-investigado-por-morte-de-adolescente-na-rj-182\/#primaryimage"},"image":{"@id":"https:\/\/rotario.com.br\/site\/decisao-judicial-concede-liberdade-a-empresario-investigado-por-morte-de-adolescente-na-rj-182\/#primaryimage"},"thumbnailUrl":"https:\/\/rotario.com.br\/site\/wp-content\/uploads\/2026\/04\/WhatsApp-Image-2026-04-29-at-17.04.45.jpeg","datePublished":"2026-04-29T21:15:32+00:00","dateModified":"2026-04-29T21:15:37+00:00","breadcrumb":{"@id":"https:\/\/rotario.com.br\/site\/decisao-judicial-concede-liberdade-a-empresario-investigado-por-morte-de-adolescente-na-rj-182\/#breadcrumb"},"inLanguage":"pt-BR","potentialAction":[{"@type":"ReadAction","target":["https:\/\/rotario.com.br\/site\/decisao-judicial-concede-liberdade-a-empresario-investigado-por-morte-de-adolescente-na-rj-182\/"]}]},{"@type":"ImageObject","inLanguage":"pt-BR","@id":"https:\/\/rotario.com.br\/site\/decisao-judicial-concede-liberdade-a-empresario-investigado-por-morte-de-adolescente-na-rj-182\/#primaryimage","url":"https:\/\/rotario.com.br\/site\/wp-content\/uploads\/2026\/04\/WhatsApp-Image-2026-04-29-at-17.04.45.jpeg","contentUrl":"https:\/\/rotario.com.br\/site\/wp-content\/uploads\/2026\/04\/WhatsApp-Image-2026-04-29-at-17.04.45.jpeg","width":692,"height":936},{"@type":"BreadcrumbList","@id":"https:\/\/rotario.com.br\/site\/decisao-judicial-concede-liberdade-a-empresario-investigado-por-morte-de-adolescente-na-rj-182\/#breadcrumb","itemListElement":[{"@type":"ListItem","position":1,"name":"In\u00edcio","item":"https:\/\/rotario.com.br\/site\/"},{"@type":"ListItem","position":2,"name":"Decis\u00e3o judicial concede liberdade a empres\u00e1rio investigado por morte de adolescente na RJ-182"}]},{"@type":"WebSite","@id":"https:\/\/rotario.com.br\/site\/#website","url":"https:\/\/rotario.com.br\/site\/","name":"Rota Rio","description":"Aqui, o Rio de Janeiro \u00e9 a pauta!","publisher":{"@id":"https:\/\/rotario.com.br\/site\/#organization"},"potentialAction":[{"@type":"SearchAction","target":{"@type":"EntryPoint","urlTemplate":"https:\/\/rotario.com.br\/site\/?s={search_term_string}"},"query-input":{"@type":"PropertyValueSpecification","valueRequired":true,"valueName":"search_term_string"}}],"inLanguage":"pt-BR"},{"@type":"Organization","@id":"https:\/\/rotario.com.br\/site\/#organization","name":"Rota Rio","url":"https:\/\/rotario.com.br\/site\/","logo":{"@type":"ImageObject","inLanguage":"pt-BR","@id":"https:\/\/rotario.com.br\/site\/#\/schema\/logo\/image\/","url":"https:\/\/rotario.com.br\/site\/wp-content\/uploads\/2022\/04\/cropped-ROTARIO-LOGO-Prancheta-1-1-2048x654-1.png","contentUrl":"https:\/\/rotario.com.br\/site\/wp-content\/uploads\/2022\/04\/cropped-ROTARIO-LOGO-Prancheta-1-1-2048x654-1.png","width":2048,"height":654,"caption":"Rota Rio"},"image":{"@id":"https:\/\/rotario.com.br\/site\/#\/schema\/logo\/image\/"}},{"@type":"Person","@id":"https:\/\/rotario.com.br\/site\/#\/schema\/person\/fd89bbbf4136f7e8a21e0dd67b8a66c7","name":"Galv\u00e3o","url":"https:\/\/rotario.com.br\/site\/author\/daniel\/"}]}},"_links":{"self":[{"href":"https:\/\/rotario.com.br\/site\/wp-json\/wp\/v2\/posts\/35769","targetHints":{"allow":["GET"]}}],"collection":[{"href":"https:\/\/rotario.com.br\/site\/wp-json\/wp\/v2\/posts"}],"about":[{"href":"https:\/\/rotario.com.br\/site\/wp-json\/wp\/v2\/types\/post"}],"author":[{"embeddable":true,"href":"https:\/\/rotario.com.br\/site\/wp-json\/wp\/v2\/users\/2"}],"replies":[{"embeddable":true,"href":"https:\/\/rotario.com.br\/site\/wp-json\/wp\/v2\/comments?post=35769"}],"version-history":[{"count":1,"href":"https:\/\/rotario.com.br\/site\/wp-json\/wp\/v2\/posts\/35769\/revisions"}],"predecessor-version":[{"id":35771,"href":"https:\/\/rotario.com.br\/site\/wp-json\/wp\/v2\/posts\/35769\/revisions\/35771"}],"wp:featuredmedia":[{"embeddable":true,"href":"https:\/\/rotario.com.br\/site\/wp-json\/wp\/v2\/media\/35770"}],"wp:attachment":[{"href":"https:\/\/rotario.com.br\/site\/wp-json\/wp\/v2\/media?parent=35769"}],"wp:term":[{"taxonomy":"category","embeddable":true,"href":"https:\/\/rotario.com.br\/site\/wp-json\/wp\/v2\/categories?post=35769"},{"taxonomy":"post_tag","embeddable":true,"href":"https:\/\/rotario.com.br\/site\/wp-json\/wp\/v2\/tags?post=35769"}],"curies":[{"name":"wp","href":"https:\/\/api.w.org\/{rel}","templated":true}]}}