{"id":35782,"date":"2026-04-30T10:45:42","date_gmt":"2026-04-30T13:45:42","guid":{"rendered":"https:\/\/rotario.com.br\/site\/?p=35782"},"modified":"2026-04-30T10:45:56","modified_gmt":"2026-04-30T13:45:56","slug":"campanhas-e-blitz-educativas-sao-reforcadas-para-combater-acidentes-em-macae","status":"publish","type":"post","link":"https:\/\/rotario.com.br\/site\/campanhas-e-blitz-educativas-sao-reforcadas-para-combater-acidentes-em-macae\/","title":{"rendered":"Campanhas e blitz educativas s\u00e3o refor\u00e7adas para combater acidentes em Maca\u00e9"},"content":{"rendered":"\n<p>Da Reda\u00e7\u00e3o<\/p>\n\n\n\n<p>A seguran\u00e7a no tr\u00e2nsito voltou a ser pauta na C\u00e2mara Municipal de Maca\u00e9. Na sess\u00e3o da \u00faltima quarta (29), os parlamentares discutiram a\u00e7\u00f5es com o objetivo de contribuir para a cria\u00e7\u00e3o de um ambiente mais seguro. Durante o expediente, foram apresentados dados alarmantes. Em 2025, foram registradas 36.403 mortes no tr\u00e2nsito em todo o pa\u00eds. Destes, 39 foram em Maca\u00e9.<\/p>\n\n\n\n<p>A vereadora Liomar Queiroz (Agir) convidou o coordenador de Educa\u00e7\u00e3o para o Tr\u00e2nsito, Ralph Salvador, para apresentar o trabalho desenvolvido pela Secretaria de Mobilidade Urbana. A pasta vem desenvolvendo a\u00e7\u00f5es com o objetivo de sensibilizar motoristas, motociclistas, ciclistas e pedestres. A iniciativa faz parte da campanha Maio Amarelo, que tem como finalidade a redu\u00e7\u00e3o de acidentes.<\/p>\n\n\n\n<p>Dos mais de 36 acidentes com morte no Brasil, 90% deles s\u00e3o causados por imprud\u00eancia ou falta de aten\u00e7\u00e3o, segundo dados apresentados por Ralph. Exatamente por isso, a Mobilidade Urbana tem investido na conscientiza\u00e7\u00e3o da popula\u00e7\u00e3o. Dentre as diversas a\u00e7\u00f5es realizadas no munic\u00edpio, destacando-se as blitz educativas, palestras, campanhas, simula\u00e7\u00f5es e cursos de dire\u00e7\u00e3o defensiva para motoristas.<\/p>\n\n\n\n<p>Maca\u00e9 disp\u00f5e ainda de programas voltados ao p\u00fablico infanto-juvenil, como a escola de tr\u00e2nsito itinerante e o circuito escolar, que utiliza ferramentas como teatro e m\u00fasica para ensinar seguran\u00e7a no tr\u00e2nsito. \u201cAcreditamos no potencial das crian\u00e7as para colocar em pr\u00e1tica as orienta\u00e7\u00f5es recebidas e mobilizar as fam\u00edlias neste mesmo prop\u00f3sito\u201d, declarou Salvador.<\/p>\n\n\n\n<p>Em seu pronunciamento, Liomar ressaltou a import\u00e2ncia do respeito as leis de tr\u00e2nsito como uma forma de preservar vidas. \u201cA melhor forma de preservar vidas \u00e9 formar cidad\u00e3os conscientes\u201d, disse a vereadora que vem encampando a causa e apoiando as a\u00e7\u00f5es da Coordenadoria.<br>J\u00e1 a vereadora Leandra Lopes (PT) questionou a redu\u00e7\u00e3o ou interrup\u00e7\u00e3o da Opera\u00e7\u00e3o Lei Seca em Maca\u00e9. Ralph respondeu que a a\u00e7\u00e3o \u00e9 de compet\u00eancia do governo estadual, mas que o munic\u00edpio realiza diariamente diversas a\u00e7\u00f5es de fiscaliza\u00e7\u00e3o no tr\u00e2nsito. \u201cApreendemos de 17 a 20 motocicletas diariamente, al\u00e9m dos ve\u00edculos e da aplica\u00e7\u00e3o de multas por irregularidades\u201d, disse.<\/p>\n\n\n\n<p>A Dra. Mayara Rezende (Republicanos) afirmou reconhecer o trabalho realizado pela Mobilidade Urbana na cidade, sobretudo com crian\u00e7as. A parlamentar tamb\u00e9m destacou que acidentes de tr\u00e2nsito eram respons\u00e1veis por grande parte das interna\u00e7\u00f5es no HPM, citando a equipe em que foi diretora do hospital.<br>J\u00e1 Tico Jardim (Cidadania) aproveitou a oportunidade para fazer um apelo aos pais que exp\u00f5em os filhos aos riscos no tr\u00e2nsito quando deixam de usar cinto de seguran\u00e7a, capacete ou mesmo desrespeitando a legisla\u00e7\u00e3o.<\/p>\n\n\n\n<p>Cr\u00e9dito: Tiago Ferreira<\/p>\n","protected":false},"excerpt":{"rendered":"<p>Da Reda\u00e7\u00e3o A seguran\u00e7a no tr\u00e2nsito voltou a ser pauta na C\u00e2mara Municipal de Maca\u00e9. Na sess\u00e3o da \u00faltima quarta (29), os parlamentares discutiram a\u00e7\u00f5es com o objetivo de contribuir para a cria\u00e7\u00e3o de um ambiente mais seguro. Durante o expediente, foram apresentados dados alarmantes. Em 2025, foram registradas 36.403 mortes no tr\u00e2nsito em todo [&hellip;]<\/p>\n","protected":false},"author":2,"featured_media":35784,"comment_status":"open","ping_status":"closed","sticky":false,"template":"","format":"standard","meta":{"footnotes":""},"categories":[2432],"tags":[],"class_list":["post-35782","post","type-post","status-publish","format-standard","has-post-thumbnail","hentry","category-politica"],"yoast_head":"<!-- This site is optimized with the Yoast SEO plugin v26.5 - https:\/\/yoast.com\/wordpress\/plugins\/seo\/ -->\n<title>Campanhas e blitz educativas s\u00e3o refor\u00e7adas para combater acidentes em Maca\u00e9 - Rota Rio<\/title>\n<meta name=\"robots\" content=\"index, follow, max-snippet:-1, max-image-preview:large, max-video-preview:-1\" \/>\n<link rel=\"canonical\" href=\"https:\/\/rotario.com.br\/site\/campanhas-e-blitz-educativas-sao-reforcadas-para-combater-acidentes-em-macae\/\" \/>\n<meta property=\"og:locale\" content=\"pt_BR\" \/>\n<meta property=\"og:type\" content=\"article\" \/>\n<meta property=\"og:title\" content=\"Campanhas e blitz educativas s\u00e3o refor\u00e7adas para combater acidentes em Maca\u00e9 - Rota Rio\" \/>\n<meta property=\"og:description\" content=\"Da Reda\u00e7\u00e3o A seguran\u00e7a no tr\u00e2nsito voltou a ser pauta na C\u00e2mara Municipal de Maca\u00e9. Na sess\u00e3o da \u00faltima quarta (29), os parlamentares discutiram a\u00e7\u00f5es com o objetivo de contribuir para a cria\u00e7\u00e3o de um ambiente mais seguro. Durante o expediente, foram apresentados dados alarmantes. Em 2025, foram registradas 36.403 mortes no tr\u00e2nsito em todo [&hellip;]\" \/>\n<meta property=\"og:url\" content=\"https:\/\/rotario.com.br\/site\/campanhas-e-blitz-educativas-sao-reforcadas-para-combater-acidentes-em-macae\/\" \/>\n<meta property=\"og:site_name\" content=\"Rota Rio\" \/>\n<meta property=\"article:published_time\" content=\"2026-04-30T13:45:42+00:00\" \/>\n<meta property=\"article:modified_time\" content=\"2026-04-30T13:45:56+00:00\" \/>\n<meta property=\"og:image\" content=\"https:\/\/rotario.com.br\/site\/wp-content\/uploads\/2026\/04\/WhatsApp-Image-2026-04-30-at-10.19.54-1.jpeg\" \/>\n\t<meta property=\"og:image:width\" content=\"1600\" \/>\n\t<meta property=\"og:image:height\" content=\"933\" \/>\n\t<meta property=\"og:image:type\" content=\"image\/jpeg\" \/>\n<meta name=\"author\" content=\"Galv\u00e3o\" \/>\n<meta name=\"twitter:card\" content=\"summary_large_image\" \/>\n<meta name=\"twitter:label1\" content=\"Escrito por\" \/>\n\t<meta name=\"twitter:data1\" content=\"Galv\u00e3o\" \/>\n\t<meta name=\"twitter:label2\" content=\"Est. tempo de leitura\" \/>\n\t<meta name=\"twitter:data2\" content=\"3 minutos\" \/>\n<script type=\"application\/ld+json\" class=\"yoast-schema-graph\">{\"@context\":\"https:\/\/schema.org\",\"@graph\":[{\"@type\":\"Article\",\"@id\":\"https:\/\/rotario.com.br\/site\/campanhas-e-blitz-educativas-sao-reforcadas-para-combater-acidentes-em-macae\/#article\",\"isPartOf\":{\"@id\":\"https:\/\/rotario.com.br\/site\/campanhas-e-blitz-educativas-sao-reforcadas-para-combater-acidentes-em-macae\/\"},\"author\":{\"name\":\"Galv\u00e3o\",\"@id\":\"https:\/\/rotario.com.br\/site\/#\/schema\/person\/fd89bbbf4136f7e8a21e0dd67b8a66c7\"},\"headline\":\"Campanhas e blitz educativas s\u00e3o refor\u00e7adas para combater acidentes em Maca\u00e9\",\"datePublished\":\"2026-04-30T13:45:42+00:00\",\"dateModified\":\"2026-04-30T13:45:56+00:00\",\"mainEntityOfPage\":{\"@id\":\"https:\/\/rotario.com.br\/site\/campanhas-e-blitz-educativas-sao-reforcadas-para-combater-acidentes-em-macae\/\"},\"wordCount\":471,\"commentCount\":0,\"publisher\":{\"@id\":\"https:\/\/rotario.com.br\/site\/#organization\"},\"image\":{\"@id\":\"https:\/\/rotario.com.br\/site\/campanhas-e-blitz-educativas-sao-reforcadas-para-combater-acidentes-em-macae\/#primaryimage\"},\"thumbnailUrl\":\"https:\/\/rotario.com.br\/site\/wp-content\/uploads\/2026\/04\/WhatsApp-Image-2026-04-30-at-10.19.54-1.jpeg\",\"articleSection\":[\"Pol\u00edtica\"],\"inLanguage\":\"pt-BR\",\"potentialAction\":[{\"@type\":\"CommentAction\",\"name\":\"Comment\",\"target\":[\"https:\/\/rotario.com.br\/site\/campanhas-e-blitz-educativas-sao-reforcadas-para-combater-acidentes-em-macae\/#respond\"]}]},{\"@type\":\"WebPage\",\"@id\":\"https:\/\/rotario.com.br\/site\/campanhas-e-blitz-educativas-sao-reforcadas-para-combater-acidentes-em-macae\/\",\"url\":\"https:\/\/rotario.com.br\/site\/campanhas-e-blitz-educativas-sao-reforcadas-para-combater-acidentes-em-macae\/\",\"name\":\"Campanhas e blitz educativas s\u00e3o refor\u00e7adas para combater acidentes em Maca\u00e9 - Rota Rio\",\"isPartOf\":{\"@id\":\"https:\/\/rotario.com.br\/site\/#website\"},\"primaryImageOfPage\":{\"@id\":\"https:\/\/rotario.com.br\/site\/campanhas-e-blitz-educativas-sao-reforcadas-para-combater-acidentes-em-macae\/#primaryimage\"},\"image\":{\"@id\":\"https:\/\/rotario.com.br\/site\/campanhas-e-blitz-educativas-sao-reforcadas-para-combater-acidentes-em-macae\/#primaryimage\"},\"thumbnailUrl\":\"https:\/\/rotario.com.br\/site\/wp-content\/uploads\/2026\/04\/WhatsApp-Image-2026-04-30-at-10.19.54-1.jpeg\",\"datePublished\":\"2026-04-30T13:45:42+00:00\",\"dateModified\":\"2026-04-30T13:45:56+00:00\",\"breadcrumb\":{\"@id\":\"https:\/\/rotario.com.br\/site\/campanhas-e-blitz-educativas-sao-reforcadas-para-combater-acidentes-em-macae\/#breadcrumb\"},\"inLanguage\":\"pt-BR\",\"potentialAction\":[{\"@type\":\"ReadAction\",\"target\":[\"https:\/\/rotario.com.br\/site\/campanhas-e-blitz-educativas-sao-reforcadas-para-combater-acidentes-em-macae\/\"]}]},{\"@type\":\"ImageObject\",\"inLanguage\":\"pt-BR\",\"@id\":\"https:\/\/rotario.com.br\/site\/campanhas-e-blitz-educativas-sao-reforcadas-para-combater-acidentes-em-macae\/#primaryimage\",\"url\":\"https:\/\/rotario.com.br\/site\/wp-content\/uploads\/2026\/04\/WhatsApp-Image-2026-04-30-at-10.19.54-1.jpeg\",\"contentUrl\":\"https:\/\/rotario.com.br\/site\/wp-content\/uploads\/2026\/04\/WhatsApp-Image-2026-04-30-at-10.19.54-1.jpeg\",\"width\":1600,\"height\":933},{\"@type\":\"BreadcrumbList\",\"@id\":\"https:\/\/rotario.com.br\/site\/campanhas-e-blitz-educativas-sao-reforcadas-para-combater-acidentes-em-macae\/#breadcrumb\",\"itemListElement\":[{\"@type\":\"ListItem\",\"position\":1,\"name\":\"In\u00edcio\",\"item\":\"https:\/\/rotario.com.br\/site\/\"},{\"@type\":\"ListItem\",\"position\":2,\"name\":\"Campanhas e blitz educativas s\u00e3o refor\u00e7adas para combater acidentes em Maca\u00e9\"}]},{\"@type\":\"WebSite\",\"@id\":\"https:\/\/rotario.com.br\/site\/#website\",\"url\":\"https:\/\/rotario.com.br\/site\/\",\"name\":\"Rota Rio\",\"description\":\"Aqui, o Rio de Janeiro \u00e9 a pauta!\",\"publisher\":{\"@id\":\"https:\/\/rotario.com.br\/site\/#organization\"},\"potentialAction\":[{\"@type\":\"SearchAction\",\"target\":{\"@type\":\"EntryPoint\",\"urlTemplate\":\"https:\/\/rotario.com.br\/site\/?s={search_term_string}\"},\"query-input\":{\"@type\":\"PropertyValueSpecification\",\"valueRequired\":true,\"valueName\":\"search_term_string\"}}],\"inLanguage\":\"pt-BR\"},{\"@type\":\"Organization\",\"@id\":\"https:\/\/rotario.com.br\/site\/#organization\",\"name\":\"Rota Rio\",\"url\":\"https:\/\/rotario.com.br\/site\/\",\"logo\":{\"@type\":\"ImageObject\",\"inLanguage\":\"pt-BR\",\"@id\":\"https:\/\/rotario.com.br\/site\/#\/schema\/logo\/image\/\",\"url\":\"https:\/\/rotario.com.br\/site\/wp-content\/uploads\/2022\/04\/cropped-ROTARIO-LOGO-Prancheta-1-1-2048x654-1.png\",\"contentUrl\":\"https:\/\/rotario.com.br\/site\/wp-content\/uploads\/2022\/04\/cropped-ROTARIO-LOGO-Prancheta-1-1-2048x654-1.png\",\"width\":2048,\"height\":654,\"caption\":\"Rota Rio\"},\"image\":{\"@id\":\"https:\/\/rotario.com.br\/site\/#\/schema\/logo\/image\/\"}},{\"@type\":\"Person\",\"@id\":\"https:\/\/rotario.com.br\/site\/#\/schema\/person\/fd89bbbf4136f7e8a21e0dd67b8a66c7\",\"name\":\"Galv\u00e3o\",\"url\":\"https:\/\/rotario.com.br\/site\/author\/daniel\/\"}]}<\/script>\n<!-- \/ Yoast SEO plugin. -->","yoast_head_json":{"title":"Campanhas e blitz educativas s\u00e3o refor\u00e7adas para combater acidentes em Maca\u00e9 - Rota Rio","robots":{"index":"index","follow":"follow","max-snippet":"max-snippet:-1","max-image-preview":"max-image-preview:large","max-video-preview":"max-video-preview:-1"},"canonical":"https:\/\/rotario.com.br\/site\/campanhas-e-blitz-educativas-sao-reforcadas-para-combater-acidentes-em-macae\/","og_locale":"pt_BR","og_type":"article","og_title":"Campanhas e blitz educativas s\u00e3o refor\u00e7adas para combater acidentes em Maca\u00e9 - Rota Rio","og_description":"Da Reda\u00e7\u00e3o A seguran\u00e7a no tr\u00e2nsito voltou a ser pauta na C\u00e2mara Municipal de Maca\u00e9. Na sess\u00e3o da \u00faltima quarta (29), os parlamentares discutiram a\u00e7\u00f5es com o objetivo de contribuir para a cria\u00e7\u00e3o de um ambiente mais seguro. Durante o expediente, foram apresentados dados alarmantes. Em 2025, foram registradas 36.403 mortes no tr\u00e2nsito em todo [&hellip;]","og_url":"https:\/\/rotario.com.br\/site\/campanhas-e-blitz-educativas-sao-reforcadas-para-combater-acidentes-em-macae\/","og_site_name":"Rota Rio","article_published_time":"2026-04-30T13:45:42+00:00","article_modified_time":"2026-04-30T13:45:56+00:00","og_image":[{"width":1600,"height":933,"url":"https:\/\/rotario.com.br\/site\/wp-content\/uploads\/2026\/04\/WhatsApp-Image-2026-04-30-at-10.19.54-1.jpeg","type":"image\/jpeg"}],"author":"Galv\u00e3o","twitter_card":"summary_large_image","twitter_misc":{"Escrito por":"Galv\u00e3o","Est. tempo de leitura":"3 minutos"},"schema":{"@context":"https:\/\/schema.org","@graph":[{"@type":"Article","@id":"https:\/\/rotario.com.br\/site\/campanhas-e-blitz-educativas-sao-reforcadas-para-combater-acidentes-em-macae\/#article","isPartOf":{"@id":"https:\/\/rotario.com.br\/site\/campanhas-e-blitz-educativas-sao-reforcadas-para-combater-acidentes-em-macae\/"},"author":{"name":"Galv\u00e3o","@id":"https:\/\/rotario.com.br\/site\/#\/schema\/person\/fd89bbbf4136f7e8a21e0dd67b8a66c7"},"headline":"Campanhas e blitz educativas s\u00e3o refor\u00e7adas para combater acidentes em Maca\u00e9","datePublished":"2026-04-30T13:45:42+00:00","dateModified":"2026-04-30T13:45:56+00:00","mainEntityOfPage":{"@id":"https:\/\/rotario.com.br\/site\/campanhas-e-blitz-educativas-sao-reforcadas-para-combater-acidentes-em-macae\/"},"wordCount":471,"commentCount":0,"publisher":{"@id":"https:\/\/rotario.com.br\/site\/#organization"},"image":{"@id":"https:\/\/rotario.com.br\/site\/campanhas-e-blitz-educativas-sao-reforcadas-para-combater-acidentes-em-macae\/#primaryimage"},"thumbnailUrl":"https:\/\/rotario.com.br\/site\/wp-content\/uploads\/2026\/04\/WhatsApp-Image-2026-04-30-at-10.19.54-1.jpeg","articleSection":["Pol\u00edtica"],"inLanguage":"pt-BR","potentialAction":[{"@type":"CommentAction","name":"Comment","target":["https:\/\/rotario.com.br\/site\/campanhas-e-blitz-educativas-sao-reforcadas-para-combater-acidentes-em-macae\/#respond"]}]},{"@type":"WebPage","@id":"https:\/\/rotario.com.br\/site\/campanhas-e-blitz-educativas-sao-reforcadas-para-combater-acidentes-em-macae\/","url":"https:\/\/rotario.com.br\/site\/campanhas-e-blitz-educativas-sao-reforcadas-para-combater-acidentes-em-macae\/","name":"Campanhas e blitz educativas s\u00e3o refor\u00e7adas para combater acidentes em Maca\u00e9 - Rota Rio","isPartOf":{"@id":"https:\/\/rotario.com.br\/site\/#website"},"primaryImageOfPage":{"@id":"https:\/\/rotario.com.br\/site\/campanhas-e-blitz-educativas-sao-reforcadas-para-combater-acidentes-em-macae\/#primaryimage"},"image":{"@id":"https:\/\/rotario.com.br\/site\/campanhas-e-blitz-educativas-sao-reforcadas-para-combater-acidentes-em-macae\/#primaryimage"},"thumbnailUrl":"https:\/\/rotario.com.br\/site\/wp-content\/uploads\/2026\/04\/WhatsApp-Image-2026-04-30-at-10.19.54-1.jpeg","datePublished":"2026-04-30T13:45:42+00:00","dateModified":"2026-04-30T13:45:56+00:00","breadcrumb":{"@id":"https:\/\/rotario.com.br\/site\/campanhas-e-blitz-educativas-sao-reforcadas-para-combater-acidentes-em-macae\/#breadcrumb"},"inLanguage":"pt-BR","potentialAction":[{"@type":"ReadAction","target":["https:\/\/rotario.com.br\/site\/campanhas-e-blitz-educativas-sao-reforcadas-para-combater-acidentes-em-macae\/"]}]},{"@type":"ImageObject","inLanguage":"pt-BR","@id":"https:\/\/rotario.com.br\/site\/campanhas-e-blitz-educativas-sao-reforcadas-para-combater-acidentes-em-macae\/#primaryimage","url":"https:\/\/rotario.com.br\/site\/wp-content\/uploads\/2026\/04\/WhatsApp-Image-2026-04-30-at-10.19.54-1.jpeg","contentUrl":"https:\/\/rotario.com.br\/site\/wp-content\/uploads\/2026\/04\/WhatsApp-Image-2026-04-30-at-10.19.54-1.jpeg","width":1600,"height":933},{"@type":"BreadcrumbList","@id":"https:\/\/rotario.com.br\/site\/campanhas-e-blitz-educativas-sao-reforcadas-para-combater-acidentes-em-macae\/#breadcrumb","itemListElement":[{"@type":"ListItem","position":1,"name":"In\u00edcio","item":"https:\/\/rotario.com.br\/site\/"},{"@type":"ListItem","position":2,"name":"Campanhas e blitz educativas s\u00e3o refor\u00e7adas para combater acidentes em Maca\u00e9"}]},{"@type":"WebSite","@id":"https:\/\/rotario.com.br\/site\/#website","url":"https:\/\/rotario.com.br\/site\/","name":"Rota Rio","description":"Aqui, o Rio de Janeiro \u00e9 a pauta!","publisher":{"@id":"https:\/\/rotario.com.br\/site\/#organization"},"potentialAction":[{"@type":"SearchAction","target":{"@type":"EntryPoint","urlTemplate":"https:\/\/rotario.com.br\/site\/?s={search_term_string}"},"query-input":{"@type":"PropertyValueSpecification","valueRequired":true,"valueName":"search_term_string"}}],"inLanguage":"pt-BR"},{"@type":"Organization","@id":"https:\/\/rotario.com.br\/site\/#organization","name":"Rota Rio","url":"https:\/\/rotario.com.br\/site\/","logo":{"@type":"ImageObject","inLanguage":"pt-BR","@id":"https:\/\/rotario.com.br\/site\/#\/schema\/logo\/image\/","url":"https:\/\/rotario.com.br\/site\/wp-content\/uploads\/2022\/04\/cropped-ROTARIO-LOGO-Prancheta-1-1-2048x654-1.png","contentUrl":"https:\/\/rotario.com.br\/site\/wp-content\/uploads\/2022\/04\/cropped-ROTARIO-LOGO-Prancheta-1-1-2048x654-1.png","width":2048,"height":654,"caption":"Rota Rio"},"image":{"@id":"https:\/\/rotario.com.br\/site\/#\/schema\/logo\/image\/"}},{"@type":"Person","@id":"https:\/\/rotario.com.br\/site\/#\/schema\/person\/fd89bbbf4136f7e8a21e0dd67b8a66c7","name":"Galv\u00e3o","url":"https:\/\/rotario.com.br\/site\/author\/daniel\/"}]}},"_links":{"self":[{"href":"https:\/\/rotario.com.br\/site\/wp-json\/wp\/v2\/posts\/35782","targetHints":{"allow":["GET"]}}],"collection":[{"href":"https:\/\/rotario.com.br\/site\/wp-json\/wp\/v2\/posts"}],"about":[{"href":"https:\/\/rotario.com.br\/site\/wp-json\/wp\/v2\/types\/post"}],"author":[{"embeddable":true,"href":"https:\/\/rotario.com.br\/site\/wp-json\/wp\/v2\/users\/2"}],"replies":[{"embeddable":true,"href":"https:\/\/rotario.com.br\/site\/wp-json\/wp\/v2\/comments?post=35782"}],"version-history":[{"count":2,"href":"https:\/\/rotario.com.br\/site\/wp-json\/wp\/v2\/posts\/35782\/revisions"}],"predecessor-version":[{"id":35786,"href":"https:\/\/rotario.com.br\/site\/wp-json\/wp\/v2\/posts\/35782\/revisions\/35786"}],"wp:featuredmedia":[{"embeddable":true,"href":"https:\/\/rotario.com.br\/site\/wp-json\/wp\/v2\/media\/35784"}],"wp:attachment":[{"href":"https:\/\/rotario.com.br\/site\/wp-json\/wp\/v2\/media?parent=35782"}],"wp:term":[{"taxonomy":"category","embeddable":true,"href":"https:\/\/rotario.com.br\/site\/wp-json\/wp\/v2\/categories?post=35782"},{"taxonomy":"post_tag","embeddable":true,"href":"https:\/\/rotario.com.br\/site\/wp-json\/wp\/v2\/tags?post=35782"}],"curies":[{"name":"wp","href":"https:\/\/api.w.org\/{rel}","templated":true}]}}