{"id":35788,"date":"2026-04-30T11:22:47","date_gmt":"2026-04-30T14:22:47","guid":{"rendered":"https:\/\/rotario.com.br\/site\/?p=35788"},"modified":"2026-04-30T11:22:52","modified_gmt":"2026-04-30T14:22:52","slug":"saquarema-passa-a-contar-com-nova-linha-de-onibus-para-a-barra-da-tijuca-no-rio","status":"publish","type":"post","link":"https:\/\/rotario.com.br\/site\/saquarema-passa-a-contar-com-nova-linha-de-onibus-para-a-barra-da-tijuca-no-rio\/","title":{"rendered":"Saquarema passa a contar com nova linha de \u00f4nibus para a Barra da Tijuca, no Rio"},"content":{"rendered":"\n<p>A Auto Via\u00e7\u00e3o 1001 lan\u00e7ou, nessa semana, uma nova op\u00e7\u00e3o de linha intermunicipal ligando Saquarema ao Rio de Janeiro, com destino ao Shopping Aerotown, na Barra da Tijuca, na nova Zona Sudoeste, criada pelo ex-prefeito Eduardo Paes (PSD), em 2025.<\/p>\n\n\n\n<p>Contando com sa\u00eddas di\u00e1rias, a linha disponibiliza sa\u00edde de Saquarema em 2 hor\u00e1rios, sendo um \u00e0s 7h50, com chegada prevista para \u00e0s 11h15, e outro \u00e0s 13h20, com chegada prevista para a \u00e0s 16h45, totalizando 3 horas e 25 minutos de viagem m\u00e9dia.<\/p>\n\n\n\n<p>J\u00e1 no sentido Rio-Regi\u00e3o dos Lagos, as sa\u00eddas da Barra acontecem \u00e0s 8h30, com chegada prevista \u00e0s 12h17, e \u00e0s 16h15, com chegada prevista \u00e0s 19h55, totalizando uma dura\u00e7\u00e3o m\u00e9dia de viagem de 3 horas e 40 minutos.<\/p>\n\n\n\n<p>Segundo o site da 1001, os pre\u00e7os das passagens custam R$ 53,82, para pagamentos via PIX, e R$ 56,65 para pagamentos via cart\u00e3o de d\u00e9bito ou de cr\u00e9dito, podendo sofrer altera\u00e7\u00f5es de acordo com a data e a disponibilidade.<\/p>\n\n\n\n<p>\u201cTem novidade para facilitar sua pr\u00f3xima viagem! Agora voc\u00ea conta com rotas di\u00e1rias entre Saquarema e Barra da Tijuca, trazendo mais praticidade para ir e voltar quando quiser. Acesse o site, confira os hor\u00e1rios e escolha o melhor momento pra cair na estrada\u201d, anunciou a empresa, em publica\u00e7\u00e3o no seu perfil no Instagram.&nbsp;&nbsp;&nbsp;&nbsp;&nbsp;<\/p>\n","protected":false},"excerpt":{"rendered":"<p>A Auto Via\u00e7\u00e3o 1001 lan\u00e7ou, nessa semana, uma nova op\u00e7\u00e3o de linha intermunicipal ligando Saquarema ao Rio de Janeiro, com destino ao Shopping Aerotown, na Barra da Tijuca, na nova Zona Sudoeste, criada pelo ex-prefeito Eduardo Paes (PSD), em 2025. Contando com sa\u00eddas di\u00e1rias, a linha disponibiliza sa\u00edde de Saquarema em 2 hor\u00e1rios, sendo um [&hellip;]<\/p>\n","protected":false},"author":2,"featured_media":35789,"comment_status":"open","ping_status":"closed","sticky":false,"template":"","format":"standard","meta":{"footnotes":""},"categories":[124],"tags":[],"class_list":["post-35788","post","type-post","status-publish","format-standard","has-post-thumbnail","hentry","category-saquarema-costa-do-sol"],"yoast_head":"<!-- This site is optimized with the Yoast SEO plugin v26.5 - https:\/\/yoast.com\/wordpress\/plugins\/seo\/ -->\n<title>Saquarema passa a contar com nova linha de \u00f4nibus para a Barra da Tijuca, no Rio - Rota Rio<\/title>\n<meta name=\"robots\" content=\"index, follow, max-snippet:-1, max-image-preview:large, max-video-preview:-1\" \/>\n<link rel=\"canonical\" href=\"https:\/\/rotario.com.br\/site\/saquarema-passa-a-contar-com-nova-linha-de-onibus-para-a-barra-da-tijuca-no-rio\/\" \/>\n<meta property=\"og:locale\" content=\"pt_BR\" \/>\n<meta property=\"og:type\" content=\"article\" \/>\n<meta property=\"og:title\" content=\"Saquarema passa a contar com nova linha de \u00f4nibus para a Barra da Tijuca, no Rio - Rota Rio\" \/>\n<meta property=\"og:description\" content=\"A Auto Via\u00e7\u00e3o 1001 lan\u00e7ou, nessa semana, uma nova op\u00e7\u00e3o de linha intermunicipal ligando Saquarema ao Rio de Janeiro, com destino ao Shopping Aerotown, na Barra da Tijuca, na nova Zona Sudoeste, criada pelo ex-prefeito Eduardo Paes (PSD), em 2025. Contando com sa\u00eddas di\u00e1rias, a linha disponibiliza sa\u00edde de Saquarema em 2 hor\u00e1rios, sendo um [&hellip;]\" \/>\n<meta property=\"og:url\" content=\"https:\/\/rotario.com.br\/site\/saquarema-passa-a-contar-com-nova-linha-de-onibus-para-a-barra-da-tijuca-no-rio\/\" \/>\n<meta property=\"og:site_name\" content=\"Rota Rio\" \/>\n<meta property=\"article:published_time\" content=\"2026-04-30T14:22:47+00:00\" \/>\n<meta property=\"article:modified_time\" content=\"2026-04-30T14:22:52+00:00\" \/>\n<meta property=\"og:image\" content=\"https:\/\/rotario.com.br\/site\/wp-content\/uploads\/2026\/04\/01-Mobilidade-Saquarema-Divulgacao.jpg\" \/>\n\t<meta property=\"og:image:width\" content=\"800\" \/>\n\t<meta property=\"og:image:height\" content=\"600\" \/>\n\t<meta property=\"og:image:type\" content=\"image\/jpeg\" \/>\n<meta name=\"author\" content=\"Galv\u00e3o\" \/>\n<meta name=\"twitter:card\" content=\"summary_large_image\" \/>\n<meta name=\"twitter:label1\" content=\"Escrito por\" \/>\n\t<meta name=\"twitter:data1\" content=\"Galv\u00e3o\" \/>\n\t<meta name=\"twitter:label2\" content=\"Est. tempo de leitura\" \/>\n\t<meta name=\"twitter:data2\" content=\"2 minutos\" \/>\n<script type=\"application\/ld+json\" class=\"yoast-schema-graph\">{\"@context\":\"https:\/\/schema.org\",\"@graph\":[{\"@type\":\"Article\",\"@id\":\"https:\/\/rotario.com.br\/site\/saquarema-passa-a-contar-com-nova-linha-de-onibus-para-a-barra-da-tijuca-no-rio\/#article\",\"isPartOf\":{\"@id\":\"https:\/\/rotario.com.br\/site\/saquarema-passa-a-contar-com-nova-linha-de-onibus-para-a-barra-da-tijuca-no-rio\/\"},\"author\":{\"name\":\"Galv\u00e3o\",\"@id\":\"https:\/\/rotario.com.br\/site\/#\/schema\/person\/fd89bbbf4136f7e8a21e0dd67b8a66c7\"},\"headline\":\"Saquarema passa a contar com nova linha de \u00f4nibus para a Barra da Tijuca, no Rio\",\"datePublished\":\"2026-04-30T14:22:47+00:00\",\"dateModified\":\"2026-04-30T14:22:52+00:00\",\"mainEntityOfPage\":{\"@id\":\"https:\/\/rotario.com.br\/site\/saquarema-passa-a-contar-com-nova-linha-de-onibus-para-a-barra-da-tijuca-no-rio\/\"},\"wordCount\":245,\"commentCount\":0,\"publisher\":{\"@id\":\"https:\/\/rotario.com.br\/site\/#organization\"},\"image\":{\"@id\":\"https:\/\/rotario.com.br\/site\/saquarema-passa-a-contar-com-nova-linha-de-onibus-para-a-barra-da-tijuca-no-rio\/#primaryimage\"},\"thumbnailUrl\":\"https:\/\/rotario.com.br\/site\/wp-content\/uploads\/2026\/04\/01-Mobilidade-Saquarema-Divulgacao.jpg\",\"articleSection\":[\"Saquarema\"],\"inLanguage\":\"pt-BR\",\"potentialAction\":[{\"@type\":\"CommentAction\",\"name\":\"Comment\",\"target\":[\"https:\/\/rotario.com.br\/site\/saquarema-passa-a-contar-com-nova-linha-de-onibus-para-a-barra-da-tijuca-no-rio\/#respond\"]}]},{\"@type\":\"WebPage\",\"@id\":\"https:\/\/rotario.com.br\/site\/saquarema-passa-a-contar-com-nova-linha-de-onibus-para-a-barra-da-tijuca-no-rio\/\",\"url\":\"https:\/\/rotario.com.br\/site\/saquarema-passa-a-contar-com-nova-linha-de-onibus-para-a-barra-da-tijuca-no-rio\/\",\"name\":\"Saquarema passa a contar com nova linha de \u00f4nibus para a Barra da Tijuca, no Rio - Rota Rio\",\"isPartOf\":{\"@id\":\"https:\/\/rotario.com.br\/site\/#website\"},\"primaryImageOfPage\":{\"@id\":\"https:\/\/rotario.com.br\/site\/saquarema-passa-a-contar-com-nova-linha-de-onibus-para-a-barra-da-tijuca-no-rio\/#primaryimage\"},\"image\":{\"@id\":\"https:\/\/rotario.com.br\/site\/saquarema-passa-a-contar-com-nova-linha-de-onibus-para-a-barra-da-tijuca-no-rio\/#primaryimage\"},\"thumbnailUrl\":\"https:\/\/rotario.com.br\/site\/wp-content\/uploads\/2026\/04\/01-Mobilidade-Saquarema-Divulgacao.jpg\",\"datePublished\":\"2026-04-30T14:22:47+00:00\",\"dateModified\":\"2026-04-30T14:22:52+00:00\",\"breadcrumb\":{\"@id\":\"https:\/\/rotario.com.br\/site\/saquarema-passa-a-contar-com-nova-linha-de-onibus-para-a-barra-da-tijuca-no-rio\/#breadcrumb\"},\"inLanguage\":\"pt-BR\",\"potentialAction\":[{\"@type\":\"ReadAction\",\"target\":[\"https:\/\/rotario.com.br\/site\/saquarema-passa-a-contar-com-nova-linha-de-onibus-para-a-barra-da-tijuca-no-rio\/\"]}]},{\"@type\":\"ImageObject\",\"inLanguage\":\"pt-BR\",\"@id\":\"https:\/\/rotario.com.br\/site\/saquarema-passa-a-contar-com-nova-linha-de-onibus-para-a-barra-da-tijuca-no-rio\/#primaryimage\",\"url\":\"https:\/\/rotario.com.br\/site\/wp-content\/uploads\/2026\/04\/01-Mobilidade-Saquarema-Divulgacao.jpg\",\"contentUrl\":\"https:\/\/rotario.com.br\/site\/wp-content\/uploads\/2026\/04\/01-Mobilidade-Saquarema-Divulgacao.jpg\",\"width\":800,\"height\":600},{\"@type\":\"BreadcrumbList\",\"@id\":\"https:\/\/rotario.com.br\/site\/saquarema-passa-a-contar-com-nova-linha-de-onibus-para-a-barra-da-tijuca-no-rio\/#breadcrumb\",\"itemListElement\":[{\"@type\":\"ListItem\",\"position\":1,\"name\":\"In\u00edcio\",\"item\":\"https:\/\/rotario.com.br\/site\/\"},{\"@type\":\"ListItem\",\"position\":2,\"name\":\"Saquarema passa a contar com nova linha de \u00f4nibus para a Barra da Tijuca, no Rio\"}]},{\"@type\":\"WebSite\",\"@id\":\"https:\/\/rotario.com.br\/site\/#website\",\"url\":\"https:\/\/rotario.com.br\/site\/\",\"name\":\"Rota Rio\",\"description\":\"Aqui, o Rio de Janeiro \u00e9 a pauta!\",\"publisher\":{\"@id\":\"https:\/\/rotario.com.br\/site\/#organization\"},\"potentialAction\":[{\"@type\":\"SearchAction\",\"target\":{\"@type\":\"EntryPoint\",\"urlTemplate\":\"https:\/\/rotario.com.br\/site\/?s={search_term_string}\"},\"query-input\":{\"@type\":\"PropertyValueSpecification\",\"valueRequired\":true,\"valueName\":\"search_term_string\"}}],\"inLanguage\":\"pt-BR\"},{\"@type\":\"Organization\",\"@id\":\"https:\/\/rotario.com.br\/site\/#organization\",\"name\":\"Rota Rio\",\"url\":\"https:\/\/rotario.com.br\/site\/\",\"logo\":{\"@type\":\"ImageObject\",\"inLanguage\":\"pt-BR\",\"@id\":\"https:\/\/rotario.com.br\/site\/#\/schema\/logo\/image\/\",\"url\":\"https:\/\/rotario.com.br\/site\/wp-content\/uploads\/2022\/04\/cropped-ROTARIO-LOGO-Prancheta-1-1-2048x654-1.png\",\"contentUrl\":\"https:\/\/rotario.com.br\/site\/wp-content\/uploads\/2022\/04\/cropped-ROTARIO-LOGO-Prancheta-1-1-2048x654-1.png\",\"width\":2048,\"height\":654,\"caption\":\"Rota Rio\"},\"image\":{\"@id\":\"https:\/\/rotario.com.br\/site\/#\/schema\/logo\/image\/\"}},{\"@type\":\"Person\",\"@id\":\"https:\/\/rotario.com.br\/site\/#\/schema\/person\/fd89bbbf4136f7e8a21e0dd67b8a66c7\",\"name\":\"Galv\u00e3o\",\"url\":\"https:\/\/rotario.com.br\/site\/author\/daniel\/\"}]}<\/script>\n<!-- \/ Yoast SEO plugin. -->","yoast_head_json":{"title":"Saquarema passa a contar com nova linha de \u00f4nibus para a Barra da Tijuca, no Rio - Rota Rio","robots":{"index":"index","follow":"follow","max-snippet":"max-snippet:-1","max-image-preview":"max-image-preview:large","max-video-preview":"max-video-preview:-1"},"canonical":"https:\/\/rotario.com.br\/site\/saquarema-passa-a-contar-com-nova-linha-de-onibus-para-a-barra-da-tijuca-no-rio\/","og_locale":"pt_BR","og_type":"article","og_title":"Saquarema passa a contar com nova linha de \u00f4nibus para a Barra da Tijuca, no Rio - Rota Rio","og_description":"A Auto Via\u00e7\u00e3o 1001 lan\u00e7ou, nessa semana, uma nova op\u00e7\u00e3o de linha intermunicipal ligando Saquarema ao Rio de Janeiro, com destino ao Shopping Aerotown, na Barra da Tijuca, na nova Zona Sudoeste, criada pelo ex-prefeito Eduardo Paes (PSD), em 2025. Contando com sa\u00eddas di\u00e1rias, a linha disponibiliza sa\u00edde de Saquarema em 2 hor\u00e1rios, sendo um [&hellip;]","og_url":"https:\/\/rotario.com.br\/site\/saquarema-passa-a-contar-com-nova-linha-de-onibus-para-a-barra-da-tijuca-no-rio\/","og_site_name":"Rota Rio","article_published_time":"2026-04-30T14:22:47+00:00","article_modified_time":"2026-04-30T14:22:52+00:00","og_image":[{"width":800,"height":600,"url":"https:\/\/rotario.com.br\/site\/wp-content\/uploads\/2026\/04\/01-Mobilidade-Saquarema-Divulgacao.jpg","type":"image\/jpeg"}],"author":"Galv\u00e3o","twitter_card":"summary_large_image","twitter_misc":{"Escrito por":"Galv\u00e3o","Est. tempo de leitura":"2 minutos"},"schema":{"@context":"https:\/\/schema.org","@graph":[{"@type":"Article","@id":"https:\/\/rotario.com.br\/site\/saquarema-passa-a-contar-com-nova-linha-de-onibus-para-a-barra-da-tijuca-no-rio\/#article","isPartOf":{"@id":"https:\/\/rotario.com.br\/site\/saquarema-passa-a-contar-com-nova-linha-de-onibus-para-a-barra-da-tijuca-no-rio\/"},"author":{"name":"Galv\u00e3o","@id":"https:\/\/rotario.com.br\/site\/#\/schema\/person\/fd89bbbf4136f7e8a21e0dd67b8a66c7"},"headline":"Saquarema passa a contar com nova linha de \u00f4nibus para a Barra da Tijuca, no Rio","datePublished":"2026-04-30T14:22:47+00:00","dateModified":"2026-04-30T14:22:52+00:00","mainEntityOfPage":{"@id":"https:\/\/rotario.com.br\/site\/saquarema-passa-a-contar-com-nova-linha-de-onibus-para-a-barra-da-tijuca-no-rio\/"},"wordCount":245,"commentCount":0,"publisher":{"@id":"https:\/\/rotario.com.br\/site\/#organization"},"image":{"@id":"https:\/\/rotario.com.br\/site\/saquarema-passa-a-contar-com-nova-linha-de-onibus-para-a-barra-da-tijuca-no-rio\/#primaryimage"},"thumbnailUrl":"https:\/\/rotario.com.br\/site\/wp-content\/uploads\/2026\/04\/01-Mobilidade-Saquarema-Divulgacao.jpg","articleSection":["Saquarema"],"inLanguage":"pt-BR","potentialAction":[{"@type":"CommentAction","name":"Comment","target":["https:\/\/rotario.com.br\/site\/saquarema-passa-a-contar-com-nova-linha-de-onibus-para-a-barra-da-tijuca-no-rio\/#respond"]}]},{"@type":"WebPage","@id":"https:\/\/rotario.com.br\/site\/saquarema-passa-a-contar-com-nova-linha-de-onibus-para-a-barra-da-tijuca-no-rio\/","url":"https:\/\/rotario.com.br\/site\/saquarema-passa-a-contar-com-nova-linha-de-onibus-para-a-barra-da-tijuca-no-rio\/","name":"Saquarema passa a contar com nova linha de \u00f4nibus para a Barra da Tijuca, no Rio - Rota Rio","isPartOf":{"@id":"https:\/\/rotario.com.br\/site\/#website"},"primaryImageOfPage":{"@id":"https:\/\/rotario.com.br\/site\/saquarema-passa-a-contar-com-nova-linha-de-onibus-para-a-barra-da-tijuca-no-rio\/#primaryimage"},"image":{"@id":"https:\/\/rotario.com.br\/site\/saquarema-passa-a-contar-com-nova-linha-de-onibus-para-a-barra-da-tijuca-no-rio\/#primaryimage"},"thumbnailUrl":"https:\/\/rotario.com.br\/site\/wp-content\/uploads\/2026\/04\/01-Mobilidade-Saquarema-Divulgacao.jpg","datePublished":"2026-04-30T14:22:47+00:00","dateModified":"2026-04-30T14:22:52+00:00","breadcrumb":{"@id":"https:\/\/rotario.com.br\/site\/saquarema-passa-a-contar-com-nova-linha-de-onibus-para-a-barra-da-tijuca-no-rio\/#breadcrumb"},"inLanguage":"pt-BR","potentialAction":[{"@type":"ReadAction","target":["https:\/\/rotario.com.br\/site\/saquarema-passa-a-contar-com-nova-linha-de-onibus-para-a-barra-da-tijuca-no-rio\/"]}]},{"@type":"ImageObject","inLanguage":"pt-BR","@id":"https:\/\/rotario.com.br\/site\/saquarema-passa-a-contar-com-nova-linha-de-onibus-para-a-barra-da-tijuca-no-rio\/#primaryimage","url":"https:\/\/rotario.com.br\/site\/wp-content\/uploads\/2026\/04\/01-Mobilidade-Saquarema-Divulgacao.jpg","contentUrl":"https:\/\/rotario.com.br\/site\/wp-content\/uploads\/2026\/04\/01-Mobilidade-Saquarema-Divulgacao.jpg","width":800,"height":600},{"@type":"BreadcrumbList","@id":"https:\/\/rotario.com.br\/site\/saquarema-passa-a-contar-com-nova-linha-de-onibus-para-a-barra-da-tijuca-no-rio\/#breadcrumb","itemListElement":[{"@type":"ListItem","position":1,"name":"In\u00edcio","item":"https:\/\/rotario.com.br\/site\/"},{"@type":"ListItem","position":2,"name":"Saquarema passa a contar com nova linha de \u00f4nibus para a Barra da Tijuca, no Rio"}]},{"@type":"WebSite","@id":"https:\/\/rotario.com.br\/site\/#website","url":"https:\/\/rotario.com.br\/site\/","name":"Rota Rio","description":"Aqui, o Rio de Janeiro \u00e9 a pauta!","publisher":{"@id":"https:\/\/rotario.com.br\/site\/#organization"},"potentialAction":[{"@type":"SearchAction","target":{"@type":"EntryPoint","urlTemplate":"https:\/\/rotario.com.br\/site\/?s={search_term_string}"},"query-input":{"@type":"PropertyValueSpecification","valueRequired":true,"valueName":"search_term_string"}}],"inLanguage":"pt-BR"},{"@type":"Organization","@id":"https:\/\/rotario.com.br\/site\/#organization","name":"Rota Rio","url":"https:\/\/rotario.com.br\/site\/","logo":{"@type":"ImageObject","inLanguage":"pt-BR","@id":"https:\/\/rotario.com.br\/site\/#\/schema\/logo\/image\/","url":"https:\/\/rotario.com.br\/site\/wp-content\/uploads\/2022\/04\/cropped-ROTARIO-LOGO-Prancheta-1-1-2048x654-1.png","contentUrl":"https:\/\/rotario.com.br\/site\/wp-content\/uploads\/2022\/04\/cropped-ROTARIO-LOGO-Prancheta-1-1-2048x654-1.png","width":2048,"height":654,"caption":"Rota Rio"},"image":{"@id":"https:\/\/rotario.com.br\/site\/#\/schema\/logo\/image\/"}},{"@type":"Person","@id":"https:\/\/rotario.com.br\/site\/#\/schema\/person\/fd89bbbf4136f7e8a21e0dd67b8a66c7","name":"Galv\u00e3o","url":"https:\/\/rotario.com.br\/site\/author\/daniel\/"}]}},"_links":{"self":[{"href":"https:\/\/rotario.com.br\/site\/wp-json\/wp\/v2\/posts\/35788","targetHints":{"allow":["GET"]}}],"collection":[{"href":"https:\/\/rotario.com.br\/site\/wp-json\/wp\/v2\/posts"}],"about":[{"href":"https:\/\/rotario.com.br\/site\/wp-json\/wp\/v2\/types\/post"}],"author":[{"embeddable":true,"href":"https:\/\/rotario.com.br\/site\/wp-json\/wp\/v2\/users\/2"}],"replies":[{"embeddable":true,"href":"https:\/\/rotario.com.br\/site\/wp-json\/wp\/v2\/comments?post=35788"}],"version-history":[{"count":1,"href":"https:\/\/rotario.com.br\/site\/wp-json\/wp\/v2\/posts\/35788\/revisions"}],"predecessor-version":[{"id":35790,"href":"https:\/\/rotario.com.br\/site\/wp-json\/wp\/v2\/posts\/35788\/revisions\/35790"}],"wp:featuredmedia":[{"embeddable":true,"href":"https:\/\/rotario.com.br\/site\/wp-json\/wp\/v2\/media\/35789"}],"wp:attachment":[{"href":"https:\/\/rotario.com.br\/site\/wp-json\/wp\/v2\/media?parent=35788"}],"wp:term":[{"taxonomy":"category","embeddable":true,"href":"https:\/\/rotario.com.br\/site\/wp-json\/wp\/v2\/categories?post=35788"},{"taxonomy":"post_tag","embeddable":true,"href":"https:\/\/rotario.com.br\/site\/wp-json\/wp\/v2\/tags?post=35788"}],"curies":[{"name":"wp","href":"https:\/\/api.w.org\/{rel}","templated":true}]}}