{"id":35791,"date":"2026-04-30T11:49:58","date_gmt":"2026-04-30T14:49:58","guid":{"rendered":"https:\/\/rotario.com.br\/site\/?p=35791"},"modified":"2026-04-30T11:50:05","modified_gmt":"2026-04-30T14:50:05","slug":"cabo-frio-avanca-com-poda-preventiva-e-reforca-arborizacao-em-areas-publicas","status":"publish","type":"post","link":"https:\/\/rotario.com.br\/site\/cabo-frio-avanca-com-poda-preventiva-e-reforca-arborizacao-em-areas-publicas\/","title":{"rendered":"Cabo Frio avan\u00e7a com poda preventiva e refor\u00e7a arboriza\u00e7\u00e3o em \u00e1reas p\u00fablicas"},"content":{"rendered":"\n<p>A Prefeitura de Cabo Frio segue ampliando as a\u00e7\u00f5es de conserva\u00e7\u00e3o dos espa\u00e7os p\u00fablicos, com foco na recupera\u00e7\u00e3o ambiental e na seguran\u00e7a de quem circula pela cidade. Por meio da Secretaria de Meio Ambiente, Clima e Saneamento, est\u00e3o sendo executados servi\u00e7os de poda preventiva, arboriza\u00e7\u00e3o e plantio de mudas em \u00e1reas de relev\u00e2ncia hist\u00f3rica e tur\u00edstica.<\/p>\n\n\n\n<p>Nos \u00faltimos dias, as equipes concentraram os trabalhos na Orla das Palmeiras e no Canto do Forte, que passaram a integrar o cronograma de interven\u00e7\u00f5es. Os servi\u00e7os s\u00e3o conduzidos pela chamada equipe verde da secretaria, respons\u00e1vel pela manuten\u00e7\u00e3o do arborizado urbano.<\/p>\n\n\n\n<p>Na Orla das Palmeiras, as a\u00e7\u00f5es incluem a poda ao longo de toda a extens\u00e3o, al\u00e9m do replantio de mudas e da instala\u00e7\u00e3o de mour\u00f5es \u2014 estruturas utilizadas para delimitar \u00e1reas e coibir o acesso irregular de ve\u00edculos. J\u00e1 no Canto do Forte, o foco est\u00e1 na poda preventiva e no plantio de 18 mudas frut\u00edferas, com esp\u00e9cies como amora, pitanga, caju e jabuticaba.<\/p>\n\n\n\n<p>A manuten\u00e7\u00e3o integra um calend\u00e1rio cont\u00ednuo de servi\u00e7os urbanos, realizado em parceria com a Companhia de Servi\u00e7os P\u00fablicos de Cabo Frio, respons\u00e1vel pelo recolhimento e destina\u00e7\u00e3o adequada dos res\u00edduos gerados durante as podas, garantindo a limpeza dos locais atendidos.<\/p>\n\n\n\n<p>Al\u00e9m dos pontos tur\u00edsticos, vias importantes da cidade tamb\u00e9m foram contempladas nas \u00faltimas semanas. Entre elas, a Avenida Henrique Terra, no bairro Palmeiras, e a Avenida Excelsior, no Jardim Excelsior, onde mais de 60 \u00e1rvores receberam manuten\u00e7\u00e3o ao longo de toda a via.<\/p>\n\n\n\n<p>Embora as a\u00e7\u00f5es fa\u00e7am parte de um planejamento regular, a popula\u00e7\u00e3o tamb\u00e9m pode solicitar servi\u00e7os de poda ou retirada de \u00e1rvores. Os pedidos podem ser feitos pelo telefone (22) 3199-1313, pelo e-mail <a href=\"mailto:arborizacaocf2026@gmail.com\"><strong>arborizacaocf2026@gmail.com<\/strong><\/a><\/p>\n\n\n\n<p>ou presencialmente na sede da secretaria, localizada na Rua Jos\u00e9 Bonif\u00e1cio, 28, no Centro.&nbsp;&nbsp;&nbsp;&nbsp;&nbsp;<\/p>\n","protected":false},"excerpt":{"rendered":"<p>A Prefeitura de Cabo Frio segue ampliando as a\u00e7\u00f5es de conserva\u00e7\u00e3o dos espa\u00e7os p\u00fablicos, com foco na recupera\u00e7\u00e3o ambiental e na seguran\u00e7a de quem circula pela cidade. Por meio da Secretaria de Meio Ambiente, Clima e Saneamento, est\u00e3o sendo executados servi\u00e7os de poda preventiva, arboriza\u00e7\u00e3o e plantio de mudas em \u00e1reas de relev\u00e2ncia hist\u00f3rica e [&hellip;]<\/p>\n","protected":false},"author":2,"featured_media":35792,"comment_status":"open","ping_status":"closed","sticky":false,"template":"","format":"standard","meta":{"footnotes":""},"categories":[31],"tags":[],"class_list":["post-35791","post","type-post","status-publish","format-standard","has-post-thumbnail","hentry","category-cabo-frio"],"yoast_head":"<!-- This site is optimized with the Yoast SEO plugin v26.5 - https:\/\/yoast.com\/wordpress\/plugins\/seo\/ -->\n<title>Cabo Frio avan\u00e7a com poda preventiva e refor\u00e7a arboriza\u00e7\u00e3o em \u00e1reas p\u00fablicas - Rota Rio<\/title>\n<meta name=\"robots\" content=\"index, follow, max-snippet:-1, max-image-preview:large, max-video-preview:-1\" \/>\n<link rel=\"canonical\" href=\"https:\/\/rotario.com.br\/site\/cabo-frio-avanca-com-poda-preventiva-e-reforca-arborizacao-em-areas-publicas\/\" \/>\n<meta property=\"og:locale\" content=\"pt_BR\" \/>\n<meta property=\"og:type\" content=\"article\" \/>\n<meta property=\"og:title\" content=\"Cabo Frio avan\u00e7a com poda preventiva e refor\u00e7a arboriza\u00e7\u00e3o em \u00e1reas p\u00fablicas - Rota Rio\" \/>\n<meta property=\"og:description\" content=\"A Prefeitura de Cabo Frio segue ampliando as a\u00e7\u00f5es de conserva\u00e7\u00e3o dos espa\u00e7os p\u00fablicos, com foco na recupera\u00e7\u00e3o ambiental e na seguran\u00e7a de quem circula pela cidade. Por meio da Secretaria de Meio Ambiente, Clima e Saneamento, est\u00e3o sendo executados servi\u00e7os de poda preventiva, arboriza\u00e7\u00e3o e plantio de mudas em \u00e1reas de relev\u00e2ncia hist\u00f3rica e [&hellip;]\" \/>\n<meta property=\"og:url\" content=\"https:\/\/rotario.com.br\/site\/cabo-frio-avanca-com-poda-preventiva-e-reforca-arborizacao-em-areas-publicas\/\" \/>\n<meta property=\"og:site_name\" content=\"Rota Rio\" \/>\n<meta property=\"article:published_time\" content=\"2026-04-30T14:49:58+00:00\" \/>\n<meta property=\"article:modified_time\" content=\"2026-04-30T14:50:05+00:00\" \/>\n<meta property=\"og:image\" content=\"https:\/\/rotario.com.br\/site\/wp-content\/uploads\/2026\/04\/WhatsApp-Image-2026-04-30-at-11.34.42.jpeg\" \/>\n\t<meta property=\"og:image:width\" content=\"630\" \/>\n\t<meta property=\"og:image:height\" content=\"572\" \/>\n\t<meta property=\"og:image:type\" content=\"image\/jpeg\" \/>\n<meta name=\"author\" content=\"Galv\u00e3o\" \/>\n<meta name=\"twitter:card\" content=\"summary_large_image\" \/>\n<meta name=\"twitter:label1\" content=\"Escrito por\" \/>\n\t<meta name=\"twitter:data1\" content=\"Galv\u00e3o\" \/>\n\t<meta name=\"twitter:label2\" content=\"Est. tempo de leitura\" \/>\n\t<meta name=\"twitter:data2\" content=\"2 minutos\" \/>\n<script type=\"application\/ld+json\" class=\"yoast-schema-graph\">{\"@context\":\"https:\/\/schema.org\",\"@graph\":[{\"@type\":\"Article\",\"@id\":\"https:\/\/rotario.com.br\/site\/cabo-frio-avanca-com-poda-preventiva-e-reforca-arborizacao-em-areas-publicas\/#article\",\"isPartOf\":{\"@id\":\"https:\/\/rotario.com.br\/site\/cabo-frio-avanca-com-poda-preventiva-e-reforca-arborizacao-em-areas-publicas\/\"},\"author\":{\"name\":\"Galv\u00e3o\",\"@id\":\"https:\/\/rotario.com.br\/site\/#\/schema\/person\/fd89bbbf4136f7e8a21e0dd67b8a66c7\"},\"headline\":\"Cabo Frio avan\u00e7a com poda preventiva e refor\u00e7a arboriza\u00e7\u00e3o em \u00e1reas p\u00fablicas\",\"datePublished\":\"2026-04-30T14:49:58+00:00\",\"dateModified\":\"2026-04-30T14:50:05+00:00\",\"mainEntityOfPage\":{\"@id\":\"https:\/\/rotario.com.br\/site\/cabo-frio-avanca-com-poda-preventiva-e-reforca-arborizacao-em-areas-publicas\/\"},\"wordCount\":352,\"commentCount\":0,\"publisher\":{\"@id\":\"https:\/\/rotario.com.br\/site\/#organization\"},\"image\":{\"@id\":\"https:\/\/rotario.com.br\/site\/cabo-frio-avanca-com-poda-preventiva-e-reforca-arborizacao-em-areas-publicas\/#primaryimage\"},\"thumbnailUrl\":\"https:\/\/rotario.com.br\/site\/wp-content\/uploads\/2026\/04\/WhatsApp-Image-2026-04-30-at-11.34.42.jpeg\",\"articleSection\":[\"Cabo Frio\"],\"inLanguage\":\"pt-BR\",\"potentialAction\":[{\"@type\":\"CommentAction\",\"name\":\"Comment\",\"target\":[\"https:\/\/rotario.com.br\/site\/cabo-frio-avanca-com-poda-preventiva-e-reforca-arborizacao-em-areas-publicas\/#respond\"]}]},{\"@type\":\"WebPage\",\"@id\":\"https:\/\/rotario.com.br\/site\/cabo-frio-avanca-com-poda-preventiva-e-reforca-arborizacao-em-areas-publicas\/\",\"url\":\"https:\/\/rotario.com.br\/site\/cabo-frio-avanca-com-poda-preventiva-e-reforca-arborizacao-em-areas-publicas\/\",\"name\":\"Cabo Frio avan\u00e7a com poda preventiva e refor\u00e7a arboriza\u00e7\u00e3o em \u00e1reas p\u00fablicas - Rota Rio\",\"isPartOf\":{\"@id\":\"https:\/\/rotario.com.br\/site\/#website\"},\"primaryImageOfPage\":{\"@id\":\"https:\/\/rotario.com.br\/site\/cabo-frio-avanca-com-poda-preventiva-e-reforca-arborizacao-em-areas-publicas\/#primaryimage\"},\"image\":{\"@id\":\"https:\/\/rotario.com.br\/site\/cabo-frio-avanca-com-poda-preventiva-e-reforca-arborizacao-em-areas-publicas\/#primaryimage\"},\"thumbnailUrl\":\"https:\/\/rotario.com.br\/site\/wp-content\/uploads\/2026\/04\/WhatsApp-Image-2026-04-30-at-11.34.42.jpeg\",\"datePublished\":\"2026-04-30T14:49:58+00:00\",\"dateModified\":\"2026-04-30T14:50:05+00:00\",\"breadcrumb\":{\"@id\":\"https:\/\/rotario.com.br\/site\/cabo-frio-avanca-com-poda-preventiva-e-reforca-arborizacao-em-areas-publicas\/#breadcrumb\"},\"inLanguage\":\"pt-BR\",\"potentialAction\":[{\"@type\":\"ReadAction\",\"target\":[\"https:\/\/rotario.com.br\/site\/cabo-frio-avanca-com-poda-preventiva-e-reforca-arborizacao-em-areas-publicas\/\"]}]},{\"@type\":\"ImageObject\",\"inLanguage\":\"pt-BR\",\"@id\":\"https:\/\/rotario.com.br\/site\/cabo-frio-avanca-com-poda-preventiva-e-reforca-arborizacao-em-areas-publicas\/#primaryimage\",\"url\":\"https:\/\/rotario.com.br\/site\/wp-content\/uploads\/2026\/04\/WhatsApp-Image-2026-04-30-at-11.34.42.jpeg\",\"contentUrl\":\"https:\/\/rotario.com.br\/site\/wp-content\/uploads\/2026\/04\/WhatsApp-Image-2026-04-30-at-11.34.42.jpeg\",\"width\":630,\"height\":572},{\"@type\":\"BreadcrumbList\",\"@id\":\"https:\/\/rotario.com.br\/site\/cabo-frio-avanca-com-poda-preventiva-e-reforca-arborizacao-em-areas-publicas\/#breadcrumb\",\"itemListElement\":[{\"@type\":\"ListItem\",\"position\":1,\"name\":\"In\u00edcio\",\"item\":\"https:\/\/rotario.com.br\/site\/\"},{\"@type\":\"ListItem\",\"position\":2,\"name\":\"Cabo Frio avan\u00e7a com poda preventiva e refor\u00e7a arboriza\u00e7\u00e3o em \u00e1reas p\u00fablicas\"}]},{\"@type\":\"WebSite\",\"@id\":\"https:\/\/rotario.com.br\/site\/#website\",\"url\":\"https:\/\/rotario.com.br\/site\/\",\"name\":\"Rota Rio\",\"description\":\"Aqui, o Rio de Janeiro \u00e9 a pauta!\",\"publisher\":{\"@id\":\"https:\/\/rotario.com.br\/site\/#organization\"},\"potentialAction\":[{\"@type\":\"SearchAction\",\"target\":{\"@type\":\"EntryPoint\",\"urlTemplate\":\"https:\/\/rotario.com.br\/site\/?s={search_term_string}\"},\"query-input\":{\"@type\":\"PropertyValueSpecification\",\"valueRequired\":true,\"valueName\":\"search_term_string\"}}],\"inLanguage\":\"pt-BR\"},{\"@type\":\"Organization\",\"@id\":\"https:\/\/rotario.com.br\/site\/#organization\",\"name\":\"Rota Rio\",\"url\":\"https:\/\/rotario.com.br\/site\/\",\"logo\":{\"@type\":\"ImageObject\",\"inLanguage\":\"pt-BR\",\"@id\":\"https:\/\/rotario.com.br\/site\/#\/schema\/logo\/image\/\",\"url\":\"https:\/\/rotario.com.br\/site\/wp-content\/uploads\/2022\/04\/cropped-ROTARIO-LOGO-Prancheta-1-1-2048x654-1.png\",\"contentUrl\":\"https:\/\/rotario.com.br\/site\/wp-content\/uploads\/2022\/04\/cropped-ROTARIO-LOGO-Prancheta-1-1-2048x654-1.png\",\"width\":2048,\"height\":654,\"caption\":\"Rota Rio\"},\"image\":{\"@id\":\"https:\/\/rotario.com.br\/site\/#\/schema\/logo\/image\/\"}},{\"@type\":\"Person\",\"@id\":\"https:\/\/rotario.com.br\/site\/#\/schema\/person\/fd89bbbf4136f7e8a21e0dd67b8a66c7\",\"name\":\"Galv\u00e3o\",\"url\":\"https:\/\/rotario.com.br\/site\/author\/daniel\/\"}]}<\/script>\n<!-- \/ Yoast SEO plugin. -->","yoast_head_json":{"title":"Cabo Frio avan\u00e7a com poda preventiva e refor\u00e7a arboriza\u00e7\u00e3o em \u00e1reas p\u00fablicas - Rota Rio","robots":{"index":"index","follow":"follow","max-snippet":"max-snippet:-1","max-image-preview":"max-image-preview:large","max-video-preview":"max-video-preview:-1"},"canonical":"https:\/\/rotario.com.br\/site\/cabo-frio-avanca-com-poda-preventiva-e-reforca-arborizacao-em-areas-publicas\/","og_locale":"pt_BR","og_type":"article","og_title":"Cabo Frio avan\u00e7a com poda preventiva e refor\u00e7a arboriza\u00e7\u00e3o em \u00e1reas p\u00fablicas - Rota Rio","og_description":"A Prefeitura de Cabo Frio segue ampliando as a\u00e7\u00f5es de conserva\u00e7\u00e3o dos espa\u00e7os p\u00fablicos, com foco na recupera\u00e7\u00e3o ambiental e na seguran\u00e7a de quem circula pela cidade. Por meio da Secretaria de Meio Ambiente, Clima e Saneamento, est\u00e3o sendo executados servi\u00e7os de poda preventiva, arboriza\u00e7\u00e3o e plantio de mudas em \u00e1reas de relev\u00e2ncia hist\u00f3rica e [&hellip;]","og_url":"https:\/\/rotario.com.br\/site\/cabo-frio-avanca-com-poda-preventiva-e-reforca-arborizacao-em-areas-publicas\/","og_site_name":"Rota Rio","article_published_time":"2026-04-30T14:49:58+00:00","article_modified_time":"2026-04-30T14:50:05+00:00","og_image":[{"width":630,"height":572,"url":"https:\/\/rotario.com.br\/site\/wp-content\/uploads\/2026\/04\/WhatsApp-Image-2026-04-30-at-11.34.42.jpeg","type":"image\/jpeg"}],"author":"Galv\u00e3o","twitter_card":"summary_large_image","twitter_misc":{"Escrito por":"Galv\u00e3o","Est. tempo de leitura":"2 minutos"},"schema":{"@context":"https:\/\/schema.org","@graph":[{"@type":"Article","@id":"https:\/\/rotario.com.br\/site\/cabo-frio-avanca-com-poda-preventiva-e-reforca-arborizacao-em-areas-publicas\/#article","isPartOf":{"@id":"https:\/\/rotario.com.br\/site\/cabo-frio-avanca-com-poda-preventiva-e-reforca-arborizacao-em-areas-publicas\/"},"author":{"name":"Galv\u00e3o","@id":"https:\/\/rotario.com.br\/site\/#\/schema\/person\/fd89bbbf4136f7e8a21e0dd67b8a66c7"},"headline":"Cabo Frio avan\u00e7a com poda preventiva e refor\u00e7a arboriza\u00e7\u00e3o em \u00e1reas p\u00fablicas","datePublished":"2026-04-30T14:49:58+00:00","dateModified":"2026-04-30T14:50:05+00:00","mainEntityOfPage":{"@id":"https:\/\/rotario.com.br\/site\/cabo-frio-avanca-com-poda-preventiva-e-reforca-arborizacao-em-areas-publicas\/"},"wordCount":352,"commentCount":0,"publisher":{"@id":"https:\/\/rotario.com.br\/site\/#organization"},"image":{"@id":"https:\/\/rotario.com.br\/site\/cabo-frio-avanca-com-poda-preventiva-e-reforca-arborizacao-em-areas-publicas\/#primaryimage"},"thumbnailUrl":"https:\/\/rotario.com.br\/site\/wp-content\/uploads\/2026\/04\/WhatsApp-Image-2026-04-30-at-11.34.42.jpeg","articleSection":["Cabo Frio"],"inLanguage":"pt-BR","potentialAction":[{"@type":"CommentAction","name":"Comment","target":["https:\/\/rotario.com.br\/site\/cabo-frio-avanca-com-poda-preventiva-e-reforca-arborizacao-em-areas-publicas\/#respond"]}]},{"@type":"WebPage","@id":"https:\/\/rotario.com.br\/site\/cabo-frio-avanca-com-poda-preventiva-e-reforca-arborizacao-em-areas-publicas\/","url":"https:\/\/rotario.com.br\/site\/cabo-frio-avanca-com-poda-preventiva-e-reforca-arborizacao-em-areas-publicas\/","name":"Cabo Frio avan\u00e7a com poda preventiva e refor\u00e7a arboriza\u00e7\u00e3o em \u00e1reas p\u00fablicas - Rota Rio","isPartOf":{"@id":"https:\/\/rotario.com.br\/site\/#website"},"primaryImageOfPage":{"@id":"https:\/\/rotario.com.br\/site\/cabo-frio-avanca-com-poda-preventiva-e-reforca-arborizacao-em-areas-publicas\/#primaryimage"},"image":{"@id":"https:\/\/rotario.com.br\/site\/cabo-frio-avanca-com-poda-preventiva-e-reforca-arborizacao-em-areas-publicas\/#primaryimage"},"thumbnailUrl":"https:\/\/rotario.com.br\/site\/wp-content\/uploads\/2026\/04\/WhatsApp-Image-2026-04-30-at-11.34.42.jpeg","datePublished":"2026-04-30T14:49:58+00:00","dateModified":"2026-04-30T14:50:05+00:00","breadcrumb":{"@id":"https:\/\/rotario.com.br\/site\/cabo-frio-avanca-com-poda-preventiva-e-reforca-arborizacao-em-areas-publicas\/#breadcrumb"},"inLanguage":"pt-BR","potentialAction":[{"@type":"ReadAction","target":["https:\/\/rotario.com.br\/site\/cabo-frio-avanca-com-poda-preventiva-e-reforca-arborizacao-em-areas-publicas\/"]}]},{"@type":"ImageObject","inLanguage":"pt-BR","@id":"https:\/\/rotario.com.br\/site\/cabo-frio-avanca-com-poda-preventiva-e-reforca-arborizacao-em-areas-publicas\/#primaryimage","url":"https:\/\/rotario.com.br\/site\/wp-content\/uploads\/2026\/04\/WhatsApp-Image-2026-04-30-at-11.34.42.jpeg","contentUrl":"https:\/\/rotario.com.br\/site\/wp-content\/uploads\/2026\/04\/WhatsApp-Image-2026-04-30-at-11.34.42.jpeg","width":630,"height":572},{"@type":"BreadcrumbList","@id":"https:\/\/rotario.com.br\/site\/cabo-frio-avanca-com-poda-preventiva-e-reforca-arborizacao-em-areas-publicas\/#breadcrumb","itemListElement":[{"@type":"ListItem","position":1,"name":"In\u00edcio","item":"https:\/\/rotario.com.br\/site\/"},{"@type":"ListItem","position":2,"name":"Cabo Frio avan\u00e7a com poda preventiva e refor\u00e7a arboriza\u00e7\u00e3o em \u00e1reas p\u00fablicas"}]},{"@type":"WebSite","@id":"https:\/\/rotario.com.br\/site\/#website","url":"https:\/\/rotario.com.br\/site\/","name":"Rota Rio","description":"Aqui, o Rio de Janeiro \u00e9 a pauta!","publisher":{"@id":"https:\/\/rotario.com.br\/site\/#organization"},"potentialAction":[{"@type":"SearchAction","target":{"@type":"EntryPoint","urlTemplate":"https:\/\/rotario.com.br\/site\/?s={search_term_string}"},"query-input":{"@type":"PropertyValueSpecification","valueRequired":true,"valueName":"search_term_string"}}],"inLanguage":"pt-BR"},{"@type":"Organization","@id":"https:\/\/rotario.com.br\/site\/#organization","name":"Rota Rio","url":"https:\/\/rotario.com.br\/site\/","logo":{"@type":"ImageObject","inLanguage":"pt-BR","@id":"https:\/\/rotario.com.br\/site\/#\/schema\/logo\/image\/","url":"https:\/\/rotario.com.br\/site\/wp-content\/uploads\/2022\/04\/cropped-ROTARIO-LOGO-Prancheta-1-1-2048x654-1.png","contentUrl":"https:\/\/rotario.com.br\/site\/wp-content\/uploads\/2022\/04\/cropped-ROTARIO-LOGO-Prancheta-1-1-2048x654-1.png","width":2048,"height":654,"caption":"Rota Rio"},"image":{"@id":"https:\/\/rotario.com.br\/site\/#\/schema\/logo\/image\/"}},{"@type":"Person","@id":"https:\/\/rotario.com.br\/site\/#\/schema\/person\/fd89bbbf4136f7e8a21e0dd67b8a66c7","name":"Galv\u00e3o","url":"https:\/\/rotario.com.br\/site\/author\/daniel\/"}]}},"_links":{"self":[{"href":"https:\/\/rotario.com.br\/site\/wp-json\/wp\/v2\/posts\/35791","targetHints":{"allow":["GET"]}}],"collection":[{"href":"https:\/\/rotario.com.br\/site\/wp-json\/wp\/v2\/posts"}],"about":[{"href":"https:\/\/rotario.com.br\/site\/wp-json\/wp\/v2\/types\/post"}],"author":[{"embeddable":true,"href":"https:\/\/rotario.com.br\/site\/wp-json\/wp\/v2\/users\/2"}],"replies":[{"embeddable":true,"href":"https:\/\/rotario.com.br\/site\/wp-json\/wp\/v2\/comments?post=35791"}],"version-history":[{"count":1,"href":"https:\/\/rotario.com.br\/site\/wp-json\/wp\/v2\/posts\/35791\/revisions"}],"predecessor-version":[{"id":35793,"href":"https:\/\/rotario.com.br\/site\/wp-json\/wp\/v2\/posts\/35791\/revisions\/35793"}],"wp:featuredmedia":[{"embeddable":true,"href":"https:\/\/rotario.com.br\/site\/wp-json\/wp\/v2\/media\/35792"}],"wp:attachment":[{"href":"https:\/\/rotario.com.br\/site\/wp-json\/wp\/v2\/media?parent=35791"}],"wp:term":[{"taxonomy":"category","embeddable":true,"href":"https:\/\/rotario.com.br\/site\/wp-json\/wp\/v2\/categories?post=35791"},{"taxonomy":"post_tag","embeddable":true,"href":"https:\/\/rotario.com.br\/site\/wp-json\/wp\/v2\/tags?post=35791"}],"curies":[{"name":"wp","href":"https:\/\/api.w.org\/{rel}","templated":true}]}}