{"id":35797,"date":"2026-04-30T14:00:10","date_gmt":"2026-04-30T17:00:10","guid":{"rendered":"https:\/\/rotario.com.br\/site\/?p=35797"},"modified":"2026-04-30T14:07:17","modified_gmt":"2026-04-30T17:07:17","slug":"rio-das-ostras-recebe-shows-gratuitos-a-partir-dessa-sexta-1o-de-maio-na-cavalgada-do-trabalhador1","status":"publish","type":"post","link":"https:\/\/rotario.com.br\/site\/rio-das-ostras-recebe-shows-gratuitos-a-partir-dessa-sexta-1o-de-maio-na-cavalgada-do-trabalhador1\/","title":{"rendered":"Rio das Ostras recebe shows gratuitos a partir dessa sexta, 1\u00ba de maio, na Cavalgada do Trabalhador"},"content":{"rendered":"\n<p>A tradicional Cavalgada do Trabalhador acontece em Rio das Ostras, nessa sexta-feira, 1\u00ba de maio, feriado do Dia do Trabalhador, em uma programa\u00e7\u00e3o que contar\u00e1 com diversos shows musicais gratuitos para a popula\u00e7\u00e3o.<\/p>\n\n\n\n<p>Com concentra\u00e7\u00e3o marcada para \u00e0s 12h, na \u00e1rea em frente ao Condom\u00ednio do Minha Casa, Minha Vida, no \u00c2ncora, a cavalgada ter\u00e1 como destino o S\u00edtio do Jamil, em Cantagalo, na \u00e1rea rural da cidade.<\/p>\n\n\n\n<p>A festa ter\u00e1 a participa\u00e7\u00e3o dos locutores Casimiro Jos\u00e9 e Leandro Barreto, al\u00e9m dos shows da Banda Catuka\u00ed, os Piratas, Turma do Forr\u00f3, Pegada Bruta, Gleison Santos e Humberto Silva, e Marcelo Drumond, al\u00e9m dos DJs Gilmar, VN e Coyote.<\/p>\n\n\n\n<p>Grande atra\u00e7\u00e3o da noite, a cantora Erika Carvalho sobe ao palco a partir das 21h, trazendo um show com um repert\u00f3rio de grandes sucessos de Mar\u00edlia Mendon\u00e7a, e de outros nomes importantes da m\u00fasica sertaneja.<\/p>\n\n\n\n<p>A programa\u00e7\u00e3o continua nesse s\u00e1bado, 2, no S\u00edtio do Jamil, com shows de Mineirinho, Ma\u00edza Lima, Alex Maia, Nenel do Forr\u00f3, e Bruno Santos, e entrada mediante a doa\u00e7\u00e3o de 1 quilo (kg) de alimento n\u00e3o perec\u00edvel.<\/p>\n\n\n\n<p>Parte do calend\u00e1rio de eventos do munic\u00edpio, a Cavalgada do Trabalhador \u00e9 uma realiza\u00e7\u00e3o de Thiago Anzol e Restaurante do Jamil, com o apoio da Brutos, Traiados Moda Country, Internet Ginga link, R\u00e1dio 101 FM, Nathana Gomes, Davi Show Tintas e Nei do Frei.<\/p>\n\n\n\n<p>O evento conta ainda com apoio do Governo do Estado do Rio, por meio da Secretaria Estadual de Cultura e Economia Criativa, e da Funda\u00e7\u00e3o de Artes do Estado do Rio de Janeiro (Funarj), al\u00e9m da Prefeitura de Rio das Ostras, Funda\u00e7\u00e3o Rio das Ostras de Cultura (Froc) e C\u00e2mara Municipal, por meio de emenda impositiva.<\/p>\n","protected":false},"excerpt":{"rendered":"<p>A tradicional Cavalgada do Trabalhador acontece em Rio das Ostras, nessa sexta-feira, 1\u00ba de maio, feriado do Dia do Trabalhador, em uma programa\u00e7\u00e3o que contar\u00e1 com diversos shows musicais gratuitos para a popula\u00e7\u00e3o. Com concentra\u00e7\u00e3o marcada para \u00e0s 12h, na \u00e1rea em frente ao Condom\u00ednio do Minha Casa, Minha Vida, no \u00c2ncora, a cavalgada ter\u00e1 [&hellip;]<\/p>\n","protected":false},"author":2,"featured_media":35802,"comment_status":"open","ping_status":"closed","sticky":false,"template":"","format":"standard","meta":{"footnotes":""},"categories":[32],"tags":[],"class_list":["post-35797","post","type-post","status-publish","format-standard","has-post-thumbnail","hentry","category-rio-das-ostras"],"yoast_head":"<!-- This site is optimized with the Yoast SEO plugin v26.5 - https:\/\/yoast.com\/wordpress\/plugins\/seo\/ -->\n<title>Rio das Ostras recebe shows gratuitos a partir dessa sexta, 1\u00ba de maio, na Cavalgada do Trabalhador - Rota Rio<\/title>\n<meta name=\"robots\" content=\"index, follow, max-snippet:-1, max-image-preview:large, max-video-preview:-1\" \/>\n<link rel=\"canonical\" href=\"https:\/\/rotario.com.br\/site\/rio-das-ostras-recebe-shows-gratuitos-a-partir-dessa-sexta-1o-de-maio-na-cavalgada-do-trabalhador1\/\" \/>\n<meta property=\"og:locale\" content=\"pt_BR\" \/>\n<meta property=\"og:type\" content=\"article\" \/>\n<meta property=\"og:title\" content=\"Rio das Ostras recebe shows gratuitos a partir dessa sexta, 1\u00ba de maio, na Cavalgada do Trabalhador - Rota Rio\" \/>\n<meta property=\"og:description\" content=\"A tradicional Cavalgada do Trabalhador acontece em Rio das Ostras, nessa sexta-feira, 1\u00ba de maio, feriado do Dia do Trabalhador, em uma programa\u00e7\u00e3o que contar\u00e1 com diversos shows musicais gratuitos para a popula\u00e7\u00e3o. Com concentra\u00e7\u00e3o marcada para \u00e0s 12h, na \u00e1rea em frente ao Condom\u00ednio do Minha Casa, Minha Vida, no \u00c2ncora, a cavalgada ter\u00e1 [&hellip;]\" \/>\n<meta property=\"og:url\" content=\"https:\/\/rotario.com.br\/site\/rio-das-ostras-recebe-shows-gratuitos-a-partir-dessa-sexta-1o-de-maio-na-cavalgada-do-trabalhador1\/\" \/>\n<meta property=\"og:site_name\" content=\"Rota Rio\" \/>\n<meta property=\"article:published_time\" content=\"2026-04-30T17:00:10+00:00\" \/>\n<meta property=\"article:modified_time\" content=\"2026-04-30T17:07:17+00:00\" \/>\n<meta property=\"og:image\" content=\"https:\/\/rotario.com.br\/site\/wp-content\/uploads\/2026\/04\/WhatsApp-Image-2026-04-30-at-12.27.31-1.jpeg\" \/>\n\t<meta property=\"og:image:width\" content=\"800\" \/>\n\t<meta property=\"og:image:height\" content=\"600\" \/>\n\t<meta property=\"og:image:type\" content=\"image\/jpeg\" \/>\n<meta name=\"author\" content=\"Galv\u00e3o\" \/>\n<meta name=\"twitter:card\" content=\"summary_large_image\" \/>\n<meta name=\"twitter:label1\" content=\"Escrito por\" \/>\n\t<meta name=\"twitter:data1\" content=\"Galv\u00e3o\" \/>\n\t<meta name=\"twitter:label2\" content=\"Est. tempo de leitura\" \/>\n\t<meta name=\"twitter:data2\" content=\"2 minutos\" \/>\n<script type=\"application\/ld+json\" class=\"yoast-schema-graph\">{\"@context\":\"https:\/\/schema.org\",\"@graph\":[{\"@type\":\"Article\",\"@id\":\"https:\/\/rotario.com.br\/site\/rio-das-ostras-recebe-shows-gratuitos-a-partir-dessa-sexta-1o-de-maio-na-cavalgada-do-trabalhador1\/#article\",\"isPartOf\":{\"@id\":\"https:\/\/rotario.com.br\/site\/rio-das-ostras-recebe-shows-gratuitos-a-partir-dessa-sexta-1o-de-maio-na-cavalgada-do-trabalhador1\/\"},\"author\":{\"name\":\"Galv\u00e3o\",\"@id\":\"https:\/\/rotario.com.br\/site\/#\/schema\/person\/fd89bbbf4136f7e8a21e0dd67b8a66c7\"},\"headline\":\"Rio das Ostras recebe shows gratuitos a partir dessa sexta, 1\u00ba de maio, na Cavalgada do Trabalhador\",\"datePublished\":\"2026-04-30T17:00:10+00:00\",\"dateModified\":\"2026-04-30T17:07:17+00:00\",\"mainEntityOfPage\":{\"@id\":\"https:\/\/rotario.com.br\/site\/rio-das-ostras-recebe-shows-gratuitos-a-partir-dessa-sexta-1o-de-maio-na-cavalgada-do-trabalhador1\/\"},\"wordCount\":319,\"commentCount\":0,\"publisher\":{\"@id\":\"https:\/\/rotario.com.br\/site\/#organization\"},\"image\":{\"@id\":\"https:\/\/rotario.com.br\/site\/rio-das-ostras-recebe-shows-gratuitos-a-partir-dessa-sexta-1o-de-maio-na-cavalgada-do-trabalhador1\/#primaryimage\"},\"thumbnailUrl\":\"https:\/\/rotario.com.br\/site\/wp-content\/uploads\/2026\/04\/WhatsApp-Image-2026-04-30-at-12.27.31-1.jpeg\",\"articleSection\":[\"Rio das Ostras\"],\"inLanguage\":\"pt-BR\",\"potentialAction\":[{\"@type\":\"CommentAction\",\"name\":\"Comment\",\"target\":[\"https:\/\/rotario.com.br\/site\/rio-das-ostras-recebe-shows-gratuitos-a-partir-dessa-sexta-1o-de-maio-na-cavalgada-do-trabalhador1\/#respond\"]}]},{\"@type\":\"WebPage\",\"@id\":\"https:\/\/rotario.com.br\/site\/rio-das-ostras-recebe-shows-gratuitos-a-partir-dessa-sexta-1o-de-maio-na-cavalgada-do-trabalhador1\/\",\"url\":\"https:\/\/rotario.com.br\/site\/rio-das-ostras-recebe-shows-gratuitos-a-partir-dessa-sexta-1o-de-maio-na-cavalgada-do-trabalhador1\/\",\"name\":\"Rio das Ostras recebe shows gratuitos a partir dessa sexta, 1\u00ba de maio, na Cavalgada do Trabalhador - Rota Rio\",\"isPartOf\":{\"@id\":\"https:\/\/rotario.com.br\/site\/#website\"},\"primaryImageOfPage\":{\"@id\":\"https:\/\/rotario.com.br\/site\/rio-das-ostras-recebe-shows-gratuitos-a-partir-dessa-sexta-1o-de-maio-na-cavalgada-do-trabalhador1\/#primaryimage\"},\"image\":{\"@id\":\"https:\/\/rotario.com.br\/site\/rio-das-ostras-recebe-shows-gratuitos-a-partir-dessa-sexta-1o-de-maio-na-cavalgada-do-trabalhador1\/#primaryimage\"},\"thumbnailUrl\":\"https:\/\/rotario.com.br\/site\/wp-content\/uploads\/2026\/04\/WhatsApp-Image-2026-04-30-at-12.27.31-1.jpeg\",\"datePublished\":\"2026-04-30T17:00:10+00:00\",\"dateModified\":\"2026-04-30T17:07:17+00:00\",\"breadcrumb\":{\"@id\":\"https:\/\/rotario.com.br\/site\/rio-das-ostras-recebe-shows-gratuitos-a-partir-dessa-sexta-1o-de-maio-na-cavalgada-do-trabalhador1\/#breadcrumb\"},\"inLanguage\":\"pt-BR\",\"potentialAction\":[{\"@type\":\"ReadAction\",\"target\":[\"https:\/\/rotario.com.br\/site\/rio-das-ostras-recebe-shows-gratuitos-a-partir-dessa-sexta-1o-de-maio-na-cavalgada-do-trabalhador1\/\"]}]},{\"@type\":\"ImageObject\",\"inLanguage\":\"pt-BR\",\"@id\":\"https:\/\/rotario.com.br\/site\/rio-das-ostras-recebe-shows-gratuitos-a-partir-dessa-sexta-1o-de-maio-na-cavalgada-do-trabalhador1\/#primaryimage\",\"url\":\"https:\/\/rotario.com.br\/site\/wp-content\/uploads\/2026\/04\/WhatsApp-Image-2026-04-30-at-12.27.31-1.jpeg\",\"contentUrl\":\"https:\/\/rotario.com.br\/site\/wp-content\/uploads\/2026\/04\/WhatsApp-Image-2026-04-30-at-12.27.31-1.jpeg\",\"width\":800,\"height\":600},{\"@type\":\"BreadcrumbList\",\"@id\":\"https:\/\/rotario.com.br\/site\/rio-das-ostras-recebe-shows-gratuitos-a-partir-dessa-sexta-1o-de-maio-na-cavalgada-do-trabalhador1\/#breadcrumb\",\"itemListElement\":[{\"@type\":\"ListItem\",\"position\":1,\"name\":\"In\u00edcio\",\"item\":\"https:\/\/rotario.com.br\/site\/\"},{\"@type\":\"ListItem\",\"position\":2,\"name\":\"Rio das Ostras recebe shows gratuitos a partir dessa sexta, 1\u00ba de maio, na Cavalgada do Trabalhador\"}]},{\"@type\":\"WebSite\",\"@id\":\"https:\/\/rotario.com.br\/site\/#website\",\"url\":\"https:\/\/rotario.com.br\/site\/\",\"name\":\"Rota Rio\",\"description\":\"Aqui, o Rio de Janeiro \u00e9 a pauta!\",\"publisher\":{\"@id\":\"https:\/\/rotario.com.br\/site\/#organization\"},\"potentialAction\":[{\"@type\":\"SearchAction\",\"target\":{\"@type\":\"EntryPoint\",\"urlTemplate\":\"https:\/\/rotario.com.br\/site\/?s={search_term_string}\"},\"query-input\":{\"@type\":\"PropertyValueSpecification\",\"valueRequired\":true,\"valueName\":\"search_term_string\"}}],\"inLanguage\":\"pt-BR\"},{\"@type\":\"Organization\",\"@id\":\"https:\/\/rotario.com.br\/site\/#organization\",\"name\":\"Rota Rio\",\"url\":\"https:\/\/rotario.com.br\/site\/\",\"logo\":{\"@type\":\"ImageObject\",\"inLanguage\":\"pt-BR\",\"@id\":\"https:\/\/rotario.com.br\/site\/#\/schema\/logo\/image\/\",\"url\":\"https:\/\/rotario.com.br\/site\/wp-content\/uploads\/2022\/04\/cropped-ROTARIO-LOGO-Prancheta-1-1-2048x654-1.png\",\"contentUrl\":\"https:\/\/rotario.com.br\/site\/wp-content\/uploads\/2022\/04\/cropped-ROTARIO-LOGO-Prancheta-1-1-2048x654-1.png\",\"width\":2048,\"height\":654,\"caption\":\"Rota Rio\"},\"image\":{\"@id\":\"https:\/\/rotario.com.br\/site\/#\/schema\/logo\/image\/\"}},{\"@type\":\"Person\",\"@id\":\"https:\/\/rotario.com.br\/site\/#\/schema\/person\/fd89bbbf4136f7e8a21e0dd67b8a66c7\",\"name\":\"Galv\u00e3o\",\"url\":\"https:\/\/rotario.com.br\/site\/author\/daniel\/\"}]}<\/script>\n<!-- \/ Yoast SEO plugin. -->","yoast_head_json":{"title":"Rio das Ostras recebe shows gratuitos a partir dessa sexta, 1\u00ba de maio, na Cavalgada do Trabalhador - Rota Rio","robots":{"index":"index","follow":"follow","max-snippet":"max-snippet:-1","max-image-preview":"max-image-preview:large","max-video-preview":"max-video-preview:-1"},"canonical":"https:\/\/rotario.com.br\/site\/rio-das-ostras-recebe-shows-gratuitos-a-partir-dessa-sexta-1o-de-maio-na-cavalgada-do-trabalhador1\/","og_locale":"pt_BR","og_type":"article","og_title":"Rio das Ostras recebe shows gratuitos a partir dessa sexta, 1\u00ba de maio, na Cavalgada do Trabalhador - Rota Rio","og_description":"A tradicional Cavalgada do Trabalhador acontece em Rio das Ostras, nessa sexta-feira, 1\u00ba de maio, feriado do Dia do Trabalhador, em uma programa\u00e7\u00e3o que contar\u00e1 com diversos shows musicais gratuitos para a popula\u00e7\u00e3o. Com concentra\u00e7\u00e3o marcada para \u00e0s 12h, na \u00e1rea em frente ao Condom\u00ednio do Minha Casa, Minha Vida, no \u00c2ncora, a cavalgada ter\u00e1 [&hellip;]","og_url":"https:\/\/rotario.com.br\/site\/rio-das-ostras-recebe-shows-gratuitos-a-partir-dessa-sexta-1o-de-maio-na-cavalgada-do-trabalhador1\/","og_site_name":"Rota Rio","article_published_time":"2026-04-30T17:00:10+00:00","article_modified_time":"2026-04-30T17:07:17+00:00","og_image":[{"width":800,"height":600,"url":"https:\/\/rotario.com.br\/site\/wp-content\/uploads\/2026\/04\/WhatsApp-Image-2026-04-30-at-12.27.31-1.jpeg","type":"image\/jpeg"}],"author":"Galv\u00e3o","twitter_card":"summary_large_image","twitter_misc":{"Escrito por":"Galv\u00e3o","Est. tempo de leitura":"2 minutos"},"schema":{"@context":"https:\/\/schema.org","@graph":[{"@type":"Article","@id":"https:\/\/rotario.com.br\/site\/rio-das-ostras-recebe-shows-gratuitos-a-partir-dessa-sexta-1o-de-maio-na-cavalgada-do-trabalhador1\/#article","isPartOf":{"@id":"https:\/\/rotario.com.br\/site\/rio-das-ostras-recebe-shows-gratuitos-a-partir-dessa-sexta-1o-de-maio-na-cavalgada-do-trabalhador1\/"},"author":{"name":"Galv\u00e3o","@id":"https:\/\/rotario.com.br\/site\/#\/schema\/person\/fd89bbbf4136f7e8a21e0dd67b8a66c7"},"headline":"Rio das Ostras recebe shows gratuitos a partir dessa sexta, 1\u00ba de maio, na Cavalgada do Trabalhador","datePublished":"2026-04-30T17:00:10+00:00","dateModified":"2026-04-30T17:07:17+00:00","mainEntityOfPage":{"@id":"https:\/\/rotario.com.br\/site\/rio-das-ostras-recebe-shows-gratuitos-a-partir-dessa-sexta-1o-de-maio-na-cavalgada-do-trabalhador1\/"},"wordCount":319,"commentCount":0,"publisher":{"@id":"https:\/\/rotario.com.br\/site\/#organization"},"image":{"@id":"https:\/\/rotario.com.br\/site\/rio-das-ostras-recebe-shows-gratuitos-a-partir-dessa-sexta-1o-de-maio-na-cavalgada-do-trabalhador1\/#primaryimage"},"thumbnailUrl":"https:\/\/rotario.com.br\/site\/wp-content\/uploads\/2026\/04\/WhatsApp-Image-2026-04-30-at-12.27.31-1.jpeg","articleSection":["Rio das Ostras"],"inLanguage":"pt-BR","potentialAction":[{"@type":"CommentAction","name":"Comment","target":["https:\/\/rotario.com.br\/site\/rio-das-ostras-recebe-shows-gratuitos-a-partir-dessa-sexta-1o-de-maio-na-cavalgada-do-trabalhador1\/#respond"]}]},{"@type":"WebPage","@id":"https:\/\/rotario.com.br\/site\/rio-das-ostras-recebe-shows-gratuitos-a-partir-dessa-sexta-1o-de-maio-na-cavalgada-do-trabalhador1\/","url":"https:\/\/rotario.com.br\/site\/rio-das-ostras-recebe-shows-gratuitos-a-partir-dessa-sexta-1o-de-maio-na-cavalgada-do-trabalhador1\/","name":"Rio das Ostras recebe shows gratuitos a partir dessa sexta, 1\u00ba de maio, na Cavalgada do Trabalhador - Rota Rio","isPartOf":{"@id":"https:\/\/rotario.com.br\/site\/#website"},"primaryImageOfPage":{"@id":"https:\/\/rotario.com.br\/site\/rio-das-ostras-recebe-shows-gratuitos-a-partir-dessa-sexta-1o-de-maio-na-cavalgada-do-trabalhador1\/#primaryimage"},"image":{"@id":"https:\/\/rotario.com.br\/site\/rio-das-ostras-recebe-shows-gratuitos-a-partir-dessa-sexta-1o-de-maio-na-cavalgada-do-trabalhador1\/#primaryimage"},"thumbnailUrl":"https:\/\/rotario.com.br\/site\/wp-content\/uploads\/2026\/04\/WhatsApp-Image-2026-04-30-at-12.27.31-1.jpeg","datePublished":"2026-04-30T17:00:10+00:00","dateModified":"2026-04-30T17:07:17+00:00","breadcrumb":{"@id":"https:\/\/rotario.com.br\/site\/rio-das-ostras-recebe-shows-gratuitos-a-partir-dessa-sexta-1o-de-maio-na-cavalgada-do-trabalhador1\/#breadcrumb"},"inLanguage":"pt-BR","potentialAction":[{"@type":"ReadAction","target":["https:\/\/rotario.com.br\/site\/rio-das-ostras-recebe-shows-gratuitos-a-partir-dessa-sexta-1o-de-maio-na-cavalgada-do-trabalhador1\/"]}]},{"@type":"ImageObject","inLanguage":"pt-BR","@id":"https:\/\/rotario.com.br\/site\/rio-das-ostras-recebe-shows-gratuitos-a-partir-dessa-sexta-1o-de-maio-na-cavalgada-do-trabalhador1\/#primaryimage","url":"https:\/\/rotario.com.br\/site\/wp-content\/uploads\/2026\/04\/WhatsApp-Image-2026-04-30-at-12.27.31-1.jpeg","contentUrl":"https:\/\/rotario.com.br\/site\/wp-content\/uploads\/2026\/04\/WhatsApp-Image-2026-04-30-at-12.27.31-1.jpeg","width":800,"height":600},{"@type":"BreadcrumbList","@id":"https:\/\/rotario.com.br\/site\/rio-das-ostras-recebe-shows-gratuitos-a-partir-dessa-sexta-1o-de-maio-na-cavalgada-do-trabalhador1\/#breadcrumb","itemListElement":[{"@type":"ListItem","position":1,"name":"In\u00edcio","item":"https:\/\/rotario.com.br\/site\/"},{"@type":"ListItem","position":2,"name":"Rio das Ostras recebe shows gratuitos a partir dessa sexta, 1\u00ba de maio, na Cavalgada do Trabalhador"}]},{"@type":"WebSite","@id":"https:\/\/rotario.com.br\/site\/#website","url":"https:\/\/rotario.com.br\/site\/","name":"Rota Rio","description":"Aqui, o Rio de Janeiro \u00e9 a pauta!","publisher":{"@id":"https:\/\/rotario.com.br\/site\/#organization"},"potentialAction":[{"@type":"SearchAction","target":{"@type":"EntryPoint","urlTemplate":"https:\/\/rotario.com.br\/site\/?s={search_term_string}"},"query-input":{"@type":"PropertyValueSpecification","valueRequired":true,"valueName":"search_term_string"}}],"inLanguage":"pt-BR"},{"@type":"Organization","@id":"https:\/\/rotario.com.br\/site\/#organization","name":"Rota Rio","url":"https:\/\/rotario.com.br\/site\/","logo":{"@type":"ImageObject","inLanguage":"pt-BR","@id":"https:\/\/rotario.com.br\/site\/#\/schema\/logo\/image\/","url":"https:\/\/rotario.com.br\/site\/wp-content\/uploads\/2022\/04\/cropped-ROTARIO-LOGO-Prancheta-1-1-2048x654-1.png","contentUrl":"https:\/\/rotario.com.br\/site\/wp-content\/uploads\/2022\/04\/cropped-ROTARIO-LOGO-Prancheta-1-1-2048x654-1.png","width":2048,"height":654,"caption":"Rota Rio"},"image":{"@id":"https:\/\/rotario.com.br\/site\/#\/schema\/logo\/image\/"}},{"@type":"Person","@id":"https:\/\/rotario.com.br\/site\/#\/schema\/person\/fd89bbbf4136f7e8a21e0dd67b8a66c7","name":"Galv\u00e3o","url":"https:\/\/rotario.com.br\/site\/author\/daniel\/"}]}},"_links":{"self":[{"href":"https:\/\/rotario.com.br\/site\/wp-json\/wp\/v2\/posts\/35797","targetHints":{"allow":["GET"]}}],"collection":[{"href":"https:\/\/rotario.com.br\/site\/wp-json\/wp\/v2\/posts"}],"about":[{"href":"https:\/\/rotario.com.br\/site\/wp-json\/wp\/v2\/types\/post"}],"author":[{"embeddable":true,"href":"https:\/\/rotario.com.br\/site\/wp-json\/wp\/v2\/users\/2"}],"replies":[{"embeddable":true,"href":"https:\/\/rotario.com.br\/site\/wp-json\/wp\/v2\/comments?post=35797"}],"version-history":[{"count":1,"href":"https:\/\/rotario.com.br\/site\/wp-json\/wp\/v2\/posts\/35797\/revisions"}],"predecessor-version":[{"id":35799,"href":"https:\/\/rotario.com.br\/site\/wp-json\/wp\/v2\/posts\/35797\/revisions\/35799"}],"wp:featuredmedia":[{"embeddable":true,"href":"https:\/\/rotario.com.br\/site\/wp-json\/wp\/v2\/media\/35802"}],"wp:attachment":[{"href":"https:\/\/rotario.com.br\/site\/wp-json\/wp\/v2\/media?parent=35797"}],"wp:term":[{"taxonomy":"category","embeddable":true,"href":"https:\/\/rotario.com.br\/site\/wp-json\/wp\/v2\/categories?post=35797"},{"taxonomy":"post_tag","embeddable":true,"href":"https:\/\/rotario.com.br\/site\/wp-json\/wp\/v2\/tags?post=35797"}],"curies":[{"name":"wp","href":"https:\/\/api.w.org\/{rel}","templated":true}]}}