{"id":35803,"date":"2026-04-30T14:12:29","date_gmt":"2026-04-30T17:12:29","guid":{"rendered":"https:\/\/rotario.com.br\/site\/?p=35803"},"modified":"2026-04-30T14:12:37","modified_gmt":"2026-04-30T17:12:37","slug":"vitimas-de-assedio-fazem-novas-denuncias-sobre-acao-de-homem-em-moto-vermelha","status":"publish","type":"post","link":"https:\/\/rotario.com.br\/site\/vitimas-de-assedio-fazem-novas-denuncias-sobre-acao-de-homem-em-moto-vermelha\/","title":{"rendered":"V\u00edtimas de ass\u00e9dio fazem novas den\u00fancias sobre a\u00e7\u00e3o de homem em moto vermelha"},"content":{"rendered":"\n<p>O caso do assediador da moto vermelha, que segue cometendo in\u00fameros crimes de ass\u00e9dio e importuna\u00e7\u00e3o sexual na regi\u00e3o do Maril\u00e9a, em Rio das Ostras, teve novas v\u00edtimas na noite dessa quarta-feira, 29.<\/p>\n\n\n\n<p>Mesmo com a den\u00fancia de uma m\u00e3e chamada Yasmim, que foi v\u00edtima do criminoso quando voltava da Pra\u00e7a do Maril\u00e9a com a filha de 12 anos, que tamb\u00e9m foi v\u00edtima do assediador, na noite dessa ter\u00e7a-feira, 28, os casos voltaram a acontecer.<\/p>\n\n\n\n<p>Em sua conta no Instagram, Yasmim compartilhou outros relatos de ataques, sempre do mesmo homem, cujo \u201cmodus operandi\u201d inclui a aproxima\u00e7\u00e3o sorrateira, utilizando uma moto Honda CG Titan vermelha, antes de assediar as v\u00edtimas e fugir.<\/p>\n\n\n\n<p>\u201cMeninas de R.O. Meninas, tomem muito cuidado! Acabei de ser seguida at\u00e9 em casa enquanto voltava do curso. O homem estava em uma moto vermelha, usando blusa roxa e mochila de entregador. Isso aconteceu no bairro Ch\u00e1cara Maril\u00e9a, na Rua Arist\u00f3teles\u201d, denunciou a usu\u00e1ria @scheffeerr.<\/p>\n\n\n\n<p>Em outro relato, uma nova v\u00edtima, assediada h\u00e1 poucos metros da 128\u00aa Delegacia de Pol\u00edcia Civil (128\u00aa DP), de Rio das Ostras, que tamb\u00e9m foi registrar a ocorr\u00eancia ap\u00f3s ter sido v\u00edtima do crime por duas vezes.<\/p>\n\n\n\n<p>\u201cBoa noite! Hoje (29) minha irm\u00e3 foi assediada pelo homem que est\u00e1 rondando de moto por R.O. Ele passou a m\u00e3o na bunda dela, nisso, ela ficou revoltada. Em seguida, ela foi para uma rua movimentada e na contram\u00e3o, e mesmo assim, ele foi atr\u00e1s e \u2018encontrou ela\u2019 na esquina; nisso, ele passou a m\u00e3o no peito dela de novo. Isso n\u00e3o tem cabimento! Isso no Maril\u00e9a, ela estava voltando do trabalho, entre a Rua Niter\u00f3i e o Bar do Russo. Ela foi \u00e0 delegacia e deu a descri\u00e7\u00e3o dele. As autoridades t\u00eam que fazer alguma coisa. Ela n\u00e3o \u00e9 a 1\u00aa nem ser\u00e1 a \u00faltima. Infelizmente\u201d, desabafou o irm\u00e3o de uma das v\u00edtimas, nos stories.<\/p>\n\n\n\n<p>V\u00eddeos nas redes sociais mostram o criminoso em a\u00e7\u00e3o novamente na noite dessa quarta, primeiro \u00e0s 17h57, quando ele passa a m\u00e3o em uma jovem de bicicleta e persegue outra v\u00edtima pouco depois, e perto das 18h, quando ele persegue uma mo\u00e7a chegando em casa em uma scooter, antes de fugir rapidamente com a moto.<\/p>\n","protected":false},"excerpt":{"rendered":"<p>O caso do assediador da moto vermelha, que segue cometendo in\u00fameros crimes de ass\u00e9dio e importuna\u00e7\u00e3o sexual na regi\u00e3o do Maril\u00e9a, em Rio das Ostras, teve novas v\u00edtimas na noite dessa quarta-feira, 29. Mesmo com a den\u00fancia de uma m\u00e3e chamada Yasmim, que foi v\u00edtima do criminoso quando voltava da Pra\u00e7a do Maril\u00e9a com a [&hellip;]<\/p>\n","protected":false},"author":2,"featured_media":35804,"comment_status":"open","ping_status":"closed","sticky":false,"template":"","format":"standard","meta":{"footnotes":""},"categories":[1160],"tags":[],"class_list":["post-35803","post","type-post","status-publish","format-standard","has-post-thumbnail","hentry","category-policia"],"yoast_head":"<!-- This site is optimized with the Yoast SEO plugin v26.5 - https:\/\/yoast.com\/wordpress\/plugins\/seo\/ -->\n<title>V\u00edtimas de ass\u00e9dio fazem novas den\u00fancias sobre a\u00e7\u00e3o de homem em moto vermelha - Rota Rio<\/title>\n<meta name=\"robots\" content=\"index, follow, max-snippet:-1, max-image-preview:large, max-video-preview:-1\" \/>\n<link rel=\"canonical\" href=\"https:\/\/rotario.com.br\/site\/vitimas-de-assedio-fazem-novas-denuncias-sobre-acao-de-homem-em-moto-vermelha\/\" \/>\n<meta property=\"og:locale\" content=\"pt_BR\" \/>\n<meta property=\"og:type\" content=\"article\" \/>\n<meta property=\"og:title\" content=\"V\u00edtimas de ass\u00e9dio fazem novas den\u00fancias sobre a\u00e7\u00e3o de homem em moto vermelha - Rota Rio\" \/>\n<meta property=\"og:description\" content=\"O caso do assediador da moto vermelha, que segue cometendo in\u00fameros crimes de ass\u00e9dio e importuna\u00e7\u00e3o sexual na regi\u00e3o do Maril\u00e9a, em Rio das Ostras, teve novas v\u00edtimas na noite dessa quarta-feira, 29. Mesmo com a den\u00fancia de uma m\u00e3e chamada Yasmim, que foi v\u00edtima do criminoso quando voltava da Pra\u00e7a do Maril\u00e9a com a [&hellip;]\" \/>\n<meta property=\"og:url\" content=\"https:\/\/rotario.com.br\/site\/vitimas-de-assedio-fazem-novas-denuncias-sobre-acao-de-homem-em-moto-vermelha\/\" \/>\n<meta property=\"og:site_name\" content=\"Rota Rio\" \/>\n<meta property=\"article:published_time\" content=\"2026-04-30T17:12:29+00:00\" \/>\n<meta property=\"article:modified_time\" content=\"2026-04-30T17:12:37+00:00\" \/>\n<meta property=\"og:image\" content=\"https:\/\/rotario.com.br\/site\/wp-content\/uploads\/2026\/04\/WhatsApp-Image-2026-04-30-at-12.37.13.jpeg\" \/>\n\t<meta property=\"og:image:width\" content=\"800\" \/>\n\t<meta property=\"og:image:height\" content=\"600\" \/>\n\t<meta property=\"og:image:type\" content=\"image\/jpeg\" \/>\n<meta name=\"author\" content=\"Galv\u00e3o\" \/>\n<meta name=\"twitter:card\" content=\"summary_large_image\" \/>\n<meta name=\"twitter:label1\" content=\"Escrito por\" \/>\n\t<meta name=\"twitter:data1\" content=\"Galv\u00e3o\" \/>\n\t<meta name=\"twitter:label2\" content=\"Est. tempo de leitura\" \/>\n\t<meta name=\"twitter:data2\" content=\"3 minutos\" \/>\n<script type=\"application\/ld+json\" class=\"yoast-schema-graph\">{\"@context\":\"https:\/\/schema.org\",\"@graph\":[{\"@type\":\"Article\",\"@id\":\"https:\/\/rotario.com.br\/site\/vitimas-de-assedio-fazem-novas-denuncias-sobre-acao-de-homem-em-moto-vermelha\/#article\",\"isPartOf\":{\"@id\":\"https:\/\/rotario.com.br\/site\/vitimas-de-assedio-fazem-novas-denuncias-sobre-acao-de-homem-em-moto-vermelha\/\"},\"author\":{\"name\":\"Galv\u00e3o\",\"@id\":\"https:\/\/rotario.com.br\/site\/#\/schema\/person\/fd89bbbf4136f7e8a21e0dd67b8a66c7\"},\"headline\":\"V\u00edtimas de ass\u00e9dio fazem novas den\u00fancias sobre a\u00e7\u00e3o de homem em moto vermelha\",\"datePublished\":\"2026-04-30T17:12:29+00:00\",\"dateModified\":\"2026-04-30T17:12:37+00:00\",\"mainEntityOfPage\":{\"@id\":\"https:\/\/rotario.com.br\/site\/vitimas-de-assedio-fazem-novas-denuncias-sobre-acao-de-homem-em-moto-vermelha\/\"},\"wordCount\":417,\"commentCount\":0,\"publisher\":{\"@id\":\"https:\/\/rotario.com.br\/site\/#organization\"},\"image\":{\"@id\":\"https:\/\/rotario.com.br\/site\/vitimas-de-assedio-fazem-novas-denuncias-sobre-acao-de-homem-em-moto-vermelha\/#primaryimage\"},\"thumbnailUrl\":\"https:\/\/rotario.com.br\/site\/wp-content\/uploads\/2026\/04\/WhatsApp-Image-2026-04-30-at-12.37.13.jpeg\",\"articleSection\":[\"Pol\u00edcia\"],\"inLanguage\":\"pt-BR\",\"potentialAction\":[{\"@type\":\"CommentAction\",\"name\":\"Comment\",\"target\":[\"https:\/\/rotario.com.br\/site\/vitimas-de-assedio-fazem-novas-denuncias-sobre-acao-de-homem-em-moto-vermelha\/#respond\"]}]},{\"@type\":\"WebPage\",\"@id\":\"https:\/\/rotario.com.br\/site\/vitimas-de-assedio-fazem-novas-denuncias-sobre-acao-de-homem-em-moto-vermelha\/\",\"url\":\"https:\/\/rotario.com.br\/site\/vitimas-de-assedio-fazem-novas-denuncias-sobre-acao-de-homem-em-moto-vermelha\/\",\"name\":\"V\u00edtimas de ass\u00e9dio fazem novas den\u00fancias sobre a\u00e7\u00e3o de homem em moto vermelha - Rota Rio\",\"isPartOf\":{\"@id\":\"https:\/\/rotario.com.br\/site\/#website\"},\"primaryImageOfPage\":{\"@id\":\"https:\/\/rotario.com.br\/site\/vitimas-de-assedio-fazem-novas-denuncias-sobre-acao-de-homem-em-moto-vermelha\/#primaryimage\"},\"image\":{\"@id\":\"https:\/\/rotario.com.br\/site\/vitimas-de-assedio-fazem-novas-denuncias-sobre-acao-de-homem-em-moto-vermelha\/#primaryimage\"},\"thumbnailUrl\":\"https:\/\/rotario.com.br\/site\/wp-content\/uploads\/2026\/04\/WhatsApp-Image-2026-04-30-at-12.37.13.jpeg\",\"datePublished\":\"2026-04-30T17:12:29+00:00\",\"dateModified\":\"2026-04-30T17:12:37+00:00\",\"breadcrumb\":{\"@id\":\"https:\/\/rotario.com.br\/site\/vitimas-de-assedio-fazem-novas-denuncias-sobre-acao-de-homem-em-moto-vermelha\/#breadcrumb\"},\"inLanguage\":\"pt-BR\",\"potentialAction\":[{\"@type\":\"ReadAction\",\"target\":[\"https:\/\/rotario.com.br\/site\/vitimas-de-assedio-fazem-novas-denuncias-sobre-acao-de-homem-em-moto-vermelha\/\"]}]},{\"@type\":\"ImageObject\",\"inLanguage\":\"pt-BR\",\"@id\":\"https:\/\/rotario.com.br\/site\/vitimas-de-assedio-fazem-novas-denuncias-sobre-acao-de-homem-em-moto-vermelha\/#primaryimage\",\"url\":\"https:\/\/rotario.com.br\/site\/wp-content\/uploads\/2026\/04\/WhatsApp-Image-2026-04-30-at-12.37.13.jpeg\",\"contentUrl\":\"https:\/\/rotario.com.br\/site\/wp-content\/uploads\/2026\/04\/WhatsApp-Image-2026-04-30-at-12.37.13.jpeg\",\"width\":800,\"height\":600},{\"@type\":\"BreadcrumbList\",\"@id\":\"https:\/\/rotario.com.br\/site\/vitimas-de-assedio-fazem-novas-denuncias-sobre-acao-de-homem-em-moto-vermelha\/#breadcrumb\",\"itemListElement\":[{\"@type\":\"ListItem\",\"position\":1,\"name\":\"In\u00edcio\",\"item\":\"https:\/\/rotario.com.br\/site\/\"},{\"@type\":\"ListItem\",\"position\":2,\"name\":\"V\u00edtimas de ass\u00e9dio fazem novas den\u00fancias sobre a\u00e7\u00e3o de homem em moto vermelha\"}]},{\"@type\":\"WebSite\",\"@id\":\"https:\/\/rotario.com.br\/site\/#website\",\"url\":\"https:\/\/rotario.com.br\/site\/\",\"name\":\"Rota Rio\",\"description\":\"Aqui, o Rio de Janeiro \u00e9 a pauta!\",\"publisher\":{\"@id\":\"https:\/\/rotario.com.br\/site\/#organization\"},\"potentialAction\":[{\"@type\":\"SearchAction\",\"target\":{\"@type\":\"EntryPoint\",\"urlTemplate\":\"https:\/\/rotario.com.br\/site\/?s={search_term_string}\"},\"query-input\":{\"@type\":\"PropertyValueSpecification\",\"valueRequired\":true,\"valueName\":\"search_term_string\"}}],\"inLanguage\":\"pt-BR\"},{\"@type\":\"Organization\",\"@id\":\"https:\/\/rotario.com.br\/site\/#organization\",\"name\":\"Rota Rio\",\"url\":\"https:\/\/rotario.com.br\/site\/\",\"logo\":{\"@type\":\"ImageObject\",\"inLanguage\":\"pt-BR\",\"@id\":\"https:\/\/rotario.com.br\/site\/#\/schema\/logo\/image\/\",\"url\":\"https:\/\/rotario.com.br\/site\/wp-content\/uploads\/2022\/04\/cropped-ROTARIO-LOGO-Prancheta-1-1-2048x654-1.png\",\"contentUrl\":\"https:\/\/rotario.com.br\/site\/wp-content\/uploads\/2022\/04\/cropped-ROTARIO-LOGO-Prancheta-1-1-2048x654-1.png\",\"width\":2048,\"height\":654,\"caption\":\"Rota Rio\"},\"image\":{\"@id\":\"https:\/\/rotario.com.br\/site\/#\/schema\/logo\/image\/\"}},{\"@type\":\"Person\",\"@id\":\"https:\/\/rotario.com.br\/site\/#\/schema\/person\/fd89bbbf4136f7e8a21e0dd67b8a66c7\",\"name\":\"Galv\u00e3o\",\"url\":\"https:\/\/rotario.com.br\/site\/author\/daniel\/\"}]}<\/script>\n<!-- \/ Yoast SEO plugin. -->","yoast_head_json":{"title":"V\u00edtimas de ass\u00e9dio fazem novas den\u00fancias sobre a\u00e7\u00e3o de homem em moto vermelha - Rota Rio","robots":{"index":"index","follow":"follow","max-snippet":"max-snippet:-1","max-image-preview":"max-image-preview:large","max-video-preview":"max-video-preview:-1"},"canonical":"https:\/\/rotario.com.br\/site\/vitimas-de-assedio-fazem-novas-denuncias-sobre-acao-de-homem-em-moto-vermelha\/","og_locale":"pt_BR","og_type":"article","og_title":"V\u00edtimas de ass\u00e9dio fazem novas den\u00fancias sobre a\u00e7\u00e3o de homem em moto vermelha - Rota Rio","og_description":"O caso do assediador da moto vermelha, que segue cometendo in\u00fameros crimes de ass\u00e9dio e importuna\u00e7\u00e3o sexual na regi\u00e3o do Maril\u00e9a, em Rio das Ostras, teve novas v\u00edtimas na noite dessa quarta-feira, 29. Mesmo com a den\u00fancia de uma m\u00e3e chamada Yasmim, que foi v\u00edtima do criminoso quando voltava da Pra\u00e7a do Maril\u00e9a com a [&hellip;]","og_url":"https:\/\/rotario.com.br\/site\/vitimas-de-assedio-fazem-novas-denuncias-sobre-acao-de-homem-em-moto-vermelha\/","og_site_name":"Rota Rio","article_published_time":"2026-04-30T17:12:29+00:00","article_modified_time":"2026-04-30T17:12:37+00:00","og_image":[{"width":800,"height":600,"url":"https:\/\/rotario.com.br\/site\/wp-content\/uploads\/2026\/04\/WhatsApp-Image-2026-04-30-at-12.37.13.jpeg","type":"image\/jpeg"}],"author":"Galv\u00e3o","twitter_card":"summary_large_image","twitter_misc":{"Escrito por":"Galv\u00e3o","Est. tempo de leitura":"3 minutos"},"schema":{"@context":"https:\/\/schema.org","@graph":[{"@type":"Article","@id":"https:\/\/rotario.com.br\/site\/vitimas-de-assedio-fazem-novas-denuncias-sobre-acao-de-homem-em-moto-vermelha\/#article","isPartOf":{"@id":"https:\/\/rotario.com.br\/site\/vitimas-de-assedio-fazem-novas-denuncias-sobre-acao-de-homem-em-moto-vermelha\/"},"author":{"name":"Galv\u00e3o","@id":"https:\/\/rotario.com.br\/site\/#\/schema\/person\/fd89bbbf4136f7e8a21e0dd67b8a66c7"},"headline":"V\u00edtimas de ass\u00e9dio fazem novas den\u00fancias sobre a\u00e7\u00e3o de homem em moto vermelha","datePublished":"2026-04-30T17:12:29+00:00","dateModified":"2026-04-30T17:12:37+00:00","mainEntityOfPage":{"@id":"https:\/\/rotario.com.br\/site\/vitimas-de-assedio-fazem-novas-denuncias-sobre-acao-de-homem-em-moto-vermelha\/"},"wordCount":417,"commentCount":0,"publisher":{"@id":"https:\/\/rotario.com.br\/site\/#organization"},"image":{"@id":"https:\/\/rotario.com.br\/site\/vitimas-de-assedio-fazem-novas-denuncias-sobre-acao-de-homem-em-moto-vermelha\/#primaryimage"},"thumbnailUrl":"https:\/\/rotario.com.br\/site\/wp-content\/uploads\/2026\/04\/WhatsApp-Image-2026-04-30-at-12.37.13.jpeg","articleSection":["Pol\u00edcia"],"inLanguage":"pt-BR","potentialAction":[{"@type":"CommentAction","name":"Comment","target":["https:\/\/rotario.com.br\/site\/vitimas-de-assedio-fazem-novas-denuncias-sobre-acao-de-homem-em-moto-vermelha\/#respond"]}]},{"@type":"WebPage","@id":"https:\/\/rotario.com.br\/site\/vitimas-de-assedio-fazem-novas-denuncias-sobre-acao-de-homem-em-moto-vermelha\/","url":"https:\/\/rotario.com.br\/site\/vitimas-de-assedio-fazem-novas-denuncias-sobre-acao-de-homem-em-moto-vermelha\/","name":"V\u00edtimas de ass\u00e9dio fazem novas den\u00fancias sobre a\u00e7\u00e3o de homem em moto vermelha - Rota Rio","isPartOf":{"@id":"https:\/\/rotario.com.br\/site\/#website"},"primaryImageOfPage":{"@id":"https:\/\/rotario.com.br\/site\/vitimas-de-assedio-fazem-novas-denuncias-sobre-acao-de-homem-em-moto-vermelha\/#primaryimage"},"image":{"@id":"https:\/\/rotario.com.br\/site\/vitimas-de-assedio-fazem-novas-denuncias-sobre-acao-de-homem-em-moto-vermelha\/#primaryimage"},"thumbnailUrl":"https:\/\/rotario.com.br\/site\/wp-content\/uploads\/2026\/04\/WhatsApp-Image-2026-04-30-at-12.37.13.jpeg","datePublished":"2026-04-30T17:12:29+00:00","dateModified":"2026-04-30T17:12:37+00:00","breadcrumb":{"@id":"https:\/\/rotario.com.br\/site\/vitimas-de-assedio-fazem-novas-denuncias-sobre-acao-de-homem-em-moto-vermelha\/#breadcrumb"},"inLanguage":"pt-BR","potentialAction":[{"@type":"ReadAction","target":["https:\/\/rotario.com.br\/site\/vitimas-de-assedio-fazem-novas-denuncias-sobre-acao-de-homem-em-moto-vermelha\/"]}]},{"@type":"ImageObject","inLanguage":"pt-BR","@id":"https:\/\/rotario.com.br\/site\/vitimas-de-assedio-fazem-novas-denuncias-sobre-acao-de-homem-em-moto-vermelha\/#primaryimage","url":"https:\/\/rotario.com.br\/site\/wp-content\/uploads\/2026\/04\/WhatsApp-Image-2026-04-30-at-12.37.13.jpeg","contentUrl":"https:\/\/rotario.com.br\/site\/wp-content\/uploads\/2026\/04\/WhatsApp-Image-2026-04-30-at-12.37.13.jpeg","width":800,"height":600},{"@type":"BreadcrumbList","@id":"https:\/\/rotario.com.br\/site\/vitimas-de-assedio-fazem-novas-denuncias-sobre-acao-de-homem-em-moto-vermelha\/#breadcrumb","itemListElement":[{"@type":"ListItem","position":1,"name":"In\u00edcio","item":"https:\/\/rotario.com.br\/site\/"},{"@type":"ListItem","position":2,"name":"V\u00edtimas de ass\u00e9dio fazem novas den\u00fancias sobre a\u00e7\u00e3o de homem em moto vermelha"}]},{"@type":"WebSite","@id":"https:\/\/rotario.com.br\/site\/#website","url":"https:\/\/rotario.com.br\/site\/","name":"Rota Rio","description":"Aqui, o Rio de Janeiro \u00e9 a pauta!","publisher":{"@id":"https:\/\/rotario.com.br\/site\/#organization"},"potentialAction":[{"@type":"SearchAction","target":{"@type":"EntryPoint","urlTemplate":"https:\/\/rotario.com.br\/site\/?s={search_term_string}"},"query-input":{"@type":"PropertyValueSpecification","valueRequired":true,"valueName":"search_term_string"}}],"inLanguage":"pt-BR"},{"@type":"Organization","@id":"https:\/\/rotario.com.br\/site\/#organization","name":"Rota Rio","url":"https:\/\/rotario.com.br\/site\/","logo":{"@type":"ImageObject","inLanguage":"pt-BR","@id":"https:\/\/rotario.com.br\/site\/#\/schema\/logo\/image\/","url":"https:\/\/rotario.com.br\/site\/wp-content\/uploads\/2022\/04\/cropped-ROTARIO-LOGO-Prancheta-1-1-2048x654-1.png","contentUrl":"https:\/\/rotario.com.br\/site\/wp-content\/uploads\/2022\/04\/cropped-ROTARIO-LOGO-Prancheta-1-1-2048x654-1.png","width":2048,"height":654,"caption":"Rota Rio"},"image":{"@id":"https:\/\/rotario.com.br\/site\/#\/schema\/logo\/image\/"}},{"@type":"Person","@id":"https:\/\/rotario.com.br\/site\/#\/schema\/person\/fd89bbbf4136f7e8a21e0dd67b8a66c7","name":"Galv\u00e3o","url":"https:\/\/rotario.com.br\/site\/author\/daniel\/"}]}},"_links":{"self":[{"href":"https:\/\/rotario.com.br\/site\/wp-json\/wp\/v2\/posts\/35803","targetHints":{"allow":["GET"]}}],"collection":[{"href":"https:\/\/rotario.com.br\/site\/wp-json\/wp\/v2\/posts"}],"about":[{"href":"https:\/\/rotario.com.br\/site\/wp-json\/wp\/v2\/types\/post"}],"author":[{"embeddable":true,"href":"https:\/\/rotario.com.br\/site\/wp-json\/wp\/v2\/users\/2"}],"replies":[{"embeddable":true,"href":"https:\/\/rotario.com.br\/site\/wp-json\/wp\/v2\/comments?post=35803"}],"version-history":[{"count":1,"href":"https:\/\/rotario.com.br\/site\/wp-json\/wp\/v2\/posts\/35803\/revisions"}],"predecessor-version":[{"id":35805,"href":"https:\/\/rotario.com.br\/site\/wp-json\/wp\/v2\/posts\/35803\/revisions\/35805"}],"wp:featuredmedia":[{"embeddable":true,"href":"https:\/\/rotario.com.br\/site\/wp-json\/wp\/v2\/media\/35804"}],"wp:attachment":[{"href":"https:\/\/rotario.com.br\/site\/wp-json\/wp\/v2\/media?parent=35803"}],"wp:term":[{"taxonomy":"category","embeddable":true,"href":"https:\/\/rotario.com.br\/site\/wp-json\/wp\/v2\/categories?post=35803"},{"taxonomy":"post_tag","embeddable":true,"href":"https:\/\/rotario.com.br\/site\/wp-json\/wp\/v2\/tags?post=35803"}],"curies":[{"name":"wp","href":"https:\/\/api.w.org\/{rel}","templated":true}]}}