{"id":35806,"date":"2026-04-30T14:20:04","date_gmt":"2026-04-30T17:20:04","guid":{"rendered":"https:\/\/rotario.com.br\/site\/?p=35806"},"modified":"2026-04-30T14:20:17","modified_gmt":"2026-04-30T17:20:17","slug":"provas-de-5-km-10-km-e-corrida-kids-agitam-a-praia-campista-em-macae-nesta-sexta","status":"publish","type":"post","link":"https:\/\/rotario.com.br\/site\/provas-de-5-km-10-km-e-corrida-kids-agitam-a-praia-campista-em-macae-nesta-sexta\/","title":{"rendered":"Provas de 5 km, 10 km e Corrida Kids agitam a Praia Campista em Maca\u00e9 nesta sexta"},"content":{"rendered":"\n<p>Da Reda\u00e7\u00e3o<\/p>\n\n\n\n<p>Atletas profissionais e amadores ir\u00e3o se reunir nesta sexta-feira (1\u00ba) em Maca\u00e9 para disputa da 2\u00aa Corrida Nacional do SESI \u2013 edi\u00e7\u00e3o 2026. O evento ser\u00e1 no Dia do Trabalhador na Avenida Atl\u00e2ntica, na Praia Campista, com largada prevista para \u00e0s 8h. O objetivo central \u00e9 promover a qualidade de vida e tamb\u00e9m incentivar a pr\u00e1tica esportiva.<\/p>\n\n\n\n<p>O evento \u00e9 aberto a todas as idades e contar\u00e1 com uma estrutura completa. Os participantes v\u00e3o contar com kit composto por camiseta, sacochila, bon\u00e9 ou viseira, n\u00famero de peito com chip de cronometragem e medalha para todos que conclu\u00edrem o percurso. A iniciativa conta com o apoio da Prefeitura de Maca\u00e9, por meio da Secretaria Municipal de Esportes.<\/p>\n\n\n\n<p>De acordo com os organizadores, a programa\u00e7\u00e3o contar\u00e1 com provas de 5 km, 10 km, caminhada de 3 km e a Corrida Kids, voltada a crian\u00e7as de 4 a 13 anos. Nesta \u00faltima, o percurso ser\u00e1 adaptado e com car\u00e1ter l\u00fadico.<\/p>\n\n\n\n<p>Um dos destaques \u00e9 o car\u00e1ter inclusivo, uma vez que o evento contar\u00e1 com a participa\u00e7\u00e3o de pessoas com defici\u00eancia em diferentes categorias. Os organizadores destinaram vagas gratuitas limitadas a 10% do total, mediante a apresenta\u00e7\u00e3o de laudo m\u00e9dico.<\/p>\n\n\n\n<p>Os tr\u00eas primeiros colocados nas provas de 5km e 10 km v\u00e3o receber um trof\u00e9u. J\u00e1 nas categorias como p\u00fablico geral, trabalhadores da ind\u00fastria, clubes de corrida e atletas com defici\u00eancia, n\u00e3o haver\u00e1 premia\u00e7\u00e3o em dinheiro.<\/p>\n\n\n\n<p>A Corrida Nacional do SESI j\u00e1 faz parte do calend\u00e1rio esportivo de Maca\u00e9, se consolidando como um evento que promove diversos valores, entre eles supera\u00e7\u00e3o, solidariedade e conviv\u00eancia.<\/p>\n","protected":false},"excerpt":{"rendered":"<p>Da Reda\u00e7\u00e3o Atletas profissionais e amadores ir\u00e3o se reunir nesta sexta-feira (1\u00ba) em Maca\u00e9 para disputa da 2\u00aa Corrida Nacional do SESI \u2013 edi\u00e7\u00e3o 2026. O evento ser\u00e1 no Dia do Trabalhador na Avenida Atl\u00e2ntica, na Praia Campista, com largada prevista para \u00e0s 8h. O objetivo central \u00e9 promover a qualidade de vida e tamb\u00e9m [&hellip;]<\/p>\n","protected":false},"author":2,"featured_media":35807,"comment_status":"open","ping_status":"closed","sticky":false,"template":"","format":"standard","meta":{"footnotes":""},"categories":[1584],"tags":[],"class_list":["post-35806","post","type-post","status-publish","format-standard","has-post-thumbnail","hentry","category-esporte"],"yoast_head":"<!-- This site is optimized with the Yoast SEO plugin v26.5 - https:\/\/yoast.com\/wordpress\/plugins\/seo\/ -->\n<title>Provas de 5 km, 10 km e Corrida Kids agitam a Praia Campista em Maca\u00e9 nesta sexta - Rota Rio<\/title>\n<meta name=\"robots\" content=\"index, follow, max-snippet:-1, max-image-preview:large, max-video-preview:-1\" \/>\n<link rel=\"canonical\" href=\"https:\/\/rotario.com.br\/site\/provas-de-5-km-10-km-e-corrida-kids-agitam-a-praia-campista-em-macae-nesta-sexta\/\" \/>\n<meta property=\"og:locale\" content=\"pt_BR\" \/>\n<meta property=\"og:type\" content=\"article\" \/>\n<meta property=\"og:title\" content=\"Provas de 5 km, 10 km e Corrida Kids agitam a Praia Campista em Maca\u00e9 nesta sexta - Rota Rio\" \/>\n<meta property=\"og:description\" content=\"Da Reda\u00e7\u00e3o Atletas profissionais e amadores ir\u00e3o se reunir nesta sexta-feira (1\u00ba) em Maca\u00e9 para disputa da 2\u00aa Corrida Nacional do SESI \u2013 edi\u00e7\u00e3o 2026. O evento ser\u00e1 no Dia do Trabalhador na Avenida Atl\u00e2ntica, na Praia Campista, com largada prevista para \u00e0s 8h. O objetivo central \u00e9 promover a qualidade de vida e tamb\u00e9m [&hellip;]\" \/>\n<meta property=\"og:url\" content=\"https:\/\/rotario.com.br\/site\/provas-de-5-km-10-km-e-corrida-kids-agitam-a-praia-campista-em-macae-nesta-sexta\/\" \/>\n<meta property=\"og:site_name\" content=\"Rota Rio\" \/>\n<meta property=\"article:published_time\" content=\"2026-04-30T17:20:04+00:00\" \/>\n<meta property=\"article:modified_time\" content=\"2026-04-30T17:20:17+00:00\" \/>\n<meta property=\"og:image\" content=\"https:\/\/rotario.com.br\/site\/wp-content\/uploads\/2026\/04\/WhatsApp-Image-2026-04-30-at-13.36.18.jpeg\" \/>\n\t<meta property=\"og:image:width\" content=\"1140\" \/>\n\t<meta property=\"og:image:height\" content=\"600\" \/>\n\t<meta property=\"og:image:type\" content=\"image\/jpeg\" \/>\n<meta name=\"author\" content=\"Galv\u00e3o\" \/>\n<meta name=\"twitter:card\" content=\"summary_large_image\" \/>\n<meta name=\"twitter:label1\" content=\"Escrito por\" \/>\n\t<meta name=\"twitter:data1\" content=\"Galv\u00e3o\" \/>\n\t<meta name=\"twitter:label2\" content=\"Est. tempo de leitura\" \/>\n\t<meta name=\"twitter:data2\" content=\"2 minutos\" \/>\n<script type=\"application\/ld+json\" class=\"yoast-schema-graph\">{\"@context\":\"https:\/\/schema.org\",\"@graph\":[{\"@type\":\"Article\",\"@id\":\"https:\/\/rotario.com.br\/site\/provas-de-5-km-10-km-e-corrida-kids-agitam-a-praia-campista-em-macae-nesta-sexta\/#article\",\"isPartOf\":{\"@id\":\"https:\/\/rotario.com.br\/site\/provas-de-5-km-10-km-e-corrida-kids-agitam-a-praia-campista-em-macae-nesta-sexta\/\"},\"author\":{\"name\":\"Galv\u00e3o\",\"@id\":\"https:\/\/rotario.com.br\/site\/#\/schema\/person\/fd89bbbf4136f7e8a21e0dd67b8a66c7\"},\"headline\":\"Provas de 5 km, 10 km e Corrida Kids agitam a Praia Campista em Maca\u00e9 nesta sexta\",\"datePublished\":\"2026-04-30T17:20:04+00:00\",\"dateModified\":\"2026-04-30T17:20:17+00:00\",\"mainEntityOfPage\":{\"@id\":\"https:\/\/rotario.com.br\/site\/provas-de-5-km-10-km-e-corrida-kids-agitam-a-praia-campista-em-macae-nesta-sexta\/\"},\"wordCount\":292,\"commentCount\":0,\"publisher\":{\"@id\":\"https:\/\/rotario.com.br\/site\/#organization\"},\"image\":{\"@id\":\"https:\/\/rotario.com.br\/site\/provas-de-5-km-10-km-e-corrida-kids-agitam-a-praia-campista-em-macae-nesta-sexta\/#primaryimage\"},\"thumbnailUrl\":\"https:\/\/rotario.com.br\/site\/wp-content\/uploads\/2026\/04\/WhatsApp-Image-2026-04-30-at-13.36.18.jpeg\",\"articleSection\":[\"Esporte\"],\"inLanguage\":\"pt-BR\",\"potentialAction\":[{\"@type\":\"CommentAction\",\"name\":\"Comment\",\"target\":[\"https:\/\/rotario.com.br\/site\/provas-de-5-km-10-km-e-corrida-kids-agitam-a-praia-campista-em-macae-nesta-sexta\/#respond\"]}]},{\"@type\":\"WebPage\",\"@id\":\"https:\/\/rotario.com.br\/site\/provas-de-5-km-10-km-e-corrida-kids-agitam-a-praia-campista-em-macae-nesta-sexta\/\",\"url\":\"https:\/\/rotario.com.br\/site\/provas-de-5-km-10-km-e-corrida-kids-agitam-a-praia-campista-em-macae-nesta-sexta\/\",\"name\":\"Provas de 5 km, 10 km e Corrida Kids agitam a Praia Campista em Maca\u00e9 nesta sexta - Rota Rio\",\"isPartOf\":{\"@id\":\"https:\/\/rotario.com.br\/site\/#website\"},\"primaryImageOfPage\":{\"@id\":\"https:\/\/rotario.com.br\/site\/provas-de-5-km-10-km-e-corrida-kids-agitam-a-praia-campista-em-macae-nesta-sexta\/#primaryimage\"},\"image\":{\"@id\":\"https:\/\/rotario.com.br\/site\/provas-de-5-km-10-km-e-corrida-kids-agitam-a-praia-campista-em-macae-nesta-sexta\/#primaryimage\"},\"thumbnailUrl\":\"https:\/\/rotario.com.br\/site\/wp-content\/uploads\/2026\/04\/WhatsApp-Image-2026-04-30-at-13.36.18.jpeg\",\"datePublished\":\"2026-04-30T17:20:04+00:00\",\"dateModified\":\"2026-04-30T17:20:17+00:00\",\"breadcrumb\":{\"@id\":\"https:\/\/rotario.com.br\/site\/provas-de-5-km-10-km-e-corrida-kids-agitam-a-praia-campista-em-macae-nesta-sexta\/#breadcrumb\"},\"inLanguage\":\"pt-BR\",\"potentialAction\":[{\"@type\":\"ReadAction\",\"target\":[\"https:\/\/rotario.com.br\/site\/provas-de-5-km-10-km-e-corrida-kids-agitam-a-praia-campista-em-macae-nesta-sexta\/\"]}]},{\"@type\":\"ImageObject\",\"inLanguage\":\"pt-BR\",\"@id\":\"https:\/\/rotario.com.br\/site\/provas-de-5-km-10-km-e-corrida-kids-agitam-a-praia-campista-em-macae-nesta-sexta\/#primaryimage\",\"url\":\"https:\/\/rotario.com.br\/site\/wp-content\/uploads\/2026\/04\/WhatsApp-Image-2026-04-30-at-13.36.18.jpeg\",\"contentUrl\":\"https:\/\/rotario.com.br\/site\/wp-content\/uploads\/2026\/04\/WhatsApp-Image-2026-04-30-at-13.36.18.jpeg\",\"width\":1140,\"height\":600},{\"@type\":\"BreadcrumbList\",\"@id\":\"https:\/\/rotario.com.br\/site\/provas-de-5-km-10-km-e-corrida-kids-agitam-a-praia-campista-em-macae-nesta-sexta\/#breadcrumb\",\"itemListElement\":[{\"@type\":\"ListItem\",\"position\":1,\"name\":\"In\u00edcio\",\"item\":\"https:\/\/rotario.com.br\/site\/\"},{\"@type\":\"ListItem\",\"position\":2,\"name\":\"Provas de 5 km, 10 km e Corrida Kids agitam a Praia Campista em Maca\u00e9 nesta sexta\"}]},{\"@type\":\"WebSite\",\"@id\":\"https:\/\/rotario.com.br\/site\/#website\",\"url\":\"https:\/\/rotario.com.br\/site\/\",\"name\":\"Rota Rio\",\"description\":\"Aqui, o Rio de Janeiro \u00e9 a pauta!\",\"publisher\":{\"@id\":\"https:\/\/rotario.com.br\/site\/#organization\"},\"potentialAction\":[{\"@type\":\"SearchAction\",\"target\":{\"@type\":\"EntryPoint\",\"urlTemplate\":\"https:\/\/rotario.com.br\/site\/?s={search_term_string}\"},\"query-input\":{\"@type\":\"PropertyValueSpecification\",\"valueRequired\":true,\"valueName\":\"search_term_string\"}}],\"inLanguage\":\"pt-BR\"},{\"@type\":\"Organization\",\"@id\":\"https:\/\/rotario.com.br\/site\/#organization\",\"name\":\"Rota Rio\",\"url\":\"https:\/\/rotario.com.br\/site\/\",\"logo\":{\"@type\":\"ImageObject\",\"inLanguage\":\"pt-BR\",\"@id\":\"https:\/\/rotario.com.br\/site\/#\/schema\/logo\/image\/\",\"url\":\"https:\/\/rotario.com.br\/site\/wp-content\/uploads\/2022\/04\/cropped-ROTARIO-LOGO-Prancheta-1-1-2048x654-1.png\",\"contentUrl\":\"https:\/\/rotario.com.br\/site\/wp-content\/uploads\/2022\/04\/cropped-ROTARIO-LOGO-Prancheta-1-1-2048x654-1.png\",\"width\":2048,\"height\":654,\"caption\":\"Rota Rio\"},\"image\":{\"@id\":\"https:\/\/rotario.com.br\/site\/#\/schema\/logo\/image\/\"}},{\"@type\":\"Person\",\"@id\":\"https:\/\/rotario.com.br\/site\/#\/schema\/person\/fd89bbbf4136f7e8a21e0dd67b8a66c7\",\"name\":\"Galv\u00e3o\",\"url\":\"https:\/\/rotario.com.br\/site\/author\/daniel\/\"}]}<\/script>\n<!-- \/ Yoast SEO plugin. -->","yoast_head_json":{"title":"Provas de 5 km, 10 km e Corrida Kids agitam a Praia Campista em Maca\u00e9 nesta sexta - Rota Rio","robots":{"index":"index","follow":"follow","max-snippet":"max-snippet:-1","max-image-preview":"max-image-preview:large","max-video-preview":"max-video-preview:-1"},"canonical":"https:\/\/rotario.com.br\/site\/provas-de-5-km-10-km-e-corrida-kids-agitam-a-praia-campista-em-macae-nesta-sexta\/","og_locale":"pt_BR","og_type":"article","og_title":"Provas de 5 km, 10 km e Corrida Kids agitam a Praia Campista em Maca\u00e9 nesta sexta - Rota Rio","og_description":"Da Reda\u00e7\u00e3o Atletas profissionais e amadores ir\u00e3o se reunir nesta sexta-feira (1\u00ba) em Maca\u00e9 para disputa da 2\u00aa Corrida Nacional do SESI \u2013 edi\u00e7\u00e3o 2026. O evento ser\u00e1 no Dia do Trabalhador na Avenida Atl\u00e2ntica, na Praia Campista, com largada prevista para \u00e0s 8h. O objetivo central \u00e9 promover a qualidade de vida e tamb\u00e9m [&hellip;]","og_url":"https:\/\/rotario.com.br\/site\/provas-de-5-km-10-km-e-corrida-kids-agitam-a-praia-campista-em-macae-nesta-sexta\/","og_site_name":"Rota Rio","article_published_time":"2026-04-30T17:20:04+00:00","article_modified_time":"2026-04-30T17:20:17+00:00","og_image":[{"width":1140,"height":600,"url":"https:\/\/rotario.com.br\/site\/wp-content\/uploads\/2026\/04\/WhatsApp-Image-2026-04-30-at-13.36.18.jpeg","type":"image\/jpeg"}],"author":"Galv\u00e3o","twitter_card":"summary_large_image","twitter_misc":{"Escrito por":"Galv\u00e3o","Est. tempo de leitura":"2 minutos"},"schema":{"@context":"https:\/\/schema.org","@graph":[{"@type":"Article","@id":"https:\/\/rotario.com.br\/site\/provas-de-5-km-10-km-e-corrida-kids-agitam-a-praia-campista-em-macae-nesta-sexta\/#article","isPartOf":{"@id":"https:\/\/rotario.com.br\/site\/provas-de-5-km-10-km-e-corrida-kids-agitam-a-praia-campista-em-macae-nesta-sexta\/"},"author":{"name":"Galv\u00e3o","@id":"https:\/\/rotario.com.br\/site\/#\/schema\/person\/fd89bbbf4136f7e8a21e0dd67b8a66c7"},"headline":"Provas de 5 km, 10 km e Corrida Kids agitam a Praia Campista em Maca\u00e9 nesta sexta","datePublished":"2026-04-30T17:20:04+00:00","dateModified":"2026-04-30T17:20:17+00:00","mainEntityOfPage":{"@id":"https:\/\/rotario.com.br\/site\/provas-de-5-km-10-km-e-corrida-kids-agitam-a-praia-campista-em-macae-nesta-sexta\/"},"wordCount":292,"commentCount":0,"publisher":{"@id":"https:\/\/rotario.com.br\/site\/#organization"},"image":{"@id":"https:\/\/rotario.com.br\/site\/provas-de-5-km-10-km-e-corrida-kids-agitam-a-praia-campista-em-macae-nesta-sexta\/#primaryimage"},"thumbnailUrl":"https:\/\/rotario.com.br\/site\/wp-content\/uploads\/2026\/04\/WhatsApp-Image-2026-04-30-at-13.36.18.jpeg","articleSection":["Esporte"],"inLanguage":"pt-BR","potentialAction":[{"@type":"CommentAction","name":"Comment","target":["https:\/\/rotario.com.br\/site\/provas-de-5-km-10-km-e-corrida-kids-agitam-a-praia-campista-em-macae-nesta-sexta\/#respond"]}]},{"@type":"WebPage","@id":"https:\/\/rotario.com.br\/site\/provas-de-5-km-10-km-e-corrida-kids-agitam-a-praia-campista-em-macae-nesta-sexta\/","url":"https:\/\/rotario.com.br\/site\/provas-de-5-km-10-km-e-corrida-kids-agitam-a-praia-campista-em-macae-nesta-sexta\/","name":"Provas de 5 km, 10 km e Corrida Kids agitam a Praia Campista em Maca\u00e9 nesta sexta - Rota Rio","isPartOf":{"@id":"https:\/\/rotario.com.br\/site\/#website"},"primaryImageOfPage":{"@id":"https:\/\/rotario.com.br\/site\/provas-de-5-km-10-km-e-corrida-kids-agitam-a-praia-campista-em-macae-nesta-sexta\/#primaryimage"},"image":{"@id":"https:\/\/rotario.com.br\/site\/provas-de-5-km-10-km-e-corrida-kids-agitam-a-praia-campista-em-macae-nesta-sexta\/#primaryimage"},"thumbnailUrl":"https:\/\/rotario.com.br\/site\/wp-content\/uploads\/2026\/04\/WhatsApp-Image-2026-04-30-at-13.36.18.jpeg","datePublished":"2026-04-30T17:20:04+00:00","dateModified":"2026-04-30T17:20:17+00:00","breadcrumb":{"@id":"https:\/\/rotario.com.br\/site\/provas-de-5-km-10-km-e-corrida-kids-agitam-a-praia-campista-em-macae-nesta-sexta\/#breadcrumb"},"inLanguage":"pt-BR","potentialAction":[{"@type":"ReadAction","target":["https:\/\/rotario.com.br\/site\/provas-de-5-km-10-km-e-corrida-kids-agitam-a-praia-campista-em-macae-nesta-sexta\/"]}]},{"@type":"ImageObject","inLanguage":"pt-BR","@id":"https:\/\/rotario.com.br\/site\/provas-de-5-km-10-km-e-corrida-kids-agitam-a-praia-campista-em-macae-nesta-sexta\/#primaryimage","url":"https:\/\/rotario.com.br\/site\/wp-content\/uploads\/2026\/04\/WhatsApp-Image-2026-04-30-at-13.36.18.jpeg","contentUrl":"https:\/\/rotario.com.br\/site\/wp-content\/uploads\/2026\/04\/WhatsApp-Image-2026-04-30-at-13.36.18.jpeg","width":1140,"height":600},{"@type":"BreadcrumbList","@id":"https:\/\/rotario.com.br\/site\/provas-de-5-km-10-km-e-corrida-kids-agitam-a-praia-campista-em-macae-nesta-sexta\/#breadcrumb","itemListElement":[{"@type":"ListItem","position":1,"name":"In\u00edcio","item":"https:\/\/rotario.com.br\/site\/"},{"@type":"ListItem","position":2,"name":"Provas de 5 km, 10 km e Corrida Kids agitam a Praia Campista em Maca\u00e9 nesta sexta"}]},{"@type":"WebSite","@id":"https:\/\/rotario.com.br\/site\/#website","url":"https:\/\/rotario.com.br\/site\/","name":"Rota Rio","description":"Aqui, o Rio de Janeiro \u00e9 a pauta!","publisher":{"@id":"https:\/\/rotario.com.br\/site\/#organization"},"potentialAction":[{"@type":"SearchAction","target":{"@type":"EntryPoint","urlTemplate":"https:\/\/rotario.com.br\/site\/?s={search_term_string}"},"query-input":{"@type":"PropertyValueSpecification","valueRequired":true,"valueName":"search_term_string"}}],"inLanguage":"pt-BR"},{"@type":"Organization","@id":"https:\/\/rotario.com.br\/site\/#organization","name":"Rota Rio","url":"https:\/\/rotario.com.br\/site\/","logo":{"@type":"ImageObject","inLanguage":"pt-BR","@id":"https:\/\/rotario.com.br\/site\/#\/schema\/logo\/image\/","url":"https:\/\/rotario.com.br\/site\/wp-content\/uploads\/2022\/04\/cropped-ROTARIO-LOGO-Prancheta-1-1-2048x654-1.png","contentUrl":"https:\/\/rotario.com.br\/site\/wp-content\/uploads\/2022\/04\/cropped-ROTARIO-LOGO-Prancheta-1-1-2048x654-1.png","width":2048,"height":654,"caption":"Rota Rio"},"image":{"@id":"https:\/\/rotario.com.br\/site\/#\/schema\/logo\/image\/"}},{"@type":"Person","@id":"https:\/\/rotario.com.br\/site\/#\/schema\/person\/fd89bbbf4136f7e8a21e0dd67b8a66c7","name":"Galv\u00e3o","url":"https:\/\/rotario.com.br\/site\/author\/daniel\/"}]}},"_links":{"self":[{"href":"https:\/\/rotario.com.br\/site\/wp-json\/wp\/v2\/posts\/35806","targetHints":{"allow":["GET"]}}],"collection":[{"href":"https:\/\/rotario.com.br\/site\/wp-json\/wp\/v2\/posts"}],"about":[{"href":"https:\/\/rotario.com.br\/site\/wp-json\/wp\/v2\/types\/post"}],"author":[{"embeddable":true,"href":"https:\/\/rotario.com.br\/site\/wp-json\/wp\/v2\/users\/2"}],"replies":[{"embeddable":true,"href":"https:\/\/rotario.com.br\/site\/wp-json\/wp\/v2\/comments?post=35806"}],"version-history":[{"count":2,"href":"https:\/\/rotario.com.br\/site\/wp-json\/wp\/v2\/posts\/35806\/revisions"}],"predecessor-version":[{"id":35809,"href":"https:\/\/rotario.com.br\/site\/wp-json\/wp\/v2\/posts\/35806\/revisions\/35809"}],"wp:featuredmedia":[{"embeddable":true,"href":"https:\/\/rotario.com.br\/site\/wp-json\/wp\/v2\/media\/35807"}],"wp:attachment":[{"href":"https:\/\/rotario.com.br\/site\/wp-json\/wp\/v2\/media?parent=35806"}],"wp:term":[{"taxonomy":"category","embeddable":true,"href":"https:\/\/rotario.com.br\/site\/wp-json\/wp\/v2\/categories?post=35806"},{"taxonomy":"post_tag","embeddable":true,"href":"https:\/\/rotario.com.br\/site\/wp-json\/wp\/v2\/tags?post=35806"}],"curies":[{"name":"wp","href":"https:\/\/api.w.org\/{rel}","templated":true}]}}