{"id":35818,"date":"2026-04-30T17:10:14","date_gmt":"2026-04-30T20:10:14","guid":{"rendered":"https:\/\/rotario.com.br\/site\/?p=35818"},"modified":"2026-04-30T17:10:22","modified_gmt":"2026-04-30T20:10:22","slug":"rio-das-ostras-contara-com-unidade-movel-do-governo-federal-para-cirurgias-de-catarata-em-maio","status":"publish","type":"post","link":"https:\/\/rotario.com.br\/site\/rio-das-ostras-contara-com-unidade-movel-do-governo-federal-para-cirurgias-de-catarata-em-maio\/","title":{"rendered":"Rio das Ostras contar\u00e1 com unidade m\u00f3vel do governo federal para cirurgias de catarata em maio"},"content":{"rendered":"\n<p>Rio das Ostras come\u00e7a a receber, nessa sexta-feira, 1\u00ba de maio, feriado do Dia do Trabalhar, as cirurgias de catarata da Carreta da Sa\u00fade Oftalmol\u00f3gica, iniciativa do governo federal que chegou ao munic\u00edpio no \u00faltimo dia 25 de abril.<\/p>\n\n\n\n<p>O evento de lan\u00e7amento da unidade m\u00f3vel, que prev\u00ea a realiza\u00e7\u00e3o de 1.200 cirurgias de catarata e uma m\u00e9dia de 150 atendimentos por dia pelos pr\u00f3ximos 30 dias, aconteceu nessa segunda, 27, com a presen\u00e7a do prefeito Carlos Augusto (PL), e do deputado federal, Lindbergh Farias (PT-RJ).<\/p>\n\n\n\n<p>\u201cGra\u00e7as a essa parceria com os governos estadual e federal e o empenho e a dedica\u00e7\u00e3o dos servidores, estamos conseguindo recuperar a sa\u00fade de Rio das Ostras e fazer com que os servi\u00e7os cheguem at\u00e9 a popula\u00e7\u00e3o. J\u00e1 tivemos as carretas de tomografia e mamografia, contratamos mais profissionais, e vamos avan\u00e7ar para garantir sa\u00fade de qualidade para todas as pessoas\u201d, comemorou Carlos Augusto.<\/p>\n\n\n\n<p>A solenidade contou com a presen\u00e7a do diretor nacional do Programa Agora Tem Especialista, Rodrigo Oliveira, do vice-prefeito e secret\u00e1rio de Sa\u00fade, Dr. F\u00e1bio Sim\u00f5es (MDB), e da primeira-dama e secret\u00e1ria de Gest\u00e3o P\u00fablica, M\u00e1rcia Almeida.<\/p>\n\n\n\n<p>Para o congressista, que representou o governo federal no evento, a a\u00e7\u00e3o \u00e9 apenas uma das que trar\u00e3o investimentos para o munic\u00edpio, incluindo obras e outros projetos, frutos do Novo Programa de Acelera\u00e7\u00e3o do Crescimento (PAC) Sele\u00e7\u00f5es.<\/p>\n\n\n\n<p>\u201cA gente olha para as necessidades de cada cidade. Estamos fazendo um trabalho de investimento em Rio das Ostras que eu duvido que outro deputado federal esteja fazendo. O governo Lula (PT-SP) atua construindo parcerias com os munic\u00edpios, independentemente dos partidos, porque todos n\u00f3s fomos eleitos para melhorar a vida das pessoas. Este \u00e9 o nosso compromisso\u201d, ressaltou Lindbergh Farias.<\/p>\n\n\n\n<p>Entre os servi\u00e7os da unidade, que est\u00e1 estacionada na Avenida Nossa Senhora da Concei\u00e7\u00e3o, na altura do Village, \u00e0s margens da Rodovia Amaral Peixoto (RJ-106), est\u00e3o consultas oftalmol\u00f3gicas, exames diagn\u00f3sticos e cirurgias pelo Sistema \u00danico de Sa\u00fade (SUS), que come\u00e7am justamente nesse feriado.<\/p>\n\n\n\n<p>Al\u00e9m de centro cir\u00fargico completo, a Carreta da Sa\u00fade Oftalmol\u00f3gica conta com consult\u00f3rios, farm\u00e1cia e \u00e1rea de acolhimento, oferecendo atendimento mesmo nesse Feriado do Trabalhador, das 8h \u00e0s 17h, hor\u00e1rio que se estender\u00e1 para os demais dias de funcionamento, que passar\u00e1 a atender de segunda a sexta-feira.<\/p>\n\n\n\n<p>Para marcar consultas e exames, os moradores de Rio das Ostras precisam procurar a equipe do N\u00facleo de Gest\u00e3o de Cuidados, dispon\u00edvel na recep\u00e7\u00e3o do pr\u00e9dio da Secretaria de Sa\u00fade, que fica na Rua Ethelberto Fontes, 290, no Jardim Campomar, e oferece atendimento de segunda a sexta, das 10h \u00e0s 15h.<\/p>\n\n\n\n<p>Durante a visita a Rio das Ostras, nessa semana, Lindbergh Farias aproveitou para anunciar novos investimentos federais no munic\u00edpio, que devem totalizar 1,6 milh\u00e3o de reais, fruto de emendas parlamentares de sua autoria.<\/p>\n\n\n\n<p>Segundo ele, a verba ser\u00e1 destinada para a constru\u00e7\u00e3o da Casa do Autismo, atendendo uma demanda recorrente de fam\u00edlias com pessoas neurodivergentes que moram n\u00e3o apenas na cidade como tamb\u00e9m na regi\u00e3o.<\/p>\n\n\n\n<p>O congressista lembrou ainda que o munic\u00edpio j\u00e1 recebeu 6 milh\u00f5es de reais do governo federal, no final de 2025, em atendimento a um pedido da prefeitura para investimentos na \u00e1rea da sa\u00fade, que chegou a conviver com estado de calamidade no in\u00edcio do ano passado.<\/p>\n\n\n\n<p>Al\u00e9m disso, Lindbergh Farias garantiu a transfer\u00eancia de 100 milh\u00f5es de reais do Novo PAC para obras de saneamento, drenagem e pavimenta\u00e7\u00e3o nos bairros de Village, \u00c2ncora, Enseada das Gaivotas e Cidade Praiana, regi\u00f5es entre as mais atingidas pelos temporais de mar\u00e7o.<\/p>\n\n\n\n<p>Cr\u00e9dito: Matheus Muller<\/p>\n","protected":false},"excerpt":{"rendered":"<p>Rio das Ostras come\u00e7a a receber, nessa sexta-feira, 1\u00ba de maio, feriado do Dia do Trabalhar, as cirurgias de catarata da Carreta da Sa\u00fade Oftalmol\u00f3gica, iniciativa do governo federal que chegou ao munic\u00edpio no \u00faltimo dia 25 de abril. O evento de lan\u00e7amento da unidade m\u00f3vel, que prev\u00ea a realiza\u00e7\u00e3o de 1.200 cirurgias de catarata [&hellip;]<\/p>\n","protected":false},"author":2,"featured_media":35819,"comment_status":"open","ping_status":"closed","sticky":false,"template":"","format":"standard","meta":{"footnotes":""},"categories":[32],"tags":[2790],"class_list":["post-35818","post","type-post","status-publish","format-standard","has-post-thumbnail","hentry","category-rio-das-ostras","tag-cirurgias-de-catarata-da-carreta-da-saude-oftalmologica"],"yoast_head":"<!-- This site is optimized with the Yoast SEO plugin v26.5 - https:\/\/yoast.com\/wordpress\/plugins\/seo\/ -->\n<title>Rio das Ostras contar\u00e1 com unidade m\u00f3vel do governo federal para cirurgias de catarata em maio - Rota Rio<\/title>\n<meta name=\"robots\" content=\"index, follow, max-snippet:-1, max-image-preview:large, max-video-preview:-1\" \/>\n<link rel=\"canonical\" href=\"https:\/\/rotario.com.br\/site\/rio-das-ostras-contara-com-unidade-movel-do-governo-federal-para-cirurgias-de-catarata-em-maio\/\" \/>\n<meta property=\"og:locale\" content=\"pt_BR\" \/>\n<meta property=\"og:type\" content=\"article\" \/>\n<meta property=\"og:title\" content=\"Rio das Ostras contar\u00e1 com unidade m\u00f3vel do governo federal para cirurgias de catarata em maio - Rota Rio\" \/>\n<meta property=\"og:description\" content=\"Rio das Ostras come\u00e7a a receber, nessa sexta-feira, 1\u00ba de maio, feriado do Dia do Trabalhar, as cirurgias de catarata da Carreta da Sa\u00fade Oftalmol\u00f3gica, iniciativa do governo federal que chegou ao munic\u00edpio no \u00faltimo dia 25 de abril. O evento de lan\u00e7amento da unidade m\u00f3vel, que prev\u00ea a realiza\u00e7\u00e3o de 1.200 cirurgias de catarata [&hellip;]\" \/>\n<meta property=\"og:url\" content=\"https:\/\/rotario.com.br\/site\/rio-das-ostras-contara-com-unidade-movel-do-governo-federal-para-cirurgias-de-catarata-em-maio\/\" \/>\n<meta property=\"og:site_name\" content=\"Rota Rio\" \/>\n<meta property=\"article:published_time\" content=\"2026-04-30T20:10:14+00:00\" \/>\n<meta property=\"article:modified_time\" content=\"2026-04-30T20:10:22+00:00\" \/>\n<meta property=\"og:image\" content=\"https:\/\/rotario.com.br\/site\/wp-content\/uploads\/2026\/04\/WhatsApp-Image-2026-04-30-at-14.57.49.jpeg\" \/>\n\t<meta property=\"og:image:width\" content=\"1600\" \/>\n\t<meta property=\"og:image:height\" content=\"1066\" \/>\n\t<meta property=\"og:image:type\" content=\"image\/jpeg\" \/>\n<meta name=\"author\" content=\"Galv\u00e3o\" \/>\n<meta name=\"twitter:card\" content=\"summary_large_image\" \/>\n<meta name=\"twitter:label1\" content=\"Escrito por\" \/>\n\t<meta name=\"twitter:data1\" content=\"Galv\u00e3o\" \/>\n\t<meta name=\"twitter:label2\" content=\"Est. tempo de leitura\" \/>\n\t<meta name=\"twitter:data2\" content=\"4 minutos\" \/>\n<script type=\"application\/ld+json\" class=\"yoast-schema-graph\">{\"@context\":\"https:\/\/schema.org\",\"@graph\":[{\"@type\":\"Article\",\"@id\":\"https:\/\/rotario.com.br\/site\/rio-das-ostras-contara-com-unidade-movel-do-governo-federal-para-cirurgias-de-catarata-em-maio\/#article\",\"isPartOf\":{\"@id\":\"https:\/\/rotario.com.br\/site\/rio-das-ostras-contara-com-unidade-movel-do-governo-federal-para-cirurgias-de-catarata-em-maio\/\"},\"author\":{\"name\":\"Galv\u00e3o\",\"@id\":\"https:\/\/rotario.com.br\/site\/#\/schema\/person\/fd89bbbf4136f7e8a21e0dd67b8a66c7\"},\"headline\":\"Rio das Ostras contar\u00e1 com unidade m\u00f3vel do governo federal para cirurgias de catarata em maio\",\"datePublished\":\"2026-04-30T20:10:14+00:00\",\"dateModified\":\"2026-04-30T20:10:22+00:00\",\"mainEntityOfPage\":{\"@id\":\"https:\/\/rotario.com.br\/site\/rio-das-ostras-contara-com-unidade-movel-do-governo-federal-para-cirurgias-de-catarata-em-maio\/\"},\"wordCount\":654,\"commentCount\":0,\"publisher\":{\"@id\":\"https:\/\/rotario.com.br\/site\/#organization\"},\"image\":{\"@id\":\"https:\/\/rotario.com.br\/site\/rio-das-ostras-contara-com-unidade-movel-do-governo-federal-para-cirurgias-de-catarata-em-maio\/#primaryimage\"},\"thumbnailUrl\":\"https:\/\/rotario.com.br\/site\/wp-content\/uploads\/2026\/04\/WhatsApp-Image-2026-04-30-at-14.57.49.jpeg\",\"keywords\":[\"cirurgias de catarata da Carreta da Sa\u00fade Oftalmol\u00f3gica\"],\"articleSection\":[\"Rio das Ostras\"],\"inLanguage\":\"pt-BR\",\"potentialAction\":[{\"@type\":\"CommentAction\",\"name\":\"Comment\",\"target\":[\"https:\/\/rotario.com.br\/site\/rio-das-ostras-contara-com-unidade-movel-do-governo-federal-para-cirurgias-de-catarata-em-maio\/#respond\"]}]},{\"@type\":\"WebPage\",\"@id\":\"https:\/\/rotario.com.br\/site\/rio-das-ostras-contara-com-unidade-movel-do-governo-federal-para-cirurgias-de-catarata-em-maio\/\",\"url\":\"https:\/\/rotario.com.br\/site\/rio-das-ostras-contara-com-unidade-movel-do-governo-federal-para-cirurgias-de-catarata-em-maio\/\",\"name\":\"Rio das Ostras contar\u00e1 com unidade m\u00f3vel do governo federal para cirurgias de catarata em maio - Rota Rio\",\"isPartOf\":{\"@id\":\"https:\/\/rotario.com.br\/site\/#website\"},\"primaryImageOfPage\":{\"@id\":\"https:\/\/rotario.com.br\/site\/rio-das-ostras-contara-com-unidade-movel-do-governo-federal-para-cirurgias-de-catarata-em-maio\/#primaryimage\"},\"image\":{\"@id\":\"https:\/\/rotario.com.br\/site\/rio-das-ostras-contara-com-unidade-movel-do-governo-federal-para-cirurgias-de-catarata-em-maio\/#primaryimage\"},\"thumbnailUrl\":\"https:\/\/rotario.com.br\/site\/wp-content\/uploads\/2026\/04\/WhatsApp-Image-2026-04-30-at-14.57.49.jpeg\",\"datePublished\":\"2026-04-30T20:10:14+00:00\",\"dateModified\":\"2026-04-30T20:10:22+00:00\",\"breadcrumb\":{\"@id\":\"https:\/\/rotario.com.br\/site\/rio-das-ostras-contara-com-unidade-movel-do-governo-federal-para-cirurgias-de-catarata-em-maio\/#breadcrumb\"},\"inLanguage\":\"pt-BR\",\"potentialAction\":[{\"@type\":\"ReadAction\",\"target\":[\"https:\/\/rotario.com.br\/site\/rio-das-ostras-contara-com-unidade-movel-do-governo-federal-para-cirurgias-de-catarata-em-maio\/\"]}]},{\"@type\":\"ImageObject\",\"inLanguage\":\"pt-BR\",\"@id\":\"https:\/\/rotario.com.br\/site\/rio-das-ostras-contara-com-unidade-movel-do-governo-federal-para-cirurgias-de-catarata-em-maio\/#primaryimage\",\"url\":\"https:\/\/rotario.com.br\/site\/wp-content\/uploads\/2026\/04\/WhatsApp-Image-2026-04-30-at-14.57.49.jpeg\",\"contentUrl\":\"https:\/\/rotario.com.br\/site\/wp-content\/uploads\/2026\/04\/WhatsApp-Image-2026-04-30-at-14.57.49.jpeg\",\"width\":1600,\"height\":1066},{\"@type\":\"BreadcrumbList\",\"@id\":\"https:\/\/rotario.com.br\/site\/rio-das-ostras-contara-com-unidade-movel-do-governo-federal-para-cirurgias-de-catarata-em-maio\/#breadcrumb\",\"itemListElement\":[{\"@type\":\"ListItem\",\"position\":1,\"name\":\"In\u00edcio\",\"item\":\"https:\/\/rotario.com.br\/site\/\"},{\"@type\":\"ListItem\",\"position\":2,\"name\":\"Rio das Ostras contar\u00e1 com unidade m\u00f3vel do governo federal para cirurgias de catarata em maio\"}]},{\"@type\":\"WebSite\",\"@id\":\"https:\/\/rotario.com.br\/site\/#website\",\"url\":\"https:\/\/rotario.com.br\/site\/\",\"name\":\"Rota Rio\",\"description\":\"Aqui, o Rio de Janeiro \u00e9 a pauta!\",\"publisher\":{\"@id\":\"https:\/\/rotario.com.br\/site\/#organization\"},\"potentialAction\":[{\"@type\":\"SearchAction\",\"target\":{\"@type\":\"EntryPoint\",\"urlTemplate\":\"https:\/\/rotario.com.br\/site\/?s={search_term_string}\"},\"query-input\":{\"@type\":\"PropertyValueSpecification\",\"valueRequired\":true,\"valueName\":\"search_term_string\"}}],\"inLanguage\":\"pt-BR\"},{\"@type\":\"Organization\",\"@id\":\"https:\/\/rotario.com.br\/site\/#organization\",\"name\":\"Rota Rio\",\"url\":\"https:\/\/rotario.com.br\/site\/\",\"logo\":{\"@type\":\"ImageObject\",\"inLanguage\":\"pt-BR\",\"@id\":\"https:\/\/rotario.com.br\/site\/#\/schema\/logo\/image\/\",\"url\":\"https:\/\/rotario.com.br\/site\/wp-content\/uploads\/2022\/04\/cropped-ROTARIO-LOGO-Prancheta-1-1-2048x654-1.png\",\"contentUrl\":\"https:\/\/rotario.com.br\/site\/wp-content\/uploads\/2022\/04\/cropped-ROTARIO-LOGO-Prancheta-1-1-2048x654-1.png\",\"width\":2048,\"height\":654,\"caption\":\"Rota Rio\"},\"image\":{\"@id\":\"https:\/\/rotario.com.br\/site\/#\/schema\/logo\/image\/\"}},{\"@type\":\"Person\",\"@id\":\"https:\/\/rotario.com.br\/site\/#\/schema\/person\/fd89bbbf4136f7e8a21e0dd67b8a66c7\",\"name\":\"Galv\u00e3o\",\"url\":\"https:\/\/rotario.com.br\/site\/author\/daniel\/\"}]}<\/script>\n<!-- \/ Yoast SEO plugin. -->","yoast_head_json":{"title":"Rio das Ostras contar\u00e1 com unidade m\u00f3vel do governo federal para cirurgias de catarata em maio - Rota Rio","robots":{"index":"index","follow":"follow","max-snippet":"max-snippet:-1","max-image-preview":"max-image-preview:large","max-video-preview":"max-video-preview:-1"},"canonical":"https:\/\/rotario.com.br\/site\/rio-das-ostras-contara-com-unidade-movel-do-governo-federal-para-cirurgias-de-catarata-em-maio\/","og_locale":"pt_BR","og_type":"article","og_title":"Rio das Ostras contar\u00e1 com unidade m\u00f3vel do governo federal para cirurgias de catarata em maio - Rota Rio","og_description":"Rio das Ostras come\u00e7a a receber, nessa sexta-feira, 1\u00ba de maio, feriado do Dia do Trabalhar, as cirurgias de catarata da Carreta da Sa\u00fade Oftalmol\u00f3gica, iniciativa do governo federal que chegou ao munic\u00edpio no \u00faltimo dia 25 de abril. O evento de lan\u00e7amento da unidade m\u00f3vel, que prev\u00ea a realiza\u00e7\u00e3o de 1.200 cirurgias de catarata [&hellip;]","og_url":"https:\/\/rotario.com.br\/site\/rio-das-ostras-contara-com-unidade-movel-do-governo-federal-para-cirurgias-de-catarata-em-maio\/","og_site_name":"Rota Rio","article_published_time":"2026-04-30T20:10:14+00:00","article_modified_time":"2026-04-30T20:10:22+00:00","og_image":[{"width":1600,"height":1066,"url":"https:\/\/rotario.com.br\/site\/wp-content\/uploads\/2026\/04\/WhatsApp-Image-2026-04-30-at-14.57.49.jpeg","type":"image\/jpeg"}],"author":"Galv\u00e3o","twitter_card":"summary_large_image","twitter_misc":{"Escrito por":"Galv\u00e3o","Est. tempo de leitura":"4 minutos"},"schema":{"@context":"https:\/\/schema.org","@graph":[{"@type":"Article","@id":"https:\/\/rotario.com.br\/site\/rio-das-ostras-contara-com-unidade-movel-do-governo-federal-para-cirurgias-de-catarata-em-maio\/#article","isPartOf":{"@id":"https:\/\/rotario.com.br\/site\/rio-das-ostras-contara-com-unidade-movel-do-governo-federal-para-cirurgias-de-catarata-em-maio\/"},"author":{"name":"Galv\u00e3o","@id":"https:\/\/rotario.com.br\/site\/#\/schema\/person\/fd89bbbf4136f7e8a21e0dd67b8a66c7"},"headline":"Rio das Ostras contar\u00e1 com unidade m\u00f3vel do governo federal para cirurgias de catarata em maio","datePublished":"2026-04-30T20:10:14+00:00","dateModified":"2026-04-30T20:10:22+00:00","mainEntityOfPage":{"@id":"https:\/\/rotario.com.br\/site\/rio-das-ostras-contara-com-unidade-movel-do-governo-federal-para-cirurgias-de-catarata-em-maio\/"},"wordCount":654,"commentCount":0,"publisher":{"@id":"https:\/\/rotario.com.br\/site\/#organization"},"image":{"@id":"https:\/\/rotario.com.br\/site\/rio-das-ostras-contara-com-unidade-movel-do-governo-federal-para-cirurgias-de-catarata-em-maio\/#primaryimage"},"thumbnailUrl":"https:\/\/rotario.com.br\/site\/wp-content\/uploads\/2026\/04\/WhatsApp-Image-2026-04-30-at-14.57.49.jpeg","keywords":["cirurgias de catarata da Carreta da Sa\u00fade Oftalmol\u00f3gica"],"articleSection":["Rio das Ostras"],"inLanguage":"pt-BR","potentialAction":[{"@type":"CommentAction","name":"Comment","target":["https:\/\/rotario.com.br\/site\/rio-das-ostras-contara-com-unidade-movel-do-governo-federal-para-cirurgias-de-catarata-em-maio\/#respond"]}]},{"@type":"WebPage","@id":"https:\/\/rotario.com.br\/site\/rio-das-ostras-contara-com-unidade-movel-do-governo-federal-para-cirurgias-de-catarata-em-maio\/","url":"https:\/\/rotario.com.br\/site\/rio-das-ostras-contara-com-unidade-movel-do-governo-federal-para-cirurgias-de-catarata-em-maio\/","name":"Rio das Ostras contar\u00e1 com unidade m\u00f3vel do governo federal para cirurgias de catarata em maio - Rota Rio","isPartOf":{"@id":"https:\/\/rotario.com.br\/site\/#website"},"primaryImageOfPage":{"@id":"https:\/\/rotario.com.br\/site\/rio-das-ostras-contara-com-unidade-movel-do-governo-federal-para-cirurgias-de-catarata-em-maio\/#primaryimage"},"image":{"@id":"https:\/\/rotario.com.br\/site\/rio-das-ostras-contara-com-unidade-movel-do-governo-federal-para-cirurgias-de-catarata-em-maio\/#primaryimage"},"thumbnailUrl":"https:\/\/rotario.com.br\/site\/wp-content\/uploads\/2026\/04\/WhatsApp-Image-2026-04-30-at-14.57.49.jpeg","datePublished":"2026-04-30T20:10:14+00:00","dateModified":"2026-04-30T20:10:22+00:00","breadcrumb":{"@id":"https:\/\/rotario.com.br\/site\/rio-das-ostras-contara-com-unidade-movel-do-governo-federal-para-cirurgias-de-catarata-em-maio\/#breadcrumb"},"inLanguage":"pt-BR","potentialAction":[{"@type":"ReadAction","target":["https:\/\/rotario.com.br\/site\/rio-das-ostras-contara-com-unidade-movel-do-governo-federal-para-cirurgias-de-catarata-em-maio\/"]}]},{"@type":"ImageObject","inLanguage":"pt-BR","@id":"https:\/\/rotario.com.br\/site\/rio-das-ostras-contara-com-unidade-movel-do-governo-federal-para-cirurgias-de-catarata-em-maio\/#primaryimage","url":"https:\/\/rotario.com.br\/site\/wp-content\/uploads\/2026\/04\/WhatsApp-Image-2026-04-30-at-14.57.49.jpeg","contentUrl":"https:\/\/rotario.com.br\/site\/wp-content\/uploads\/2026\/04\/WhatsApp-Image-2026-04-30-at-14.57.49.jpeg","width":1600,"height":1066},{"@type":"BreadcrumbList","@id":"https:\/\/rotario.com.br\/site\/rio-das-ostras-contara-com-unidade-movel-do-governo-federal-para-cirurgias-de-catarata-em-maio\/#breadcrumb","itemListElement":[{"@type":"ListItem","position":1,"name":"In\u00edcio","item":"https:\/\/rotario.com.br\/site\/"},{"@type":"ListItem","position":2,"name":"Rio das Ostras contar\u00e1 com unidade m\u00f3vel do governo federal para cirurgias de catarata em maio"}]},{"@type":"WebSite","@id":"https:\/\/rotario.com.br\/site\/#website","url":"https:\/\/rotario.com.br\/site\/","name":"Rota Rio","description":"Aqui, o Rio de Janeiro \u00e9 a pauta!","publisher":{"@id":"https:\/\/rotario.com.br\/site\/#organization"},"potentialAction":[{"@type":"SearchAction","target":{"@type":"EntryPoint","urlTemplate":"https:\/\/rotario.com.br\/site\/?s={search_term_string}"},"query-input":{"@type":"PropertyValueSpecification","valueRequired":true,"valueName":"search_term_string"}}],"inLanguage":"pt-BR"},{"@type":"Organization","@id":"https:\/\/rotario.com.br\/site\/#organization","name":"Rota Rio","url":"https:\/\/rotario.com.br\/site\/","logo":{"@type":"ImageObject","inLanguage":"pt-BR","@id":"https:\/\/rotario.com.br\/site\/#\/schema\/logo\/image\/","url":"https:\/\/rotario.com.br\/site\/wp-content\/uploads\/2022\/04\/cropped-ROTARIO-LOGO-Prancheta-1-1-2048x654-1.png","contentUrl":"https:\/\/rotario.com.br\/site\/wp-content\/uploads\/2022\/04\/cropped-ROTARIO-LOGO-Prancheta-1-1-2048x654-1.png","width":2048,"height":654,"caption":"Rota Rio"},"image":{"@id":"https:\/\/rotario.com.br\/site\/#\/schema\/logo\/image\/"}},{"@type":"Person","@id":"https:\/\/rotario.com.br\/site\/#\/schema\/person\/fd89bbbf4136f7e8a21e0dd67b8a66c7","name":"Galv\u00e3o","url":"https:\/\/rotario.com.br\/site\/author\/daniel\/"}]}},"_links":{"self":[{"href":"https:\/\/rotario.com.br\/site\/wp-json\/wp\/v2\/posts\/35818","targetHints":{"allow":["GET"]}}],"collection":[{"href":"https:\/\/rotario.com.br\/site\/wp-json\/wp\/v2\/posts"}],"about":[{"href":"https:\/\/rotario.com.br\/site\/wp-json\/wp\/v2\/types\/post"}],"author":[{"embeddable":true,"href":"https:\/\/rotario.com.br\/site\/wp-json\/wp\/v2\/users\/2"}],"replies":[{"embeddable":true,"href":"https:\/\/rotario.com.br\/site\/wp-json\/wp\/v2\/comments?post=35818"}],"version-history":[{"count":1,"href":"https:\/\/rotario.com.br\/site\/wp-json\/wp\/v2\/posts\/35818\/revisions"}],"predecessor-version":[{"id":35820,"href":"https:\/\/rotario.com.br\/site\/wp-json\/wp\/v2\/posts\/35818\/revisions\/35820"}],"wp:featuredmedia":[{"embeddable":true,"href":"https:\/\/rotario.com.br\/site\/wp-json\/wp\/v2\/media\/35819"}],"wp:attachment":[{"href":"https:\/\/rotario.com.br\/site\/wp-json\/wp\/v2\/media?parent=35818"}],"wp:term":[{"taxonomy":"category","embeddable":true,"href":"https:\/\/rotario.com.br\/site\/wp-json\/wp\/v2\/categories?post=35818"},{"taxonomy":"post_tag","embeddable":true,"href":"https:\/\/rotario.com.br\/site\/wp-json\/wp\/v2\/tags?post=35818"}],"curies":[{"name":"wp","href":"https:\/\/api.w.org\/{rel}","templated":true}]}}