{"id":35828,"date":"2026-05-01T07:43:00","date_gmt":"2026-05-01T10:43:00","guid":{"rendered":"https:\/\/rotario.com.br\/site\/?p=35828"},"modified":"2026-04-30T17:47:43","modified_gmt":"2026-04-30T20:47:43","slug":"macae-vira-palco-de-grandes-eventos-esportivos-no-dia-do-trabalhador","status":"publish","type":"post","link":"https:\/\/rotario.com.br\/site\/macae-vira-palco-de-grandes-eventos-esportivos-no-dia-do-trabalhador\/","title":{"rendered":"Maca\u00e9 vira palco de grandes eventos esportivos no Dia do Trabalhador"},"content":{"rendered":"\n<p>Maca\u00e9 contar\u00e1 com uma ampla programa\u00e7\u00e3o esportiva neste final de semana. A programa\u00e7\u00e3o envolve disputas intensas com a reta final da Maca\u00e9 Cup Futsal. Outra modalidade que ir\u00e1 desembarcar no mun\u00edcio \u00e9 a capoeira, com a realiza\u00e7\u00e3o da 1\u00aa Copa Carukango. Outra atra\u00e7\u00e3o que deve mobilizar o p\u00fablico \u00e9 a 2\u00aa Corrida Nacional do SESI.<\/p>\n\n\n\n<p>A programa\u00e7\u00e3o ter\u00e1 in\u00edcio j\u00e1 nesta sexta-feira (1\u00ba), Dia do Trabalhador. Na ocasi\u00e3o, atletas profissionais e amadores v\u00e3o se reunir para a realiza\u00e7\u00e3o da 2\u00aa Corrida Nacional do SESI. A largada est\u00e1 prevista para \u00e0s 8h, na Avenida Atl\u00e2ntica, na Praia Campista. Os participantes v\u00e3o desfrutar de provas de 5 km e 10 km, al\u00e9m de uma caminhada de 3 km e a tradicional Corrida Kids, voltada para crian\u00e7as de 4 a 13 anos, com percursos adaptados e car\u00e1ter l\u00fadico.<\/p>\n\n\n\n<p>Tamb\u00e9m na sexta teremos as semifinais da Maca\u00e9 Cup Futsal 2026. Os jogos ser\u00e3o disputados no Gin\u00e1sio Poliesportivo. A competi\u00e7\u00e3o re\u00fane diversas categorias, dentre elas: Sub-08, Sub-09, Sub-10, Sub-11, Sub-12, Sub-13, Sub-14, Sub-15 e Sub-16. Os jogos est\u00e3o programados das 7h \u00e0s 20h30.<\/p>\n\n\n\n<p>A Maca\u00e9 Cup Futsal est\u00e1 reunindo 35 clubes participantes, somando 109 equipes nas nove categorias em disputa. Ao todo, mais de 1.600 atletas entram em quadra, al\u00e9m de cerca de 120 integrantes de comiss\u00f5es t\u00e9cnicas, ultrapassando 1.700 pessoas diretamente envolvidas na competi\u00e7\u00e3o.<\/p>\n\n\n\n<p>As equipes representam cidades da regi\u00e3o, como Maca\u00e9, Cabo Frio, Campos dos Goytacazes, Carapebus, Quissam\u00e3 e Rio das Ostras, promovendo integra\u00e7\u00e3o esportiva e revelando novos talentos do futsal fluminense.<\/p>\n\n\n\n<p>J\u00e1 no s\u00e1bado (2), o Gin\u00e1sio Poliesportivo ir\u00e1 receber a 1\u00aa Copa Carukango de Capoeira. O evento est\u00e1 programado para ter in\u00edcio \u00e0s 7h e encerramento previsto \u00e0s 15h. A programa\u00e7\u00e3o come\u00e7a com recep\u00e7\u00e3o dos atletas, forma\u00e7\u00e3o e execu\u00e7\u00e3o do hino nacional brasileiro. Logo depois haver\u00e1 a abertura oficial com contador de hist\u00f3rias (m\u00fasica essa arte), apresenta\u00e7\u00e3o da APAE, com o instrutor Bolado e apresenta\u00e7\u00e3o kids (abaixo de sete anos).<br>De acordo com os organizadores, as competi\u00e7\u00f5es devem ter in\u00edcio \u00e0s 9h10, com a categoria infantil (oito, nove e dez anos). Na sequ\u00eancia, apresenta\u00e7\u00e3o cultural Maculel\u00ea, categoria juvenil B (15, 16 e 17 anos), adulto amador (at\u00e9 a quarta gradua\u00e7\u00e3o), adulto absoluto (a partir de graduado), apresenta\u00e7\u00e3o cultural de Jongo, apresenta\u00e7\u00e3o cultural, finais de todas as categorias e premia\u00e7\u00e3o.<\/p>\n","protected":false},"excerpt":{"rendered":"<p>Maca\u00e9 contar\u00e1 com uma ampla programa\u00e7\u00e3o esportiva neste final de semana. A programa\u00e7\u00e3o envolve disputas intensas com a reta final da Maca\u00e9 Cup Futsal. Outra modalidade que ir\u00e1 desembarcar no mun\u00edcio \u00e9 a capoeira, com a realiza\u00e7\u00e3o da 1\u00aa Copa Carukango. Outra atra\u00e7\u00e3o que deve mobilizar o p\u00fablico \u00e9 a 2\u00aa Corrida Nacional do SESI. [&hellip;]<\/p>\n","protected":false},"author":2,"featured_media":35829,"comment_status":"open","ping_status":"closed","sticky":false,"template":"","format":"standard","meta":{"footnotes":""},"categories":[1584],"tags":[2793],"class_list":["post-35828","post","type-post","status-publish","format-standard","has-post-thumbnail","hentry","category-esporte","tag-grandes-eventos-esportivos-no-dia-do-trabalhador"],"yoast_head":"<!-- This site is optimized with the Yoast SEO plugin v26.5 - https:\/\/yoast.com\/wordpress\/plugins\/seo\/ -->\n<title>Maca\u00e9 vira palco de grandes eventos esportivos no Dia do Trabalhador - Rota Rio<\/title>\n<meta name=\"robots\" content=\"index, follow, max-snippet:-1, max-image-preview:large, max-video-preview:-1\" \/>\n<link rel=\"canonical\" href=\"https:\/\/rotario.com.br\/site\/macae-vira-palco-de-grandes-eventos-esportivos-no-dia-do-trabalhador\/\" \/>\n<meta property=\"og:locale\" content=\"pt_BR\" \/>\n<meta property=\"og:type\" content=\"article\" \/>\n<meta property=\"og:title\" content=\"Maca\u00e9 vira palco de grandes eventos esportivos no Dia do Trabalhador - Rota Rio\" \/>\n<meta property=\"og:description\" content=\"Maca\u00e9 contar\u00e1 com uma ampla programa\u00e7\u00e3o esportiva neste final de semana. A programa\u00e7\u00e3o envolve disputas intensas com a reta final da Maca\u00e9 Cup Futsal. Outra modalidade que ir\u00e1 desembarcar no mun\u00edcio \u00e9 a capoeira, com a realiza\u00e7\u00e3o da 1\u00aa Copa Carukango. Outra atra\u00e7\u00e3o que deve mobilizar o p\u00fablico \u00e9 a 2\u00aa Corrida Nacional do SESI. [&hellip;]\" \/>\n<meta property=\"og:url\" content=\"https:\/\/rotario.com.br\/site\/macae-vira-palco-de-grandes-eventos-esportivos-no-dia-do-trabalhador\/\" \/>\n<meta property=\"og:site_name\" content=\"Rota Rio\" \/>\n<meta property=\"article:published_time\" content=\"2026-05-01T10:43:00+00:00\" \/>\n<meta property=\"og:image\" content=\"https:\/\/rotario.com.br\/site\/wp-content\/uploads\/2026\/04\/WhatsApp-Image-2026-04-30-at-16.46.59.jpeg\" \/>\n\t<meta property=\"og:image:width\" content=\"1417\" \/>\n\t<meta property=\"og:image:height\" content=\"945\" \/>\n\t<meta property=\"og:image:type\" content=\"image\/jpeg\" \/>\n<meta name=\"author\" content=\"Galv\u00e3o\" \/>\n<meta name=\"twitter:card\" content=\"summary_large_image\" \/>\n<meta name=\"twitter:label1\" content=\"Escrito por\" \/>\n\t<meta name=\"twitter:data1\" content=\"Galv\u00e3o\" \/>\n\t<meta name=\"twitter:label2\" content=\"Est. tempo de leitura\" \/>\n\t<meta name=\"twitter:data2\" content=\"3 minutos\" \/>\n<script type=\"application\/ld+json\" class=\"yoast-schema-graph\">{\"@context\":\"https:\/\/schema.org\",\"@graph\":[{\"@type\":\"Article\",\"@id\":\"https:\/\/rotario.com.br\/site\/macae-vira-palco-de-grandes-eventos-esportivos-no-dia-do-trabalhador\/#article\",\"isPartOf\":{\"@id\":\"https:\/\/rotario.com.br\/site\/macae-vira-palco-de-grandes-eventos-esportivos-no-dia-do-trabalhador\/\"},\"author\":{\"name\":\"Galv\u00e3o\",\"@id\":\"https:\/\/rotario.com.br\/site\/#\/schema\/person\/fd89bbbf4136f7e8a21e0dd67b8a66c7\"},\"headline\":\"Maca\u00e9 vira palco de grandes eventos esportivos no Dia do Trabalhador\",\"datePublished\":\"2026-05-01T10:43:00+00:00\",\"mainEntityOfPage\":{\"@id\":\"https:\/\/rotario.com.br\/site\/macae-vira-palco-de-grandes-eventos-esportivos-no-dia-do-trabalhador\/\"},\"wordCount\":416,\"commentCount\":0,\"publisher\":{\"@id\":\"https:\/\/rotario.com.br\/site\/#organization\"},\"image\":{\"@id\":\"https:\/\/rotario.com.br\/site\/macae-vira-palco-de-grandes-eventos-esportivos-no-dia-do-trabalhador\/#primaryimage\"},\"thumbnailUrl\":\"https:\/\/rotario.com.br\/site\/wp-content\/uploads\/2026\/04\/WhatsApp-Image-2026-04-30-at-16.46.59.jpeg\",\"keywords\":[\"grandes eventos esportivos no Dia do Trabalhador\"],\"articleSection\":[\"Esporte\"],\"inLanguage\":\"pt-BR\",\"potentialAction\":[{\"@type\":\"CommentAction\",\"name\":\"Comment\",\"target\":[\"https:\/\/rotario.com.br\/site\/macae-vira-palco-de-grandes-eventos-esportivos-no-dia-do-trabalhador\/#respond\"]}]},{\"@type\":\"WebPage\",\"@id\":\"https:\/\/rotario.com.br\/site\/macae-vira-palco-de-grandes-eventos-esportivos-no-dia-do-trabalhador\/\",\"url\":\"https:\/\/rotario.com.br\/site\/macae-vira-palco-de-grandes-eventos-esportivos-no-dia-do-trabalhador\/\",\"name\":\"Maca\u00e9 vira palco de grandes eventos esportivos no Dia do Trabalhador - Rota Rio\",\"isPartOf\":{\"@id\":\"https:\/\/rotario.com.br\/site\/#website\"},\"primaryImageOfPage\":{\"@id\":\"https:\/\/rotario.com.br\/site\/macae-vira-palco-de-grandes-eventos-esportivos-no-dia-do-trabalhador\/#primaryimage\"},\"image\":{\"@id\":\"https:\/\/rotario.com.br\/site\/macae-vira-palco-de-grandes-eventos-esportivos-no-dia-do-trabalhador\/#primaryimage\"},\"thumbnailUrl\":\"https:\/\/rotario.com.br\/site\/wp-content\/uploads\/2026\/04\/WhatsApp-Image-2026-04-30-at-16.46.59.jpeg\",\"datePublished\":\"2026-05-01T10:43:00+00:00\",\"breadcrumb\":{\"@id\":\"https:\/\/rotario.com.br\/site\/macae-vira-palco-de-grandes-eventos-esportivos-no-dia-do-trabalhador\/#breadcrumb\"},\"inLanguage\":\"pt-BR\",\"potentialAction\":[{\"@type\":\"ReadAction\",\"target\":[\"https:\/\/rotario.com.br\/site\/macae-vira-palco-de-grandes-eventos-esportivos-no-dia-do-trabalhador\/\"]}]},{\"@type\":\"ImageObject\",\"inLanguage\":\"pt-BR\",\"@id\":\"https:\/\/rotario.com.br\/site\/macae-vira-palco-de-grandes-eventos-esportivos-no-dia-do-trabalhador\/#primaryimage\",\"url\":\"https:\/\/rotario.com.br\/site\/wp-content\/uploads\/2026\/04\/WhatsApp-Image-2026-04-30-at-16.46.59.jpeg\",\"contentUrl\":\"https:\/\/rotario.com.br\/site\/wp-content\/uploads\/2026\/04\/WhatsApp-Image-2026-04-30-at-16.46.59.jpeg\",\"width\":1417,\"height\":945},{\"@type\":\"BreadcrumbList\",\"@id\":\"https:\/\/rotario.com.br\/site\/macae-vira-palco-de-grandes-eventos-esportivos-no-dia-do-trabalhador\/#breadcrumb\",\"itemListElement\":[{\"@type\":\"ListItem\",\"position\":1,\"name\":\"In\u00edcio\",\"item\":\"https:\/\/rotario.com.br\/site\/\"},{\"@type\":\"ListItem\",\"position\":2,\"name\":\"Maca\u00e9 vira palco de grandes eventos esportivos no Dia do Trabalhador\"}]},{\"@type\":\"WebSite\",\"@id\":\"https:\/\/rotario.com.br\/site\/#website\",\"url\":\"https:\/\/rotario.com.br\/site\/\",\"name\":\"Rota Rio\",\"description\":\"Aqui, o Rio de Janeiro \u00e9 a pauta!\",\"publisher\":{\"@id\":\"https:\/\/rotario.com.br\/site\/#organization\"},\"potentialAction\":[{\"@type\":\"SearchAction\",\"target\":{\"@type\":\"EntryPoint\",\"urlTemplate\":\"https:\/\/rotario.com.br\/site\/?s={search_term_string}\"},\"query-input\":{\"@type\":\"PropertyValueSpecification\",\"valueRequired\":true,\"valueName\":\"search_term_string\"}}],\"inLanguage\":\"pt-BR\"},{\"@type\":\"Organization\",\"@id\":\"https:\/\/rotario.com.br\/site\/#organization\",\"name\":\"Rota Rio\",\"url\":\"https:\/\/rotario.com.br\/site\/\",\"logo\":{\"@type\":\"ImageObject\",\"inLanguage\":\"pt-BR\",\"@id\":\"https:\/\/rotario.com.br\/site\/#\/schema\/logo\/image\/\",\"url\":\"https:\/\/rotario.com.br\/site\/wp-content\/uploads\/2022\/04\/cropped-ROTARIO-LOGO-Prancheta-1-1-2048x654-1.png\",\"contentUrl\":\"https:\/\/rotario.com.br\/site\/wp-content\/uploads\/2022\/04\/cropped-ROTARIO-LOGO-Prancheta-1-1-2048x654-1.png\",\"width\":2048,\"height\":654,\"caption\":\"Rota Rio\"},\"image\":{\"@id\":\"https:\/\/rotario.com.br\/site\/#\/schema\/logo\/image\/\"}},{\"@type\":\"Person\",\"@id\":\"https:\/\/rotario.com.br\/site\/#\/schema\/person\/fd89bbbf4136f7e8a21e0dd67b8a66c7\",\"name\":\"Galv\u00e3o\",\"url\":\"https:\/\/rotario.com.br\/site\/author\/daniel\/\"}]}<\/script>\n<!-- \/ Yoast SEO plugin. -->","yoast_head_json":{"title":"Maca\u00e9 vira palco de grandes eventos esportivos no Dia do Trabalhador - Rota Rio","robots":{"index":"index","follow":"follow","max-snippet":"max-snippet:-1","max-image-preview":"max-image-preview:large","max-video-preview":"max-video-preview:-1"},"canonical":"https:\/\/rotario.com.br\/site\/macae-vira-palco-de-grandes-eventos-esportivos-no-dia-do-trabalhador\/","og_locale":"pt_BR","og_type":"article","og_title":"Maca\u00e9 vira palco de grandes eventos esportivos no Dia do Trabalhador - Rota Rio","og_description":"Maca\u00e9 contar\u00e1 com uma ampla programa\u00e7\u00e3o esportiva neste final de semana. A programa\u00e7\u00e3o envolve disputas intensas com a reta final da Maca\u00e9 Cup Futsal. Outra modalidade que ir\u00e1 desembarcar no mun\u00edcio \u00e9 a capoeira, com a realiza\u00e7\u00e3o da 1\u00aa Copa Carukango. Outra atra\u00e7\u00e3o que deve mobilizar o p\u00fablico \u00e9 a 2\u00aa Corrida Nacional do SESI. [&hellip;]","og_url":"https:\/\/rotario.com.br\/site\/macae-vira-palco-de-grandes-eventos-esportivos-no-dia-do-trabalhador\/","og_site_name":"Rota Rio","article_published_time":"2026-05-01T10:43:00+00:00","og_image":[{"width":1417,"height":945,"url":"https:\/\/rotario.com.br\/site\/wp-content\/uploads\/2026\/04\/WhatsApp-Image-2026-04-30-at-16.46.59.jpeg","type":"image\/jpeg"}],"author":"Galv\u00e3o","twitter_card":"summary_large_image","twitter_misc":{"Escrito por":"Galv\u00e3o","Est. tempo de leitura":"3 minutos"},"schema":{"@context":"https:\/\/schema.org","@graph":[{"@type":"Article","@id":"https:\/\/rotario.com.br\/site\/macae-vira-palco-de-grandes-eventos-esportivos-no-dia-do-trabalhador\/#article","isPartOf":{"@id":"https:\/\/rotario.com.br\/site\/macae-vira-palco-de-grandes-eventos-esportivos-no-dia-do-trabalhador\/"},"author":{"name":"Galv\u00e3o","@id":"https:\/\/rotario.com.br\/site\/#\/schema\/person\/fd89bbbf4136f7e8a21e0dd67b8a66c7"},"headline":"Maca\u00e9 vira palco de grandes eventos esportivos no Dia do Trabalhador","datePublished":"2026-05-01T10:43:00+00:00","mainEntityOfPage":{"@id":"https:\/\/rotario.com.br\/site\/macae-vira-palco-de-grandes-eventos-esportivos-no-dia-do-trabalhador\/"},"wordCount":416,"commentCount":0,"publisher":{"@id":"https:\/\/rotario.com.br\/site\/#organization"},"image":{"@id":"https:\/\/rotario.com.br\/site\/macae-vira-palco-de-grandes-eventos-esportivos-no-dia-do-trabalhador\/#primaryimage"},"thumbnailUrl":"https:\/\/rotario.com.br\/site\/wp-content\/uploads\/2026\/04\/WhatsApp-Image-2026-04-30-at-16.46.59.jpeg","keywords":["grandes eventos esportivos no Dia do Trabalhador"],"articleSection":["Esporte"],"inLanguage":"pt-BR","potentialAction":[{"@type":"CommentAction","name":"Comment","target":["https:\/\/rotario.com.br\/site\/macae-vira-palco-de-grandes-eventos-esportivos-no-dia-do-trabalhador\/#respond"]}]},{"@type":"WebPage","@id":"https:\/\/rotario.com.br\/site\/macae-vira-palco-de-grandes-eventos-esportivos-no-dia-do-trabalhador\/","url":"https:\/\/rotario.com.br\/site\/macae-vira-palco-de-grandes-eventos-esportivos-no-dia-do-trabalhador\/","name":"Maca\u00e9 vira palco de grandes eventos esportivos no Dia do Trabalhador - Rota Rio","isPartOf":{"@id":"https:\/\/rotario.com.br\/site\/#website"},"primaryImageOfPage":{"@id":"https:\/\/rotario.com.br\/site\/macae-vira-palco-de-grandes-eventos-esportivos-no-dia-do-trabalhador\/#primaryimage"},"image":{"@id":"https:\/\/rotario.com.br\/site\/macae-vira-palco-de-grandes-eventos-esportivos-no-dia-do-trabalhador\/#primaryimage"},"thumbnailUrl":"https:\/\/rotario.com.br\/site\/wp-content\/uploads\/2026\/04\/WhatsApp-Image-2026-04-30-at-16.46.59.jpeg","datePublished":"2026-05-01T10:43:00+00:00","breadcrumb":{"@id":"https:\/\/rotario.com.br\/site\/macae-vira-palco-de-grandes-eventos-esportivos-no-dia-do-trabalhador\/#breadcrumb"},"inLanguage":"pt-BR","potentialAction":[{"@type":"ReadAction","target":["https:\/\/rotario.com.br\/site\/macae-vira-palco-de-grandes-eventos-esportivos-no-dia-do-trabalhador\/"]}]},{"@type":"ImageObject","inLanguage":"pt-BR","@id":"https:\/\/rotario.com.br\/site\/macae-vira-palco-de-grandes-eventos-esportivos-no-dia-do-trabalhador\/#primaryimage","url":"https:\/\/rotario.com.br\/site\/wp-content\/uploads\/2026\/04\/WhatsApp-Image-2026-04-30-at-16.46.59.jpeg","contentUrl":"https:\/\/rotario.com.br\/site\/wp-content\/uploads\/2026\/04\/WhatsApp-Image-2026-04-30-at-16.46.59.jpeg","width":1417,"height":945},{"@type":"BreadcrumbList","@id":"https:\/\/rotario.com.br\/site\/macae-vira-palco-de-grandes-eventos-esportivos-no-dia-do-trabalhador\/#breadcrumb","itemListElement":[{"@type":"ListItem","position":1,"name":"In\u00edcio","item":"https:\/\/rotario.com.br\/site\/"},{"@type":"ListItem","position":2,"name":"Maca\u00e9 vira palco de grandes eventos esportivos no Dia do Trabalhador"}]},{"@type":"WebSite","@id":"https:\/\/rotario.com.br\/site\/#website","url":"https:\/\/rotario.com.br\/site\/","name":"Rota Rio","description":"Aqui, o Rio de Janeiro \u00e9 a pauta!","publisher":{"@id":"https:\/\/rotario.com.br\/site\/#organization"},"potentialAction":[{"@type":"SearchAction","target":{"@type":"EntryPoint","urlTemplate":"https:\/\/rotario.com.br\/site\/?s={search_term_string}"},"query-input":{"@type":"PropertyValueSpecification","valueRequired":true,"valueName":"search_term_string"}}],"inLanguage":"pt-BR"},{"@type":"Organization","@id":"https:\/\/rotario.com.br\/site\/#organization","name":"Rota Rio","url":"https:\/\/rotario.com.br\/site\/","logo":{"@type":"ImageObject","inLanguage":"pt-BR","@id":"https:\/\/rotario.com.br\/site\/#\/schema\/logo\/image\/","url":"https:\/\/rotario.com.br\/site\/wp-content\/uploads\/2022\/04\/cropped-ROTARIO-LOGO-Prancheta-1-1-2048x654-1.png","contentUrl":"https:\/\/rotario.com.br\/site\/wp-content\/uploads\/2022\/04\/cropped-ROTARIO-LOGO-Prancheta-1-1-2048x654-1.png","width":2048,"height":654,"caption":"Rota Rio"},"image":{"@id":"https:\/\/rotario.com.br\/site\/#\/schema\/logo\/image\/"}},{"@type":"Person","@id":"https:\/\/rotario.com.br\/site\/#\/schema\/person\/fd89bbbf4136f7e8a21e0dd67b8a66c7","name":"Galv\u00e3o","url":"https:\/\/rotario.com.br\/site\/author\/daniel\/"}]}},"_links":{"self":[{"href":"https:\/\/rotario.com.br\/site\/wp-json\/wp\/v2\/posts\/35828","targetHints":{"allow":["GET"]}}],"collection":[{"href":"https:\/\/rotario.com.br\/site\/wp-json\/wp\/v2\/posts"}],"about":[{"href":"https:\/\/rotario.com.br\/site\/wp-json\/wp\/v2\/types\/post"}],"author":[{"embeddable":true,"href":"https:\/\/rotario.com.br\/site\/wp-json\/wp\/v2\/users\/2"}],"replies":[{"embeddable":true,"href":"https:\/\/rotario.com.br\/site\/wp-json\/wp\/v2\/comments?post=35828"}],"version-history":[{"count":1,"href":"https:\/\/rotario.com.br\/site\/wp-json\/wp\/v2\/posts\/35828\/revisions"}],"predecessor-version":[{"id":35830,"href":"https:\/\/rotario.com.br\/site\/wp-json\/wp\/v2\/posts\/35828\/revisions\/35830"}],"wp:featuredmedia":[{"embeddable":true,"href":"https:\/\/rotario.com.br\/site\/wp-json\/wp\/v2\/media\/35829"}],"wp:attachment":[{"href":"https:\/\/rotario.com.br\/site\/wp-json\/wp\/v2\/media?parent=35828"}],"wp:term":[{"taxonomy":"category","embeddable":true,"href":"https:\/\/rotario.com.br\/site\/wp-json\/wp\/v2\/categories?post=35828"},{"taxonomy":"post_tag","embeddable":true,"href":"https:\/\/rotario.com.br\/site\/wp-json\/wp\/v2\/tags?post=35828"}],"curies":[{"name":"wp","href":"https:\/\/api.w.org\/{rel}","templated":true}]}}