{"id":35831,"date":"2026-05-02T07:49:00","date_gmt":"2026-05-02T10:49:00","guid":{"rendered":"https:\/\/rotario.com.br\/site\/?p=35831"},"modified":"2026-04-30T17:57:25","modified_gmt":"2026-04-30T20:57:25","slug":"atleta-de-rio-das-ostras-leva-o-ouro-em-torneio-de-volei-de-praia-master-em-copacabana","status":"publish","type":"post","link":"https:\/\/rotario.com.br\/site\/atleta-de-rio-das-ostras-leva-o-ouro-em-torneio-de-volei-de-praia-master-em-copacabana\/","title":{"rendered":"Atleta de Rio das Ostras leva o ouro em torneio de v\u00f4lei de praia master em Copacabana"},"content":{"rendered":"\n<p>O atleta riostrense Dan\u00fabio Rondon, foi destaque durante a disputa da 2\u00aa etapa do Circuito Carioca Master de V\u00f4lei de Praia (CCMVP), conquistando o lugar mais do p\u00f3dio na categoria 40+ ao lado de Renato Brand\u00e3o.<\/p>\n\n\n\n<p>Disputada nas areias da Praia de Copacabana, no Rio, no \u00faltimo fim de semana, a competi\u00e7\u00e3o contou com cerca de 165 equipes, somando mil atletas da modalidade ol\u00edmpica com idade entre 30 e 70 anos.<\/p>\n\n\n\n<p>Juntos, Dan\u00fabio Rondon e Renato Brand\u00e3o venceram os 5 jogos da competi\u00e7\u00e3o at\u00e9 a grande decis\u00e3o, conquistando o ouro de forma invicta pela Equipe R.O. de V\u00f4lei de Praia, que treina 3 vezes na semana na Praia do Bosque.<\/p>\n\n\n\n<p>Depois de um ano batendo na trave, conseguimos o nosso t\u00edtulo do torneio organizado pela Federa\u00e7\u00e3o de Voleibol Master do Rio de Janeiro (FVMR), eu e meu parceiro Renato Brand\u00e3o fizemos um excelente campeonato com 5 jogos e 5 vit\u00f3rias. Obrigado pela resili\u00eancia\u201d, comemorou Dan\u00fabio Rondon, em publica\u00e7\u00e3o no perfil da Equipe.<\/p>\n","protected":false},"excerpt":{"rendered":"<p>O atleta riostrense Dan\u00fabio Rondon, foi destaque durante a disputa da 2\u00aa etapa do Circuito Carioca Master de V\u00f4lei de Praia (CCMVP), conquistando o lugar mais do p\u00f3dio na categoria 40+ ao lado de Renato Brand\u00e3o. Disputada nas areias da Praia de Copacabana, no Rio, no \u00faltimo fim de semana, a competi\u00e7\u00e3o contou com cerca [&hellip;]<\/p>\n","protected":false},"author":2,"featured_media":35832,"comment_status":"open","ping_status":"closed","sticky":false,"template":"","format":"standard","meta":{"footnotes":""},"categories":[1584],"tags":[2794],"class_list":["post-35831","post","type-post","status-publish","format-standard","has-post-thumbnail","hentry","category-esporte","tag-atleta-de-rio-das-ostras-leva-o-ouro-em-torneio-de-volei-de-praia-master-em-copacabana"],"yoast_head":"<!-- This site is optimized with the Yoast SEO plugin v26.5 - https:\/\/yoast.com\/wordpress\/plugins\/seo\/ -->\n<title>Atleta de Rio das Ostras leva o ouro em torneio de v\u00f4lei de praia master em Copacabana - Rota Rio<\/title>\n<meta name=\"robots\" content=\"index, follow, max-snippet:-1, max-image-preview:large, max-video-preview:-1\" \/>\n<link rel=\"canonical\" href=\"https:\/\/rotario.com.br\/site\/atleta-de-rio-das-ostras-leva-o-ouro-em-torneio-de-volei-de-praia-master-em-copacabana\/\" \/>\n<meta property=\"og:locale\" content=\"pt_BR\" \/>\n<meta property=\"og:type\" content=\"article\" \/>\n<meta property=\"og:title\" content=\"Atleta de Rio das Ostras leva o ouro em torneio de v\u00f4lei de praia master em Copacabana - Rota Rio\" \/>\n<meta property=\"og:description\" content=\"O atleta riostrense Dan\u00fabio Rondon, foi destaque durante a disputa da 2\u00aa etapa do Circuito Carioca Master de V\u00f4lei de Praia (CCMVP), conquistando o lugar mais do p\u00f3dio na categoria 40+ ao lado de Renato Brand\u00e3o. Disputada nas areias da Praia de Copacabana, no Rio, no \u00faltimo fim de semana, a competi\u00e7\u00e3o contou com cerca [&hellip;]\" \/>\n<meta property=\"og:url\" content=\"https:\/\/rotario.com.br\/site\/atleta-de-rio-das-ostras-leva-o-ouro-em-torneio-de-volei-de-praia-master-em-copacabana\/\" \/>\n<meta property=\"og:site_name\" content=\"Rota Rio\" \/>\n<meta property=\"article:published_time\" content=\"2026-05-02T10:49:00+00:00\" \/>\n<meta property=\"og:image\" content=\"https:\/\/rotario.com.br\/site\/wp-content\/uploads\/2026\/04\/WhatsApp-Image-2026-04-30-at-16.23.17.jpeg\" \/>\n\t<meta property=\"og:image:width\" content=\"800\" \/>\n\t<meta property=\"og:image:height\" content=\"600\" \/>\n\t<meta property=\"og:image:type\" content=\"image\/jpeg\" \/>\n<meta name=\"author\" content=\"Galv\u00e3o\" \/>\n<meta name=\"twitter:card\" content=\"summary_large_image\" \/>\n<meta name=\"twitter:label1\" content=\"Escrito por\" \/>\n\t<meta name=\"twitter:data1\" content=\"Galv\u00e3o\" \/>\n\t<meta name=\"twitter:label2\" content=\"Est. tempo de leitura\" \/>\n\t<meta name=\"twitter:data2\" content=\"2 minutos\" \/>\n<script type=\"application\/ld+json\" class=\"yoast-schema-graph\">{\"@context\":\"https:\/\/schema.org\",\"@graph\":[{\"@type\":\"Article\",\"@id\":\"https:\/\/rotario.com.br\/site\/atleta-de-rio-das-ostras-leva-o-ouro-em-torneio-de-volei-de-praia-master-em-copacabana\/#article\",\"isPartOf\":{\"@id\":\"https:\/\/rotario.com.br\/site\/atleta-de-rio-das-ostras-leva-o-ouro-em-torneio-de-volei-de-praia-master-em-copacabana\/\"},\"author\":{\"name\":\"Galv\u00e3o\",\"@id\":\"https:\/\/rotario.com.br\/site\/#\/schema\/person\/fd89bbbf4136f7e8a21e0dd67b8a66c7\"},\"headline\":\"Atleta de Rio das Ostras leva o ouro em torneio de v\u00f4lei de praia master em Copacabana\",\"datePublished\":\"2026-05-02T10:49:00+00:00\",\"mainEntityOfPage\":{\"@id\":\"https:\/\/rotario.com.br\/site\/atleta-de-rio-das-ostras-leva-o-ouro-em-torneio-de-volei-de-praia-master-em-copacabana\/\"},\"wordCount\":190,\"commentCount\":0,\"publisher\":{\"@id\":\"https:\/\/rotario.com.br\/site\/#organization\"},\"image\":{\"@id\":\"https:\/\/rotario.com.br\/site\/atleta-de-rio-das-ostras-leva-o-ouro-em-torneio-de-volei-de-praia-master-em-copacabana\/#primaryimage\"},\"thumbnailUrl\":\"https:\/\/rotario.com.br\/site\/wp-content\/uploads\/2026\/04\/WhatsApp-Image-2026-04-30-at-16.23.17.jpeg\",\"keywords\":[\"Atleta de Rio das Ostras leva o ouro em torneio de v\u00f4lei de praia master em Copacabana\"],\"articleSection\":[\"Esporte\"],\"inLanguage\":\"pt-BR\",\"potentialAction\":[{\"@type\":\"CommentAction\",\"name\":\"Comment\",\"target\":[\"https:\/\/rotario.com.br\/site\/atleta-de-rio-das-ostras-leva-o-ouro-em-torneio-de-volei-de-praia-master-em-copacabana\/#respond\"]}]},{\"@type\":\"WebPage\",\"@id\":\"https:\/\/rotario.com.br\/site\/atleta-de-rio-das-ostras-leva-o-ouro-em-torneio-de-volei-de-praia-master-em-copacabana\/\",\"url\":\"https:\/\/rotario.com.br\/site\/atleta-de-rio-das-ostras-leva-o-ouro-em-torneio-de-volei-de-praia-master-em-copacabana\/\",\"name\":\"Atleta de Rio das Ostras leva o ouro em torneio de v\u00f4lei de praia master em Copacabana - Rota Rio\",\"isPartOf\":{\"@id\":\"https:\/\/rotario.com.br\/site\/#website\"},\"primaryImageOfPage\":{\"@id\":\"https:\/\/rotario.com.br\/site\/atleta-de-rio-das-ostras-leva-o-ouro-em-torneio-de-volei-de-praia-master-em-copacabana\/#primaryimage\"},\"image\":{\"@id\":\"https:\/\/rotario.com.br\/site\/atleta-de-rio-das-ostras-leva-o-ouro-em-torneio-de-volei-de-praia-master-em-copacabana\/#primaryimage\"},\"thumbnailUrl\":\"https:\/\/rotario.com.br\/site\/wp-content\/uploads\/2026\/04\/WhatsApp-Image-2026-04-30-at-16.23.17.jpeg\",\"datePublished\":\"2026-05-02T10:49:00+00:00\",\"breadcrumb\":{\"@id\":\"https:\/\/rotario.com.br\/site\/atleta-de-rio-das-ostras-leva-o-ouro-em-torneio-de-volei-de-praia-master-em-copacabana\/#breadcrumb\"},\"inLanguage\":\"pt-BR\",\"potentialAction\":[{\"@type\":\"ReadAction\",\"target\":[\"https:\/\/rotario.com.br\/site\/atleta-de-rio-das-ostras-leva-o-ouro-em-torneio-de-volei-de-praia-master-em-copacabana\/\"]}]},{\"@type\":\"ImageObject\",\"inLanguage\":\"pt-BR\",\"@id\":\"https:\/\/rotario.com.br\/site\/atleta-de-rio-das-ostras-leva-o-ouro-em-torneio-de-volei-de-praia-master-em-copacabana\/#primaryimage\",\"url\":\"https:\/\/rotario.com.br\/site\/wp-content\/uploads\/2026\/04\/WhatsApp-Image-2026-04-30-at-16.23.17.jpeg\",\"contentUrl\":\"https:\/\/rotario.com.br\/site\/wp-content\/uploads\/2026\/04\/WhatsApp-Image-2026-04-30-at-16.23.17.jpeg\",\"width\":800,\"height\":600},{\"@type\":\"BreadcrumbList\",\"@id\":\"https:\/\/rotario.com.br\/site\/atleta-de-rio-das-ostras-leva-o-ouro-em-torneio-de-volei-de-praia-master-em-copacabana\/#breadcrumb\",\"itemListElement\":[{\"@type\":\"ListItem\",\"position\":1,\"name\":\"In\u00edcio\",\"item\":\"https:\/\/rotario.com.br\/site\/\"},{\"@type\":\"ListItem\",\"position\":2,\"name\":\"Atleta de Rio das Ostras leva o ouro em torneio de v\u00f4lei de praia master em Copacabana\"}]},{\"@type\":\"WebSite\",\"@id\":\"https:\/\/rotario.com.br\/site\/#website\",\"url\":\"https:\/\/rotario.com.br\/site\/\",\"name\":\"Rota Rio\",\"description\":\"Aqui, o Rio de Janeiro \u00e9 a pauta!\",\"publisher\":{\"@id\":\"https:\/\/rotario.com.br\/site\/#organization\"},\"potentialAction\":[{\"@type\":\"SearchAction\",\"target\":{\"@type\":\"EntryPoint\",\"urlTemplate\":\"https:\/\/rotario.com.br\/site\/?s={search_term_string}\"},\"query-input\":{\"@type\":\"PropertyValueSpecification\",\"valueRequired\":true,\"valueName\":\"search_term_string\"}}],\"inLanguage\":\"pt-BR\"},{\"@type\":\"Organization\",\"@id\":\"https:\/\/rotario.com.br\/site\/#organization\",\"name\":\"Rota Rio\",\"url\":\"https:\/\/rotario.com.br\/site\/\",\"logo\":{\"@type\":\"ImageObject\",\"inLanguage\":\"pt-BR\",\"@id\":\"https:\/\/rotario.com.br\/site\/#\/schema\/logo\/image\/\",\"url\":\"https:\/\/rotario.com.br\/site\/wp-content\/uploads\/2022\/04\/cropped-ROTARIO-LOGO-Prancheta-1-1-2048x654-1.png\",\"contentUrl\":\"https:\/\/rotario.com.br\/site\/wp-content\/uploads\/2022\/04\/cropped-ROTARIO-LOGO-Prancheta-1-1-2048x654-1.png\",\"width\":2048,\"height\":654,\"caption\":\"Rota Rio\"},\"image\":{\"@id\":\"https:\/\/rotario.com.br\/site\/#\/schema\/logo\/image\/\"}},{\"@type\":\"Person\",\"@id\":\"https:\/\/rotario.com.br\/site\/#\/schema\/person\/fd89bbbf4136f7e8a21e0dd67b8a66c7\",\"name\":\"Galv\u00e3o\",\"url\":\"https:\/\/rotario.com.br\/site\/author\/daniel\/\"}]}<\/script>\n<!-- \/ Yoast SEO plugin. -->","yoast_head_json":{"title":"Atleta de Rio das Ostras leva o ouro em torneio de v\u00f4lei de praia master em Copacabana - Rota Rio","robots":{"index":"index","follow":"follow","max-snippet":"max-snippet:-1","max-image-preview":"max-image-preview:large","max-video-preview":"max-video-preview:-1"},"canonical":"https:\/\/rotario.com.br\/site\/atleta-de-rio-das-ostras-leva-o-ouro-em-torneio-de-volei-de-praia-master-em-copacabana\/","og_locale":"pt_BR","og_type":"article","og_title":"Atleta de Rio das Ostras leva o ouro em torneio de v\u00f4lei de praia master em Copacabana - Rota Rio","og_description":"O atleta riostrense Dan\u00fabio Rondon, foi destaque durante a disputa da 2\u00aa etapa do Circuito Carioca Master de V\u00f4lei de Praia (CCMVP), conquistando o lugar mais do p\u00f3dio na categoria 40+ ao lado de Renato Brand\u00e3o. Disputada nas areias da Praia de Copacabana, no Rio, no \u00faltimo fim de semana, a competi\u00e7\u00e3o contou com cerca [&hellip;]","og_url":"https:\/\/rotario.com.br\/site\/atleta-de-rio-das-ostras-leva-o-ouro-em-torneio-de-volei-de-praia-master-em-copacabana\/","og_site_name":"Rota Rio","article_published_time":"2026-05-02T10:49:00+00:00","og_image":[{"width":800,"height":600,"url":"https:\/\/rotario.com.br\/site\/wp-content\/uploads\/2026\/04\/WhatsApp-Image-2026-04-30-at-16.23.17.jpeg","type":"image\/jpeg"}],"author":"Galv\u00e3o","twitter_card":"summary_large_image","twitter_misc":{"Escrito por":"Galv\u00e3o","Est. tempo de leitura":"2 minutos"},"schema":{"@context":"https:\/\/schema.org","@graph":[{"@type":"Article","@id":"https:\/\/rotario.com.br\/site\/atleta-de-rio-das-ostras-leva-o-ouro-em-torneio-de-volei-de-praia-master-em-copacabana\/#article","isPartOf":{"@id":"https:\/\/rotario.com.br\/site\/atleta-de-rio-das-ostras-leva-o-ouro-em-torneio-de-volei-de-praia-master-em-copacabana\/"},"author":{"name":"Galv\u00e3o","@id":"https:\/\/rotario.com.br\/site\/#\/schema\/person\/fd89bbbf4136f7e8a21e0dd67b8a66c7"},"headline":"Atleta de Rio das Ostras leva o ouro em torneio de v\u00f4lei de praia master em Copacabana","datePublished":"2026-05-02T10:49:00+00:00","mainEntityOfPage":{"@id":"https:\/\/rotario.com.br\/site\/atleta-de-rio-das-ostras-leva-o-ouro-em-torneio-de-volei-de-praia-master-em-copacabana\/"},"wordCount":190,"commentCount":0,"publisher":{"@id":"https:\/\/rotario.com.br\/site\/#organization"},"image":{"@id":"https:\/\/rotario.com.br\/site\/atleta-de-rio-das-ostras-leva-o-ouro-em-torneio-de-volei-de-praia-master-em-copacabana\/#primaryimage"},"thumbnailUrl":"https:\/\/rotario.com.br\/site\/wp-content\/uploads\/2026\/04\/WhatsApp-Image-2026-04-30-at-16.23.17.jpeg","keywords":["Atleta de Rio das Ostras leva o ouro em torneio de v\u00f4lei de praia master em Copacabana"],"articleSection":["Esporte"],"inLanguage":"pt-BR","potentialAction":[{"@type":"CommentAction","name":"Comment","target":["https:\/\/rotario.com.br\/site\/atleta-de-rio-das-ostras-leva-o-ouro-em-torneio-de-volei-de-praia-master-em-copacabana\/#respond"]}]},{"@type":"WebPage","@id":"https:\/\/rotario.com.br\/site\/atleta-de-rio-das-ostras-leva-o-ouro-em-torneio-de-volei-de-praia-master-em-copacabana\/","url":"https:\/\/rotario.com.br\/site\/atleta-de-rio-das-ostras-leva-o-ouro-em-torneio-de-volei-de-praia-master-em-copacabana\/","name":"Atleta de Rio das Ostras leva o ouro em torneio de v\u00f4lei de praia master em Copacabana - Rota Rio","isPartOf":{"@id":"https:\/\/rotario.com.br\/site\/#website"},"primaryImageOfPage":{"@id":"https:\/\/rotario.com.br\/site\/atleta-de-rio-das-ostras-leva-o-ouro-em-torneio-de-volei-de-praia-master-em-copacabana\/#primaryimage"},"image":{"@id":"https:\/\/rotario.com.br\/site\/atleta-de-rio-das-ostras-leva-o-ouro-em-torneio-de-volei-de-praia-master-em-copacabana\/#primaryimage"},"thumbnailUrl":"https:\/\/rotario.com.br\/site\/wp-content\/uploads\/2026\/04\/WhatsApp-Image-2026-04-30-at-16.23.17.jpeg","datePublished":"2026-05-02T10:49:00+00:00","breadcrumb":{"@id":"https:\/\/rotario.com.br\/site\/atleta-de-rio-das-ostras-leva-o-ouro-em-torneio-de-volei-de-praia-master-em-copacabana\/#breadcrumb"},"inLanguage":"pt-BR","potentialAction":[{"@type":"ReadAction","target":["https:\/\/rotario.com.br\/site\/atleta-de-rio-das-ostras-leva-o-ouro-em-torneio-de-volei-de-praia-master-em-copacabana\/"]}]},{"@type":"ImageObject","inLanguage":"pt-BR","@id":"https:\/\/rotario.com.br\/site\/atleta-de-rio-das-ostras-leva-o-ouro-em-torneio-de-volei-de-praia-master-em-copacabana\/#primaryimage","url":"https:\/\/rotario.com.br\/site\/wp-content\/uploads\/2026\/04\/WhatsApp-Image-2026-04-30-at-16.23.17.jpeg","contentUrl":"https:\/\/rotario.com.br\/site\/wp-content\/uploads\/2026\/04\/WhatsApp-Image-2026-04-30-at-16.23.17.jpeg","width":800,"height":600},{"@type":"BreadcrumbList","@id":"https:\/\/rotario.com.br\/site\/atleta-de-rio-das-ostras-leva-o-ouro-em-torneio-de-volei-de-praia-master-em-copacabana\/#breadcrumb","itemListElement":[{"@type":"ListItem","position":1,"name":"In\u00edcio","item":"https:\/\/rotario.com.br\/site\/"},{"@type":"ListItem","position":2,"name":"Atleta de Rio das Ostras leva o ouro em torneio de v\u00f4lei de praia master em Copacabana"}]},{"@type":"WebSite","@id":"https:\/\/rotario.com.br\/site\/#website","url":"https:\/\/rotario.com.br\/site\/","name":"Rota Rio","description":"Aqui, o Rio de Janeiro \u00e9 a pauta!","publisher":{"@id":"https:\/\/rotario.com.br\/site\/#organization"},"potentialAction":[{"@type":"SearchAction","target":{"@type":"EntryPoint","urlTemplate":"https:\/\/rotario.com.br\/site\/?s={search_term_string}"},"query-input":{"@type":"PropertyValueSpecification","valueRequired":true,"valueName":"search_term_string"}}],"inLanguage":"pt-BR"},{"@type":"Organization","@id":"https:\/\/rotario.com.br\/site\/#organization","name":"Rota Rio","url":"https:\/\/rotario.com.br\/site\/","logo":{"@type":"ImageObject","inLanguage":"pt-BR","@id":"https:\/\/rotario.com.br\/site\/#\/schema\/logo\/image\/","url":"https:\/\/rotario.com.br\/site\/wp-content\/uploads\/2022\/04\/cropped-ROTARIO-LOGO-Prancheta-1-1-2048x654-1.png","contentUrl":"https:\/\/rotario.com.br\/site\/wp-content\/uploads\/2022\/04\/cropped-ROTARIO-LOGO-Prancheta-1-1-2048x654-1.png","width":2048,"height":654,"caption":"Rota Rio"},"image":{"@id":"https:\/\/rotario.com.br\/site\/#\/schema\/logo\/image\/"}},{"@type":"Person","@id":"https:\/\/rotario.com.br\/site\/#\/schema\/person\/fd89bbbf4136f7e8a21e0dd67b8a66c7","name":"Galv\u00e3o","url":"https:\/\/rotario.com.br\/site\/author\/daniel\/"}]}},"_links":{"self":[{"href":"https:\/\/rotario.com.br\/site\/wp-json\/wp\/v2\/posts\/35831","targetHints":{"allow":["GET"]}}],"collection":[{"href":"https:\/\/rotario.com.br\/site\/wp-json\/wp\/v2\/posts"}],"about":[{"href":"https:\/\/rotario.com.br\/site\/wp-json\/wp\/v2\/types\/post"}],"author":[{"embeddable":true,"href":"https:\/\/rotario.com.br\/site\/wp-json\/wp\/v2\/users\/2"}],"replies":[{"embeddable":true,"href":"https:\/\/rotario.com.br\/site\/wp-json\/wp\/v2\/comments?post=35831"}],"version-history":[{"count":1,"href":"https:\/\/rotario.com.br\/site\/wp-json\/wp\/v2\/posts\/35831\/revisions"}],"predecessor-version":[{"id":35833,"href":"https:\/\/rotario.com.br\/site\/wp-json\/wp\/v2\/posts\/35831\/revisions\/35833"}],"wp:featuredmedia":[{"embeddable":true,"href":"https:\/\/rotario.com.br\/site\/wp-json\/wp\/v2\/media\/35832"}],"wp:attachment":[{"href":"https:\/\/rotario.com.br\/site\/wp-json\/wp\/v2\/media?parent=35831"}],"wp:term":[{"taxonomy":"category","embeddable":true,"href":"https:\/\/rotario.com.br\/site\/wp-json\/wp\/v2\/categories?post=35831"},{"taxonomy":"post_tag","embeddable":true,"href":"https:\/\/rotario.com.br\/site\/wp-json\/wp\/v2\/tags?post=35831"}],"curies":[{"name":"wp","href":"https:\/\/api.w.org\/{rel}","templated":true}]}}