{"id":35838,"date":"2026-05-02T08:18:00","date_gmt":"2026-05-02T11:18:00","guid":{"rendered":"https:\/\/rotario.com.br\/site\/?p=35838"},"modified":"2026-04-30T18:26:36","modified_gmt":"2026-04-30T21:26:36","slug":"macae-sediara-primeira-turma-do-programa-capacidades-em-junho","status":"publish","type":"post","link":"https:\/\/rotario.com.br\/site\/macae-sediara-primeira-turma-do-programa-capacidades-em-junho\/","title":{"rendered":"Maca\u00e9 sediar\u00e1 primeira turma do Programa CAPACIDADES em junho"},"content":{"rendered":"\n<p>Maca\u00e9 foi escolhida para ser a primeira cidade do Estado do Rio de Janeiro a receber o Programa CAPACIDADES. Por iniciativa do Governo do Estado, ele \u00e9 voltado \u00e0 capacita\u00e7\u00e3o t\u00e9cnica de profissionais por meio da viv\u00eancia pr\u00e1tica no paradesporto. A confirma\u00e7\u00e3o veio ap\u00f3s representantes do poder p\u00fablico receberem nesta semana o superintendente de Paradesporto e Projetos Inclusivos Governo do Estado, Marcos Antonio Santos.<\/p>\n\n\n\n<p>Representaram Maca\u00e9 no encontro o secret\u00e1rio municipal de Esportes, C\u00e9sar Maillet, e Caroline Mizurine, respons\u00e1vel pela Coordena\u00e7\u00e3o-Geral de Pol\u00edticas para PCD do munic\u00edpio. Tamb\u00e9m participaram da reuni\u00e3o a neuropediatra L\u00edvia Lobo, respons\u00e1vel pelo N\u00facleo do Servi\u00e7o Municipal de Doen\u00e7as Raras de Maca\u00e9, a coordenadora da Cl\u00ednica do Autista, Lucia Anglada, o t\u00e9cnico do Centro de Surdos de Maca\u00e9 (CESMA), Andr\u00e9 Concei\u00e7\u00e3o de Carvalho, e o paratleta Jo\u00e3o Jos\u00e9 Barcelos, respons\u00e1vel pelo Maca\u00e9 Basquete sobre Rodas.<\/p>\n\n\n\n<p>O projeto vai atuar na forma\u00e7\u00e3o continuada de professores das redes municipal e estadual. A ideia \u00e9 utilizar o paradesporto como ferramenta de inclus\u00e3o social. A primeira turma est\u00e1 prevista para junho em Maca\u00e9. Na sequ\u00eancia, o programa pretende levar a iniciativa a outros munic\u00edpios.<\/p>\n\n\n\n<p>A realiza\u00e7\u00e3o do projeto por aqui \u00e9 fruto de uma articula\u00e7\u00e3o entre a Coordena\u00e7\u00e3o-Geral de Pol\u00edticas para Pessoas com Defici\u00eancia de Maca\u00e9 e a Secretaria Municipal de Esportes. Como resultado dessa parceria, o munic\u00edpio tamb\u00e9m sediar\u00e1, pela primeira vez, o Campeonato Brasileiro de Futebol em Cadeira de Rodas, previsto para o m\u00eas de agosto.<\/p>\n\n\n\n<p>De acordo com os organizadores, a soma de a\u00e7\u00f5es entre o programa CAPACIDADES e o Brasileiro in\u00e9dito realizado em Maca\u00e9 pode contribuir para elevar o n\u00edvel do paradesporto na cidade. Com isso, a expectativa \u00e9 ampliar oportunidades e garantindo a qualifica\u00e7\u00e3o dos profissionais envolvidos.<\/p>\n\n\n\n<p>\u201cSer\u00e3o 60 vagas para este primeiro curso, e ainda estamos estruturando a forma de capacita\u00e7\u00e3o dos profissionais da nossa rede, com total apoio da Secretaria de Esportes e da coordena\u00e7\u00e3o de pol\u00edticas para pessoas com defici\u00eancia. O campeonato ser\u00e1 realizado no Gin\u00e1sio Poliesportivo Sol Y Mar. Estamos ampliando as a\u00e7\u00f5es voltadas \u00e0s pessoas com defici\u00eancia f\u00edsica em Maca\u00e9, e \u00e9 fundamental avan\u00e7ar cada vez mais nesse campo\u201d, destacou C\u00e9sar Maillet.<\/p>\n\n\n\n<p>Para o munic\u00edpio, sediar o Campeonato Brasileiro de Futebol em Cadeira de Rodas representa um marco importante, pois inaugura uma parceria com o Comit\u00ea Brasileiro de Clubes Paral\u00edmpicos, abrindo caminho para a chegada de novas modalidades esportivas. \u201cO maior legado \u00e9 social: reafirmamos o esporte como um direito de todos, promovendo inclus\u00e3o real e transformando a percep\u00e7\u00e3o sobre a capacidade da pessoa com defici\u00eancia em nossa sociedade\u201d, ressalta Caroline.<\/p>\n\n\n\n<p>A coordenadora tamb\u00e9m destacou a import\u00e2ncia da parceria com a Superintend\u00eancia de Paradesporto para consolidar Maca\u00e9 como refer\u00eancia em inclus\u00e3o, especialmente por ser o primeiro munic\u00edpio a receber a capacita\u00e7\u00e3o.<\/p>\n\n\n\n<p>\u201cN\u00e3o basta apenas abrir as portas dos espa\u00e7os esportivos; \u00e9 essencial que o profissional na ponta esteja preparado para acolher e desenvolver o potencial de cada cidad\u00e3o. Investir na forma\u00e7\u00e3o cont\u00ednua de t\u00e9cnicos e gestores n\u00e3o \u00e9 apenas um aperfei\u00e7oamento profissional, \u00e9 o caminho para garantir que o esporte seja, de fato, um direito acess\u00edvel e uma ferramenta de autonomia para todas as pessoas com defici\u00eancia\u201d, observa Mizurine.<\/p>\n\n\n\n<p><\/p>\n","protected":false},"excerpt":{"rendered":"<p>Maca\u00e9 foi escolhida para ser a primeira cidade do Estado do Rio de Janeiro a receber o Programa CAPACIDADES. Por iniciativa do Governo do Estado, ele \u00e9 voltado \u00e0 capacita\u00e7\u00e3o t\u00e9cnica de profissionais por meio da viv\u00eancia pr\u00e1tica no paradesporto. A confirma\u00e7\u00e3o veio ap\u00f3s representantes do poder p\u00fablico receberem nesta semana o superintendente de Paradesporto [&hellip;]<\/p>\n","protected":false},"author":2,"featured_media":35839,"comment_status":"open","ping_status":"closed","sticky":false,"template":"","format":"standard","meta":{"footnotes":""},"categories":[52],"tags":[2796],"class_list":["post-35838","post","type-post","status-publish","format-standard","has-post-thumbnail","hentry","category-macae","tag-capacitacao-em-paradesporto-comecando-por-macae"],"yoast_head":"<!-- This site is optimized with the Yoast SEO plugin v26.5 - https:\/\/yoast.com\/wordpress\/plugins\/seo\/ -->\n<title>Maca\u00e9 sediar\u00e1 primeira turma do Programa CAPACIDADES em junho - Rota Rio<\/title>\n<meta name=\"robots\" content=\"index, follow, max-snippet:-1, max-image-preview:large, max-video-preview:-1\" \/>\n<link rel=\"canonical\" href=\"https:\/\/rotario.com.br\/site\/macae-sediara-primeira-turma-do-programa-capacidades-em-junho\/\" \/>\n<meta property=\"og:locale\" content=\"pt_BR\" \/>\n<meta property=\"og:type\" content=\"article\" \/>\n<meta property=\"og:title\" content=\"Maca\u00e9 sediar\u00e1 primeira turma do Programa CAPACIDADES em junho - Rota Rio\" \/>\n<meta property=\"og:description\" content=\"Maca\u00e9 foi escolhida para ser a primeira cidade do Estado do Rio de Janeiro a receber o Programa CAPACIDADES. Por iniciativa do Governo do Estado, ele \u00e9 voltado \u00e0 capacita\u00e7\u00e3o t\u00e9cnica de profissionais por meio da viv\u00eancia pr\u00e1tica no paradesporto. A confirma\u00e7\u00e3o veio ap\u00f3s representantes do poder p\u00fablico receberem nesta semana o superintendente de Paradesporto [&hellip;]\" \/>\n<meta property=\"og:url\" content=\"https:\/\/rotario.com.br\/site\/macae-sediara-primeira-turma-do-programa-capacidades-em-junho\/\" \/>\n<meta property=\"og:site_name\" content=\"Rota Rio\" \/>\n<meta property=\"article:published_time\" content=\"2026-05-02T11:18:00+00:00\" \/>\n<meta property=\"og:image\" content=\"https:\/\/rotario.com.br\/site\/wp-content\/uploads\/2026\/04\/WhatsApp-Image-2026-04-30-at-16.52.55-1.jpeg\" \/>\n\t<meta property=\"og:image:width\" content=\"1280\" \/>\n\t<meta property=\"og:image:height\" content=\"960\" \/>\n\t<meta property=\"og:image:type\" content=\"image\/jpeg\" \/>\n<meta name=\"author\" content=\"Galv\u00e3o\" \/>\n<meta name=\"twitter:card\" content=\"summary_large_image\" \/>\n<meta name=\"twitter:label1\" content=\"Escrito por\" \/>\n\t<meta name=\"twitter:data1\" content=\"Galv\u00e3o\" \/>\n\t<meta name=\"twitter:label2\" content=\"Est. tempo de leitura\" \/>\n\t<meta name=\"twitter:data2\" content=\"4 minutos\" \/>\n<script type=\"application\/ld+json\" class=\"yoast-schema-graph\">{\"@context\":\"https:\/\/schema.org\",\"@graph\":[{\"@type\":\"Article\",\"@id\":\"https:\/\/rotario.com.br\/site\/macae-sediara-primeira-turma-do-programa-capacidades-em-junho\/#article\",\"isPartOf\":{\"@id\":\"https:\/\/rotario.com.br\/site\/macae-sediara-primeira-turma-do-programa-capacidades-em-junho\/\"},\"author\":{\"name\":\"Galv\u00e3o\",\"@id\":\"https:\/\/rotario.com.br\/site\/#\/schema\/person\/fd89bbbf4136f7e8a21e0dd67b8a66c7\"},\"headline\":\"Maca\u00e9 sediar\u00e1 primeira turma do Programa CAPACIDADES em junho\",\"datePublished\":\"2026-05-02T11:18:00+00:00\",\"mainEntityOfPage\":{\"@id\":\"https:\/\/rotario.com.br\/site\/macae-sediara-primeira-turma-do-programa-capacidades-em-junho\/\"},\"wordCount\":591,\"commentCount\":0,\"publisher\":{\"@id\":\"https:\/\/rotario.com.br\/site\/#organization\"},\"image\":{\"@id\":\"https:\/\/rotario.com.br\/site\/macae-sediara-primeira-turma-do-programa-capacidades-em-junho\/#primaryimage\"},\"thumbnailUrl\":\"https:\/\/rotario.com.br\/site\/wp-content\/uploads\/2026\/04\/WhatsApp-Image-2026-04-30-at-16.52.55-1.jpeg\",\"keywords\":[\"capacita\u00e7\u00e3o em paradesporto come\u00e7ando por Maca\u00e9\"],\"articleSection\":[\"Maca\u00e9\"],\"inLanguage\":\"pt-BR\",\"potentialAction\":[{\"@type\":\"CommentAction\",\"name\":\"Comment\",\"target\":[\"https:\/\/rotario.com.br\/site\/macae-sediara-primeira-turma-do-programa-capacidades-em-junho\/#respond\"]}]},{\"@type\":\"WebPage\",\"@id\":\"https:\/\/rotario.com.br\/site\/macae-sediara-primeira-turma-do-programa-capacidades-em-junho\/\",\"url\":\"https:\/\/rotario.com.br\/site\/macae-sediara-primeira-turma-do-programa-capacidades-em-junho\/\",\"name\":\"Maca\u00e9 sediar\u00e1 primeira turma do Programa CAPACIDADES em junho - Rota Rio\",\"isPartOf\":{\"@id\":\"https:\/\/rotario.com.br\/site\/#website\"},\"primaryImageOfPage\":{\"@id\":\"https:\/\/rotario.com.br\/site\/macae-sediara-primeira-turma-do-programa-capacidades-em-junho\/#primaryimage\"},\"image\":{\"@id\":\"https:\/\/rotario.com.br\/site\/macae-sediara-primeira-turma-do-programa-capacidades-em-junho\/#primaryimage\"},\"thumbnailUrl\":\"https:\/\/rotario.com.br\/site\/wp-content\/uploads\/2026\/04\/WhatsApp-Image-2026-04-30-at-16.52.55-1.jpeg\",\"datePublished\":\"2026-05-02T11:18:00+00:00\",\"breadcrumb\":{\"@id\":\"https:\/\/rotario.com.br\/site\/macae-sediara-primeira-turma-do-programa-capacidades-em-junho\/#breadcrumb\"},\"inLanguage\":\"pt-BR\",\"potentialAction\":[{\"@type\":\"ReadAction\",\"target\":[\"https:\/\/rotario.com.br\/site\/macae-sediara-primeira-turma-do-programa-capacidades-em-junho\/\"]}]},{\"@type\":\"ImageObject\",\"inLanguage\":\"pt-BR\",\"@id\":\"https:\/\/rotario.com.br\/site\/macae-sediara-primeira-turma-do-programa-capacidades-em-junho\/#primaryimage\",\"url\":\"https:\/\/rotario.com.br\/site\/wp-content\/uploads\/2026\/04\/WhatsApp-Image-2026-04-30-at-16.52.55-1.jpeg\",\"contentUrl\":\"https:\/\/rotario.com.br\/site\/wp-content\/uploads\/2026\/04\/WhatsApp-Image-2026-04-30-at-16.52.55-1.jpeg\",\"width\":1280,\"height\":960},{\"@type\":\"BreadcrumbList\",\"@id\":\"https:\/\/rotario.com.br\/site\/macae-sediara-primeira-turma-do-programa-capacidades-em-junho\/#breadcrumb\",\"itemListElement\":[{\"@type\":\"ListItem\",\"position\":1,\"name\":\"In\u00edcio\",\"item\":\"https:\/\/rotario.com.br\/site\/\"},{\"@type\":\"ListItem\",\"position\":2,\"name\":\"Maca\u00e9 sediar\u00e1 primeira turma do Programa CAPACIDADES em junho\"}]},{\"@type\":\"WebSite\",\"@id\":\"https:\/\/rotario.com.br\/site\/#website\",\"url\":\"https:\/\/rotario.com.br\/site\/\",\"name\":\"Rota Rio\",\"description\":\"Aqui, o Rio de Janeiro \u00e9 a pauta!\",\"publisher\":{\"@id\":\"https:\/\/rotario.com.br\/site\/#organization\"},\"potentialAction\":[{\"@type\":\"SearchAction\",\"target\":{\"@type\":\"EntryPoint\",\"urlTemplate\":\"https:\/\/rotario.com.br\/site\/?s={search_term_string}\"},\"query-input\":{\"@type\":\"PropertyValueSpecification\",\"valueRequired\":true,\"valueName\":\"search_term_string\"}}],\"inLanguage\":\"pt-BR\"},{\"@type\":\"Organization\",\"@id\":\"https:\/\/rotario.com.br\/site\/#organization\",\"name\":\"Rota Rio\",\"url\":\"https:\/\/rotario.com.br\/site\/\",\"logo\":{\"@type\":\"ImageObject\",\"inLanguage\":\"pt-BR\",\"@id\":\"https:\/\/rotario.com.br\/site\/#\/schema\/logo\/image\/\",\"url\":\"https:\/\/rotario.com.br\/site\/wp-content\/uploads\/2022\/04\/cropped-ROTARIO-LOGO-Prancheta-1-1-2048x654-1.png\",\"contentUrl\":\"https:\/\/rotario.com.br\/site\/wp-content\/uploads\/2022\/04\/cropped-ROTARIO-LOGO-Prancheta-1-1-2048x654-1.png\",\"width\":2048,\"height\":654,\"caption\":\"Rota Rio\"},\"image\":{\"@id\":\"https:\/\/rotario.com.br\/site\/#\/schema\/logo\/image\/\"}},{\"@type\":\"Person\",\"@id\":\"https:\/\/rotario.com.br\/site\/#\/schema\/person\/fd89bbbf4136f7e8a21e0dd67b8a66c7\",\"name\":\"Galv\u00e3o\",\"url\":\"https:\/\/rotario.com.br\/site\/author\/daniel\/\"}]}<\/script>\n<!-- \/ Yoast SEO plugin. -->","yoast_head_json":{"title":"Maca\u00e9 sediar\u00e1 primeira turma do Programa CAPACIDADES em junho - Rota Rio","robots":{"index":"index","follow":"follow","max-snippet":"max-snippet:-1","max-image-preview":"max-image-preview:large","max-video-preview":"max-video-preview:-1"},"canonical":"https:\/\/rotario.com.br\/site\/macae-sediara-primeira-turma-do-programa-capacidades-em-junho\/","og_locale":"pt_BR","og_type":"article","og_title":"Maca\u00e9 sediar\u00e1 primeira turma do Programa CAPACIDADES em junho - Rota Rio","og_description":"Maca\u00e9 foi escolhida para ser a primeira cidade do Estado do Rio de Janeiro a receber o Programa CAPACIDADES. Por iniciativa do Governo do Estado, ele \u00e9 voltado \u00e0 capacita\u00e7\u00e3o t\u00e9cnica de profissionais por meio da viv\u00eancia pr\u00e1tica no paradesporto. A confirma\u00e7\u00e3o veio ap\u00f3s representantes do poder p\u00fablico receberem nesta semana o superintendente de Paradesporto [&hellip;]","og_url":"https:\/\/rotario.com.br\/site\/macae-sediara-primeira-turma-do-programa-capacidades-em-junho\/","og_site_name":"Rota Rio","article_published_time":"2026-05-02T11:18:00+00:00","og_image":[{"width":1280,"height":960,"url":"https:\/\/rotario.com.br\/site\/wp-content\/uploads\/2026\/04\/WhatsApp-Image-2026-04-30-at-16.52.55-1.jpeg","type":"image\/jpeg"}],"author":"Galv\u00e3o","twitter_card":"summary_large_image","twitter_misc":{"Escrito por":"Galv\u00e3o","Est. tempo de leitura":"4 minutos"},"schema":{"@context":"https:\/\/schema.org","@graph":[{"@type":"Article","@id":"https:\/\/rotario.com.br\/site\/macae-sediara-primeira-turma-do-programa-capacidades-em-junho\/#article","isPartOf":{"@id":"https:\/\/rotario.com.br\/site\/macae-sediara-primeira-turma-do-programa-capacidades-em-junho\/"},"author":{"name":"Galv\u00e3o","@id":"https:\/\/rotario.com.br\/site\/#\/schema\/person\/fd89bbbf4136f7e8a21e0dd67b8a66c7"},"headline":"Maca\u00e9 sediar\u00e1 primeira turma do Programa CAPACIDADES em junho","datePublished":"2026-05-02T11:18:00+00:00","mainEntityOfPage":{"@id":"https:\/\/rotario.com.br\/site\/macae-sediara-primeira-turma-do-programa-capacidades-em-junho\/"},"wordCount":591,"commentCount":0,"publisher":{"@id":"https:\/\/rotario.com.br\/site\/#organization"},"image":{"@id":"https:\/\/rotario.com.br\/site\/macae-sediara-primeira-turma-do-programa-capacidades-em-junho\/#primaryimage"},"thumbnailUrl":"https:\/\/rotario.com.br\/site\/wp-content\/uploads\/2026\/04\/WhatsApp-Image-2026-04-30-at-16.52.55-1.jpeg","keywords":["capacita\u00e7\u00e3o em paradesporto come\u00e7ando por Maca\u00e9"],"articleSection":["Maca\u00e9"],"inLanguage":"pt-BR","potentialAction":[{"@type":"CommentAction","name":"Comment","target":["https:\/\/rotario.com.br\/site\/macae-sediara-primeira-turma-do-programa-capacidades-em-junho\/#respond"]}]},{"@type":"WebPage","@id":"https:\/\/rotario.com.br\/site\/macae-sediara-primeira-turma-do-programa-capacidades-em-junho\/","url":"https:\/\/rotario.com.br\/site\/macae-sediara-primeira-turma-do-programa-capacidades-em-junho\/","name":"Maca\u00e9 sediar\u00e1 primeira turma do Programa CAPACIDADES em junho - Rota Rio","isPartOf":{"@id":"https:\/\/rotario.com.br\/site\/#website"},"primaryImageOfPage":{"@id":"https:\/\/rotario.com.br\/site\/macae-sediara-primeira-turma-do-programa-capacidades-em-junho\/#primaryimage"},"image":{"@id":"https:\/\/rotario.com.br\/site\/macae-sediara-primeira-turma-do-programa-capacidades-em-junho\/#primaryimage"},"thumbnailUrl":"https:\/\/rotario.com.br\/site\/wp-content\/uploads\/2026\/04\/WhatsApp-Image-2026-04-30-at-16.52.55-1.jpeg","datePublished":"2026-05-02T11:18:00+00:00","breadcrumb":{"@id":"https:\/\/rotario.com.br\/site\/macae-sediara-primeira-turma-do-programa-capacidades-em-junho\/#breadcrumb"},"inLanguage":"pt-BR","potentialAction":[{"@type":"ReadAction","target":["https:\/\/rotario.com.br\/site\/macae-sediara-primeira-turma-do-programa-capacidades-em-junho\/"]}]},{"@type":"ImageObject","inLanguage":"pt-BR","@id":"https:\/\/rotario.com.br\/site\/macae-sediara-primeira-turma-do-programa-capacidades-em-junho\/#primaryimage","url":"https:\/\/rotario.com.br\/site\/wp-content\/uploads\/2026\/04\/WhatsApp-Image-2026-04-30-at-16.52.55-1.jpeg","contentUrl":"https:\/\/rotario.com.br\/site\/wp-content\/uploads\/2026\/04\/WhatsApp-Image-2026-04-30-at-16.52.55-1.jpeg","width":1280,"height":960},{"@type":"BreadcrumbList","@id":"https:\/\/rotario.com.br\/site\/macae-sediara-primeira-turma-do-programa-capacidades-em-junho\/#breadcrumb","itemListElement":[{"@type":"ListItem","position":1,"name":"In\u00edcio","item":"https:\/\/rotario.com.br\/site\/"},{"@type":"ListItem","position":2,"name":"Maca\u00e9 sediar\u00e1 primeira turma do Programa CAPACIDADES em junho"}]},{"@type":"WebSite","@id":"https:\/\/rotario.com.br\/site\/#website","url":"https:\/\/rotario.com.br\/site\/","name":"Rota Rio","description":"Aqui, o Rio de Janeiro \u00e9 a pauta!","publisher":{"@id":"https:\/\/rotario.com.br\/site\/#organization"},"potentialAction":[{"@type":"SearchAction","target":{"@type":"EntryPoint","urlTemplate":"https:\/\/rotario.com.br\/site\/?s={search_term_string}"},"query-input":{"@type":"PropertyValueSpecification","valueRequired":true,"valueName":"search_term_string"}}],"inLanguage":"pt-BR"},{"@type":"Organization","@id":"https:\/\/rotario.com.br\/site\/#organization","name":"Rota Rio","url":"https:\/\/rotario.com.br\/site\/","logo":{"@type":"ImageObject","inLanguage":"pt-BR","@id":"https:\/\/rotario.com.br\/site\/#\/schema\/logo\/image\/","url":"https:\/\/rotario.com.br\/site\/wp-content\/uploads\/2022\/04\/cropped-ROTARIO-LOGO-Prancheta-1-1-2048x654-1.png","contentUrl":"https:\/\/rotario.com.br\/site\/wp-content\/uploads\/2022\/04\/cropped-ROTARIO-LOGO-Prancheta-1-1-2048x654-1.png","width":2048,"height":654,"caption":"Rota Rio"},"image":{"@id":"https:\/\/rotario.com.br\/site\/#\/schema\/logo\/image\/"}},{"@type":"Person","@id":"https:\/\/rotario.com.br\/site\/#\/schema\/person\/fd89bbbf4136f7e8a21e0dd67b8a66c7","name":"Galv\u00e3o","url":"https:\/\/rotario.com.br\/site\/author\/daniel\/"}]}},"_links":{"self":[{"href":"https:\/\/rotario.com.br\/site\/wp-json\/wp\/v2\/posts\/35838","targetHints":{"allow":["GET"]}}],"collection":[{"href":"https:\/\/rotario.com.br\/site\/wp-json\/wp\/v2\/posts"}],"about":[{"href":"https:\/\/rotario.com.br\/site\/wp-json\/wp\/v2\/types\/post"}],"author":[{"embeddable":true,"href":"https:\/\/rotario.com.br\/site\/wp-json\/wp\/v2\/users\/2"}],"replies":[{"embeddable":true,"href":"https:\/\/rotario.com.br\/site\/wp-json\/wp\/v2\/comments?post=35838"}],"version-history":[{"count":1,"href":"https:\/\/rotario.com.br\/site\/wp-json\/wp\/v2\/posts\/35838\/revisions"}],"predecessor-version":[{"id":35840,"href":"https:\/\/rotario.com.br\/site\/wp-json\/wp\/v2\/posts\/35838\/revisions\/35840"}],"wp:featuredmedia":[{"embeddable":true,"href":"https:\/\/rotario.com.br\/site\/wp-json\/wp\/v2\/media\/35839"}],"wp:attachment":[{"href":"https:\/\/rotario.com.br\/site\/wp-json\/wp\/v2\/media?parent=35838"}],"wp:term":[{"taxonomy":"category","embeddable":true,"href":"https:\/\/rotario.com.br\/site\/wp-json\/wp\/v2\/categories?post=35838"},{"taxonomy":"post_tag","embeddable":true,"href":"https:\/\/rotario.com.br\/site\/wp-json\/wp\/v2\/tags?post=35838"}],"curies":[{"name":"wp","href":"https:\/\/api.w.org\/{rel}","templated":true}]}}