{"id":35852,"date":"2026-05-01T09:40:19","date_gmt":"2026-05-01T12:40:19","guid":{"rendered":"https:\/\/rotario.com.br\/site\/?p=35852"},"modified":"2026-05-01T09:40:23","modified_gmt":"2026-05-01T12:40:23","slug":"arraial-diving-festival-destaca-potencial-do-municipio-como-referencia-no-mergulho","status":"publish","type":"post","link":"https:\/\/rotario.com.br\/site\/arraial-diving-festival-destaca-potencial-do-municipio-como-referencia-no-mergulho\/","title":{"rendered":"Arraial Diving Festival destaca potencial do munic\u00edpio como refer\u00eancia no mergulho"},"content":{"rendered":"\n<p>Considerada a \u201cCapital Nacional do Mergulho\u201d, Arraial do Cabo recebe, entre os dias 1\u00ba e 3 de maio, o Arraial Diving Festival. O evento re\u00fane nomes relevantes do mergulho recreativo e t\u00e9cnico, al\u00e9m de oferecer experi\u00eancias voltadas tanto ao p\u00fablico geral quanto \u00e0 comunidade especializada.<\/p>\n\n\n\n<p>A programa\u00e7\u00e3o come\u00e7a nesta sexta-feira (1\u00ba), com sa\u00eddas de mergulho a partir das 9h na costa da cidade. A abertura oficial ser\u00e1 \u00e0s 18h, na quadra da Secretaria Municipal de Educa\u00e7\u00e3o, seguida por uma s\u00e9rie de palestras t\u00e9cnicas a partir das 18h30.<\/p>\n\n\n\n<p>O primeiro tema ser\u00e1 fotografia subaqu\u00e1tica, apresentado por Ary Amarante, com mais de 40 anos de atua\u00e7\u00e3o. Em seguida, \u00e0s 19h, Maur\u00edcio Carvalho aborda o tema naufr\u00e1gios, com base em sua experi\u00eancia no Brasil.<\/p>\n\n\n\n<p>\u00c0s 19h30, Carol Scharappe conduz a palestra sobre mergulho livre. A instrutora acumula 16 recordes e j\u00e1 alcan\u00e7ou 114 metros de profundidade em apneia. Encerrando a programa\u00e7\u00e3o do dia, \u00e0s 20h, Celso Pontes apresenta orienta\u00e7\u00f5es sobre manuten\u00e7\u00e3o e seguran\u00e7a de equipamentos.<\/p>\n\n\n\n<p>No s\u00e1bado (2), ap\u00f3s as atividades no mar, a programa\u00e7\u00e3o t\u00e9cnica retorna \u00e0s 18h30 com a palestra de Paula Loque, que aborda a rela\u00e7\u00e3o entre mergulho, bem-estar e sa\u00fade mental.<\/p>\n\n\n\n<p>Na sequ\u00eancia, \u00e0s 19h, Rafael Zibelli apresenta o tema mergulho t\u00e9cnico, com foco em forma\u00e7\u00e3o avan\u00e7ada e opera\u00e7\u00f5es especializadas. \u00c0s 19h30, Romeu Dib fala sobre tecnologias de circuito fechado e inova\u00e7\u00e3o no setor.<\/p>\n\n\n\n<p>Encerrando o ciclo do s\u00e1bado, \u00e0s 20h, Ricardo Meurer apresenta a palestra sobre mergulho em cavernas, com base em sua experi\u00eancia em ambientes confinados.<\/p>\n\n\n\n<p>No domingo (3), as atividades retornam ao mar a partir das 9h. \u00c0s 15h, ser\u00e1 realizada a etapa final do Campeonato de Fotografia Subaqu\u00e1tica, com avalia\u00e7\u00e3o t\u00e9cnica e premia\u00e7\u00e3o.<\/p>\n\n\n\n<p>Al\u00e9m da programa\u00e7\u00e3o t\u00e9cnica, o festival tamb\u00e9m contar\u00e1 com atra\u00e7\u00f5es culturais e experi\u00eancias gastron\u00f4micas. Na sexta-feira, a partir das 21h, haver\u00e1 apresenta\u00e7\u00e3o da Banda Solariz. J\u00e1 no s\u00e1bado, o encerramento cultural ser\u00e1 com a banda Dr. Law.<\/p>\n\n\n\n<p>A gastronomia tamb\u00e9m ganha espa\u00e7o, com pratos que valorizam ingredientes do mar em releituras contempor\u00e2neas, como tartar de atum, risoto de camar\u00e3o, polvo na brasa e prepara\u00e7\u00f5es com influ\u00eancia oriental.<\/p>\n\n\n\n<p>O Arraial Diving Festival \u00e9 promovido pela Prefeitura de Arraial do Cabo, por meio da Secretaria Municipal de Turismo, em parceria com a Associa\u00e7\u00e3o de Mergulhadores de Arraial do Cabo, refor\u00e7ando o posicionamento do munic\u00edpio como um dos principais destinos de mergulho do pa\u00eds ao integrar turismo, esporte, conhecimento t\u00e9cnico e desenvolvimento econ\u00f4mico.&nbsp;&nbsp;&nbsp;<\/p>\n\n\n\n<p>Cr\u00e9dito da imagem: @mardocabo<\/p>\n","protected":false},"excerpt":{"rendered":"<p>Considerada a \u201cCapital Nacional do Mergulho\u201d, Arraial do Cabo recebe, entre os dias 1\u00ba e 3 de maio, o Arraial Diving Festival. O evento re\u00fane nomes relevantes do mergulho recreativo e t\u00e9cnico, al\u00e9m de oferecer experi\u00eancias voltadas tanto ao p\u00fablico geral quanto \u00e0 comunidade especializada. A programa\u00e7\u00e3o come\u00e7a nesta sexta-feira (1\u00ba), com sa\u00eddas de mergulho [&hellip;]<\/p>\n","protected":false},"author":2,"featured_media":35853,"comment_status":"open","ping_status":"closed","sticky":false,"template":"","format":"standard","meta":{"footnotes":""},"categories":[44],"tags":[],"class_list":["post-35852","post","type-post","status-publish","format-standard","has-post-thumbnail","hentry","category-arraial-do-cabo"],"yoast_head":"<!-- This site is optimized with the Yoast SEO plugin v26.5 - https:\/\/yoast.com\/wordpress\/plugins\/seo\/ -->\n<title>Arraial Diving Festival destaca potencial do munic\u00edpio como refer\u00eancia no mergulho - Rota Rio<\/title>\n<meta name=\"robots\" content=\"index, follow, max-snippet:-1, max-image-preview:large, max-video-preview:-1\" \/>\n<link rel=\"canonical\" href=\"https:\/\/rotario.com.br\/site\/arraial-diving-festival-destaca-potencial-do-municipio-como-referencia-no-mergulho\/\" \/>\n<meta property=\"og:locale\" content=\"pt_BR\" \/>\n<meta property=\"og:type\" content=\"article\" \/>\n<meta property=\"og:title\" content=\"Arraial Diving Festival destaca potencial do munic\u00edpio como refer\u00eancia no mergulho - Rota Rio\" \/>\n<meta property=\"og:description\" content=\"Considerada a \u201cCapital Nacional do Mergulho\u201d, Arraial do Cabo recebe, entre os dias 1\u00ba e 3 de maio, o Arraial Diving Festival. O evento re\u00fane nomes relevantes do mergulho recreativo e t\u00e9cnico, al\u00e9m de oferecer experi\u00eancias voltadas tanto ao p\u00fablico geral quanto \u00e0 comunidade especializada. A programa\u00e7\u00e3o come\u00e7a nesta sexta-feira (1\u00ba), com sa\u00eddas de mergulho [&hellip;]\" \/>\n<meta property=\"og:url\" content=\"https:\/\/rotario.com.br\/site\/arraial-diving-festival-destaca-potencial-do-municipio-como-referencia-no-mergulho\/\" \/>\n<meta property=\"og:site_name\" content=\"Rota Rio\" \/>\n<meta property=\"article:published_time\" content=\"2026-05-01T12:40:19+00:00\" \/>\n<meta property=\"article:modified_time\" content=\"2026-05-01T12:40:23+00:00\" \/>\n<meta property=\"og:image\" content=\"https:\/\/rotario.com.br\/site\/wp-content\/uploads\/2026\/05\/WhatsApp-Image-2026-04-30-at-17.16.35-2.jpeg\" \/>\n\t<meta property=\"og:image:width\" content=\"630\" \/>\n\t<meta property=\"og:image:height\" content=\"572\" \/>\n\t<meta property=\"og:image:type\" content=\"image\/jpeg\" \/>\n<meta name=\"author\" content=\"Galv\u00e3o\" \/>\n<meta name=\"twitter:card\" content=\"summary_large_image\" \/>\n<meta name=\"twitter:label1\" content=\"Escrito por\" \/>\n\t<meta name=\"twitter:data1\" content=\"Galv\u00e3o\" \/>\n\t<meta name=\"twitter:label2\" content=\"Est. tempo de leitura\" \/>\n\t<meta name=\"twitter:data2\" content=\"3 minutos\" \/>\n<script type=\"application\/ld+json\" class=\"yoast-schema-graph\">{\"@context\":\"https:\/\/schema.org\",\"@graph\":[{\"@type\":\"Article\",\"@id\":\"https:\/\/rotario.com.br\/site\/arraial-diving-festival-destaca-potencial-do-municipio-como-referencia-no-mergulho\/#article\",\"isPartOf\":{\"@id\":\"https:\/\/rotario.com.br\/site\/arraial-diving-festival-destaca-potencial-do-municipio-como-referencia-no-mergulho\/\"},\"author\":{\"name\":\"Galv\u00e3o\",\"@id\":\"https:\/\/rotario.com.br\/site\/#\/schema\/person\/fd89bbbf4136f7e8a21e0dd67b8a66c7\"},\"headline\":\"Arraial Diving Festival destaca potencial do munic\u00edpio como refer\u00eancia no mergulho\",\"datePublished\":\"2026-05-01T12:40:19+00:00\",\"dateModified\":\"2026-05-01T12:40:23+00:00\",\"mainEntityOfPage\":{\"@id\":\"https:\/\/rotario.com.br\/site\/arraial-diving-festival-destaca-potencial-do-municipio-como-referencia-no-mergulho\/\"},\"wordCount\":469,\"commentCount\":0,\"publisher\":{\"@id\":\"https:\/\/rotario.com.br\/site\/#organization\"},\"image\":{\"@id\":\"https:\/\/rotario.com.br\/site\/arraial-diving-festival-destaca-potencial-do-municipio-como-referencia-no-mergulho\/#primaryimage\"},\"thumbnailUrl\":\"https:\/\/rotario.com.br\/site\/wp-content\/uploads\/2026\/05\/WhatsApp-Image-2026-04-30-at-17.16.35-2.jpeg\",\"articleSection\":[\"Arraial do Cabo\"],\"inLanguage\":\"pt-BR\",\"potentialAction\":[{\"@type\":\"CommentAction\",\"name\":\"Comment\",\"target\":[\"https:\/\/rotario.com.br\/site\/arraial-diving-festival-destaca-potencial-do-municipio-como-referencia-no-mergulho\/#respond\"]}]},{\"@type\":\"WebPage\",\"@id\":\"https:\/\/rotario.com.br\/site\/arraial-diving-festival-destaca-potencial-do-municipio-como-referencia-no-mergulho\/\",\"url\":\"https:\/\/rotario.com.br\/site\/arraial-diving-festival-destaca-potencial-do-municipio-como-referencia-no-mergulho\/\",\"name\":\"Arraial Diving Festival destaca potencial do munic\u00edpio como refer\u00eancia no mergulho - Rota Rio\",\"isPartOf\":{\"@id\":\"https:\/\/rotario.com.br\/site\/#website\"},\"primaryImageOfPage\":{\"@id\":\"https:\/\/rotario.com.br\/site\/arraial-diving-festival-destaca-potencial-do-municipio-como-referencia-no-mergulho\/#primaryimage\"},\"image\":{\"@id\":\"https:\/\/rotario.com.br\/site\/arraial-diving-festival-destaca-potencial-do-municipio-como-referencia-no-mergulho\/#primaryimage\"},\"thumbnailUrl\":\"https:\/\/rotario.com.br\/site\/wp-content\/uploads\/2026\/05\/WhatsApp-Image-2026-04-30-at-17.16.35-2.jpeg\",\"datePublished\":\"2026-05-01T12:40:19+00:00\",\"dateModified\":\"2026-05-01T12:40:23+00:00\",\"breadcrumb\":{\"@id\":\"https:\/\/rotario.com.br\/site\/arraial-diving-festival-destaca-potencial-do-municipio-como-referencia-no-mergulho\/#breadcrumb\"},\"inLanguage\":\"pt-BR\",\"potentialAction\":[{\"@type\":\"ReadAction\",\"target\":[\"https:\/\/rotario.com.br\/site\/arraial-diving-festival-destaca-potencial-do-municipio-como-referencia-no-mergulho\/\"]}]},{\"@type\":\"ImageObject\",\"inLanguage\":\"pt-BR\",\"@id\":\"https:\/\/rotario.com.br\/site\/arraial-diving-festival-destaca-potencial-do-municipio-como-referencia-no-mergulho\/#primaryimage\",\"url\":\"https:\/\/rotario.com.br\/site\/wp-content\/uploads\/2026\/05\/WhatsApp-Image-2026-04-30-at-17.16.35-2.jpeg\",\"contentUrl\":\"https:\/\/rotario.com.br\/site\/wp-content\/uploads\/2026\/05\/WhatsApp-Image-2026-04-30-at-17.16.35-2.jpeg\",\"width\":630,\"height\":572},{\"@type\":\"BreadcrumbList\",\"@id\":\"https:\/\/rotario.com.br\/site\/arraial-diving-festival-destaca-potencial-do-municipio-como-referencia-no-mergulho\/#breadcrumb\",\"itemListElement\":[{\"@type\":\"ListItem\",\"position\":1,\"name\":\"In\u00edcio\",\"item\":\"https:\/\/rotario.com.br\/site\/\"},{\"@type\":\"ListItem\",\"position\":2,\"name\":\"Arraial Diving Festival destaca potencial do munic\u00edpio como refer\u00eancia no mergulho\"}]},{\"@type\":\"WebSite\",\"@id\":\"https:\/\/rotario.com.br\/site\/#website\",\"url\":\"https:\/\/rotario.com.br\/site\/\",\"name\":\"Rota Rio\",\"description\":\"Aqui, o Rio de Janeiro \u00e9 a pauta!\",\"publisher\":{\"@id\":\"https:\/\/rotario.com.br\/site\/#organization\"},\"potentialAction\":[{\"@type\":\"SearchAction\",\"target\":{\"@type\":\"EntryPoint\",\"urlTemplate\":\"https:\/\/rotario.com.br\/site\/?s={search_term_string}\"},\"query-input\":{\"@type\":\"PropertyValueSpecification\",\"valueRequired\":true,\"valueName\":\"search_term_string\"}}],\"inLanguage\":\"pt-BR\"},{\"@type\":\"Organization\",\"@id\":\"https:\/\/rotario.com.br\/site\/#organization\",\"name\":\"Rota Rio\",\"url\":\"https:\/\/rotario.com.br\/site\/\",\"logo\":{\"@type\":\"ImageObject\",\"inLanguage\":\"pt-BR\",\"@id\":\"https:\/\/rotario.com.br\/site\/#\/schema\/logo\/image\/\",\"url\":\"https:\/\/rotario.com.br\/site\/wp-content\/uploads\/2022\/04\/cropped-ROTARIO-LOGO-Prancheta-1-1-2048x654-1.png\",\"contentUrl\":\"https:\/\/rotario.com.br\/site\/wp-content\/uploads\/2022\/04\/cropped-ROTARIO-LOGO-Prancheta-1-1-2048x654-1.png\",\"width\":2048,\"height\":654,\"caption\":\"Rota Rio\"},\"image\":{\"@id\":\"https:\/\/rotario.com.br\/site\/#\/schema\/logo\/image\/\"}},{\"@type\":\"Person\",\"@id\":\"https:\/\/rotario.com.br\/site\/#\/schema\/person\/fd89bbbf4136f7e8a21e0dd67b8a66c7\",\"name\":\"Galv\u00e3o\",\"url\":\"https:\/\/rotario.com.br\/site\/author\/daniel\/\"}]}<\/script>\n<!-- \/ Yoast SEO plugin. -->","yoast_head_json":{"title":"Arraial Diving Festival destaca potencial do munic\u00edpio como refer\u00eancia no mergulho - Rota Rio","robots":{"index":"index","follow":"follow","max-snippet":"max-snippet:-1","max-image-preview":"max-image-preview:large","max-video-preview":"max-video-preview:-1"},"canonical":"https:\/\/rotario.com.br\/site\/arraial-diving-festival-destaca-potencial-do-municipio-como-referencia-no-mergulho\/","og_locale":"pt_BR","og_type":"article","og_title":"Arraial Diving Festival destaca potencial do munic\u00edpio como refer\u00eancia no mergulho - Rota Rio","og_description":"Considerada a \u201cCapital Nacional do Mergulho\u201d, Arraial do Cabo recebe, entre os dias 1\u00ba e 3 de maio, o Arraial Diving Festival. O evento re\u00fane nomes relevantes do mergulho recreativo e t\u00e9cnico, al\u00e9m de oferecer experi\u00eancias voltadas tanto ao p\u00fablico geral quanto \u00e0 comunidade especializada. A programa\u00e7\u00e3o come\u00e7a nesta sexta-feira (1\u00ba), com sa\u00eddas de mergulho [&hellip;]","og_url":"https:\/\/rotario.com.br\/site\/arraial-diving-festival-destaca-potencial-do-municipio-como-referencia-no-mergulho\/","og_site_name":"Rota Rio","article_published_time":"2026-05-01T12:40:19+00:00","article_modified_time":"2026-05-01T12:40:23+00:00","og_image":[{"width":630,"height":572,"url":"https:\/\/rotario.com.br\/site\/wp-content\/uploads\/2026\/05\/WhatsApp-Image-2026-04-30-at-17.16.35-2.jpeg","type":"image\/jpeg"}],"author":"Galv\u00e3o","twitter_card":"summary_large_image","twitter_misc":{"Escrito por":"Galv\u00e3o","Est. tempo de leitura":"3 minutos"},"schema":{"@context":"https:\/\/schema.org","@graph":[{"@type":"Article","@id":"https:\/\/rotario.com.br\/site\/arraial-diving-festival-destaca-potencial-do-municipio-como-referencia-no-mergulho\/#article","isPartOf":{"@id":"https:\/\/rotario.com.br\/site\/arraial-diving-festival-destaca-potencial-do-municipio-como-referencia-no-mergulho\/"},"author":{"name":"Galv\u00e3o","@id":"https:\/\/rotario.com.br\/site\/#\/schema\/person\/fd89bbbf4136f7e8a21e0dd67b8a66c7"},"headline":"Arraial Diving Festival destaca potencial do munic\u00edpio como refer\u00eancia no mergulho","datePublished":"2026-05-01T12:40:19+00:00","dateModified":"2026-05-01T12:40:23+00:00","mainEntityOfPage":{"@id":"https:\/\/rotario.com.br\/site\/arraial-diving-festival-destaca-potencial-do-municipio-como-referencia-no-mergulho\/"},"wordCount":469,"commentCount":0,"publisher":{"@id":"https:\/\/rotario.com.br\/site\/#organization"},"image":{"@id":"https:\/\/rotario.com.br\/site\/arraial-diving-festival-destaca-potencial-do-municipio-como-referencia-no-mergulho\/#primaryimage"},"thumbnailUrl":"https:\/\/rotario.com.br\/site\/wp-content\/uploads\/2026\/05\/WhatsApp-Image-2026-04-30-at-17.16.35-2.jpeg","articleSection":["Arraial do Cabo"],"inLanguage":"pt-BR","potentialAction":[{"@type":"CommentAction","name":"Comment","target":["https:\/\/rotario.com.br\/site\/arraial-diving-festival-destaca-potencial-do-municipio-como-referencia-no-mergulho\/#respond"]}]},{"@type":"WebPage","@id":"https:\/\/rotario.com.br\/site\/arraial-diving-festival-destaca-potencial-do-municipio-como-referencia-no-mergulho\/","url":"https:\/\/rotario.com.br\/site\/arraial-diving-festival-destaca-potencial-do-municipio-como-referencia-no-mergulho\/","name":"Arraial Diving Festival destaca potencial do munic\u00edpio como refer\u00eancia no mergulho - Rota Rio","isPartOf":{"@id":"https:\/\/rotario.com.br\/site\/#website"},"primaryImageOfPage":{"@id":"https:\/\/rotario.com.br\/site\/arraial-diving-festival-destaca-potencial-do-municipio-como-referencia-no-mergulho\/#primaryimage"},"image":{"@id":"https:\/\/rotario.com.br\/site\/arraial-diving-festival-destaca-potencial-do-municipio-como-referencia-no-mergulho\/#primaryimage"},"thumbnailUrl":"https:\/\/rotario.com.br\/site\/wp-content\/uploads\/2026\/05\/WhatsApp-Image-2026-04-30-at-17.16.35-2.jpeg","datePublished":"2026-05-01T12:40:19+00:00","dateModified":"2026-05-01T12:40:23+00:00","breadcrumb":{"@id":"https:\/\/rotario.com.br\/site\/arraial-diving-festival-destaca-potencial-do-municipio-como-referencia-no-mergulho\/#breadcrumb"},"inLanguage":"pt-BR","potentialAction":[{"@type":"ReadAction","target":["https:\/\/rotario.com.br\/site\/arraial-diving-festival-destaca-potencial-do-municipio-como-referencia-no-mergulho\/"]}]},{"@type":"ImageObject","inLanguage":"pt-BR","@id":"https:\/\/rotario.com.br\/site\/arraial-diving-festival-destaca-potencial-do-municipio-como-referencia-no-mergulho\/#primaryimage","url":"https:\/\/rotario.com.br\/site\/wp-content\/uploads\/2026\/05\/WhatsApp-Image-2026-04-30-at-17.16.35-2.jpeg","contentUrl":"https:\/\/rotario.com.br\/site\/wp-content\/uploads\/2026\/05\/WhatsApp-Image-2026-04-30-at-17.16.35-2.jpeg","width":630,"height":572},{"@type":"BreadcrumbList","@id":"https:\/\/rotario.com.br\/site\/arraial-diving-festival-destaca-potencial-do-municipio-como-referencia-no-mergulho\/#breadcrumb","itemListElement":[{"@type":"ListItem","position":1,"name":"In\u00edcio","item":"https:\/\/rotario.com.br\/site\/"},{"@type":"ListItem","position":2,"name":"Arraial Diving Festival destaca potencial do munic\u00edpio como refer\u00eancia no mergulho"}]},{"@type":"WebSite","@id":"https:\/\/rotario.com.br\/site\/#website","url":"https:\/\/rotario.com.br\/site\/","name":"Rota Rio","description":"Aqui, o Rio de Janeiro \u00e9 a pauta!","publisher":{"@id":"https:\/\/rotario.com.br\/site\/#organization"},"potentialAction":[{"@type":"SearchAction","target":{"@type":"EntryPoint","urlTemplate":"https:\/\/rotario.com.br\/site\/?s={search_term_string}"},"query-input":{"@type":"PropertyValueSpecification","valueRequired":true,"valueName":"search_term_string"}}],"inLanguage":"pt-BR"},{"@type":"Organization","@id":"https:\/\/rotario.com.br\/site\/#organization","name":"Rota Rio","url":"https:\/\/rotario.com.br\/site\/","logo":{"@type":"ImageObject","inLanguage":"pt-BR","@id":"https:\/\/rotario.com.br\/site\/#\/schema\/logo\/image\/","url":"https:\/\/rotario.com.br\/site\/wp-content\/uploads\/2022\/04\/cropped-ROTARIO-LOGO-Prancheta-1-1-2048x654-1.png","contentUrl":"https:\/\/rotario.com.br\/site\/wp-content\/uploads\/2022\/04\/cropped-ROTARIO-LOGO-Prancheta-1-1-2048x654-1.png","width":2048,"height":654,"caption":"Rota Rio"},"image":{"@id":"https:\/\/rotario.com.br\/site\/#\/schema\/logo\/image\/"}},{"@type":"Person","@id":"https:\/\/rotario.com.br\/site\/#\/schema\/person\/fd89bbbf4136f7e8a21e0dd67b8a66c7","name":"Galv\u00e3o","url":"https:\/\/rotario.com.br\/site\/author\/daniel\/"}]}},"_links":{"self":[{"href":"https:\/\/rotario.com.br\/site\/wp-json\/wp\/v2\/posts\/35852","targetHints":{"allow":["GET"]}}],"collection":[{"href":"https:\/\/rotario.com.br\/site\/wp-json\/wp\/v2\/posts"}],"about":[{"href":"https:\/\/rotario.com.br\/site\/wp-json\/wp\/v2\/types\/post"}],"author":[{"embeddable":true,"href":"https:\/\/rotario.com.br\/site\/wp-json\/wp\/v2\/users\/2"}],"replies":[{"embeddable":true,"href":"https:\/\/rotario.com.br\/site\/wp-json\/wp\/v2\/comments?post=35852"}],"version-history":[{"count":1,"href":"https:\/\/rotario.com.br\/site\/wp-json\/wp\/v2\/posts\/35852\/revisions"}],"predecessor-version":[{"id":35854,"href":"https:\/\/rotario.com.br\/site\/wp-json\/wp\/v2\/posts\/35852\/revisions\/35854"}],"wp:featuredmedia":[{"embeddable":true,"href":"https:\/\/rotario.com.br\/site\/wp-json\/wp\/v2\/media\/35853"}],"wp:attachment":[{"href":"https:\/\/rotario.com.br\/site\/wp-json\/wp\/v2\/media?parent=35852"}],"wp:term":[{"taxonomy":"category","embeddable":true,"href":"https:\/\/rotario.com.br\/site\/wp-json\/wp\/v2\/categories?post=35852"},{"taxonomy":"post_tag","embeddable":true,"href":"https:\/\/rotario.com.br\/site\/wp-json\/wp\/v2\/tags?post=35852"}],"curies":[{"name":"wp","href":"https:\/\/api.w.org\/{rel}","templated":true}]}}