{"id":38617,"date":"2026-08-31T15:19:10","date_gmt":"2026-08-31T18:19:10","guid":{"rendered":"https:\/\/rotario.com.br\/site\/?p=38617"},"modified":"2026-08-31T15:19:25","modified_gmt":"2026-08-31T18:19:25","slug":"programa-saude-na-escola-ampliou-atendimentos-a-populacao-de-arraial-do-cabo","status":"publish","type":"post","link":"https:\/\/rotario.com.br\/site\/programa-saude-na-escola-ampliou-atendimentos-a-populacao-de-arraial-do-cabo\/","title":{"rendered":"Programa Sa\u00fade na Escola ampliou atendimentos \u00e0 popula\u00e7\u00e3o de Arraial do Cabo"},"content":{"rendered":"\n<p>Moradores de Pernambuca tiveram acesso a uma s\u00e9rie de servi\u00e7os gratuitos durante mais uma edi\u00e7\u00e3o do Programa Sa\u00fade na Escola (PSE), realizada no s\u00e1bado (29), no Col\u00e9gio Municipal Sotero Teixeira de Souza, em Arraial do Cabo. A a\u00e7\u00e3o reuniu atendimentos de sa\u00fade e assist\u00eancia social, al\u00e9m de atividades educativas e recreativas, aproximando diferentes servi\u00e7os p\u00fablicos das fam\u00edlias da regi\u00e3o.<\/p>\n\n\n\n<p>Entre os atendimentos oferecidos, foram realizadas 64 consultas de enfermagem, al\u00e9m de aferi\u00e7\u00e3o da press\u00e3o arterial, testes de glicose e orienta\u00e7\u00f5es sobre alimenta\u00e7\u00e3o saud\u00e1vel e cuidados com a pessoa idosa. A sa\u00fade bucal tamb\u00e9m esteve presente, com avalia\u00e7\u00f5es, aplica\u00e7\u00e3o de fl\u00faor e distribui\u00e7\u00e3o de kits de higiene. A vacina\u00e7\u00e3o somou 40 doses aplicadas contra diferentes doen\u00e7as, incluindo Influenza, dengue, hepatite B, Covid-19, febre amarela, HPV e meningite ACWY, al\u00e9m da vacina dT.<\/p>\n\n\n\n<p>A programa\u00e7\u00e3o foi ampliada com atendimento do Cad\u00danico para cadastro e atualiza\u00e7\u00e3o de informa\u00e7\u00f5es, corte de cabelo masculino e outros servi\u00e7os de orienta\u00e7\u00e3o \u00e0 popula\u00e7\u00e3o. As crian\u00e7as tamb\u00e9m participaram de momentos de leitura, recrea\u00e7\u00e3o e atividades l\u00fadicas. A iniciativa integrou sa\u00fade, educa\u00e7\u00e3o e assist\u00eancia social em um mesmo espa\u00e7o, fortalecendo as a\u00e7\u00f5es de preven\u00e7\u00e3o, cidadania e cuidado e facilitando o acesso da comunidade aos servi\u00e7os p\u00fablicos em Arraial do Cabo.&nbsp;&nbsp;&nbsp;<\/p>\n","protected":false},"excerpt":{"rendered":"<p>Moradores de Pernambuca tiveram acesso a uma s\u00e9rie de servi\u00e7os gratuitos durante mais uma edi\u00e7\u00e3o do Programa Sa\u00fade na Escola (PSE), realizada no s\u00e1bado (29), no Col\u00e9gio Municipal Sotero Teixeira de Souza, em Arraial do Cabo. A a\u00e7\u00e3o reuniu atendimentos de sa\u00fade e assist\u00eancia social, al\u00e9m de atividades educativas e recreativas, aproximando diferentes servi\u00e7os p\u00fablicos [&hellip;]<\/p>\n","protected":false},"author":2,"featured_media":38619,"comment_status":"open","ping_status":"closed","sticky":false,"template":"","format":"standard","meta":{"footnotes":""},"categories":[44],"tags":[350,3295,4163,3290,3299,3028,2027,4313,4158,4350,3300],"class_list":["post-38617","post","type-post","status-publish","format-standard","has-post-thumbnail","hentry","category-arraial-do-cabo","tag-arraial-do-cabo","tag-assistencia-social","tag-atendimento-gratuito","tag-cadunico","tag-cidadania","tag-comunidade","tag-educacao","tag-pernambuca","tag-saude-bucal","tag-saude-na-escola","tag-vacinacao"],"yoast_head":"<!-- This site is optimized with the Yoast SEO plugin v26.5 - https:\/\/yoast.com\/wordpress\/plugins\/seo\/ -->\n<title>Programa Sa\u00fade na Escola ampliou atendimentos \u00e0 popula\u00e7\u00e3o de Arraial do Cabo - Rota Rio<\/title>\n<meta name=\"robots\" content=\"index, follow, max-snippet:-1, max-image-preview:large, max-video-preview:-1\" \/>\n<link rel=\"canonical\" href=\"https:\/\/rotario.com.br\/site\/programa-saude-na-escola-ampliou-atendimentos-a-populacao-de-arraial-do-cabo\/\" \/>\n<meta property=\"og:locale\" content=\"pt_BR\" \/>\n<meta property=\"og:type\" content=\"article\" \/>\n<meta property=\"og:title\" content=\"Programa Sa\u00fade na Escola ampliou atendimentos \u00e0 popula\u00e7\u00e3o de Arraial do Cabo - Rota Rio\" \/>\n<meta property=\"og:description\" content=\"Moradores de Pernambuca tiveram acesso a uma s\u00e9rie de servi\u00e7os gratuitos durante mais uma edi\u00e7\u00e3o do Programa Sa\u00fade na Escola (PSE), realizada no s\u00e1bado (29), no Col\u00e9gio Municipal Sotero Teixeira de Souza, em Arraial do Cabo. A a\u00e7\u00e3o reuniu atendimentos de sa\u00fade e assist\u00eancia social, al\u00e9m de atividades educativas e recreativas, aproximando diferentes servi\u00e7os p\u00fablicos [&hellip;]\" \/>\n<meta property=\"og:url\" content=\"https:\/\/rotario.com.br\/site\/programa-saude-na-escola-ampliou-atendimentos-a-populacao-de-arraial-do-cabo\/\" \/>\n<meta property=\"og:site_name\" content=\"Rota Rio\" \/>\n<meta property=\"article:published_time\" content=\"2026-08-31T18:19:10+00:00\" \/>\n<meta property=\"article:modified_time\" content=\"2026-08-31T18:19:25+00:00\" \/>\n<meta property=\"og:image\" content=\"https:\/\/rotario.com.br\/site\/wp-content\/uploads\/2026\/08\/05-Saude-na-Escola-em-Arraial-do-Cabo-levou-atendimentos-gratuitos-a-comunidade-de-Pernambuca-4.jpg\" \/>\n\t<meta property=\"og:image:width\" content=\"827\" \/>\n\t<meta property=\"og:image:height\" content=\"751\" \/>\n\t<meta property=\"og:image:type\" content=\"image\/jpeg\" \/>\n<meta name=\"author\" content=\"Galv\u00e3o\" \/>\n<meta name=\"twitter:card\" content=\"summary_large_image\" \/>\n<meta name=\"twitter:label1\" content=\"Escrito por\" \/>\n\t<meta name=\"twitter:data1\" content=\"Galv\u00e3o\" \/>\n\t<meta name=\"twitter:label2\" content=\"Est. tempo de leitura\" \/>\n\t<meta name=\"twitter:data2\" content=\"2 minutos\" \/>\n<script type=\"application\/ld+json\" class=\"yoast-schema-graph\">{\"@context\":\"https:\/\/schema.org\",\"@graph\":[{\"@type\":\"Article\",\"@id\":\"https:\/\/rotario.com.br\/site\/programa-saude-na-escola-ampliou-atendimentos-a-populacao-de-arraial-do-cabo\/#article\",\"isPartOf\":{\"@id\":\"https:\/\/rotario.com.br\/site\/programa-saude-na-escola-ampliou-atendimentos-a-populacao-de-arraial-do-cabo\/\"},\"author\":{\"name\":\"Galv\u00e3o\",\"@id\":\"https:\/\/rotario.com.br\/site\/#\/schema\/person\/fd89bbbf4136f7e8a21e0dd67b8a66c7\"},\"headline\":\"Programa Sa\u00fade na Escola ampliou atendimentos \u00e0 popula\u00e7\u00e3o de Arraial do Cabo\",\"datePublished\":\"2026-08-31T18:19:10+00:00\",\"dateModified\":\"2026-08-31T18:19:25+00:00\",\"mainEntityOfPage\":{\"@id\":\"https:\/\/rotario.com.br\/site\/programa-saude-na-escola-ampliou-atendimentos-a-populacao-de-arraial-do-cabo\/\"},\"wordCount\":261,\"commentCount\":0,\"publisher\":{\"@id\":\"https:\/\/rotario.com.br\/site\/#organization\"},\"image\":{\"@id\":\"https:\/\/rotario.com.br\/site\/programa-saude-na-escola-ampliou-atendimentos-a-populacao-de-arraial-do-cabo\/#primaryimage\"},\"thumbnailUrl\":\"https:\/\/rotario.com.br\/site\/wp-content\/uploads\/2026\/08\/05-Saude-na-Escola-em-Arraial-do-Cabo-levou-atendimentos-gratuitos-a-comunidade-de-Pernambuca-4.jpg\",\"keywords\":[\"Arraial do Cabo\",\"Assist\u00eancia Social\",\"atendimento gratuito\",\"Cad\u00danico\",\"cidadania\",\"comunidade\",\"Educa\u00e7\u00e3o\",\"Pernambuca\",\"sa\u00fade bucal\",\"Sa\u00fade na Escola\",\"vacina\u00e7\u00e3o\"],\"articleSection\":[\"Arraial do Cabo\"],\"inLanguage\":\"pt-BR\",\"potentialAction\":[{\"@type\":\"CommentAction\",\"name\":\"Comment\",\"target\":[\"https:\/\/rotario.com.br\/site\/programa-saude-na-escola-ampliou-atendimentos-a-populacao-de-arraial-do-cabo\/#respond\"]}]},{\"@type\":\"WebPage\",\"@id\":\"https:\/\/rotario.com.br\/site\/programa-saude-na-escola-ampliou-atendimentos-a-populacao-de-arraial-do-cabo\/\",\"url\":\"https:\/\/rotario.com.br\/site\/programa-saude-na-escola-ampliou-atendimentos-a-populacao-de-arraial-do-cabo\/\",\"name\":\"Programa Sa\u00fade na Escola ampliou atendimentos \u00e0 popula\u00e7\u00e3o de Arraial do Cabo - Rota Rio\",\"isPartOf\":{\"@id\":\"https:\/\/rotario.com.br\/site\/#website\"},\"primaryImageOfPage\":{\"@id\":\"https:\/\/rotario.com.br\/site\/programa-saude-na-escola-ampliou-atendimentos-a-populacao-de-arraial-do-cabo\/#primaryimage\"},\"image\":{\"@id\":\"https:\/\/rotario.com.br\/site\/programa-saude-na-escola-ampliou-atendimentos-a-populacao-de-arraial-do-cabo\/#primaryimage\"},\"thumbnailUrl\":\"https:\/\/rotario.com.br\/site\/wp-content\/uploads\/2026\/08\/05-Saude-na-Escola-em-Arraial-do-Cabo-levou-atendimentos-gratuitos-a-comunidade-de-Pernambuca-4.jpg\",\"datePublished\":\"2026-08-31T18:19:10+00:00\",\"dateModified\":\"2026-08-31T18:19:25+00:00\",\"breadcrumb\":{\"@id\":\"https:\/\/rotario.com.br\/site\/programa-saude-na-escola-ampliou-atendimentos-a-populacao-de-arraial-do-cabo\/#breadcrumb\"},\"inLanguage\":\"pt-BR\",\"potentialAction\":[{\"@type\":\"ReadAction\",\"target\":[\"https:\/\/rotario.com.br\/site\/programa-saude-na-escola-ampliou-atendimentos-a-populacao-de-arraial-do-cabo\/\"]}]},{\"@type\":\"ImageObject\",\"inLanguage\":\"pt-BR\",\"@id\":\"https:\/\/rotario.com.br\/site\/programa-saude-na-escola-ampliou-atendimentos-a-populacao-de-arraial-do-cabo\/#primaryimage\",\"url\":\"https:\/\/rotario.com.br\/site\/wp-content\/uploads\/2026\/08\/05-Saude-na-Escola-em-Arraial-do-Cabo-levou-atendimentos-gratuitos-a-comunidade-de-Pernambuca-4.jpg\",\"contentUrl\":\"https:\/\/rotario.com.br\/site\/wp-content\/uploads\/2026\/08\/05-Saude-na-Escola-em-Arraial-do-Cabo-levou-atendimentos-gratuitos-a-comunidade-de-Pernambuca-4.jpg\",\"width\":827,\"height\":751},{\"@type\":\"BreadcrumbList\",\"@id\":\"https:\/\/rotario.com.br\/site\/programa-saude-na-escola-ampliou-atendimentos-a-populacao-de-arraial-do-cabo\/#breadcrumb\",\"itemListElement\":[{\"@type\":\"ListItem\",\"position\":1,\"name\":\"In\u00edcio\",\"item\":\"https:\/\/rotario.com.br\/site\/\"},{\"@type\":\"ListItem\",\"position\":2,\"name\":\"Programa Sa\u00fade na Escola ampliou atendimentos \u00e0 popula\u00e7\u00e3o de Arraial do Cabo\"}]},{\"@type\":\"WebSite\",\"@id\":\"https:\/\/rotario.com.br\/site\/#website\",\"url\":\"https:\/\/rotario.com.br\/site\/\",\"name\":\"Rota Rio\",\"description\":\"Aqui, o Rio de Janeiro \u00e9 a pauta!\",\"publisher\":{\"@id\":\"https:\/\/rotario.com.br\/site\/#organization\"},\"potentialAction\":[{\"@type\":\"SearchAction\",\"target\":{\"@type\":\"EntryPoint\",\"urlTemplate\":\"https:\/\/rotario.com.br\/site\/?s={search_term_string}\"},\"query-input\":{\"@type\":\"PropertyValueSpecification\",\"valueRequired\":true,\"valueName\":\"search_term_string\"}}],\"inLanguage\":\"pt-BR\"},{\"@type\":\"Organization\",\"@id\":\"https:\/\/rotario.com.br\/site\/#organization\",\"name\":\"Rota Rio\",\"url\":\"https:\/\/rotario.com.br\/site\/\",\"logo\":{\"@type\":\"ImageObject\",\"inLanguage\":\"pt-BR\",\"@id\":\"https:\/\/rotario.com.br\/site\/#\/schema\/logo\/image\/\",\"url\":\"https:\/\/rotario.com.br\/site\/wp-content\/uploads\/2022\/04\/cropped-ROTARIO-LOGO-Prancheta-1-1-2048x654-1.png\",\"contentUrl\":\"https:\/\/rotario.com.br\/site\/wp-content\/uploads\/2022\/04\/cropped-ROTARIO-LOGO-Prancheta-1-1-2048x654-1.png\",\"width\":2048,\"height\":654,\"caption\":\"Rota Rio\"},\"image\":{\"@id\":\"https:\/\/rotario.com.br\/site\/#\/schema\/logo\/image\/\"}},{\"@type\":\"Person\",\"@id\":\"https:\/\/rotario.com.br\/site\/#\/schema\/person\/fd89bbbf4136f7e8a21e0dd67b8a66c7\",\"name\":\"Galv\u00e3o\",\"url\":\"https:\/\/rotario.com.br\/site\/author\/daniel\/\"}]}<\/script>\n<!-- \/ Yoast SEO plugin. -->","yoast_head_json":{"title":"Programa Sa\u00fade na Escola ampliou atendimentos \u00e0 popula\u00e7\u00e3o de Arraial do Cabo - Rota Rio","robots":{"index":"index","follow":"follow","max-snippet":"max-snippet:-1","max-image-preview":"max-image-preview:large","max-video-preview":"max-video-preview:-1"},"canonical":"https:\/\/rotario.com.br\/site\/programa-saude-na-escola-ampliou-atendimentos-a-populacao-de-arraial-do-cabo\/","og_locale":"pt_BR","og_type":"article","og_title":"Programa Sa\u00fade na Escola ampliou atendimentos \u00e0 popula\u00e7\u00e3o de Arraial do Cabo - Rota Rio","og_description":"Moradores de Pernambuca tiveram acesso a uma s\u00e9rie de servi\u00e7os gratuitos durante mais uma edi\u00e7\u00e3o do Programa Sa\u00fade na Escola (PSE), realizada no s\u00e1bado (29), no Col\u00e9gio Municipal Sotero Teixeira de Souza, em Arraial do Cabo. A a\u00e7\u00e3o reuniu atendimentos de sa\u00fade e assist\u00eancia social, al\u00e9m de atividades educativas e recreativas, aproximando diferentes servi\u00e7os p\u00fablicos [&hellip;]","og_url":"https:\/\/rotario.com.br\/site\/programa-saude-na-escola-ampliou-atendimentos-a-populacao-de-arraial-do-cabo\/","og_site_name":"Rota Rio","article_published_time":"2026-08-31T18:19:10+00:00","article_modified_time":"2026-08-31T18:19:25+00:00","og_image":[{"width":827,"height":751,"url":"https:\/\/rotario.com.br\/site\/wp-content\/uploads\/2026\/08\/05-Saude-na-Escola-em-Arraial-do-Cabo-levou-atendimentos-gratuitos-a-comunidade-de-Pernambuca-4.jpg","type":"image\/jpeg"}],"author":"Galv\u00e3o","twitter_card":"summary_large_image","twitter_misc":{"Escrito por":"Galv\u00e3o","Est. tempo de leitura":"2 minutos"},"schema":{"@context":"https:\/\/schema.org","@graph":[{"@type":"Article","@id":"https:\/\/rotario.com.br\/site\/programa-saude-na-escola-ampliou-atendimentos-a-populacao-de-arraial-do-cabo\/#article","isPartOf":{"@id":"https:\/\/rotario.com.br\/site\/programa-saude-na-escola-ampliou-atendimentos-a-populacao-de-arraial-do-cabo\/"},"author":{"name":"Galv\u00e3o","@id":"https:\/\/rotario.com.br\/site\/#\/schema\/person\/fd89bbbf4136f7e8a21e0dd67b8a66c7"},"headline":"Programa Sa\u00fade na Escola ampliou atendimentos \u00e0 popula\u00e7\u00e3o de Arraial do Cabo","datePublished":"2026-08-31T18:19:10+00:00","dateModified":"2026-08-31T18:19:25+00:00","mainEntityOfPage":{"@id":"https:\/\/rotario.com.br\/site\/programa-saude-na-escola-ampliou-atendimentos-a-populacao-de-arraial-do-cabo\/"},"wordCount":261,"commentCount":0,"publisher":{"@id":"https:\/\/rotario.com.br\/site\/#organization"},"image":{"@id":"https:\/\/rotario.com.br\/site\/programa-saude-na-escola-ampliou-atendimentos-a-populacao-de-arraial-do-cabo\/#primaryimage"},"thumbnailUrl":"https:\/\/rotario.com.br\/site\/wp-content\/uploads\/2026\/08\/05-Saude-na-Escola-em-Arraial-do-Cabo-levou-atendimentos-gratuitos-a-comunidade-de-Pernambuca-4.jpg","keywords":["Arraial do Cabo","Assist\u00eancia Social","atendimento gratuito","Cad\u00danico","cidadania","comunidade","Educa\u00e7\u00e3o","Pernambuca","sa\u00fade bucal","Sa\u00fade na Escola","vacina\u00e7\u00e3o"],"articleSection":["Arraial do Cabo"],"inLanguage":"pt-BR","potentialAction":[{"@type":"CommentAction","name":"Comment","target":["https:\/\/rotario.com.br\/site\/programa-saude-na-escola-ampliou-atendimentos-a-populacao-de-arraial-do-cabo\/#respond"]}]},{"@type":"WebPage","@id":"https:\/\/rotario.com.br\/site\/programa-saude-na-escola-ampliou-atendimentos-a-populacao-de-arraial-do-cabo\/","url":"https:\/\/rotario.com.br\/site\/programa-saude-na-escola-ampliou-atendimentos-a-populacao-de-arraial-do-cabo\/","name":"Programa Sa\u00fade na Escola ampliou atendimentos \u00e0 popula\u00e7\u00e3o de Arraial do Cabo - Rota Rio","isPartOf":{"@id":"https:\/\/rotario.com.br\/site\/#website"},"primaryImageOfPage":{"@id":"https:\/\/rotario.com.br\/site\/programa-saude-na-escola-ampliou-atendimentos-a-populacao-de-arraial-do-cabo\/#primaryimage"},"image":{"@id":"https:\/\/rotario.com.br\/site\/programa-saude-na-escola-ampliou-atendimentos-a-populacao-de-arraial-do-cabo\/#primaryimage"},"thumbnailUrl":"https:\/\/rotario.com.br\/site\/wp-content\/uploads\/2026\/08\/05-Saude-na-Escola-em-Arraial-do-Cabo-levou-atendimentos-gratuitos-a-comunidade-de-Pernambuca-4.jpg","datePublished":"2026-08-31T18:19:10+00:00","dateModified":"2026-08-31T18:19:25+00:00","breadcrumb":{"@id":"https:\/\/rotario.com.br\/site\/programa-saude-na-escola-ampliou-atendimentos-a-populacao-de-arraial-do-cabo\/#breadcrumb"},"inLanguage":"pt-BR","potentialAction":[{"@type":"ReadAction","target":["https:\/\/rotario.com.br\/site\/programa-saude-na-escola-ampliou-atendimentos-a-populacao-de-arraial-do-cabo\/"]}]},{"@type":"ImageObject","inLanguage":"pt-BR","@id":"https:\/\/rotario.com.br\/site\/programa-saude-na-escola-ampliou-atendimentos-a-populacao-de-arraial-do-cabo\/#primaryimage","url":"https:\/\/rotario.com.br\/site\/wp-content\/uploads\/2026\/08\/05-Saude-na-Escola-em-Arraial-do-Cabo-levou-atendimentos-gratuitos-a-comunidade-de-Pernambuca-4.jpg","contentUrl":"https:\/\/rotario.com.br\/site\/wp-content\/uploads\/2026\/08\/05-Saude-na-Escola-em-Arraial-do-Cabo-levou-atendimentos-gratuitos-a-comunidade-de-Pernambuca-4.jpg","width":827,"height":751},{"@type":"BreadcrumbList","@id":"https:\/\/rotario.com.br\/site\/programa-saude-na-escola-ampliou-atendimentos-a-populacao-de-arraial-do-cabo\/#breadcrumb","itemListElement":[{"@type":"ListItem","position":1,"name":"In\u00edcio","item":"https:\/\/rotario.com.br\/site\/"},{"@type":"ListItem","position":2,"name":"Programa Sa\u00fade na Escola ampliou atendimentos \u00e0 popula\u00e7\u00e3o de Arraial do Cabo"}]},{"@type":"WebSite","@id":"https:\/\/rotario.com.br\/site\/#website","url":"https:\/\/rotario.com.br\/site\/","name":"Rota Rio","description":"Aqui, o Rio de Janeiro \u00e9 a pauta!","publisher":{"@id":"https:\/\/rotario.com.br\/site\/#organization"},"potentialAction":[{"@type":"SearchAction","target":{"@type":"EntryPoint","urlTemplate":"https:\/\/rotario.com.br\/site\/?s={search_term_string}"},"query-input":{"@type":"PropertyValueSpecification","valueRequired":true,"valueName":"search_term_string"}}],"inLanguage":"pt-BR"},{"@type":"Organization","@id":"https:\/\/rotario.com.br\/site\/#organization","name":"Rota Rio","url":"https:\/\/rotario.com.br\/site\/","logo":{"@type":"ImageObject","inLanguage":"pt-BR","@id":"https:\/\/rotario.com.br\/site\/#\/schema\/logo\/image\/","url":"https:\/\/rotario.com.br\/site\/wp-content\/uploads\/2022\/04\/cropped-ROTARIO-LOGO-Prancheta-1-1-2048x654-1.png","contentUrl":"https:\/\/rotario.com.br\/site\/wp-content\/uploads\/2022\/04\/cropped-ROTARIO-LOGO-Prancheta-1-1-2048x654-1.png","width":2048,"height":654,"caption":"Rota Rio"},"image":{"@id":"https:\/\/rotario.com.br\/site\/#\/schema\/logo\/image\/"}},{"@type":"Person","@id":"https:\/\/rotario.com.br\/site\/#\/schema\/person\/fd89bbbf4136f7e8a21e0dd67b8a66c7","name":"Galv\u00e3o","url":"https:\/\/rotario.com.br\/site\/author\/daniel\/"}]}},"_links":{"self":[{"href":"https:\/\/rotario.com.br\/site\/wp-json\/wp\/v2\/posts\/38617","targetHints":{"allow":["GET"]}}],"collection":[{"href":"https:\/\/rotario.com.br\/site\/wp-json\/wp\/v2\/posts"}],"about":[{"href":"https:\/\/rotario.com.br\/site\/wp-json\/wp\/v2\/types\/post"}],"author":[{"embeddable":true,"href":"https:\/\/rotario.com.br\/site\/wp-json\/wp\/v2\/users\/2"}],"replies":[{"embeddable":true,"href":"https:\/\/rotario.com.br\/site\/wp-json\/wp\/v2\/comments?post=38617"}],"version-history":[{"count":1,"href":"https:\/\/rotario.com.br\/site\/wp-json\/wp\/v2\/posts\/38617\/revisions"}],"predecessor-version":[{"id":38620,"href":"https:\/\/rotario.com.br\/site\/wp-json\/wp\/v2\/posts\/38617\/revisions\/38620"}],"wp:featuredmedia":[{"embeddable":true,"href":"https:\/\/rotario.com.br\/site\/wp-json\/wp\/v2\/media\/38619"}],"wp:attachment":[{"href":"https:\/\/rotario.com.br\/site\/wp-json\/wp\/v2\/media?parent=38617"}],"wp:term":[{"taxonomy":"category","embeddable":true,"href":"https:\/\/rotario.com.br\/site\/wp-json\/wp\/v2\/categories?post=38617"},{"taxonomy":"post_tag","embeddable":true,"href":"https:\/\/rotario.com.br\/site\/wp-json\/wp\/v2\/tags?post=38617"}],"curies":[{"name":"wp","href":"https:\/\/api.w.org\/{rel}","templated":true}]}}