{"id":38624,"date":"2026-08-31T16:17:20","date_gmt":"2026-08-31T19:17:20","guid":{"rendered":"https:\/\/rotario.com.br\/site\/?p=38624"},"modified":"2026-08-31T16:17:26","modified_gmt":"2026-08-31T19:17:26","slug":"arraial-do-cabo-amplia-projeto-inspirado-nas-gigantes-dos-mares","status":"publish","type":"post","link":"https:\/\/rotario.com.br\/site\/arraial-do-cabo-amplia-projeto-inspirado-nas-gigantes-dos-mares\/","title":{"rendered":"Arraial do Cabo amplia projeto inspirado nas gigantes dos mares"},"content":{"rendered":"\n<p>Arraial do Cabo vai ganhar novas r\u00e9plicas de baleias e golfinhos em diferentes pontos da cidade, incluindo os distritos. A iniciativa da Funtec Ambiental busca aproximar moradores e visitantes da riqueza da fauna marinha e refor\u00e7ar uma das principais caracter\u00edsticas do munic\u00edpio, reconhecido pelo Instituto Baleia Jubarte como um dos principais locais do Brasil para o avistamento terrestre de baleias.<\/p>\n\n\n\n<p>Entre as novas estruturas est\u00e3o uma r\u00e9plica de baleia-jubarte com seis metros de comprimento e outra representando um filhote, com aproximadamente 2,5 metros. As pe\u00e7as ser\u00e3o distribu\u00eddas por locais como a Pra\u00e7a de Figueira, Pernambuca, Pra\u00e7a de Monte Alto, \u00e1rea em frente \u00e0 Orla da Praia Grande e Marina dos Pescadores. O projeto tamb\u00e9m prev\u00ea seis r\u00e9plicas de golfinhos, sendo tr\u00eas destinadas \u00e0 regi\u00e3o da Praia Grande e outras tr\u00eas ao P\u00f3rtico. Parte das estruturas est\u00e1 sendo produzida em Mag\u00e9, enquanto outras pe\u00e7as est\u00e3o sendo confeccionadas em S\u00e3o Paulo e Vit\u00f3ria.<\/p>\n\n\n\n<p>A proposta transforma espa\u00e7os p\u00fablicos em pontos de valoriza\u00e7\u00e3o da biodiversidade encontrada nas \u00e1guas da regi\u00e3o e amplia a presen\u00e7a da tem\u00e1tica marinha para al\u00e9m das praias. As r\u00e9plicas tamb\u00e9m ajudam a chamar aten\u00e7\u00e3o para esp\u00e9cies que fazem parte do patrim\u00f4nio natural de Arraial do Cabo, fortalecendo a identifica\u00e7\u00e3o da cidade com o oceano e criando novos atrativos para moradores e turistas. A expectativa \u00e9 que novas estruturas sejam instaladas at\u00e9 o encerramento da Temporada de Baleias 2026. A iniciativa faz parte das a\u00e7\u00f5es realizadas durante o per\u00edodo e acompanha a programa\u00e7\u00e3o voltada \u00e0 valoriza\u00e7\u00e3o da vida marinha no munic\u00edpio, levando as gigantes dos mares para ainda mais perto do p\u00fablico.&nbsp;&nbsp;<\/p>\n","protected":false},"excerpt":{"rendered":"<p>Arraial do Cabo vai ganhar novas r\u00e9plicas de baleias e golfinhos em diferentes pontos da cidade, incluindo os distritos. A iniciativa da Funtec Ambiental busca aproximar moradores e visitantes da riqueza da fauna marinha e refor\u00e7ar uma das principais caracter\u00edsticas do munic\u00edpio, reconhecido pelo Instituto Baleia Jubarte como um dos principais locais do Brasil para [&hellip;]<\/p>\n","protected":false},"author":2,"featured_media":38625,"comment_status":"open","ping_status":"closed","sticky":false,"template":"","format":"standard","meta":{"footnotes":""},"categories":[44],"tags":[350,3334,2967,3337,662,3401,4355,4254,76,2968],"class_list":["post-38624","post","type-post","status-publish","format-standard","has-post-thumbnail","hentry","category-arraial-do-cabo","tag-arraial-do-cabo","tag-baleia-jubarte","tag-biodiversidade","tag-funtec-ambiental","tag-golfinhos","tag-preservacao-marinha","tag-replicas","tag-temporada-de-baleias","tag-turismo","tag-vida-marinha"],"yoast_head":"<!-- This site is optimized with the Yoast SEO plugin v26.5 - https:\/\/yoast.com\/wordpress\/plugins\/seo\/ -->\n<title>Arraial do Cabo amplia projeto inspirado nas gigantes dos mares - Rota Rio<\/title>\n<meta name=\"robots\" content=\"index, follow, max-snippet:-1, max-image-preview:large, max-video-preview:-1\" \/>\n<link rel=\"canonical\" href=\"https:\/\/rotario.com.br\/site\/arraial-do-cabo-amplia-projeto-inspirado-nas-gigantes-dos-mares\/\" \/>\n<meta property=\"og:locale\" content=\"pt_BR\" \/>\n<meta property=\"og:type\" content=\"article\" \/>\n<meta property=\"og:title\" content=\"Arraial do Cabo amplia projeto inspirado nas gigantes dos mares - Rota Rio\" \/>\n<meta property=\"og:description\" content=\"Arraial do Cabo vai ganhar novas r\u00e9plicas de baleias e golfinhos em diferentes pontos da cidade, incluindo os distritos. A iniciativa da Funtec Ambiental busca aproximar moradores e visitantes da riqueza da fauna marinha e refor\u00e7ar uma das principais caracter\u00edsticas do munic\u00edpio, reconhecido pelo Instituto Baleia Jubarte como um dos principais locais do Brasil para [&hellip;]\" \/>\n<meta property=\"og:url\" content=\"https:\/\/rotario.com.br\/site\/arraial-do-cabo-amplia-projeto-inspirado-nas-gigantes-dos-mares\/\" \/>\n<meta property=\"og:site_name\" content=\"Rota Rio\" \/>\n<meta property=\"article:published_time\" content=\"2026-08-31T19:17:20+00:00\" \/>\n<meta property=\"article:modified_time\" content=\"2026-08-31T19:17:26+00:00\" \/>\n<meta property=\"og:image\" content=\"https:\/\/rotario.com.br\/site\/wp-content\/uploads\/2026\/08\/07-Baleias-e-golfinhos-vao-ocupar-novos-espacos-de-Arraial-do-Cabo-4.jpg\" \/>\n\t<meta property=\"og:image:width\" content=\"1102\" \/>\n\t<meta property=\"og:image:height\" content=\"620\" \/>\n\t<meta property=\"og:image:type\" content=\"image\/jpeg\" \/>\n<meta name=\"author\" content=\"Galv\u00e3o\" \/>\n<meta name=\"twitter:card\" content=\"summary_large_image\" \/>\n<meta name=\"twitter:label1\" content=\"Escrito por\" \/>\n\t<meta name=\"twitter:data1\" content=\"Galv\u00e3o\" \/>\n\t<meta name=\"twitter:label2\" content=\"Est. tempo de leitura\" \/>\n\t<meta name=\"twitter:data2\" content=\"2 minutos\" \/>\n<script type=\"application\/ld+json\" class=\"yoast-schema-graph\">{\"@context\":\"https:\/\/schema.org\",\"@graph\":[{\"@type\":\"Article\",\"@id\":\"https:\/\/rotario.com.br\/site\/arraial-do-cabo-amplia-projeto-inspirado-nas-gigantes-dos-mares\/#article\",\"isPartOf\":{\"@id\":\"https:\/\/rotario.com.br\/site\/arraial-do-cabo-amplia-projeto-inspirado-nas-gigantes-dos-mares\/\"},\"author\":{\"name\":\"Galv\u00e3o\",\"@id\":\"https:\/\/rotario.com.br\/site\/#\/schema\/person\/fd89bbbf4136f7e8a21e0dd67b8a66c7\"},\"headline\":\"Arraial do Cabo amplia projeto inspirado nas gigantes dos mares\",\"datePublished\":\"2026-08-31T19:17:20+00:00\",\"dateModified\":\"2026-08-31T19:17:26+00:00\",\"mainEntityOfPage\":{\"@id\":\"https:\/\/rotario.com.br\/site\/arraial-do-cabo-amplia-projeto-inspirado-nas-gigantes-dos-mares\/\"},\"wordCount\":308,\"commentCount\":0,\"publisher\":{\"@id\":\"https:\/\/rotario.com.br\/site\/#organization\"},\"image\":{\"@id\":\"https:\/\/rotario.com.br\/site\/arraial-do-cabo-amplia-projeto-inspirado-nas-gigantes-dos-mares\/#primaryimage\"},\"thumbnailUrl\":\"https:\/\/rotario.com.br\/site\/wp-content\/uploads\/2026\/08\/07-Baleias-e-golfinhos-vao-ocupar-novos-espacos-de-Arraial-do-Cabo-4.jpg\",\"keywords\":[\"Arraial do Cabo\",\"baleia-jubarte\",\"biodiversidade\",\"Funtec Ambiental\",\"Golfinhos\",\"preserva\u00e7\u00e3o marinha\",\"r\u00e9plicas\",\"temporada de baleias\",\"turismo\",\"vida marinha\"],\"articleSection\":[\"Arraial do Cabo\"],\"inLanguage\":\"pt-BR\",\"potentialAction\":[{\"@type\":\"CommentAction\",\"name\":\"Comment\",\"target\":[\"https:\/\/rotario.com.br\/site\/arraial-do-cabo-amplia-projeto-inspirado-nas-gigantes-dos-mares\/#respond\"]}]},{\"@type\":\"WebPage\",\"@id\":\"https:\/\/rotario.com.br\/site\/arraial-do-cabo-amplia-projeto-inspirado-nas-gigantes-dos-mares\/\",\"url\":\"https:\/\/rotario.com.br\/site\/arraial-do-cabo-amplia-projeto-inspirado-nas-gigantes-dos-mares\/\",\"name\":\"Arraial do Cabo amplia projeto inspirado nas gigantes dos mares - Rota Rio\",\"isPartOf\":{\"@id\":\"https:\/\/rotario.com.br\/site\/#website\"},\"primaryImageOfPage\":{\"@id\":\"https:\/\/rotario.com.br\/site\/arraial-do-cabo-amplia-projeto-inspirado-nas-gigantes-dos-mares\/#primaryimage\"},\"image\":{\"@id\":\"https:\/\/rotario.com.br\/site\/arraial-do-cabo-amplia-projeto-inspirado-nas-gigantes-dos-mares\/#primaryimage\"},\"thumbnailUrl\":\"https:\/\/rotario.com.br\/site\/wp-content\/uploads\/2026\/08\/07-Baleias-e-golfinhos-vao-ocupar-novos-espacos-de-Arraial-do-Cabo-4.jpg\",\"datePublished\":\"2026-08-31T19:17:20+00:00\",\"dateModified\":\"2026-08-31T19:17:26+00:00\",\"breadcrumb\":{\"@id\":\"https:\/\/rotario.com.br\/site\/arraial-do-cabo-amplia-projeto-inspirado-nas-gigantes-dos-mares\/#breadcrumb\"},\"inLanguage\":\"pt-BR\",\"potentialAction\":[{\"@type\":\"ReadAction\",\"target\":[\"https:\/\/rotario.com.br\/site\/arraial-do-cabo-amplia-projeto-inspirado-nas-gigantes-dos-mares\/\"]}]},{\"@type\":\"ImageObject\",\"inLanguage\":\"pt-BR\",\"@id\":\"https:\/\/rotario.com.br\/site\/arraial-do-cabo-amplia-projeto-inspirado-nas-gigantes-dos-mares\/#primaryimage\",\"url\":\"https:\/\/rotario.com.br\/site\/wp-content\/uploads\/2026\/08\/07-Baleias-e-golfinhos-vao-ocupar-novos-espacos-de-Arraial-do-Cabo-4.jpg\",\"contentUrl\":\"https:\/\/rotario.com.br\/site\/wp-content\/uploads\/2026\/08\/07-Baleias-e-golfinhos-vao-ocupar-novos-espacos-de-Arraial-do-Cabo-4.jpg\",\"width\":1102,\"height\":620},{\"@type\":\"BreadcrumbList\",\"@id\":\"https:\/\/rotario.com.br\/site\/arraial-do-cabo-amplia-projeto-inspirado-nas-gigantes-dos-mares\/#breadcrumb\",\"itemListElement\":[{\"@type\":\"ListItem\",\"position\":1,\"name\":\"In\u00edcio\",\"item\":\"https:\/\/rotario.com.br\/site\/\"},{\"@type\":\"ListItem\",\"position\":2,\"name\":\"Arraial do Cabo amplia projeto inspirado nas gigantes dos mares\"}]},{\"@type\":\"WebSite\",\"@id\":\"https:\/\/rotario.com.br\/site\/#website\",\"url\":\"https:\/\/rotario.com.br\/site\/\",\"name\":\"Rota Rio\",\"description\":\"Aqui, o Rio de Janeiro \u00e9 a pauta!\",\"publisher\":{\"@id\":\"https:\/\/rotario.com.br\/site\/#organization\"},\"potentialAction\":[{\"@type\":\"SearchAction\",\"target\":{\"@type\":\"EntryPoint\",\"urlTemplate\":\"https:\/\/rotario.com.br\/site\/?s={search_term_string}\"},\"query-input\":{\"@type\":\"PropertyValueSpecification\",\"valueRequired\":true,\"valueName\":\"search_term_string\"}}],\"inLanguage\":\"pt-BR\"},{\"@type\":\"Organization\",\"@id\":\"https:\/\/rotario.com.br\/site\/#organization\",\"name\":\"Rota Rio\",\"url\":\"https:\/\/rotario.com.br\/site\/\",\"logo\":{\"@type\":\"ImageObject\",\"inLanguage\":\"pt-BR\",\"@id\":\"https:\/\/rotario.com.br\/site\/#\/schema\/logo\/image\/\",\"url\":\"https:\/\/rotario.com.br\/site\/wp-content\/uploads\/2022\/04\/cropped-ROTARIO-LOGO-Prancheta-1-1-2048x654-1.png\",\"contentUrl\":\"https:\/\/rotario.com.br\/site\/wp-content\/uploads\/2022\/04\/cropped-ROTARIO-LOGO-Prancheta-1-1-2048x654-1.png\",\"width\":2048,\"height\":654,\"caption\":\"Rota Rio\"},\"image\":{\"@id\":\"https:\/\/rotario.com.br\/site\/#\/schema\/logo\/image\/\"}},{\"@type\":\"Person\",\"@id\":\"https:\/\/rotario.com.br\/site\/#\/schema\/person\/fd89bbbf4136f7e8a21e0dd67b8a66c7\",\"name\":\"Galv\u00e3o\",\"url\":\"https:\/\/rotario.com.br\/site\/author\/daniel\/\"}]}<\/script>\n<!-- \/ Yoast SEO plugin. -->","yoast_head_json":{"title":"Arraial do Cabo amplia projeto inspirado nas gigantes dos mares - Rota Rio","robots":{"index":"index","follow":"follow","max-snippet":"max-snippet:-1","max-image-preview":"max-image-preview:large","max-video-preview":"max-video-preview:-1"},"canonical":"https:\/\/rotario.com.br\/site\/arraial-do-cabo-amplia-projeto-inspirado-nas-gigantes-dos-mares\/","og_locale":"pt_BR","og_type":"article","og_title":"Arraial do Cabo amplia projeto inspirado nas gigantes dos mares - Rota Rio","og_description":"Arraial do Cabo vai ganhar novas r\u00e9plicas de baleias e golfinhos em diferentes pontos da cidade, incluindo os distritos. A iniciativa da Funtec Ambiental busca aproximar moradores e visitantes da riqueza da fauna marinha e refor\u00e7ar uma das principais caracter\u00edsticas do munic\u00edpio, reconhecido pelo Instituto Baleia Jubarte como um dos principais locais do Brasil para [&hellip;]","og_url":"https:\/\/rotario.com.br\/site\/arraial-do-cabo-amplia-projeto-inspirado-nas-gigantes-dos-mares\/","og_site_name":"Rota Rio","article_published_time":"2026-08-31T19:17:20+00:00","article_modified_time":"2026-08-31T19:17:26+00:00","og_image":[{"width":1102,"height":620,"url":"https:\/\/rotario.com.br\/site\/wp-content\/uploads\/2026\/08\/07-Baleias-e-golfinhos-vao-ocupar-novos-espacos-de-Arraial-do-Cabo-4.jpg","type":"image\/jpeg"}],"author":"Galv\u00e3o","twitter_card":"summary_large_image","twitter_misc":{"Escrito por":"Galv\u00e3o","Est. tempo de leitura":"2 minutos"},"schema":{"@context":"https:\/\/schema.org","@graph":[{"@type":"Article","@id":"https:\/\/rotario.com.br\/site\/arraial-do-cabo-amplia-projeto-inspirado-nas-gigantes-dos-mares\/#article","isPartOf":{"@id":"https:\/\/rotario.com.br\/site\/arraial-do-cabo-amplia-projeto-inspirado-nas-gigantes-dos-mares\/"},"author":{"name":"Galv\u00e3o","@id":"https:\/\/rotario.com.br\/site\/#\/schema\/person\/fd89bbbf4136f7e8a21e0dd67b8a66c7"},"headline":"Arraial do Cabo amplia projeto inspirado nas gigantes dos mares","datePublished":"2026-08-31T19:17:20+00:00","dateModified":"2026-08-31T19:17:26+00:00","mainEntityOfPage":{"@id":"https:\/\/rotario.com.br\/site\/arraial-do-cabo-amplia-projeto-inspirado-nas-gigantes-dos-mares\/"},"wordCount":308,"commentCount":0,"publisher":{"@id":"https:\/\/rotario.com.br\/site\/#organization"},"image":{"@id":"https:\/\/rotario.com.br\/site\/arraial-do-cabo-amplia-projeto-inspirado-nas-gigantes-dos-mares\/#primaryimage"},"thumbnailUrl":"https:\/\/rotario.com.br\/site\/wp-content\/uploads\/2026\/08\/07-Baleias-e-golfinhos-vao-ocupar-novos-espacos-de-Arraial-do-Cabo-4.jpg","keywords":["Arraial do Cabo","baleia-jubarte","biodiversidade","Funtec Ambiental","Golfinhos","preserva\u00e7\u00e3o marinha","r\u00e9plicas","temporada de baleias","turismo","vida marinha"],"articleSection":["Arraial do Cabo"],"inLanguage":"pt-BR","potentialAction":[{"@type":"CommentAction","name":"Comment","target":["https:\/\/rotario.com.br\/site\/arraial-do-cabo-amplia-projeto-inspirado-nas-gigantes-dos-mares\/#respond"]}]},{"@type":"WebPage","@id":"https:\/\/rotario.com.br\/site\/arraial-do-cabo-amplia-projeto-inspirado-nas-gigantes-dos-mares\/","url":"https:\/\/rotario.com.br\/site\/arraial-do-cabo-amplia-projeto-inspirado-nas-gigantes-dos-mares\/","name":"Arraial do Cabo amplia projeto inspirado nas gigantes dos mares - Rota Rio","isPartOf":{"@id":"https:\/\/rotario.com.br\/site\/#website"},"primaryImageOfPage":{"@id":"https:\/\/rotario.com.br\/site\/arraial-do-cabo-amplia-projeto-inspirado-nas-gigantes-dos-mares\/#primaryimage"},"image":{"@id":"https:\/\/rotario.com.br\/site\/arraial-do-cabo-amplia-projeto-inspirado-nas-gigantes-dos-mares\/#primaryimage"},"thumbnailUrl":"https:\/\/rotario.com.br\/site\/wp-content\/uploads\/2026\/08\/07-Baleias-e-golfinhos-vao-ocupar-novos-espacos-de-Arraial-do-Cabo-4.jpg","datePublished":"2026-08-31T19:17:20+00:00","dateModified":"2026-08-31T19:17:26+00:00","breadcrumb":{"@id":"https:\/\/rotario.com.br\/site\/arraial-do-cabo-amplia-projeto-inspirado-nas-gigantes-dos-mares\/#breadcrumb"},"inLanguage":"pt-BR","potentialAction":[{"@type":"ReadAction","target":["https:\/\/rotario.com.br\/site\/arraial-do-cabo-amplia-projeto-inspirado-nas-gigantes-dos-mares\/"]}]},{"@type":"ImageObject","inLanguage":"pt-BR","@id":"https:\/\/rotario.com.br\/site\/arraial-do-cabo-amplia-projeto-inspirado-nas-gigantes-dos-mares\/#primaryimage","url":"https:\/\/rotario.com.br\/site\/wp-content\/uploads\/2026\/08\/07-Baleias-e-golfinhos-vao-ocupar-novos-espacos-de-Arraial-do-Cabo-4.jpg","contentUrl":"https:\/\/rotario.com.br\/site\/wp-content\/uploads\/2026\/08\/07-Baleias-e-golfinhos-vao-ocupar-novos-espacos-de-Arraial-do-Cabo-4.jpg","width":1102,"height":620},{"@type":"BreadcrumbList","@id":"https:\/\/rotario.com.br\/site\/arraial-do-cabo-amplia-projeto-inspirado-nas-gigantes-dos-mares\/#breadcrumb","itemListElement":[{"@type":"ListItem","position":1,"name":"In\u00edcio","item":"https:\/\/rotario.com.br\/site\/"},{"@type":"ListItem","position":2,"name":"Arraial do Cabo amplia projeto inspirado nas gigantes dos mares"}]},{"@type":"WebSite","@id":"https:\/\/rotario.com.br\/site\/#website","url":"https:\/\/rotario.com.br\/site\/","name":"Rota Rio","description":"Aqui, o Rio de Janeiro \u00e9 a pauta!","publisher":{"@id":"https:\/\/rotario.com.br\/site\/#organization"},"potentialAction":[{"@type":"SearchAction","target":{"@type":"EntryPoint","urlTemplate":"https:\/\/rotario.com.br\/site\/?s={search_term_string}"},"query-input":{"@type":"PropertyValueSpecification","valueRequired":true,"valueName":"search_term_string"}}],"inLanguage":"pt-BR"},{"@type":"Organization","@id":"https:\/\/rotario.com.br\/site\/#organization","name":"Rota Rio","url":"https:\/\/rotario.com.br\/site\/","logo":{"@type":"ImageObject","inLanguage":"pt-BR","@id":"https:\/\/rotario.com.br\/site\/#\/schema\/logo\/image\/","url":"https:\/\/rotario.com.br\/site\/wp-content\/uploads\/2022\/04\/cropped-ROTARIO-LOGO-Prancheta-1-1-2048x654-1.png","contentUrl":"https:\/\/rotario.com.br\/site\/wp-content\/uploads\/2022\/04\/cropped-ROTARIO-LOGO-Prancheta-1-1-2048x654-1.png","width":2048,"height":654,"caption":"Rota Rio"},"image":{"@id":"https:\/\/rotario.com.br\/site\/#\/schema\/logo\/image\/"}},{"@type":"Person","@id":"https:\/\/rotario.com.br\/site\/#\/schema\/person\/fd89bbbf4136f7e8a21e0dd67b8a66c7","name":"Galv\u00e3o","url":"https:\/\/rotario.com.br\/site\/author\/daniel\/"}]}},"_links":{"self":[{"href":"https:\/\/rotario.com.br\/site\/wp-json\/wp\/v2\/posts\/38624","targetHints":{"allow":["GET"]}}],"collection":[{"href":"https:\/\/rotario.com.br\/site\/wp-json\/wp\/v2\/posts"}],"about":[{"href":"https:\/\/rotario.com.br\/site\/wp-json\/wp\/v2\/types\/post"}],"author":[{"embeddable":true,"href":"https:\/\/rotario.com.br\/site\/wp-json\/wp\/v2\/users\/2"}],"replies":[{"embeddable":true,"href":"https:\/\/rotario.com.br\/site\/wp-json\/wp\/v2\/comments?post=38624"}],"version-history":[{"count":1,"href":"https:\/\/rotario.com.br\/site\/wp-json\/wp\/v2\/posts\/38624\/revisions"}],"predecessor-version":[{"id":38626,"href":"https:\/\/rotario.com.br\/site\/wp-json\/wp\/v2\/posts\/38624\/revisions\/38626"}],"wp:featuredmedia":[{"embeddable":true,"href":"https:\/\/rotario.com.br\/site\/wp-json\/wp\/v2\/media\/38625"}],"wp:attachment":[{"href":"https:\/\/rotario.com.br\/site\/wp-json\/wp\/v2\/media?parent=38624"}],"wp:term":[{"taxonomy":"category","embeddable":true,"href":"https:\/\/rotario.com.br\/site\/wp-json\/wp\/v2\/categories?post=38624"},{"taxonomy":"post_tag","embeddable":true,"href":"https:\/\/rotario.com.br\/site\/wp-json\/wp\/v2\/tags?post=38624"}],"curies":[{"name":"wp","href":"https:\/\/api.w.org\/{rel}","templated":true}]}}