{"id":38630,"date":"2026-09-01T10:28:33","date_gmt":"2026-09-01T13:28:33","guid":{"rendered":"https:\/\/rotario.com.br\/site\/?p=38630"},"modified":"2026-09-01T10:28:41","modified_gmt":"2026-09-01T13:28:41","slug":"arraial-do-cabo-realiza-audiencia-publica-sobre-novo-projeto-esportivo","status":"publish","type":"post","link":"https:\/\/rotario.com.br\/site\/arraial-do-cabo-realiza-audiencia-publica-sobre-novo-projeto-esportivo\/","title":{"rendered":"Arraial do Cabo realiza audi\u00eancia p\u00fablica sobre novo projeto esportivo"},"content":{"rendered":"\n<p>Arraial do Cabo realiza nesta ter\u00e7a-feira (1\u00ba), \u00e0s 18h, uma audi\u00eancia p\u00fablica para apresentar e discutir com a popula\u00e7\u00e3o o projeto Arraial Mais Esporte. O encontro ser\u00e1 realizado no Audit\u00f3rio do Col\u00e9gio Municipal Francisco Porto de Aguiar, na Avenida da Liberdade, na Praia dos Anjos, com participa\u00e7\u00e3o aberta \u00e0 sociedade civil. A proposta pretende ampliar a oferta gratuita de atividades f\u00edsicas e esportivas em diferentes regi\u00f5es do munic\u00edpio.<\/p>\n\n\n\n<p>Atualmente, cerca de 2.405 pessoas participam das atividades esportivas oferecidas na cidade. Com a implanta\u00e7\u00e3o do projeto, a previs\u00e3o \u00e9 alcan\u00e7ar at\u00e9 4 mil benefici\u00e1rios diretos, crescimento superior a 60%. A proposta contempla a cria\u00e7\u00e3o de 80 n\u00facleos esportivos, distribu\u00eddos entre a sede e os distritos, al\u00e9m da oferta de mais de 80 turmas. Pra\u00e7as, praias, quadras e campos p\u00fablicos poder\u00e3o receber as atividades, divididas entre sa\u00fade e fitness, esportes coletivos, artes marciais e pr\u00e1ticas relacionadas \u00e0 natureza.<\/p>\n\n\n\n<p>Com dura\u00e7\u00e3o prevista de 24 meses, o Arraial Mais Esporte ter\u00e1 atividades gratuitas destinadas a diferentes faixas et\u00e1rias e hor\u00e1rios. Durante a audi\u00eancia, ser\u00e3o apresentados o diagn\u00f3stico que fundamentou a elabora\u00e7\u00e3o da proposta, as metas de atendimento, a estrutura e as modalidades previstas. O encontro tamb\u00e9m permitir\u00e1 que moradores participem da discuss\u00e3o sobre a implementa\u00e7\u00e3o do projeto e apresentem contribui\u00e7\u00f5es para a amplia\u00e7\u00e3o das pol\u00edticas esportivas em Arraial do Cabo.&nbsp;&nbsp;&nbsp;<\/p>\n","protected":false},"excerpt":{"rendered":"<p>Arraial do Cabo realiza nesta ter\u00e7a-feira (1\u00ba), \u00e0s 18h, uma audi\u00eancia p\u00fablica para apresentar e discutir com a popula\u00e7\u00e3o o projeto Arraial Mais Esporte. O encontro ser\u00e1 realizado no Audit\u00f3rio do Col\u00e9gio Municipal Francisco Porto de Aguiar, na Avenida da Liberdade, na Praia dos Anjos, com participa\u00e7\u00e3o aberta \u00e0 sociedade civil. A proposta pretende ampliar [&hellip;]<\/p>\n","protected":false},"author":2,"featured_media":38631,"comment_status":"open","ping_status":"closed","sticky":false,"template":"","format":"standard","meta":{"footnotes":""},"categories":[44],"tags":[350,4360,228,963,3564,885,4361,3394,4362,1622],"class_list":["post-38630","post","type-post","status-publish","format-standard","has-post-thumbnail","hentry","category-arraial-do-cabo","tag-arraial-do-cabo","tag-atividade-fisica","tag-audiencia-publica","tag-esporte","tag-inclusao-social","tag-lazer","tag-nucleos-esportivos","tag-politicas-publicas","tag-projeto-municipal","tag-saude-2"],"yoast_head":"<!-- This site is optimized with the Yoast SEO plugin v26.5 - https:\/\/yoast.com\/wordpress\/plugins\/seo\/ -->\n<title>Arraial do Cabo realiza audi\u00eancia p\u00fablica sobre novo projeto esportivo - Rota Rio<\/title>\n<meta name=\"robots\" content=\"index, follow, max-snippet:-1, max-image-preview:large, max-video-preview:-1\" \/>\n<link rel=\"canonical\" href=\"https:\/\/rotario.com.br\/site\/arraial-do-cabo-realiza-audiencia-publica-sobre-novo-projeto-esportivo\/\" \/>\n<meta property=\"og:locale\" content=\"pt_BR\" \/>\n<meta property=\"og:type\" content=\"article\" \/>\n<meta property=\"og:title\" content=\"Arraial do Cabo realiza audi\u00eancia p\u00fablica sobre novo projeto esportivo - Rota Rio\" \/>\n<meta property=\"og:description\" content=\"Arraial do Cabo realiza nesta ter\u00e7a-feira (1\u00ba), \u00e0s 18h, uma audi\u00eancia p\u00fablica para apresentar e discutir com a popula\u00e7\u00e3o o projeto Arraial Mais Esporte. O encontro ser\u00e1 realizado no Audit\u00f3rio do Col\u00e9gio Municipal Francisco Porto de Aguiar, na Avenida da Liberdade, na Praia dos Anjos, com participa\u00e7\u00e3o aberta \u00e0 sociedade civil. A proposta pretende ampliar [&hellip;]\" \/>\n<meta property=\"og:url\" content=\"https:\/\/rotario.com.br\/site\/arraial-do-cabo-realiza-audiencia-publica-sobre-novo-projeto-esportivo\/\" \/>\n<meta property=\"og:site_name\" content=\"Rota Rio\" \/>\n<meta property=\"article:published_time\" content=\"2026-09-01T13:28:33+00:00\" \/>\n<meta property=\"article:modified_time\" content=\"2026-09-01T13:28:41+00:00\" \/>\n<meta property=\"og:image\" content=\"https:\/\/rotario.com.br\/site\/wp-content\/uploads\/2026\/09\/02-Arraial-Mais-Esporte-preve-atender-ate-4-mil-pessoas-no-municipio-2.jpg\" \/>\n\t<meta property=\"og:image:width\" content=\"945\" \/>\n\t<meta property=\"og:image:height\" content=\"642\" \/>\n\t<meta property=\"og:image:type\" content=\"image\/jpeg\" \/>\n<meta name=\"author\" content=\"Galv\u00e3o\" \/>\n<meta name=\"twitter:card\" content=\"summary_large_image\" \/>\n<meta name=\"twitter:label1\" content=\"Escrito por\" \/>\n\t<meta name=\"twitter:data1\" content=\"Galv\u00e3o\" \/>\n\t<meta name=\"twitter:label2\" content=\"Est. tempo de leitura\" \/>\n\t<meta name=\"twitter:data2\" content=\"2 minutos\" \/>\n<script type=\"application\/ld+json\" class=\"yoast-schema-graph\">{\"@context\":\"https:\/\/schema.org\",\"@graph\":[{\"@type\":\"Article\",\"@id\":\"https:\/\/rotario.com.br\/site\/arraial-do-cabo-realiza-audiencia-publica-sobre-novo-projeto-esportivo\/#article\",\"isPartOf\":{\"@id\":\"https:\/\/rotario.com.br\/site\/arraial-do-cabo-realiza-audiencia-publica-sobre-novo-projeto-esportivo\/\"},\"author\":{\"name\":\"Galv\u00e3o\",\"@id\":\"https:\/\/rotario.com.br\/site\/#\/schema\/person\/fd89bbbf4136f7e8a21e0dd67b8a66c7\"},\"headline\":\"Arraial do Cabo realiza audi\u00eancia p\u00fablica sobre novo projeto esportivo\",\"datePublished\":\"2026-09-01T13:28:33+00:00\",\"dateModified\":\"2026-09-01T13:28:41+00:00\",\"mainEntityOfPage\":{\"@id\":\"https:\/\/rotario.com.br\/site\/arraial-do-cabo-realiza-audiencia-publica-sobre-novo-projeto-esportivo\/\"},\"wordCount\":257,\"commentCount\":0,\"publisher\":{\"@id\":\"https:\/\/rotario.com.br\/site\/#organization\"},\"image\":{\"@id\":\"https:\/\/rotario.com.br\/site\/arraial-do-cabo-realiza-audiencia-publica-sobre-novo-projeto-esportivo\/#primaryimage\"},\"thumbnailUrl\":\"https:\/\/rotario.com.br\/site\/wp-content\/uploads\/2026\/09\/02-Arraial-Mais-Esporte-preve-atender-ate-4-mil-pessoas-no-municipio-2.jpg\",\"keywords\":[\"Arraial do Cabo\",\"atividade f\u00edsica\",\"Audi\u00eancia p\u00fablica\",\"Esporte\",\"inclus\u00e3o social\",\"Lazer\",\"n\u00facleos esportivos\",\"pol\u00edticas p\u00fablicas\",\"projeto municipal\",\"Sa\u00fade\"],\"articleSection\":[\"Arraial do Cabo\"],\"inLanguage\":\"pt-BR\",\"potentialAction\":[{\"@type\":\"CommentAction\",\"name\":\"Comment\",\"target\":[\"https:\/\/rotario.com.br\/site\/arraial-do-cabo-realiza-audiencia-publica-sobre-novo-projeto-esportivo\/#respond\"]}]},{\"@type\":\"WebPage\",\"@id\":\"https:\/\/rotario.com.br\/site\/arraial-do-cabo-realiza-audiencia-publica-sobre-novo-projeto-esportivo\/\",\"url\":\"https:\/\/rotario.com.br\/site\/arraial-do-cabo-realiza-audiencia-publica-sobre-novo-projeto-esportivo\/\",\"name\":\"Arraial do Cabo realiza audi\u00eancia p\u00fablica sobre novo projeto esportivo - Rota Rio\",\"isPartOf\":{\"@id\":\"https:\/\/rotario.com.br\/site\/#website\"},\"primaryImageOfPage\":{\"@id\":\"https:\/\/rotario.com.br\/site\/arraial-do-cabo-realiza-audiencia-publica-sobre-novo-projeto-esportivo\/#primaryimage\"},\"image\":{\"@id\":\"https:\/\/rotario.com.br\/site\/arraial-do-cabo-realiza-audiencia-publica-sobre-novo-projeto-esportivo\/#primaryimage\"},\"thumbnailUrl\":\"https:\/\/rotario.com.br\/site\/wp-content\/uploads\/2026\/09\/02-Arraial-Mais-Esporte-preve-atender-ate-4-mil-pessoas-no-municipio-2.jpg\",\"datePublished\":\"2026-09-01T13:28:33+00:00\",\"dateModified\":\"2026-09-01T13:28:41+00:00\",\"breadcrumb\":{\"@id\":\"https:\/\/rotario.com.br\/site\/arraial-do-cabo-realiza-audiencia-publica-sobre-novo-projeto-esportivo\/#breadcrumb\"},\"inLanguage\":\"pt-BR\",\"potentialAction\":[{\"@type\":\"ReadAction\",\"target\":[\"https:\/\/rotario.com.br\/site\/arraial-do-cabo-realiza-audiencia-publica-sobre-novo-projeto-esportivo\/\"]}]},{\"@type\":\"ImageObject\",\"inLanguage\":\"pt-BR\",\"@id\":\"https:\/\/rotario.com.br\/site\/arraial-do-cabo-realiza-audiencia-publica-sobre-novo-projeto-esportivo\/#primaryimage\",\"url\":\"https:\/\/rotario.com.br\/site\/wp-content\/uploads\/2026\/09\/02-Arraial-Mais-Esporte-preve-atender-ate-4-mil-pessoas-no-municipio-2.jpg\",\"contentUrl\":\"https:\/\/rotario.com.br\/site\/wp-content\/uploads\/2026\/09\/02-Arraial-Mais-Esporte-preve-atender-ate-4-mil-pessoas-no-municipio-2.jpg\",\"width\":945,\"height\":642},{\"@type\":\"BreadcrumbList\",\"@id\":\"https:\/\/rotario.com.br\/site\/arraial-do-cabo-realiza-audiencia-publica-sobre-novo-projeto-esportivo\/#breadcrumb\",\"itemListElement\":[{\"@type\":\"ListItem\",\"position\":1,\"name\":\"In\u00edcio\",\"item\":\"https:\/\/rotario.com.br\/site\/\"},{\"@type\":\"ListItem\",\"position\":2,\"name\":\"Arraial do Cabo realiza audi\u00eancia p\u00fablica sobre novo projeto esportivo\"}]},{\"@type\":\"WebSite\",\"@id\":\"https:\/\/rotario.com.br\/site\/#website\",\"url\":\"https:\/\/rotario.com.br\/site\/\",\"name\":\"Rota Rio\",\"description\":\"Aqui, o Rio de Janeiro \u00e9 a pauta!\",\"publisher\":{\"@id\":\"https:\/\/rotario.com.br\/site\/#organization\"},\"potentialAction\":[{\"@type\":\"SearchAction\",\"target\":{\"@type\":\"EntryPoint\",\"urlTemplate\":\"https:\/\/rotario.com.br\/site\/?s={search_term_string}\"},\"query-input\":{\"@type\":\"PropertyValueSpecification\",\"valueRequired\":true,\"valueName\":\"search_term_string\"}}],\"inLanguage\":\"pt-BR\"},{\"@type\":\"Organization\",\"@id\":\"https:\/\/rotario.com.br\/site\/#organization\",\"name\":\"Rota Rio\",\"url\":\"https:\/\/rotario.com.br\/site\/\",\"logo\":{\"@type\":\"ImageObject\",\"inLanguage\":\"pt-BR\",\"@id\":\"https:\/\/rotario.com.br\/site\/#\/schema\/logo\/image\/\",\"url\":\"https:\/\/rotario.com.br\/site\/wp-content\/uploads\/2022\/04\/cropped-ROTARIO-LOGO-Prancheta-1-1-2048x654-1.png\",\"contentUrl\":\"https:\/\/rotario.com.br\/site\/wp-content\/uploads\/2022\/04\/cropped-ROTARIO-LOGO-Prancheta-1-1-2048x654-1.png\",\"width\":2048,\"height\":654,\"caption\":\"Rota Rio\"},\"image\":{\"@id\":\"https:\/\/rotario.com.br\/site\/#\/schema\/logo\/image\/\"}},{\"@type\":\"Person\",\"@id\":\"https:\/\/rotario.com.br\/site\/#\/schema\/person\/fd89bbbf4136f7e8a21e0dd67b8a66c7\",\"name\":\"Galv\u00e3o\",\"url\":\"https:\/\/rotario.com.br\/site\/author\/daniel\/\"}]}<\/script>\n<!-- \/ Yoast SEO plugin. -->","yoast_head_json":{"title":"Arraial do Cabo realiza audi\u00eancia p\u00fablica sobre novo projeto esportivo - Rota Rio","robots":{"index":"index","follow":"follow","max-snippet":"max-snippet:-1","max-image-preview":"max-image-preview:large","max-video-preview":"max-video-preview:-1"},"canonical":"https:\/\/rotario.com.br\/site\/arraial-do-cabo-realiza-audiencia-publica-sobre-novo-projeto-esportivo\/","og_locale":"pt_BR","og_type":"article","og_title":"Arraial do Cabo realiza audi\u00eancia p\u00fablica sobre novo projeto esportivo - Rota Rio","og_description":"Arraial do Cabo realiza nesta ter\u00e7a-feira (1\u00ba), \u00e0s 18h, uma audi\u00eancia p\u00fablica para apresentar e discutir com a popula\u00e7\u00e3o o projeto Arraial Mais Esporte. O encontro ser\u00e1 realizado no Audit\u00f3rio do Col\u00e9gio Municipal Francisco Porto de Aguiar, na Avenida da Liberdade, na Praia dos Anjos, com participa\u00e7\u00e3o aberta \u00e0 sociedade civil. A proposta pretende ampliar [&hellip;]","og_url":"https:\/\/rotario.com.br\/site\/arraial-do-cabo-realiza-audiencia-publica-sobre-novo-projeto-esportivo\/","og_site_name":"Rota Rio","article_published_time":"2026-09-01T13:28:33+00:00","article_modified_time":"2026-09-01T13:28:41+00:00","og_image":[{"width":945,"height":642,"url":"https:\/\/rotario.com.br\/site\/wp-content\/uploads\/2026\/09\/02-Arraial-Mais-Esporte-preve-atender-ate-4-mil-pessoas-no-municipio-2.jpg","type":"image\/jpeg"}],"author":"Galv\u00e3o","twitter_card":"summary_large_image","twitter_misc":{"Escrito por":"Galv\u00e3o","Est. tempo de leitura":"2 minutos"},"schema":{"@context":"https:\/\/schema.org","@graph":[{"@type":"Article","@id":"https:\/\/rotario.com.br\/site\/arraial-do-cabo-realiza-audiencia-publica-sobre-novo-projeto-esportivo\/#article","isPartOf":{"@id":"https:\/\/rotario.com.br\/site\/arraial-do-cabo-realiza-audiencia-publica-sobre-novo-projeto-esportivo\/"},"author":{"name":"Galv\u00e3o","@id":"https:\/\/rotario.com.br\/site\/#\/schema\/person\/fd89bbbf4136f7e8a21e0dd67b8a66c7"},"headline":"Arraial do Cabo realiza audi\u00eancia p\u00fablica sobre novo projeto esportivo","datePublished":"2026-09-01T13:28:33+00:00","dateModified":"2026-09-01T13:28:41+00:00","mainEntityOfPage":{"@id":"https:\/\/rotario.com.br\/site\/arraial-do-cabo-realiza-audiencia-publica-sobre-novo-projeto-esportivo\/"},"wordCount":257,"commentCount":0,"publisher":{"@id":"https:\/\/rotario.com.br\/site\/#organization"},"image":{"@id":"https:\/\/rotario.com.br\/site\/arraial-do-cabo-realiza-audiencia-publica-sobre-novo-projeto-esportivo\/#primaryimage"},"thumbnailUrl":"https:\/\/rotario.com.br\/site\/wp-content\/uploads\/2026\/09\/02-Arraial-Mais-Esporte-preve-atender-ate-4-mil-pessoas-no-municipio-2.jpg","keywords":["Arraial do Cabo","atividade f\u00edsica","Audi\u00eancia p\u00fablica","Esporte","inclus\u00e3o social","Lazer","n\u00facleos esportivos","pol\u00edticas p\u00fablicas","projeto municipal","Sa\u00fade"],"articleSection":["Arraial do Cabo"],"inLanguage":"pt-BR","potentialAction":[{"@type":"CommentAction","name":"Comment","target":["https:\/\/rotario.com.br\/site\/arraial-do-cabo-realiza-audiencia-publica-sobre-novo-projeto-esportivo\/#respond"]}]},{"@type":"WebPage","@id":"https:\/\/rotario.com.br\/site\/arraial-do-cabo-realiza-audiencia-publica-sobre-novo-projeto-esportivo\/","url":"https:\/\/rotario.com.br\/site\/arraial-do-cabo-realiza-audiencia-publica-sobre-novo-projeto-esportivo\/","name":"Arraial do Cabo realiza audi\u00eancia p\u00fablica sobre novo projeto esportivo - Rota Rio","isPartOf":{"@id":"https:\/\/rotario.com.br\/site\/#website"},"primaryImageOfPage":{"@id":"https:\/\/rotario.com.br\/site\/arraial-do-cabo-realiza-audiencia-publica-sobre-novo-projeto-esportivo\/#primaryimage"},"image":{"@id":"https:\/\/rotario.com.br\/site\/arraial-do-cabo-realiza-audiencia-publica-sobre-novo-projeto-esportivo\/#primaryimage"},"thumbnailUrl":"https:\/\/rotario.com.br\/site\/wp-content\/uploads\/2026\/09\/02-Arraial-Mais-Esporte-preve-atender-ate-4-mil-pessoas-no-municipio-2.jpg","datePublished":"2026-09-01T13:28:33+00:00","dateModified":"2026-09-01T13:28:41+00:00","breadcrumb":{"@id":"https:\/\/rotario.com.br\/site\/arraial-do-cabo-realiza-audiencia-publica-sobre-novo-projeto-esportivo\/#breadcrumb"},"inLanguage":"pt-BR","potentialAction":[{"@type":"ReadAction","target":["https:\/\/rotario.com.br\/site\/arraial-do-cabo-realiza-audiencia-publica-sobre-novo-projeto-esportivo\/"]}]},{"@type":"ImageObject","inLanguage":"pt-BR","@id":"https:\/\/rotario.com.br\/site\/arraial-do-cabo-realiza-audiencia-publica-sobre-novo-projeto-esportivo\/#primaryimage","url":"https:\/\/rotario.com.br\/site\/wp-content\/uploads\/2026\/09\/02-Arraial-Mais-Esporte-preve-atender-ate-4-mil-pessoas-no-municipio-2.jpg","contentUrl":"https:\/\/rotario.com.br\/site\/wp-content\/uploads\/2026\/09\/02-Arraial-Mais-Esporte-preve-atender-ate-4-mil-pessoas-no-municipio-2.jpg","width":945,"height":642},{"@type":"BreadcrumbList","@id":"https:\/\/rotario.com.br\/site\/arraial-do-cabo-realiza-audiencia-publica-sobre-novo-projeto-esportivo\/#breadcrumb","itemListElement":[{"@type":"ListItem","position":1,"name":"In\u00edcio","item":"https:\/\/rotario.com.br\/site\/"},{"@type":"ListItem","position":2,"name":"Arraial do Cabo realiza audi\u00eancia p\u00fablica sobre novo projeto esportivo"}]},{"@type":"WebSite","@id":"https:\/\/rotario.com.br\/site\/#website","url":"https:\/\/rotario.com.br\/site\/","name":"Rota Rio","description":"Aqui, o Rio de Janeiro \u00e9 a pauta!","publisher":{"@id":"https:\/\/rotario.com.br\/site\/#organization"},"potentialAction":[{"@type":"SearchAction","target":{"@type":"EntryPoint","urlTemplate":"https:\/\/rotario.com.br\/site\/?s={search_term_string}"},"query-input":{"@type":"PropertyValueSpecification","valueRequired":true,"valueName":"search_term_string"}}],"inLanguage":"pt-BR"},{"@type":"Organization","@id":"https:\/\/rotario.com.br\/site\/#organization","name":"Rota Rio","url":"https:\/\/rotario.com.br\/site\/","logo":{"@type":"ImageObject","inLanguage":"pt-BR","@id":"https:\/\/rotario.com.br\/site\/#\/schema\/logo\/image\/","url":"https:\/\/rotario.com.br\/site\/wp-content\/uploads\/2022\/04\/cropped-ROTARIO-LOGO-Prancheta-1-1-2048x654-1.png","contentUrl":"https:\/\/rotario.com.br\/site\/wp-content\/uploads\/2022\/04\/cropped-ROTARIO-LOGO-Prancheta-1-1-2048x654-1.png","width":2048,"height":654,"caption":"Rota Rio"},"image":{"@id":"https:\/\/rotario.com.br\/site\/#\/schema\/logo\/image\/"}},{"@type":"Person","@id":"https:\/\/rotario.com.br\/site\/#\/schema\/person\/fd89bbbf4136f7e8a21e0dd67b8a66c7","name":"Galv\u00e3o","url":"https:\/\/rotario.com.br\/site\/author\/daniel\/"}]}},"_links":{"self":[{"href":"https:\/\/rotario.com.br\/site\/wp-json\/wp\/v2\/posts\/38630","targetHints":{"allow":["GET"]}}],"collection":[{"href":"https:\/\/rotario.com.br\/site\/wp-json\/wp\/v2\/posts"}],"about":[{"href":"https:\/\/rotario.com.br\/site\/wp-json\/wp\/v2\/types\/post"}],"author":[{"embeddable":true,"href":"https:\/\/rotario.com.br\/site\/wp-json\/wp\/v2\/users\/2"}],"replies":[{"embeddable":true,"href":"https:\/\/rotario.com.br\/site\/wp-json\/wp\/v2\/comments?post=38630"}],"version-history":[{"count":1,"href":"https:\/\/rotario.com.br\/site\/wp-json\/wp\/v2\/posts\/38630\/revisions"}],"predecessor-version":[{"id":38632,"href":"https:\/\/rotario.com.br\/site\/wp-json\/wp\/v2\/posts\/38630\/revisions\/38632"}],"wp:featuredmedia":[{"embeddable":true,"href":"https:\/\/rotario.com.br\/site\/wp-json\/wp\/v2\/media\/38631"}],"wp:attachment":[{"href":"https:\/\/rotario.com.br\/site\/wp-json\/wp\/v2\/media?parent=38630"}],"wp:term":[{"taxonomy":"category","embeddable":true,"href":"https:\/\/rotario.com.br\/site\/wp-json\/wp\/v2\/categories?post=38630"},{"taxonomy":"post_tag","embeddable":true,"href":"https:\/\/rotario.com.br\/site\/wp-json\/wp\/v2\/tags?post=38630"}],"curies":[{"name":"wp","href":"https:\/\/api.w.org\/{rel}","templated":true}]}}