{"id":38644,"date":"2026-09-01T12:16:26","date_gmt":"2026-09-01T15:16:26","guid":{"rendered":"https:\/\/rotario.com.br\/site\/?p=38644"},"modified":"2026-09-01T12:16:30","modified_gmt":"2026-09-01T15:16:30","slug":"sexta-feira-4-e-segunda-feira-7-devem-concentrar-os-periodos-de-maior-movimento-na-rj-124","status":"publish","type":"post","link":"https:\/\/rotario.com.br\/site\/sexta-feira-4-e-segunda-feira-7-devem-concentrar-os-periodos-de-maior-movimento-na-rj-124\/","title":{"rendered":"Sexta-feira (4) e segunda-feira (7) devem concentrar os per\u00edodos de maior movimento na RJ-124"},"content":{"rendered":"\n<p>Quem pretende aproveitar o feriado da Independ\u00eancia do Brasil na Regi\u00e3o dos Lagos deve se preparar para o aumento do movimento na RJ-124. A ViaLagos estima que cerca de 168 mil ve\u00edculos passem pela rodovia entre os dias 4 e 8 de setembro. A sexta-feira (4), na sa\u00edda para o feriad\u00e3o, e a segunda-feira (7), durante o retorno, devem registrar os maiores fluxos do per\u00edodo.<\/p>\n\n\n\n<p>A previs\u00e3o aponta aproximadamente 39,6 mil ve\u00edculos na sexta-feira, com movimento mais intenso entre 15h e 17h. No s\u00e1bado (5), s\u00e3o esperados 25,2 mil ve\u00edculos, enquanto o domingo (6) deve receber cerca de 24,5 mil. O maior volume est\u00e1 previsto para segunda-feira (7), quando aproximadamente 45,4 mil ve\u00edculos devem circular pela rodovia, com concentra\u00e7\u00e3o maior a partir das 9h e novo pico por volta das 12h. Na ter\u00e7a-feira (8), a expectativa \u00e9 de outros 33,2 mil ve\u00edculos.<\/p>\n\n\n\n<p>Para atender ao aumento da demanda, a opera\u00e7\u00e3o na RJ-124 ser\u00e1 refor\u00e7ada durante todo o feriado. As equipes do SOS Usu\u00e1rio atuar\u00e3o 24 horas por dia, com viaturas de inspe\u00e7\u00e3o, ambul\u00e2ncias e guinchos leves e pesados distribu\u00eddos pela rodovia. O tr\u00e1fego tamb\u00e9m ser\u00e1 acompanhado pelo Centro de Controle Operacional, por meio de c\u00e2meras e pain\u00e9is de mensagens. A Pol\u00edcia Militar Rodovi\u00e1ria participar\u00e1 da opera\u00e7\u00e3o com fiscaliza\u00e7\u00e3o em diferentes pontos da ViaLagos, refor\u00e7ando as a\u00e7\u00f5es de seguran\u00e7a vi\u00e1ria durante o per\u00edodo.&nbsp;&nbsp;&nbsp;<\/p>\n","protected":false},"excerpt":{"rendered":"<p>Quem pretende aproveitar o feriado da Independ\u00eancia do Brasil na Regi\u00e3o dos Lagos deve se preparar para o aumento do movimento na RJ-124. A ViaLagos estima que cerca de 168 mil ve\u00edculos passem pela rodovia entre os dias 4 e 8 de setembro. A sexta-feira (4), na sa\u00edda para o feriad\u00e3o, e a segunda-feira (7), [&hellip;]<\/p>\n","protected":false},"author":2,"featured_media":38645,"comment_status":"open","ping_status":"closed","sticky":false,"template":"","format":"standard","meta":{"footnotes":""},"categories":[1102],"tags":[4349,4378,4377,4379,313,4376,311,310,3875,687],"class_list":["post-38644","post","type-post","status-publish","format-standard","has-post-thumbnail","hentry","category-regiao-dos-lagos","tag-feriado-da-independencia","tag-fluxo-de-veiculos","tag-operacao-especial","tag-policia-militar-rodoviaria","tag-regiao-dos-lagos","tag-rj-124","tag-rodovia","tag-transito","tag-viagem","tag-vialagos"],"yoast_head":"<!-- This site is optimized with the Yoast SEO plugin v26.5 - https:\/\/yoast.com\/wordpress\/plugins\/seo\/ -->\n<title>Sexta-feira (4) e segunda-feira (7) devem concentrar os per\u00edodos de maior movimento na RJ-124 - Rota Rio<\/title>\n<meta name=\"robots\" content=\"index, follow, max-snippet:-1, max-image-preview:large, max-video-preview:-1\" \/>\n<link rel=\"canonical\" href=\"https:\/\/rotario.com.br\/site\/sexta-feira-4-e-segunda-feira-7-devem-concentrar-os-periodos-de-maior-movimento-na-rj-124\/\" \/>\n<meta property=\"og:locale\" content=\"pt_BR\" \/>\n<meta property=\"og:type\" content=\"article\" \/>\n<meta property=\"og:title\" content=\"Sexta-feira (4) e segunda-feira (7) devem concentrar os per\u00edodos de maior movimento na RJ-124 - Rota Rio\" \/>\n<meta property=\"og:description\" content=\"Quem pretende aproveitar o feriado da Independ\u00eancia do Brasil na Regi\u00e3o dos Lagos deve se preparar para o aumento do movimento na RJ-124. A ViaLagos estima que cerca de 168 mil ve\u00edculos passem pela rodovia entre os dias 4 e 8 de setembro. A sexta-feira (4), na sa\u00edda para o feriad\u00e3o, e a segunda-feira (7), [&hellip;]\" \/>\n<meta property=\"og:url\" content=\"https:\/\/rotario.com.br\/site\/sexta-feira-4-e-segunda-feira-7-devem-concentrar-os-periodos-de-maior-movimento-na-rj-124\/\" \/>\n<meta property=\"og:site_name\" content=\"Rota Rio\" \/>\n<meta property=\"article:published_time\" content=\"2026-09-01T15:16:26+00:00\" \/>\n<meta property=\"article:modified_time\" content=\"2026-09-01T15:16:30+00:00\" \/>\n<meta property=\"og:image\" content=\"https:\/\/rotario.com.br\/site\/wp-content\/uploads\/2026\/09\/06-Movimento-na-ViaLagos-deve-superar-168-mil-veiculos-no-feriadao-1.jpg\" \/>\n\t<meta property=\"og:image:width\" content=\"945\" \/>\n\t<meta property=\"og:image:height\" content=\"626\" \/>\n\t<meta property=\"og:image:type\" content=\"image\/jpeg\" \/>\n<meta name=\"author\" content=\"Galv\u00e3o\" \/>\n<meta name=\"twitter:card\" content=\"summary_large_image\" \/>\n<meta name=\"twitter:label1\" content=\"Escrito por\" \/>\n\t<meta name=\"twitter:data1\" content=\"Galv\u00e3o\" \/>\n\t<meta name=\"twitter:label2\" content=\"Est. tempo de leitura\" \/>\n\t<meta name=\"twitter:data2\" content=\"2 minutos\" \/>\n<script type=\"application\/ld+json\" class=\"yoast-schema-graph\">{\"@context\":\"https:\/\/schema.org\",\"@graph\":[{\"@type\":\"Article\",\"@id\":\"https:\/\/rotario.com.br\/site\/sexta-feira-4-e-segunda-feira-7-devem-concentrar-os-periodos-de-maior-movimento-na-rj-124\/#article\",\"isPartOf\":{\"@id\":\"https:\/\/rotario.com.br\/site\/sexta-feira-4-e-segunda-feira-7-devem-concentrar-os-periodos-de-maior-movimento-na-rj-124\/\"},\"author\":{\"name\":\"Galv\u00e3o\",\"@id\":\"https:\/\/rotario.com.br\/site\/#\/schema\/person\/fd89bbbf4136f7e8a21e0dd67b8a66c7\"},\"headline\":\"Sexta-feira (4) e segunda-feira (7) devem concentrar os per\u00edodos de maior movimento na RJ-124\",\"datePublished\":\"2026-09-01T15:16:26+00:00\",\"dateModified\":\"2026-09-01T15:16:30+00:00\",\"mainEntityOfPage\":{\"@id\":\"https:\/\/rotario.com.br\/site\/sexta-feira-4-e-segunda-feira-7-devem-concentrar-os-periodos-de-maior-movimento-na-rj-124\/\"},\"wordCount\":257,\"commentCount\":0,\"publisher\":{\"@id\":\"https:\/\/rotario.com.br\/site\/#organization\"},\"image\":{\"@id\":\"https:\/\/rotario.com.br\/site\/sexta-feira-4-e-segunda-feira-7-devem-concentrar-os-periodos-de-maior-movimento-na-rj-124\/#primaryimage\"},\"thumbnailUrl\":\"https:\/\/rotario.com.br\/site\/wp-content\/uploads\/2026\/09\/06-Movimento-na-ViaLagos-deve-superar-168-mil-veiculos-no-feriadao-1.jpg\",\"keywords\":[\"feriado da Independ\u00eancia\",\"fluxo de ve\u00edculos\",\"opera\u00e7\u00e3o especial\",\"Pol\u00edcia Militar Rodovi\u00e1ria\",\"Regi\u00e3o dos Lagos\",\"RJ-124\",\"Rodovia\",\"Tr\u00e2nsito\",\"viagem\",\"ViaLagos\"],\"articleSection\":[\"Regi\u00e3o dos lagos\"],\"inLanguage\":\"pt-BR\",\"potentialAction\":[{\"@type\":\"CommentAction\",\"name\":\"Comment\",\"target\":[\"https:\/\/rotario.com.br\/site\/sexta-feira-4-e-segunda-feira-7-devem-concentrar-os-periodos-de-maior-movimento-na-rj-124\/#respond\"]}]},{\"@type\":\"WebPage\",\"@id\":\"https:\/\/rotario.com.br\/site\/sexta-feira-4-e-segunda-feira-7-devem-concentrar-os-periodos-de-maior-movimento-na-rj-124\/\",\"url\":\"https:\/\/rotario.com.br\/site\/sexta-feira-4-e-segunda-feira-7-devem-concentrar-os-periodos-de-maior-movimento-na-rj-124\/\",\"name\":\"Sexta-feira (4) e segunda-feira (7) devem concentrar os per\u00edodos de maior movimento na RJ-124 - Rota Rio\",\"isPartOf\":{\"@id\":\"https:\/\/rotario.com.br\/site\/#website\"},\"primaryImageOfPage\":{\"@id\":\"https:\/\/rotario.com.br\/site\/sexta-feira-4-e-segunda-feira-7-devem-concentrar-os-periodos-de-maior-movimento-na-rj-124\/#primaryimage\"},\"image\":{\"@id\":\"https:\/\/rotario.com.br\/site\/sexta-feira-4-e-segunda-feira-7-devem-concentrar-os-periodos-de-maior-movimento-na-rj-124\/#primaryimage\"},\"thumbnailUrl\":\"https:\/\/rotario.com.br\/site\/wp-content\/uploads\/2026\/09\/06-Movimento-na-ViaLagos-deve-superar-168-mil-veiculos-no-feriadao-1.jpg\",\"datePublished\":\"2026-09-01T15:16:26+00:00\",\"dateModified\":\"2026-09-01T15:16:30+00:00\",\"breadcrumb\":{\"@id\":\"https:\/\/rotario.com.br\/site\/sexta-feira-4-e-segunda-feira-7-devem-concentrar-os-periodos-de-maior-movimento-na-rj-124\/#breadcrumb\"},\"inLanguage\":\"pt-BR\",\"potentialAction\":[{\"@type\":\"ReadAction\",\"target\":[\"https:\/\/rotario.com.br\/site\/sexta-feira-4-e-segunda-feira-7-devem-concentrar-os-periodos-de-maior-movimento-na-rj-124\/\"]}]},{\"@type\":\"ImageObject\",\"inLanguage\":\"pt-BR\",\"@id\":\"https:\/\/rotario.com.br\/site\/sexta-feira-4-e-segunda-feira-7-devem-concentrar-os-periodos-de-maior-movimento-na-rj-124\/#primaryimage\",\"url\":\"https:\/\/rotario.com.br\/site\/wp-content\/uploads\/2026\/09\/06-Movimento-na-ViaLagos-deve-superar-168-mil-veiculos-no-feriadao-1.jpg\",\"contentUrl\":\"https:\/\/rotario.com.br\/site\/wp-content\/uploads\/2026\/09\/06-Movimento-na-ViaLagos-deve-superar-168-mil-veiculos-no-feriadao-1.jpg\",\"width\":945,\"height\":626},{\"@type\":\"BreadcrumbList\",\"@id\":\"https:\/\/rotario.com.br\/site\/sexta-feira-4-e-segunda-feira-7-devem-concentrar-os-periodos-de-maior-movimento-na-rj-124\/#breadcrumb\",\"itemListElement\":[{\"@type\":\"ListItem\",\"position\":1,\"name\":\"In\u00edcio\",\"item\":\"https:\/\/rotario.com.br\/site\/\"},{\"@type\":\"ListItem\",\"position\":2,\"name\":\"Sexta-feira (4) e segunda-feira (7) devem concentrar os per\u00edodos de maior movimento na RJ-124\"}]},{\"@type\":\"WebSite\",\"@id\":\"https:\/\/rotario.com.br\/site\/#website\",\"url\":\"https:\/\/rotario.com.br\/site\/\",\"name\":\"Rota Rio\",\"description\":\"Aqui, o Rio de Janeiro \u00e9 a pauta!\",\"publisher\":{\"@id\":\"https:\/\/rotario.com.br\/site\/#organization\"},\"potentialAction\":[{\"@type\":\"SearchAction\",\"target\":{\"@type\":\"EntryPoint\",\"urlTemplate\":\"https:\/\/rotario.com.br\/site\/?s={search_term_string}\"},\"query-input\":{\"@type\":\"PropertyValueSpecification\",\"valueRequired\":true,\"valueName\":\"search_term_string\"}}],\"inLanguage\":\"pt-BR\"},{\"@type\":\"Organization\",\"@id\":\"https:\/\/rotario.com.br\/site\/#organization\",\"name\":\"Rota Rio\",\"url\":\"https:\/\/rotario.com.br\/site\/\",\"logo\":{\"@type\":\"ImageObject\",\"inLanguage\":\"pt-BR\",\"@id\":\"https:\/\/rotario.com.br\/site\/#\/schema\/logo\/image\/\",\"url\":\"https:\/\/rotario.com.br\/site\/wp-content\/uploads\/2022\/04\/cropped-ROTARIO-LOGO-Prancheta-1-1-2048x654-1.png\",\"contentUrl\":\"https:\/\/rotario.com.br\/site\/wp-content\/uploads\/2022\/04\/cropped-ROTARIO-LOGO-Prancheta-1-1-2048x654-1.png\",\"width\":2048,\"height\":654,\"caption\":\"Rota Rio\"},\"image\":{\"@id\":\"https:\/\/rotario.com.br\/site\/#\/schema\/logo\/image\/\"}},{\"@type\":\"Person\",\"@id\":\"https:\/\/rotario.com.br\/site\/#\/schema\/person\/fd89bbbf4136f7e8a21e0dd67b8a66c7\",\"name\":\"Galv\u00e3o\",\"url\":\"https:\/\/rotario.com.br\/site\/author\/daniel\/\"}]}<\/script>\n<!-- \/ Yoast SEO plugin. -->","yoast_head_json":{"title":"Sexta-feira (4) e segunda-feira (7) devem concentrar os per\u00edodos de maior movimento na RJ-124 - Rota Rio","robots":{"index":"index","follow":"follow","max-snippet":"max-snippet:-1","max-image-preview":"max-image-preview:large","max-video-preview":"max-video-preview:-1"},"canonical":"https:\/\/rotario.com.br\/site\/sexta-feira-4-e-segunda-feira-7-devem-concentrar-os-periodos-de-maior-movimento-na-rj-124\/","og_locale":"pt_BR","og_type":"article","og_title":"Sexta-feira (4) e segunda-feira (7) devem concentrar os per\u00edodos de maior movimento na RJ-124 - Rota Rio","og_description":"Quem pretende aproveitar o feriado da Independ\u00eancia do Brasil na Regi\u00e3o dos Lagos deve se preparar para o aumento do movimento na RJ-124. A ViaLagos estima que cerca de 168 mil ve\u00edculos passem pela rodovia entre os dias 4 e 8 de setembro. A sexta-feira (4), na sa\u00edda para o feriad\u00e3o, e a segunda-feira (7), [&hellip;]","og_url":"https:\/\/rotario.com.br\/site\/sexta-feira-4-e-segunda-feira-7-devem-concentrar-os-periodos-de-maior-movimento-na-rj-124\/","og_site_name":"Rota Rio","article_published_time":"2026-09-01T15:16:26+00:00","article_modified_time":"2026-09-01T15:16:30+00:00","og_image":[{"width":945,"height":626,"url":"https:\/\/rotario.com.br\/site\/wp-content\/uploads\/2026\/09\/06-Movimento-na-ViaLagos-deve-superar-168-mil-veiculos-no-feriadao-1.jpg","type":"image\/jpeg"}],"author":"Galv\u00e3o","twitter_card":"summary_large_image","twitter_misc":{"Escrito por":"Galv\u00e3o","Est. tempo de leitura":"2 minutos"},"schema":{"@context":"https:\/\/schema.org","@graph":[{"@type":"Article","@id":"https:\/\/rotario.com.br\/site\/sexta-feira-4-e-segunda-feira-7-devem-concentrar-os-periodos-de-maior-movimento-na-rj-124\/#article","isPartOf":{"@id":"https:\/\/rotario.com.br\/site\/sexta-feira-4-e-segunda-feira-7-devem-concentrar-os-periodos-de-maior-movimento-na-rj-124\/"},"author":{"name":"Galv\u00e3o","@id":"https:\/\/rotario.com.br\/site\/#\/schema\/person\/fd89bbbf4136f7e8a21e0dd67b8a66c7"},"headline":"Sexta-feira (4) e segunda-feira (7) devem concentrar os per\u00edodos de maior movimento na RJ-124","datePublished":"2026-09-01T15:16:26+00:00","dateModified":"2026-09-01T15:16:30+00:00","mainEntityOfPage":{"@id":"https:\/\/rotario.com.br\/site\/sexta-feira-4-e-segunda-feira-7-devem-concentrar-os-periodos-de-maior-movimento-na-rj-124\/"},"wordCount":257,"commentCount":0,"publisher":{"@id":"https:\/\/rotario.com.br\/site\/#organization"},"image":{"@id":"https:\/\/rotario.com.br\/site\/sexta-feira-4-e-segunda-feira-7-devem-concentrar-os-periodos-de-maior-movimento-na-rj-124\/#primaryimage"},"thumbnailUrl":"https:\/\/rotario.com.br\/site\/wp-content\/uploads\/2026\/09\/06-Movimento-na-ViaLagos-deve-superar-168-mil-veiculos-no-feriadao-1.jpg","keywords":["feriado da Independ\u00eancia","fluxo de ve\u00edculos","opera\u00e7\u00e3o especial","Pol\u00edcia Militar Rodovi\u00e1ria","Regi\u00e3o dos Lagos","RJ-124","Rodovia","Tr\u00e2nsito","viagem","ViaLagos"],"articleSection":["Regi\u00e3o dos lagos"],"inLanguage":"pt-BR","potentialAction":[{"@type":"CommentAction","name":"Comment","target":["https:\/\/rotario.com.br\/site\/sexta-feira-4-e-segunda-feira-7-devem-concentrar-os-periodos-de-maior-movimento-na-rj-124\/#respond"]}]},{"@type":"WebPage","@id":"https:\/\/rotario.com.br\/site\/sexta-feira-4-e-segunda-feira-7-devem-concentrar-os-periodos-de-maior-movimento-na-rj-124\/","url":"https:\/\/rotario.com.br\/site\/sexta-feira-4-e-segunda-feira-7-devem-concentrar-os-periodos-de-maior-movimento-na-rj-124\/","name":"Sexta-feira (4) e segunda-feira (7) devem concentrar os per\u00edodos de maior movimento na RJ-124 - Rota Rio","isPartOf":{"@id":"https:\/\/rotario.com.br\/site\/#website"},"primaryImageOfPage":{"@id":"https:\/\/rotario.com.br\/site\/sexta-feira-4-e-segunda-feira-7-devem-concentrar-os-periodos-de-maior-movimento-na-rj-124\/#primaryimage"},"image":{"@id":"https:\/\/rotario.com.br\/site\/sexta-feira-4-e-segunda-feira-7-devem-concentrar-os-periodos-de-maior-movimento-na-rj-124\/#primaryimage"},"thumbnailUrl":"https:\/\/rotario.com.br\/site\/wp-content\/uploads\/2026\/09\/06-Movimento-na-ViaLagos-deve-superar-168-mil-veiculos-no-feriadao-1.jpg","datePublished":"2026-09-01T15:16:26+00:00","dateModified":"2026-09-01T15:16:30+00:00","breadcrumb":{"@id":"https:\/\/rotario.com.br\/site\/sexta-feira-4-e-segunda-feira-7-devem-concentrar-os-periodos-de-maior-movimento-na-rj-124\/#breadcrumb"},"inLanguage":"pt-BR","potentialAction":[{"@type":"ReadAction","target":["https:\/\/rotario.com.br\/site\/sexta-feira-4-e-segunda-feira-7-devem-concentrar-os-periodos-de-maior-movimento-na-rj-124\/"]}]},{"@type":"ImageObject","inLanguage":"pt-BR","@id":"https:\/\/rotario.com.br\/site\/sexta-feira-4-e-segunda-feira-7-devem-concentrar-os-periodos-de-maior-movimento-na-rj-124\/#primaryimage","url":"https:\/\/rotario.com.br\/site\/wp-content\/uploads\/2026\/09\/06-Movimento-na-ViaLagos-deve-superar-168-mil-veiculos-no-feriadao-1.jpg","contentUrl":"https:\/\/rotario.com.br\/site\/wp-content\/uploads\/2026\/09\/06-Movimento-na-ViaLagos-deve-superar-168-mil-veiculos-no-feriadao-1.jpg","width":945,"height":626},{"@type":"BreadcrumbList","@id":"https:\/\/rotario.com.br\/site\/sexta-feira-4-e-segunda-feira-7-devem-concentrar-os-periodos-de-maior-movimento-na-rj-124\/#breadcrumb","itemListElement":[{"@type":"ListItem","position":1,"name":"In\u00edcio","item":"https:\/\/rotario.com.br\/site\/"},{"@type":"ListItem","position":2,"name":"Sexta-feira (4) e segunda-feira (7) devem concentrar os per\u00edodos de maior movimento na RJ-124"}]},{"@type":"WebSite","@id":"https:\/\/rotario.com.br\/site\/#website","url":"https:\/\/rotario.com.br\/site\/","name":"Rota Rio","description":"Aqui, o Rio de Janeiro \u00e9 a pauta!","publisher":{"@id":"https:\/\/rotario.com.br\/site\/#organization"},"potentialAction":[{"@type":"SearchAction","target":{"@type":"EntryPoint","urlTemplate":"https:\/\/rotario.com.br\/site\/?s={search_term_string}"},"query-input":{"@type":"PropertyValueSpecification","valueRequired":true,"valueName":"search_term_string"}}],"inLanguage":"pt-BR"},{"@type":"Organization","@id":"https:\/\/rotario.com.br\/site\/#organization","name":"Rota Rio","url":"https:\/\/rotario.com.br\/site\/","logo":{"@type":"ImageObject","inLanguage":"pt-BR","@id":"https:\/\/rotario.com.br\/site\/#\/schema\/logo\/image\/","url":"https:\/\/rotario.com.br\/site\/wp-content\/uploads\/2022\/04\/cropped-ROTARIO-LOGO-Prancheta-1-1-2048x654-1.png","contentUrl":"https:\/\/rotario.com.br\/site\/wp-content\/uploads\/2022\/04\/cropped-ROTARIO-LOGO-Prancheta-1-1-2048x654-1.png","width":2048,"height":654,"caption":"Rota Rio"},"image":{"@id":"https:\/\/rotario.com.br\/site\/#\/schema\/logo\/image\/"}},{"@type":"Person","@id":"https:\/\/rotario.com.br\/site\/#\/schema\/person\/fd89bbbf4136f7e8a21e0dd67b8a66c7","name":"Galv\u00e3o","url":"https:\/\/rotario.com.br\/site\/author\/daniel\/"}]}},"_links":{"self":[{"href":"https:\/\/rotario.com.br\/site\/wp-json\/wp\/v2\/posts\/38644","targetHints":{"allow":["GET"]}}],"collection":[{"href":"https:\/\/rotario.com.br\/site\/wp-json\/wp\/v2\/posts"}],"about":[{"href":"https:\/\/rotario.com.br\/site\/wp-json\/wp\/v2\/types\/post"}],"author":[{"embeddable":true,"href":"https:\/\/rotario.com.br\/site\/wp-json\/wp\/v2\/users\/2"}],"replies":[{"embeddable":true,"href":"https:\/\/rotario.com.br\/site\/wp-json\/wp\/v2\/comments?post=38644"}],"version-history":[{"count":1,"href":"https:\/\/rotario.com.br\/site\/wp-json\/wp\/v2\/posts\/38644\/revisions"}],"predecessor-version":[{"id":38646,"href":"https:\/\/rotario.com.br\/site\/wp-json\/wp\/v2\/posts\/38644\/revisions\/38646"}],"wp:featuredmedia":[{"embeddable":true,"href":"https:\/\/rotario.com.br\/site\/wp-json\/wp\/v2\/media\/38645"}],"wp:attachment":[{"href":"https:\/\/rotario.com.br\/site\/wp-json\/wp\/v2\/media?parent=38644"}],"wp:term":[{"taxonomy":"category","embeddable":true,"href":"https:\/\/rotario.com.br\/site\/wp-json\/wp\/v2\/categories?post=38644"},{"taxonomy":"post_tag","embeddable":true,"href":"https:\/\/rotario.com.br\/site\/wp-json\/wp\/v2\/tags?post=38644"}],"curies":[{"name":"wp","href":"https:\/\/api.w.org\/{rel}","templated":true}]}}