{"id":38649,"date":"2026-09-01T16:03:04","date_gmt":"2026-09-01T19:03:04","guid":{"rendered":"https:\/\/rotario.com.br\/site\/?p=38649"},"modified":"2026-09-01T16:03:20","modified_gmt":"2026-09-01T19:03:20","slug":"acao-cobra-solucao-para-fila-de-espera-por-creches-e-pre-escolas-em-cabo-frio","status":"publish","type":"post","link":"https:\/\/rotario.com.br\/site\/acao-cobra-solucao-para-fila-de-espera-por-creches-e-pre-escolas-em-cabo-frio\/","title":{"rendered":"A\u00e7\u00e3o cobra solu\u00e7\u00e3o para fila de espera por creches e pr\u00e9-escolas em Cabo Frio"},"content":{"rendered":"\n<p>O Minist\u00e9rio P\u00fablico do Estado do Rio de Janeiro (MPRJ) ajuizou uma a\u00e7\u00e3o civil p\u00fablica para cobrar do Munic\u00edpio de Cabo Frio a amplia\u00e7\u00e3o da oferta de vagas em creches e pr\u00e9-escolas. Segundo dados reunidos pela 3\u00aa Promotoria de Justi\u00e7a de Tutela Coletiva do N\u00facleo Cabo Frio, 767 crian\u00e7as ainda faziam parte da demanda n\u00e3o atendida pela educa\u00e7\u00e3o infantil em 2025. Entre 2022 e 2025, conforme o \u00f3rg\u00e3o, foram abertas 67 novas vagas em creches e 78 na pr\u00e9-escola.<\/p>\n\n\n\n<p>Na a\u00e7\u00e3o, ajuizada em 27 de agosto, o MPRJ solicita liminarmente que as crian\u00e7as j\u00e1 cadastradas na fila de espera sejam matriculadas na rede p\u00fablica em at\u00e9 90 dias. Para novos pedidos, o prazo requerido \u00e9 de at\u00e9 45 dias. Na aus\u00eancia de vagas, o Minist\u00e9rio P\u00fablico pede que o Munic\u00edpio arque com a matr\u00edcula na rede privada e com despesas relacionadas ao atendimento, como transporte, alimenta\u00e7\u00e3o e material did\u00e1tico. O \u00f3rg\u00e3o tamb\u00e9m requer a apresenta\u00e7\u00e3o de um plano de reestrutura\u00e7\u00e3o e expans\u00e3o da rede, com metas, prazos e previs\u00e3o or\u00e7ament\u00e1ria, para que o d\u00e9ficit de vagas entre crian\u00e7as de zero a cinco anos seja solucionado em at\u00e9 um ano.<\/p>\n\n\n\n<p>De acordo com a Promotoria, a falta de vagas persiste h\u00e1 anos e atinge de maneira mais cr\u00edtica Tamoios, regi\u00e3o que concentraria a maior car\u00eancia de atendimento em creches identificada pelo pr\u00f3prio Munic\u00edpio. Entre os demais pedidos est\u00e3o a cria\u00e7\u00e3o de um comit\u00ea de monitoramento, a apresenta\u00e7\u00e3o de relat\u00f3rios semestrais e o pagamento de indeniza\u00e7\u00e3o de R$ 5 mil para cada crian\u00e7a que esteja em lista de espera desde 2019 e se enquadre nos crit\u00e9rios estabelecidos na a\u00e7\u00e3o. O MPRJ tamb\u00e9m solicita indeniza\u00e7\u00e3o por dano moral coletivo de, no m\u00ednimo, R$ 100 mil, com destina\u00e7\u00e3o ao Conselho Municipal dos Direitos da Crian\u00e7a e do Adolescente (CMDCA).&nbsp;&nbsp;&nbsp;<\/p>\n","protected":false},"excerpt":{"rendered":"<p>O Minist\u00e9rio P\u00fablico do Estado do Rio de Janeiro (MPRJ) ajuizou uma a\u00e7\u00e3o civil p\u00fablica para cobrar do Munic\u00edpio de Cabo Frio a amplia\u00e7\u00e3o da oferta de vagas em creches e pr\u00e9-escolas. Segundo dados reunidos pela 3\u00aa Promotoria de Justi\u00e7a de Tutela Coletiva do N\u00facleo Cabo Frio, 767 crian\u00e7as ainda faziam parte da demanda n\u00e3o [&hellip;]<\/p>\n","protected":false},"author":2,"featured_media":38651,"comment_status":"open","ping_status":"closed","sticky":false,"template":"","format":"standard","meta":{"footnotes":""},"categories":[31],"tags":[4380,309,4384,4381,4382,4385,3319,176,4383,3030],"class_list":["post-38649","post","type-post","status-publish","format-standard","has-post-thumbnail","hentry","category-cabo-frio","tag-acao-civil-publica","tag-cabo-frio","tag-cmdca","tag-creches","tag-deficit-de-vagas","tag-direitos-da-crianca","tag-educacao-infantil","tag-mprj","tag-pre-escola","tag-tamoios"],"yoast_head":"<!-- This site is optimized with the Yoast SEO plugin v26.5 - https:\/\/yoast.com\/wordpress\/plugins\/seo\/ -->\n<title>A\u00e7\u00e3o cobra solu\u00e7\u00e3o para fila de espera por creches e pr\u00e9-escolas em Cabo Frio - Rota Rio<\/title>\n<meta name=\"robots\" content=\"index, follow, max-snippet:-1, max-image-preview:large, max-video-preview:-1\" \/>\n<link rel=\"canonical\" href=\"https:\/\/rotario.com.br\/site\/acao-cobra-solucao-para-fila-de-espera-por-creches-e-pre-escolas-em-cabo-frio\/\" \/>\n<meta property=\"og:locale\" content=\"pt_BR\" \/>\n<meta property=\"og:type\" content=\"article\" \/>\n<meta property=\"og:title\" content=\"A\u00e7\u00e3o cobra solu\u00e7\u00e3o para fila de espera por creches e pr\u00e9-escolas em Cabo Frio - Rota Rio\" \/>\n<meta property=\"og:description\" content=\"O Minist\u00e9rio P\u00fablico do Estado do Rio de Janeiro (MPRJ) ajuizou uma a\u00e7\u00e3o civil p\u00fablica para cobrar do Munic\u00edpio de Cabo Frio a amplia\u00e7\u00e3o da oferta de vagas em creches e pr\u00e9-escolas. Segundo dados reunidos pela 3\u00aa Promotoria de Justi\u00e7a de Tutela Coletiva do N\u00facleo Cabo Frio, 767 crian\u00e7as ainda faziam parte da demanda n\u00e3o [&hellip;]\" \/>\n<meta property=\"og:url\" content=\"https:\/\/rotario.com.br\/site\/acao-cobra-solucao-para-fila-de-espera-por-creches-e-pre-escolas-em-cabo-frio\/\" \/>\n<meta property=\"og:site_name\" content=\"Rota Rio\" \/>\n<meta property=\"article:published_time\" content=\"2026-09-01T19:03:04+00:00\" \/>\n<meta property=\"article:modified_time\" content=\"2026-09-01T19:03:20+00:00\" \/>\n<meta property=\"og:image\" content=\"https:\/\/rotario.com.br\/site\/wp-content\/uploads\/2026\/09\/07-Cabo-Frio-e-alvo-de-acao-do-MPRJ-por-deficit-de-vagas-na-educacao-infantil-1.jpg\" \/>\n\t<meta property=\"og:image:width\" content=\"900\" \/>\n\t<meta property=\"og:image:height\" content=\"600\" \/>\n\t<meta property=\"og:image:type\" content=\"image\/jpeg\" \/>\n<meta name=\"author\" content=\"Galv\u00e3o\" \/>\n<meta name=\"twitter:card\" content=\"summary_large_image\" \/>\n<meta name=\"twitter:label1\" content=\"Escrito por\" \/>\n\t<meta name=\"twitter:data1\" content=\"Galv\u00e3o\" \/>\n\t<meta name=\"twitter:label2\" content=\"Est. tempo de leitura\" \/>\n\t<meta name=\"twitter:data2\" content=\"2 minutos\" \/>\n<script type=\"application\/ld+json\" class=\"yoast-schema-graph\">{\"@context\":\"https:\/\/schema.org\",\"@graph\":[{\"@type\":\"Article\",\"@id\":\"https:\/\/rotario.com.br\/site\/acao-cobra-solucao-para-fila-de-espera-por-creches-e-pre-escolas-em-cabo-frio\/#article\",\"isPartOf\":{\"@id\":\"https:\/\/rotario.com.br\/site\/acao-cobra-solucao-para-fila-de-espera-por-creches-e-pre-escolas-em-cabo-frio\/\"},\"author\":{\"name\":\"Galv\u00e3o\",\"@id\":\"https:\/\/rotario.com.br\/site\/#\/schema\/person\/fd89bbbf4136f7e8a21e0dd67b8a66c7\"},\"headline\":\"A\u00e7\u00e3o cobra solu\u00e7\u00e3o para fila de espera por creches e pr\u00e9-escolas em Cabo Frio\",\"datePublished\":\"2026-09-01T19:03:04+00:00\",\"dateModified\":\"2026-09-01T19:03:20+00:00\",\"mainEntityOfPage\":{\"@id\":\"https:\/\/rotario.com.br\/site\/acao-cobra-solucao-para-fila-de-espera-por-creches-e-pre-escolas-em-cabo-frio\/\"},\"wordCount\":353,\"commentCount\":0,\"publisher\":{\"@id\":\"https:\/\/rotario.com.br\/site\/#organization\"},\"image\":{\"@id\":\"https:\/\/rotario.com.br\/site\/acao-cobra-solucao-para-fila-de-espera-por-creches-e-pre-escolas-em-cabo-frio\/#primaryimage\"},\"thumbnailUrl\":\"https:\/\/rotario.com.br\/site\/wp-content\/uploads\/2026\/09\/07-Cabo-Frio-e-alvo-de-acao-do-MPRJ-por-deficit-de-vagas-na-educacao-infantil-1.jpg\",\"keywords\":[\"a\u00e7\u00e3o civil p\u00fablica\",\"Cabo Frio\",\"CMDCA\",\"creches\",\"d\u00e9ficit de vagas\",\"direitos da crian\u00e7a\",\"educa\u00e7\u00e3o infantil\",\"MPRJ\",\"pr\u00e9-escola\",\"Tamoios\"],\"articleSection\":[\"Cabo Frio\"],\"inLanguage\":\"pt-BR\",\"potentialAction\":[{\"@type\":\"CommentAction\",\"name\":\"Comment\",\"target\":[\"https:\/\/rotario.com.br\/site\/acao-cobra-solucao-para-fila-de-espera-por-creches-e-pre-escolas-em-cabo-frio\/#respond\"]}]},{\"@type\":\"WebPage\",\"@id\":\"https:\/\/rotario.com.br\/site\/acao-cobra-solucao-para-fila-de-espera-por-creches-e-pre-escolas-em-cabo-frio\/\",\"url\":\"https:\/\/rotario.com.br\/site\/acao-cobra-solucao-para-fila-de-espera-por-creches-e-pre-escolas-em-cabo-frio\/\",\"name\":\"A\u00e7\u00e3o cobra solu\u00e7\u00e3o para fila de espera por creches e pr\u00e9-escolas em Cabo Frio - Rota Rio\",\"isPartOf\":{\"@id\":\"https:\/\/rotario.com.br\/site\/#website\"},\"primaryImageOfPage\":{\"@id\":\"https:\/\/rotario.com.br\/site\/acao-cobra-solucao-para-fila-de-espera-por-creches-e-pre-escolas-em-cabo-frio\/#primaryimage\"},\"image\":{\"@id\":\"https:\/\/rotario.com.br\/site\/acao-cobra-solucao-para-fila-de-espera-por-creches-e-pre-escolas-em-cabo-frio\/#primaryimage\"},\"thumbnailUrl\":\"https:\/\/rotario.com.br\/site\/wp-content\/uploads\/2026\/09\/07-Cabo-Frio-e-alvo-de-acao-do-MPRJ-por-deficit-de-vagas-na-educacao-infantil-1.jpg\",\"datePublished\":\"2026-09-01T19:03:04+00:00\",\"dateModified\":\"2026-09-01T19:03:20+00:00\",\"breadcrumb\":{\"@id\":\"https:\/\/rotario.com.br\/site\/acao-cobra-solucao-para-fila-de-espera-por-creches-e-pre-escolas-em-cabo-frio\/#breadcrumb\"},\"inLanguage\":\"pt-BR\",\"potentialAction\":[{\"@type\":\"ReadAction\",\"target\":[\"https:\/\/rotario.com.br\/site\/acao-cobra-solucao-para-fila-de-espera-por-creches-e-pre-escolas-em-cabo-frio\/\"]}]},{\"@type\":\"ImageObject\",\"inLanguage\":\"pt-BR\",\"@id\":\"https:\/\/rotario.com.br\/site\/acao-cobra-solucao-para-fila-de-espera-por-creches-e-pre-escolas-em-cabo-frio\/#primaryimage\",\"url\":\"https:\/\/rotario.com.br\/site\/wp-content\/uploads\/2026\/09\/07-Cabo-Frio-e-alvo-de-acao-do-MPRJ-por-deficit-de-vagas-na-educacao-infantil-1.jpg\",\"contentUrl\":\"https:\/\/rotario.com.br\/site\/wp-content\/uploads\/2026\/09\/07-Cabo-Frio-e-alvo-de-acao-do-MPRJ-por-deficit-de-vagas-na-educacao-infantil-1.jpg\",\"width\":900,\"height\":600},{\"@type\":\"BreadcrumbList\",\"@id\":\"https:\/\/rotario.com.br\/site\/acao-cobra-solucao-para-fila-de-espera-por-creches-e-pre-escolas-em-cabo-frio\/#breadcrumb\",\"itemListElement\":[{\"@type\":\"ListItem\",\"position\":1,\"name\":\"In\u00edcio\",\"item\":\"https:\/\/rotario.com.br\/site\/\"},{\"@type\":\"ListItem\",\"position\":2,\"name\":\"A\u00e7\u00e3o cobra solu\u00e7\u00e3o para fila de espera por creches e pr\u00e9-escolas em Cabo Frio\"}]},{\"@type\":\"WebSite\",\"@id\":\"https:\/\/rotario.com.br\/site\/#website\",\"url\":\"https:\/\/rotario.com.br\/site\/\",\"name\":\"Rota Rio\",\"description\":\"Aqui, o Rio de Janeiro \u00e9 a pauta!\",\"publisher\":{\"@id\":\"https:\/\/rotario.com.br\/site\/#organization\"},\"potentialAction\":[{\"@type\":\"SearchAction\",\"target\":{\"@type\":\"EntryPoint\",\"urlTemplate\":\"https:\/\/rotario.com.br\/site\/?s={search_term_string}\"},\"query-input\":{\"@type\":\"PropertyValueSpecification\",\"valueRequired\":true,\"valueName\":\"search_term_string\"}}],\"inLanguage\":\"pt-BR\"},{\"@type\":\"Organization\",\"@id\":\"https:\/\/rotario.com.br\/site\/#organization\",\"name\":\"Rota Rio\",\"url\":\"https:\/\/rotario.com.br\/site\/\",\"logo\":{\"@type\":\"ImageObject\",\"inLanguage\":\"pt-BR\",\"@id\":\"https:\/\/rotario.com.br\/site\/#\/schema\/logo\/image\/\",\"url\":\"https:\/\/rotario.com.br\/site\/wp-content\/uploads\/2022\/04\/cropped-ROTARIO-LOGO-Prancheta-1-1-2048x654-1.png\",\"contentUrl\":\"https:\/\/rotario.com.br\/site\/wp-content\/uploads\/2022\/04\/cropped-ROTARIO-LOGO-Prancheta-1-1-2048x654-1.png\",\"width\":2048,\"height\":654,\"caption\":\"Rota Rio\"},\"image\":{\"@id\":\"https:\/\/rotario.com.br\/site\/#\/schema\/logo\/image\/\"}},{\"@type\":\"Person\",\"@id\":\"https:\/\/rotario.com.br\/site\/#\/schema\/person\/fd89bbbf4136f7e8a21e0dd67b8a66c7\",\"name\":\"Galv\u00e3o\",\"url\":\"https:\/\/rotario.com.br\/site\/author\/daniel\/\"}]}<\/script>\n<!-- \/ Yoast SEO plugin. -->","yoast_head_json":{"title":"A\u00e7\u00e3o cobra solu\u00e7\u00e3o para fila de espera por creches e pr\u00e9-escolas em Cabo Frio - Rota Rio","robots":{"index":"index","follow":"follow","max-snippet":"max-snippet:-1","max-image-preview":"max-image-preview:large","max-video-preview":"max-video-preview:-1"},"canonical":"https:\/\/rotario.com.br\/site\/acao-cobra-solucao-para-fila-de-espera-por-creches-e-pre-escolas-em-cabo-frio\/","og_locale":"pt_BR","og_type":"article","og_title":"A\u00e7\u00e3o cobra solu\u00e7\u00e3o para fila de espera por creches e pr\u00e9-escolas em Cabo Frio - Rota Rio","og_description":"O Minist\u00e9rio P\u00fablico do Estado do Rio de Janeiro (MPRJ) ajuizou uma a\u00e7\u00e3o civil p\u00fablica para cobrar do Munic\u00edpio de Cabo Frio a amplia\u00e7\u00e3o da oferta de vagas em creches e pr\u00e9-escolas. Segundo dados reunidos pela 3\u00aa Promotoria de Justi\u00e7a de Tutela Coletiva do N\u00facleo Cabo Frio, 767 crian\u00e7as ainda faziam parte da demanda n\u00e3o [&hellip;]","og_url":"https:\/\/rotario.com.br\/site\/acao-cobra-solucao-para-fila-de-espera-por-creches-e-pre-escolas-em-cabo-frio\/","og_site_name":"Rota Rio","article_published_time":"2026-09-01T19:03:04+00:00","article_modified_time":"2026-09-01T19:03:20+00:00","og_image":[{"width":900,"height":600,"url":"https:\/\/rotario.com.br\/site\/wp-content\/uploads\/2026\/09\/07-Cabo-Frio-e-alvo-de-acao-do-MPRJ-por-deficit-de-vagas-na-educacao-infantil-1.jpg","type":"image\/jpeg"}],"author":"Galv\u00e3o","twitter_card":"summary_large_image","twitter_misc":{"Escrito por":"Galv\u00e3o","Est. tempo de leitura":"2 minutos"},"schema":{"@context":"https:\/\/schema.org","@graph":[{"@type":"Article","@id":"https:\/\/rotario.com.br\/site\/acao-cobra-solucao-para-fila-de-espera-por-creches-e-pre-escolas-em-cabo-frio\/#article","isPartOf":{"@id":"https:\/\/rotario.com.br\/site\/acao-cobra-solucao-para-fila-de-espera-por-creches-e-pre-escolas-em-cabo-frio\/"},"author":{"name":"Galv\u00e3o","@id":"https:\/\/rotario.com.br\/site\/#\/schema\/person\/fd89bbbf4136f7e8a21e0dd67b8a66c7"},"headline":"A\u00e7\u00e3o cobra solu\u00e7\u00e3o para fila de espera por creches e pr\u00e9-escolas em Cabo Frio","datePublished":"2026-09-01T19:03:04+00:00","dateModified":"2026-09-01T19:03:20+00:00","mainEntityOfPage":{"@id":"https:\/\/rotario.com.br\/site\/acao-cobra-solucao-para-fila-de-espera-por-creches-e-pre-escolas-em-cabo-frio\/"},"wordCount":353,"commentCount":0,"publisher":{"@id":"https:\/\/rotario.com.br\/site\/#organization"},"image":{"@id":"https:\/\/rotario.com.br\/site\/acao-cobra-solucao-para-fila-de-espera-por-creches-e-pre-escolas-em-cabo-frio\/#primaryimage"},"thumbnailUrl":"https:\/\/rotario.com.br\/site\/wp-content\/uploads\/2026\/09\/07-Cabo-Frio-e-alvo-de-acao-do-MPRJ-por-deficit-de-vagas-na-educacao-infantil-1.jpg","keywords":["a\u00e7\u00e3o civil p\u00fablica","Cabo Frio","CMDCA","creches","d\u00e9ficit de vagas","direitos da crian\u00e7a","educa\u00e7\u00e3o infantil","MPRJ","pr\u00e9-escola","Tamoios"],"articleSection":["Cabo Frio"],"inLanguage":"pt-BR","potentialAction":[{"@type":"CommentAction","name":"Comment","target":["https:\/\/rotario.com.br\/site\/acao-cobra-solucao-para-fila-de-espera-por-creches-e-pre-escolas-em-cabo-frio\/#respond"]}]},{"@type":"WebPage","@id":"https:\/\/rotario.com.br\/site\/acao-cobra-solucao-para-fila-de-espera-por-creches-e-pre-escolas-em-cabo-frio\/","url":"https:\/\/rotario.com.br\/site\/acao-cobra-solucao-para-fila-de-espera-por-creches-e-pre-escolas-em-cabo-frio\/","name":"A\u00e7\u00e3o cobra solu\u00e7\u00e3o para fila de espera por creches e pr\u00e9-escolas em Cabo Frio - Rota Rio","isPartOf":{"@id":"https:\/\/rotario.com.br\/site\/#website"},"primaryImageOfPage":{"@id":"https:\/\/rotario.com.br\/site\/acao-cobra-solucao-para-fila-de-espera-por-creches-e-pre-escolas-em-cabo-frio\/#primaryimage"},"image":{"@id":"https:\/\/rotario.com.br\/site\/acao-cobra-solucao-para-fila-de-espera-por-creches-e-pre-escolas-em-cabo-frio\/#primaryimage"},"thumbnailUrl":"https:\/\/rotario.com.br\/site\/wp-content\/uploads\/2026\/09\/07-Cabo-Frio-e-alvo-de-acao-do-MPRJ-por-deficit-de-vagas-na-educacao-infantil-1.jpg","datePublished":"2026-09-01T19:03:04+00:00","dateModified":"2026-09-01T19:03:20+00:00","breadcrumb":{"@id":"https:\/\/rotario.com.br\/site\/acao-cobra-solucao-para-fila-de-espera-por-creches-e-pre-escolas-em-cabo-frio\/#breadcrumb"},"inLanguage":"pt-BR","potentialAction":[{"@type":"ReadAction","target":["https:\/\/rotario.com.br\/site\/acao-cobra-solucao-para-fila-de-espera-por-creches-e-pre-escolas-em-cabo-frio\/"]}]},{"@type":"ImageObject","inLanguage":"pt-BR","@id":"https:\/\/rotario.com.br\/site\/acao-cobra-solucao-para-fila-de-espera-por-creches-e-pre-escolas-em-cabo-frio\/#primaryimage","url":"https:\/\/rotario.com.br\/site\/wp-content\/uploads\/2026\/09\/07-Cabo-Frio-e-alvo-de-acao-do-MPRJ-por-deficit-de-vagas-na-educacao-infantil-1.jpg","contentUrl":"https:\/\/rotario.com.br\/site\/wp-content\/uploads\/2026\/09\/07-Cabo-Frio-e-alvo-de-acao-do-MPRJ-por-deficit-de-vagas-na-educacao-infantil-1.jpg","width":900,"height":600},{"@type":"BreadcrumbList","@id":"https:\/\/rotario.com.br\/site\/acao-cobra-solucao-para-fila-de-espera-por-creches-e-pre-escolas-em-cabo-frio\/#breadcrumb","itemListElement":[{"@type":"ListItem","position":1,"name":"In\u00edcio","item":"https:\/\/rotario.com.br\/site\/"},{"@type":"ListItem","position":2,"name":"A\u00e7\u00e3o cobra solu\u00e7\u00e3o para fila de espera por creches e pr\u00e9-escolas em Cabo Frio"}]},{"@type":"WebSite","@id":"https:\/\/rotario.com.br\/site\/#website","url":"https:\/\/rotario.com.br\/site\/","name":"Rota Rio","description":"Aqui, o Rio de Janeiro \u00e9 a pauta!","publisher":{"@id":"https:\/\/rotario.com.br\/site\/#organization"},"potentialAction":[{"@type":"SearchAction","target":{"@type":"EntryPoint","urlTemplate":"https:\/\/rotario.com.br\/site\/?s={search_term_string}"},"query-input":{"@type":"PropertyValueSpecification","valueRequired":true,"valueName":"search_term_string"}}],"inLanguage":"pt-BR"},{"@type":"Organization","@id":"https:\/\/rotario.com.br\/site\/#organization","name":"Rota Rio","url":"https:\/\/rotario.com.br\/site\/","logo":{"@type":"ImageObject","inLanguage":"pt-BR","@id":"https:\/\/rotario.com.br\/site\/#\/schema\/logo\/image\/","url":"https:\/\/rotario.com.br\/site\/wp-content\/uploads\/2022\/04\/cropped-ROTARIO-LOGO-Prancheta-1-1-2048x654-1.png","contentUrl":"https:\/\/rotario.com.br\/site\/wp-content\/uploads\/2022\/04\/cropped-ROTARIO-LOGO-Prancheta-1-1-2048x654-1.png","width":2048,"height":654,"caption":"Rota Rio"},"image":{"@id":"https:\/\/rotario.com.br\/site\/#\/schema\/logo\/image\/"}},{"@type":"Person","@id":"https:\/\/rotario.com.br\/site\/#\/schema\/person\/fd89bbbf4136f7e8a21e0dd67b8a66c7","name":"Galv\u00e3o","url":"https:\/\/rotario.com.br\/site\/author\/daniel\/"}]}},"_links":{"self":[{"href":"https:\/\/rotario.com.br\/site\/wp-json\/wp\/v2\/posts\/38649","targetHints":{"allow":["GET"]}}],"collection":[{"href":"https:\/\/rotario.com.br\/site\/wp-json\/wp\/v2\/posts"}],"about":[{"href":"https:\/\/rotario.com.br\/site\/wp-json\/wp\/v2\/types\/post"}],"author":[{"embeddable":true,"href":"https:\/\/rotario.com.br\/site\/wp-json\/wp\/v2\/users\/2"}],"replies":[{"embeddable":true,"href":"https:\/\/rotario.com.br\/site\/wp-json\/wp\/v2\/comments?post=38649"}],"version-history":[{"count":1,"href":"https:\/\/rotario.com.br\/site\/wp-json\/wp\/v2\/posts\/38649\/revisions"}],"predecessor-version":[{"id":38653,"href":"https:\/\/rotario.com.br\/site\/wp-json\/wp\/v2\/posts\/38649\/revisions\/38653"}],"wp:featuredmedia":[{"embeddable":true,"href":"https:\/\/rotario.com.br\/site\/wp-json\/wp\/v2\/media\/38651"}],"wp:attachment":[{"href":"https:\/\/rotario.com.br\/site\/wp-json\/wp\/v2\/media?parent=38649"}],"wp:term":[{"taxonomy":"category","embeddable":true,"href":"https:\/\/rotario.com.br\/site\/wp-json\/wp\/v2\/categories?post=38649"},{"taxonomy":"post_tag","embeddable":true,"href":"https:\/\/rotario.com.br\/site\/wp-json\/wp\/v2\/tags?post=38649"}],"curies":[{"name":"wp","href":"https:\/\/api.w.org\/{rel}","templated":true}]}}