{"id":38652,"date":"2026-09-01T16:04:10","date_gmt":"2026-09-01T19:04:10","guid":{"rendered":"https:\/\/rotario.com.br\/site\/?p=38652"},"modified":"2026-09-01T16:04:41","modified_gmt":"2026-09-01T19:04:41","slug":"encontro-de-motorhome-tera-rock-pop-djs-e-blocos-carnavalescos-em-rio-das-ostras","status":"publish","type":"post","link":"https:\/\/rotario.com.br\/site\/encontro-de-motorhome-tera-rock-pop-djs-e-blocos-carnavalescos-em-rio-das-ostras\/","title":{"rendered":"Encontro de Motorhome ter\u00e1 rock, pop, DJs e blocos carnavalescos em Rio das Ostras"},"content":{"rendered":"\n<p>Rio das Ostras vai receber nesta semana o III Encontro de Motorhome. Entre os dias 4 e 6 de setembro, o evento ser\u00e1 realizado na \u00e1rea de eventos de Costazul, reunindo motorhomes de diversas partes do Brasil. A realiza\u00e7\u00e3o \u00e9 da Prefeitura de Rio das Ostras com a Funda\u00e7\u00e3o Rio das Ostras de Cultura.<\/p>\n\n\n\n<p>A programa\u00e7\u00e3o ir\u00e1 contar tamb\u00e9m com diversas atra\u00e7\u00f5es musicais durante os tr\u00eas dias, reunindo artistas locais e regionais. O evento tamb\u00e9m vai contar com diferentes ritmos como rock, pop, blocos carnavalescos e at\u00e9 mesmo DJs.<\/p>\n\n\n\n<p>\u201cEventos como o Encontro de Motorhome ajudam a diversificar nossa oferta tur\u00edstica e a atrair um p\u00fablico que permanece na cidade e movimenta diferentes setores da economia. Nosso desafio \u00e9 conectar esses visitantes ao maior n\u00famero poss\u00edvel de experi\u00eancias e op\u00e7\u00f5es de lazer em Rio das Ostras, para que conhe\u00e7am melhor o destino, aproveitem mais a estadia e tenham vontade de voltar outras vezes.\u201d, destaca Pablo Kling, Secret\u00e1rio de Desenvolvimento Econ\u00f4mico e Turismo.<\/p>\n\n\n\n<p>Al\u00e9m da Prefeitura e da Funda\u00e7\u00e3o Rio das Ostras de Cultura, o evento tamb\u00e9m vai contar com organiza\u00e7\u00e3o da Associa\u00e7\u00e3o de Campistas, , (Anacamp) e Campistas Raiz; e apoio institucional da C\u00e2mara Municipal de Rio das Ostras, Servi\u00e7o Aut\u00f4nomo de \u00c1gua e Esgoto (Saae) e Rio+ Saneamento.<\/p>\n\n\n\n<p>Confira a programa\u00e7\u00e3o:<\/p>\n\n\n\n<p>Sexta-feira \u2013 04\/09<\/p>\n\n\n\n<p>18h: Abertura dos port\u00f5es e in\u00edcio das atividades<br>19h30 \u00e0s 21h: Show com Rafa Dutra (&#8220;Ella \u00e9 Pop!&#8221;)<br>21h \u00e0s 22h: Intervalo com DJ e troca de palco<br>22h \u00e0s 23h30: Show com Haras e Banda<br>S\u00e1bado \u2013 05\/09<\/p>\n\n\n\n<p>16h: Abertura do recinto<br>18h \u00e0s 19h30: Show com Iago Martins<br>19h30 \u00e0s 20h30: Intervalo com DJ e troca de palco<br>20h30 \u00e0s 22h: Show com Lu Nunes<br>22h \u00e0s 22h30: Intervalo com DJ<br>22h30 \u00e0s 00h: Show com Banda Caravellas<br>Domingo \u2013 06\/09<\/p>\n\n\n\n<p>16h: Abertura do recinto<br>18h \u00e0s 19h30: Eliezer Pazini Show<br>19h30 \u00e0s 20h: Intervalo com DJ<br>20h \u00e0s 21h30: Show com Bloco da Formosa<br>21h30 \u00e0s 22h: Intervalo com DJ<br>22h \u00e0s 23h30: Show com As Bitters<\/p>\n","protected":false},"excerpt":{"rendered":"<p>Rio das Ostras vai receber nesta semana o III Encontro de Motorhome. Entre os dias 4 e 6 de setembro, o evento ser\u00e1 realizado na \u00e1rea de eventos de Costazul, reunindo motorhomes de diversas partes do Brasil. A realiza\u00e7\u00e3o \u00e9 da Prefeitura de Rio das Ostras com a Funda\u00e7\u00e3o Rio das Ostras de Cultura. A [&hellip;]<\/p>\n","protected":false},"author":2,"featured_media":38654,"comment_status":"open","ping_status":"closed","sticky":false,"template":"","format":"standard","meta":{"footnotes":""},"categories":[32],"tags":[],"class_list":["post-38652","post","type-post","status-publish","format-standard","has-post-thumbnail","hentry","category-rio-das-ostras"],"yoast_head":"<!-- This site is optimized with the Yoast SEO plugin v26.5 - https:\/\/yoast.com\/wordpress\/plugins\/seo\/ -->\n<title>Encontro de Motorhome ter\u00e1 rock, pop, DJs e blocos carnavalescos em Rio das Ostras - Rota Rio<\/title>\n<meta name=\"robots\" content=\"index, follow, max-snippet:-1, max-image-preview:large, max-video-preview:-1\" \/>\n<link rel=\"canonical\" href=\"https:\/\/rotario.com.br\/site\/encontro-de-motorhome-tera-rock-pop-djs-e-blocos-carnavalescos-em-rio-das-ostras\/\" \/>\n<meta property=\"og:locale\" content=\"pt_BR\" \/>\n<meta property=\"og:type\" content=\"article\" \/>\n<meta property=\"og:title\" content=\"Encontro de Motorhome ter\u00e1 rock, pop, DJs e blocos carnavalescos em Rio das Ostras - Rota Rio\" \/>\n<meta property=\"og:description\" content=\"Rio das Ostras vai receber nesta semana o III Encontro de Motorhome. Entre os dias 4 e 6 de setembro, o evento ser\u00e1 realizado na \u00e1rea de eventos de Costazul, reunindo motorhomes de diversas partes do Brasil. A realiza\u00e7\u00e3o \u00e9 da Prefeitura de Rio das Ostras com a Funda\u00e7\u00e3o Rio das Ostras de Cultura. A [&hellip;]\" \/>\n<meta property=\"og:url\" content=\"https:\/\/rotario.com.br\/site\/encontro-de-motorhome-tera-rock-pop-djs-e-blocos-carnavalescos-em-rio-das-ostras\/\" \/>\n<meta property=\"og:site_name\" content=\"Rota Rio\" \/>\n<meta property=\"article:published_time\" content=\"2026-09-01T19:04:10+00:00\" \/>\n<meta property=\"article:modified_time\" content=\"2026-09-01T19:04:41+00:00\" \/>\n<meta property=\"og:image\" content=\"https:\/\/rotario.com.br\/site\/wp-content\/uploads\/2026\/09\/8e6e2c77-819b-4788-b3ad-8971a538a5d6.jpeg\" \/>\n\t<meta property=\"og:image:width\" content=\"1219\" \/>\n\t<meta property=\"og:image:height\" content=\"811\" \/>\n\t<meta property=\"og:image:type\" content=\"image\/jpeg\" \/>\n<meta name=\"author\" content=\"Galv\u00e3o\" \/>\n<meta name=\"twitter:card\" content=\"summary_large_image\" \/>\n<meta name=\"twitter:label1\" content=\"Escrito por\" \/>\n\t<meta name=\"twitter:data1\" content=\"Galv\u00e3o\" \/>\n\t<meta name=\"twitter:label2\" content=\"Est. tempo de leitura\" \/>\n\t<meta name=\"twitter:data2\" content=\"3 minutos\" \/>\n<script type=\"application\/ld+json\" class=\"yoast-schema-graph\">{\"@context\":\"https:\/\/schema.org\",\"@graph\":[{\"@type\":\"Article\",\"@id\":\"https:\/\/rotario.com.br\/site\/encontro-de-motorhome-tera-rock-pop-djs-e-blocos-carnavalescos-em-rio-das-ostras\/#article\",\"isPartOf\":{\"@id\":\"https:\/\/rotario.com.br\/site\/encontro-de-motorhome-tera-rock-pop-djs-e-blocos-carnavalescos-em-rio-das-ostras\/\"},\"author\":{\"name\":\"Galv\u00e3o\",\"@id\":\"https:\/\/rotario.com.br\/site\/#\/schema\/person\/fd89bbbf4136f7e8a21e0dd67b8a66c7\"},\"headline\":\"Encontro de Motorhome ter\u00e1 rock, pop, DJs e blocos carnavalescos em Rio das Ostras\",\"datePublished\":\"2026-09-01T19:04:10+00:00\",\"dateModified\":\"2026-09-01T19:04:41+00:00\",\"mainEntityOfPage\":{\"@id\":\"https:\/\/rotario.com.br\/site\/encontro-de-motorhome-tera-rock-pop-djs-e-blocos-carnavalescos-em-rio-das-ostras\/\"},\"wordCount\":363,\"commentCount\":0,\"publisher\":{\"@id\":\"https:\/\/rotario.com.br\/site\/#organization\"},\"image\":{\"@id\":\"https:\/\/rotario.com.br\/site\/encontro-de-motorhome-tera-rock-pop-djs-e-blocos-carnavalescos-em-rio-das-ostras\/#primaryimage\"},\"thumbnailUrl\":\"https:\/\/rotario.com.br\/site\/wp-content\/uploads\/2026\/09\/8e6e2c77-819b-4788-b3ad-8971a538a5d6.jpeg\",\"articleSection\":[\"Rio das Ostras\"],\"inLanguage\":\"pt-BR\",\"potentialAction\":[{\"@type\":\"CommentAction\",\"name\":\"Comment\",\"target\":[\"https:\/\/rotario.com.br\/site\/encontro-de-motorhome-tera-rock-pop-djs-e-blocos-carnavalescos-em-rio-das-ostras\/#respond\"]}]},{\"@type\":\"WebPage\",\"@id\":\"https:\/\/rotario.com.br\/site\/encontro-de-motorhome-tera-rock-pop-djs-e-blocos-carnavalescos-em-rio-das-ostras\/\",\"url\":\"https:\/\/rotario.com.br\/site\/encontro-de-motorhome-tera-rock-pop-djs-e-blocos-carnavalescos-em-rio-das-ostras\/\",\"name\":\"Encontro de Motorhome ter\u00e1 rock, pop, DJs e blocos carnavalescos em Rio das Ostras - Rota Rio\",\"isPartOf\":{\"@id\":\"https:\/\/rotario.com.br\/site\/#website\"},\"primaryImageOfPage\":{\"@id\":\"https:\/\/rotario.com.br\/site\/encontro-de-motorhome-tera-rock-pop-djs-e-blocos-carnavalescos-em-rio-das-ostras\/#primaryimage\"},\"image\":{\"@id\":\"https:\/\/rotario.com.br\/site\/encontro-de-motorhome-tera-rock-pop-djs-e-blocos-carnavalescos-em-rio-das-ostras\/#primaryimage\"},\"thumbnailUrl\":\"https:\/\/rotario.com.br\/site\/wp-content\/uploads\/2026\/09\/8e6e2c77-819b-4788-b3ad-8971a538a5d6.jpeg\",\"datePublished\":\"2026-09-01T19:04:10+00:00\",\"dateModified\":\"2026-09-01T19:04:41+00:00\",\"breadcrumb\":{\"@id\":\"https:\/\/rotario.com.br\/site\/encontro-de-motorhome-tera-rock-pop-djs-e-blocos-carnavalescos-em-rio-das-ostras\/#breadcrumb\"},\"inLanguage\":\"pt-BR\",\"potentialAction\":[{\"@type\":\"ReadAction\",\"target\":[\"https:\/\/rotario.com.br\/site\/encontro-de-motorhome-tera-rock-pop-djs-e-blocos-carnavalescos-em-rio-das-ostras\/\"]}]},{\"@type\":\"ImageObject\",\"inLanguage\":\"pt-BR\",\"@id\":\"https:\/\/rotario.com.br\/site\/encontro-de-motorhome-tera-rock-pop-djs-e-blocos-carnavalescos-em-rio-das-ostras\/#primaryimage\",\"url\":\"https:\/\/rotario.com.br\/site\/wp-content\/uploads\/2026\/09\/8e6e2c77-819b-4788-b3ad-8971a538a5d6.jpeg\",\"contentUrl\":\"https:\/\/rotario.com.br\/site\/wp-content\/uploads\/2026\/09\/8e6e2c77-819b-4788-b3ad-8971a538a5d6.jpeg\",\"width\":1219,\"height\":811},{\"@type\":\"BreadcrumbList\",\"@id\":\"https:\/\/rotario.com.br\/site\/encontro-de-motorhome-tera-rock-pop-djs-e-blocos-carnavalescos-em-rio-das-ostras\/#breadcrumb\",\"itemListElement\":[{\"@type\":\"ListItem\",\"position\":1,\"name\":\"In\u00edcio\",\"item\":\"https:\/\/rotario.com.br\/site\/\"},{\"@type\":\"ListItem\",\"position\":2,\"name\":\"Encontro de Motorhome ter\u00e1 rock, pop, DJs e blocos carnavalescos em Rio das Ostras\"}]},{\"@type\":\"WebSite\",\"@id\":\"https:\/\/rotario.com.br\/site\/#website\",\"url\":\"https:\/\/rotario.com.br\/site\/\",\"name\":\"Rota Rio\",\"description\":\"Aqui, o Rio de Janeiro \u00e9 a pauta!\",\"publisher\":{\"@id\":\"https:\/\/rotario.com.br\/site\/#organization\"},\"potentialAction\":[{\"@type\":\"SearchAction\",\"target\":{\"@type\":\"EntryPoint\",\"urlTemplate\":\"https:\/\/rotario.com.br\/site\/?s={search_term_string}\"},\"query-input\":{\"@type\":\"PropertyValueSpecification\",\"valueRequired\":true,\"valueName\":\"search_term_string\"}}],\"inLanguage\":\"pt-BR\"},{\"@type\":\"Organization\",\"@id\":\"https:\/\/rotario.com.br\/site\/#organization\",\"name\":\"Rota Rio\",\"url\":\"https:\/\/rotario.com.br\/site\/\",\"logo\":{\"@type\":\"ImageObject\",\"inLanguage\":\"pt-BR\",\"@id\":\"https:\/\/rotario.com.br\/site\/#\/schema\/logo\/image\/\",\"url\":\"https:\/\/rotario.com.br\/site\/wp-content\/uploads\/2022\/04\/cropped-ROTARIO-LOGO-Prancheta-1-1-2048x654-1.png\",\"contentUrl\":\"https:\/\/rotario.com.br\/site\/wp-content\/uploads\/2022\/04\/cropped-ROTARIO-LOGO-Prancheta-1-1-2048x654-1.png\",\"width\":2048,\"height\":654,\"caption\":\"Rota Rio\"},\"image\":{\"@id\":\"https:\/\/rotario.com.br\/site\/#\/schema\/logo\/image\/\"}},{\"@type\":\"Person\",\"@id\":\"https:\/\/rotario.com.br\/site\/#\/schema\/person\/fd89bbbf4136f7e8a21e0dd67b8a66c7\",\"name\":\"Galv\u00e3o\",\"url\":\"https:\/\/rotario.com.br\/site\/author\/daniel\/\"}]}<\/script>\n<!-- \/ Yoast SEO plugin. -->","yoast_head_json":{"title":"Encontro de Motorhome ter\u00e1 rock, pop, DJs e blocos carnavalescos em Rio das Ostras - Rota Rio","robots":{"index":"index","follow":"follow","max-snippet":"max-snippet:-1","max-image-preview":"max-image-preview:large","max-video-preview":"max-video-preview:-1"},"canonical":"https:\/\/rotario.com.br\/site\/encontro-de-motorhome-tera-rock-pop-djs-e-blocos-carnavalescos-em-rio-das-ostras\/","og_locale":"pt_BR","og_type":"article","og_title":"Encontro de Motorhome ter\u00e1 rock, pop, DJs e blocos carnavalescos em Rio das Ostras - Rota Rio","og_description":"Rio das Ostras vai receber nesta semana o III Encontro de Motorhome. Entre os dias 4 e 6 de setembro, o evento ser\u00e1 realizado na \u00e1rea de eventos de Costazul, reunindo motorhomes de diversas partes do Brasil. A realiza\u00e7\u00e3o \u00e9 da Prefeitura de Rio das Ostras com a Funda\u00e7\u00e3o Rio das Ostras de Cultura. A [&hellip;]","og_url":"https:\/\/rotario.com.br\/site\/encontro-de-motorhome-tera-rock-pop-djs-e-blocos-carnavalescos-em-rio-das-ostras\/","og_site_name":"Rota Rio","article_published_time":"2026-09-01T19:04:10+00:00","article_modified_time":"2026-09-01T19:04:41+00:00","og_image":[{"width":1219,"height":811,"url":"https:\/\/rotario.com.br\/site\/wp-content\/uploads\/2026\/09\/8e6e2c77-819b-4788-b3ad-8971a538a5d6.jpeg","type":"image\/jpeg"}],"author":"Galv\u00e3o","twitter_card":"summary_large_image","twitter_misc":{"Escrito por":"Galv\u00e3o","Est. tempo de leitura":"3 minutos"},"schema":{"@context":"https:\/\/schema.org","@graph":[{"@type":"Article","@id":"https:\/\/rotario.com.br\/site\/encontro-de-motorhome-tera-rock-pop-djs-e-blocos-carnavalescos-em-rio-das-ostras\/#article","isPartOf":{"@id":"https:\/\/rotario.com.br\/site\/encontro-de-motorhome-tera-rock-pop-djs-e-blocos-carnavalescos-em-rio-das-ostras\/"},"author":{"name":"Galv\u00e3o","@id":"https:\/\/rotario.com.br\/site\/#\/schema\/person\/fd89bbbf4136f7e8a21e0dd67b8a66c7"},"headline":"Encontro de Motorhome ter\u00e1 rock, pop, DJs e blocos carnavalescos em Rio das Ostras","datePublished":"2026-09-01T19:04:10+00:00","dateModified":"2026-09-01T19:04:41+00:00","mainEntityOfPage":{"@id":"https:\/\/rotario.com.br\/site\/encontro-de-motorhome-tera-rock-pop-djs-e-blocos-carnavalescos-em-rio-das-ostras\/"},"wordCount":363,"commentCount":0,"publisher":{"@id":"https:\/\/rotario.com.br\/site\/#organization"},"image":{"@id":"https:\/\/rotario.com.br\/site\/encontro-de-motorhome-tera-rock-pop-djs-e-blocos-carnavalescos-em-rio-das-ostras\/#primaryimage"},"thumbnailUrl":"https:\/\/rotario.com.br\/site\/wp-content\/uploads\/2026\/09\/8e6e2c77-819b-4788-b3ad-8971a538a5d6.jpeg","articleSection":["Rio das Ostras"],"inLanguage":"pt-BR","potentialAction":[{"@type":"CommentAction","name":"Comment","target":["https:\/\/rotario.com.br\/site\/encontro-de-motorhome-tera-rock-pop-djs-e-blocos-carnavalescos-em-rio-das-ostras\/#respond"]}]},{"@type":"WebPage","@id":"https:\/\/rotario.com.br\/site\/encontro-de-motorhome-tera-rock-pop-djs-e-blocos-carnavalescos-em-rio-das-ostras\/","url":"https:\/\/rotario.com.br\/site\/encontro-de-motorhome-tera-rock-pop-djs-e-blocos-carnavalescos-em-rio-das-ostras\/","name":"Encontro de Motorhome ter\u00e1 rock, pop, DJs e blocos carnavalescos em Rio das Ostras - Rota Rio","isPartOf":{"@id":"https:\/\/rotario.com.br\/site\/#website"},"primaryImageOfPage":{"@id":"https:\/\/rotario.com.br\/site\/encontro-de-motorhome-tera-rock-pop-djs-e-blocos-carnavalescos-em-rio-das-ostras\/#primaryimage"},"image":{"@id":"https:\/\/rotario.com.br\/site\/encontro-de-motorhome-tera-rock-pop-djs-e-blocos-carnavalescos-em-rio-das-ostras\/#primaryimage"},"thumbnailUrl":"https:\/\/rotario.com.br\/site\/wp-content\/uploads\/2026\/09\/8e6e2c77-819b-4788-b3ad-8971a538a5d6.jpeg","datePublished":"2026-09-01T19:04:10+00:00","dateModified":"2026-09-01T19:04:41+00:00","breadcrumb":{"@id":"https:\/\/rotario.com.br\/site\/encontro-de-motorhome-tera-rock-pop-djs-e-blocos-carnavalescos-em-rio-das-ostras\/#breadcrumb"},"inLanguage":"pt-BR","potentialAction":[{"@type":"ReadAction","target":["https:\/\/rotario.com.br\/site\/encontro-de-motorhome-tera-rock-pop-djs-e-blocos-carnavalescos-em-rio-das-ostras\/"]}]},{"@type":"ImageObject","inLanguage":"pt-BR","@id":"https:\/\/rotario.com.br\/site\/encontro-de-motorhome-tera-rock-pop-djs-e-blocos-carnavalescos-em-rio-das-ostras\/#primaryimage","url":"https:\/\/rotario.com.br\/site\/wp-content\/uploads\/2026\/09\/8e6e2c77-819b-4788-b3ad-8971a538a5d6.jpeg","contentUrl":"https:\/\/rotario.com.br\/site\/wp-content\/uploads\/2026\/09\/8e6e2c77-819b-4788-b3ad-8971a538a5d6.jpeg","width":1219,"height":811},{"@type":"BreadcrumbList","@id":"https:\/\/rotario.com.br\/site\/encontro-de-motorhome-tera-rock-pop-djs-e-blocos-carnavalescos-em-rio-das-ostras\/#breadcrumb","itemListElement":[{"@type":"ListItem","position":1,"name":"In\u00edcio","item":"https:\/\/rotario.com.br\/site\/"},{"@type":"ListItem","position":2,"name":"Encontro de Motorhome ter\u00e1 rock, pop, DJs e blocos carnavalescos em Rio das Ostras"}]},{"@type":"WebSite","@id":"https:\/\/rotario.com.br\/site\/#website","url":"https:\/\/rotario.com.br\/site\/","name":"Rota Rio","description":"Aqui, o Rio de Janeiro \u00e9 a pauta!","publisher":{"@id":"https:\/\/rotario.com.br\/site\/#organization"},"potentialAction":[{"@type":"SearchAction","target":{"@type":"EntryPoint","urlTemplate":"https:\/\/rotario.com.br\/site\/?s={search_term_string}"},"query-input":{"@type":"PropertyValueSpecification","valueRequired":true,"valueName":"search_term_string"}}],"inLanguage":"pt-BR"},{"@type":"Organization","@id":"https:\/\/rotario.com.br\/site\/#organization","name":"Rota Rio","url":"https:\/\/rotario.com.br\/site\/","logo":{"@type":"ImageObject","inLanguage":"pt-BR","@id":"https:\/\/rotario.com.br\/site\/#\/schema\/logo\/image\/","url":"https:\/\/rotario.com.br\/site\/wp-content\/uploads\/2022\/04\/cropped-ROTARIO-LOGO-Prancheta-1-1-2048x654-1.png","contentUrl":"https:\/\/rotario.com.br\/site\/wp-content\/uploads\/2022\/04\/cropped-ROTARIO-LOGO-Prancheta-1-1-2048x654-1.png","width":2048,"height":654,"caption":"Rota Rio"},"image":{"@id":"https:\/\/rotario.com.br\/site\/#\/schema\/logo\/image\/"}},{"@type":"Person","@id":"https:\/\/rotario.com.br\/site\/#\/schema\/person\/fd89bbbf4136f7e8a21e0dd67b8a66c7","name":"Galv\u00e3o","url":"https:\/\/rotario.com.br\/site\/author\/daniel\/"}]}},"_links":{"self":[{"href":"https:\/\/rotario.com.br\/site\/wp-json\/wp\/v2\/posts\/38652","targetHints":{"allow":["GET"]}}],"collection":[{"href":"https:\/\/rotario.com.br\/site\/wp-json\/wp\/v2\/posts"}],"about":[{"href":"https:\/\/rotario.com.br\/site\/wp-json\/wp\/v2\/types\/post"}],"author":[{"embeddable":true,"href":"https:\/\/rotario.com.br\/site\/wp-json\/wp\/v2\/users\/2"}],"replies":[{"embeddable":true,"href":"https:\/\/rotario.com.br\/site\/wp-json\/wp\/v2\/comments?post=38652"}],"version-history":[{"count":2,"href":"https:\/\/rotario.com.br\/site\/wp-json\/wp\/v2\/posts\/38652\/revisions"}],"predecessor-version":[{"id":38656,"href":"https:\/\/rotario.com.br\/site\/wp-json\/wp\/v2\/posts\/38652\/revisions\/38656"}],"wp:featuredmedia":[{"embeddable":true,"href":"https:\/\/rotario.com.br\/site\/wp-json\/wp\/v2\/media\/38654"}],"wp:attachment":[{"href":"https:\/\/rotario.com.br\/site\/wp-json\/wp\/v2\/media?parent=38652"}],"wp:term":[{"taxonomy":"category","embeddable":true,"href":"https:\/\/rotario.com.br\/site\/wp-json\/wp\/v2\/categories?post=38652"},{"taxonomy":"post_tag","embeddable":true,"href":"https:\/\/rotario.com.br\/site\/wp-json\/wp\/v2\/tags?post=38652"}],"curies":[{"name":"wp","href":"https:\/\/api.w.org\/{rel}","templated":true}]}}