{"id":38669,"date":"2026-09-02T11:52:07","date_gmt":"2026-09-02T14:52:07","guid":{"rendered":"https:\/\/rotario.com.br\/site\/?p=38669"},"modified":"2026-09-02T11:52:17","modified_gmt":"2026-09-02T14:52:17","slug":"julgamento-de-glaidson-e-remarcado-para-fevereiro-do-proximo-ano","status":"publish","type":"post","link":"https:\/\/rotario.com.br\/site\/julgamento-de-glaidson-e-remarcado-para-fevereiro-do-proximo-ano\/","title":{"rendered":"Julgamento de Glaidson \u00e9 remarcado para fevereiro do pr\u00f3ximo ano"},"content":{"rendered":"\n<p>O julgamento de Glaidson Ac\u00e1cio dos Santos, conhecido nacionalmente como \u201cFara\u00f3 dos Bitcoins\u201d, ganhou uma nova data. A sess\u00e3o do Tribunal do J\u00fari, prevista para esta quarta-feira (2), foi adiada para 25 de fevereiro de 2027 e ser\u00e1 realizada no Rio de Janeiro. Inicialmente, o processo seria julgado em Cabo Frio, mas acabou transferido para a capital fluminense.<\/p>\n\n\n\n<p>Glaidson \u00e9 acusado de envolvimento na morte do trader Wesley Pessano, de 19 anos, e na tentativa de homic\u00eddio contra o investidor Nilson Alves da Silva, conhecido como Nilsinho. De acordo com a acusa\u00e7\u00e3o apresentada pelo Minist\u00e9rio P\u00fablico, ele teria participa\u00e7\u00e3o nos epis\u00f3dios. A responsabilidade criminal, no entanto, ainda ser\u00e1 analisada pelo Tribunal do J\u00fari, e n\u00e3o h\u00e1 condena\u00e7\u00e3o definitiva em rela\u00e7\u00e3o a essas acusa\u00e7\u00f5es.<\/p>\n\n\n\n<p>O nome de Glaidson tamb\u00e9m ganhou proje\u00e7\u00e3o nacional por sua atua\u00e7\u00e3o \u00e0 frente da GAS Consultoria, empresa do mercado de criptomoedas que se tornou alvo de uma investiga\u00e7\u00e3o federal. Ele foi preso em agosto de 2021, durante a Opera\u00e7\u00e3o Kryptos, deflagrada pela Pol\u00edcia Federal. Segundo as investiga\u00e7\u00f5es do Minist\u00e9rio P\u00fablico Federal, Glaidson seria apontado como l\u00edder de uma organiza\u00e7\u00e3o criminosa ligada a um suposto esquema de pir\u00e2mide financeira que teve origem em Cabo Frio.<\/p>\n\n\n\n<p>As investiga\u00e7\u00f5es indicaram que pelo menos 300 mil pessoas teriam aplicado recursos na empresa atra\u00eddas pela promessa de rendimentos que poderiam chegar a 10% ao m\u00eas. Conforme dados divulgados pela Pol\u00edcia Federal e pelo Minist\u00e9rio P\u00fablico Federal durante as apura\u00e7\u00f5es, o grupo investigado teria movimentado ao menos R$ 38 bilh\u00f5es.<\/p>\n\n\n\n<p>Com o adiamento da sess\u00e3o prevista para esta quarta-feira, acusa\u00e7\u00e3o e defesa dever\u00e3o voltar ao Tribunal do J\u00fari em 25 de fevereiro de 2027. Caber\u00e1 aos jurados analisar as provas e os argumentos apresentados pelas partes para decidir sobre a responsabilidade de Glaidson nos crimes relacionados \u00e0 morte de Wesley Pessano e ao atentado contra Nilsinho.&nbsp;&nbsp;&nbsp;<\/p>\n","protected":false},"excerpt":{"rendered":"<p>O julgamento de Glaidson Ac\u00e1cio dos Santos, conhecido nacionalmente como \u201cFara\u00f3 dos Bitcoins\u201d, ganhou uma nova data. A sess\u00e3o do Tribunal do J\u00fari, prevista para esta quarta-feira (2), foi adiada para 25 de fevereiro de 2027 e ser\u00e1 realizada no Rio de Janeiro. Inicialmente, o processo seria julgado em Cabo Frio, mas acabou transferido para [&hellip;]<\/p>\n","protected":false},"author":2,"featured_media":38670,"comment_status":"open","ping_status":"closed","sticky":false,"template":"","format":"standard","meta":{"footnotes":""},"categories":[1160],"tags":[309,3893,3890,3892,3888,2715,3715,4399,3894,4400,2272,4397,4398],"class_list":["post-38669","post","type-post","status-publish","format-standard","has-post-thumbnail","hentry","category-policia","tag-cabo-frio","tag-criptomoedas","tag-farao-dos-bitcoins-2","tag-gas-consultoria","tag-glaidson-acacio-dos-santos","tag-julgamento","tag-ministerio-publico","tag-nilsinho","tag-operacao-kryptos","tag-piramide-financeira","tag-policia-federal-2","tag-tribunal-do-juri","tag-wesley-pessano"],"yoast_head":"<!-- This site is optimized with the Yoast SEO plugin v26.5 - https:\/\/yoast.com\/wordpress\/plugins\/seo\/ -->\n<title>Julgamento de Glaidson \u00e9 remarcado para fevereiro do pr\u00f3ximo ano - Rota Rio<\/title>\n<meta name=\"robots\" content=\"index, follow, max-snippet:-1, max-image-preview:large, max-video-preview:-1\" \/>\n<link rel=\"canonical\" href=\"https:\/\/rotario.com.br\/site\/julgamento-de-glaidson-e-remarcado-para-fevereiro-do-proximo-ano\/\" \/>\n<meta property=\"og:locale\" content=\"pt_BR\" \/>\n<meta property=\"og:type\" content=\"article\" \/>\n<meta property=\"og:title\" content=\"Julgamento de Glaidson \u00e9 remarcado para fevereiro do pr\u00f3ximo ano - Rota Rio\" \/>\n<meta property=\"og:description\" content=\"O julgamento de Glaidson Ac\u00e1cio dos Santos, conhecido nacionalmente como \u201cFara\u00f3 dos Bitcoins\u201d, ganhou uma nova data. A sess\u00e3o do Tribunal do J\u00fari, prevista para esta quarta-feira (2), foi adiada para 25 de fevereiro de 2027 e ser\u00e1 realizada no Rio de Janeiro. Inicialmente, o processo seria julgado em Cabo Frio, mas acabou transferido para [&hellip;]\" \/>\n<meta property=\"og:url\" content=\"https:\/\/rotario.com.br\/site\/julgamento-de-glaidson-e-remarcado-para-fevereiro-do-proximo-ano\/\" \/>\n<meta property=\"og:site_name\" content=\"Rota Rio\" \/>\n<meta property=\"article:published_time\" content=\"2026-09-02T14:52:07+00:00\" \/>\n<meta property=\"article:modified_time\" content=\"2026-09-02T14:52:17+00:00\" \/>\n<meta property=\"og:image\" content=\"https:\/\/rotario.com.br\/site\/wp-content\/uploads\/2026\/09\/02-Tribunal-do-Juri-julgara-Glaidson-Farao-do-Bitcoin-por-morte-de-trader-de-19-anos-2.jpg\" \/>\n\t<meta property=\"og:image:width\" content=\"945\" \/>\n\t<meta property=\"og:image:height\" content=\"568\" \/>\n\t<meta property=\"og:image:type\" content=\"image\/jpeg\" \/>\n<meta name=\"author\" content=\"Galv\u00e3o\" \/>\n<meta name=\"twitter:card\" content=\"summary_large_image\" \/>\n<meta name=\"twitter:label1\" content=\"Escrito por\" \/>\n\t<meta name=\"twitter:data1\" content=\"Galv\u00e3o\" \/>\n\t<meta name=\"twitter:label2\" content=\"Est. tempo de leitura\" \/>\n\t<meta name=\"twitter:data2\" content=\"2 minutos\" \/>\n<script type=\"application\/ld+json\" class=\"yoast-schema-graph\">{\"@context\":\"https:\/\/schema.org\",\"@graph\":[{\"@type\":\"Article\",\"@id\":\"https:\/\/rotario.com.br\/site\/julgamento-de-glaidson-e-remarcado-para-fevereiro-do-proximo-ano\/#article\",\"isPartOf\":{\"@id\":\"https:\/\/rotario.com.br\/site\/julgamento-de-glaidson-e-remarcado-para-fevereiro-do-proximo-ano\/\"},\"author\":{\"name\":\"Galv\u00e3o\",\"@id\":\"https:\/\/rotario.com.br\/site\/#\/schema\/person\/fd89bbbf4136f7e8a21e0dd67b8a66c7\"},\"headline\":\"Julgamento de Glaidson \u00e9 remarcado para fevereiro do pr\u00f3ximo ano\",\"datePublished\":\"2026-09-02T14:52:07+00:00\",\"dateModified\":\"2026-09-02T14:52:17+00:00\",\"mainEntityOfPage\":{\"@id\":\"https:\/\/rotario.com.br\/site\/julgamento-de-glaidson-e-remarcado-para-fevereiro-do-proximo-ano\/\"},\"wordCount\":341,\"commentCount\":0,\"publisher\":{\"@id\":\"https:\/\/rotario.com.br\/site\/#organization\"},\"image\":{\"@id\":\"https:\/\/rotario.com.br\/site\/julgamento-de-glaidson-e-remarcado-para-fevereiro-do-proximo-ano\/#primaryimage\"},\"thumbnailUrl\":\"https:\/\/rotario.com.br\/site\/wp-content\/uploads\/2026\/09\/02-Tribunal-do-Juri-julgara-Glaidson-Farao-do-Bitcoin-por-morte-de-trader-de-19-anos-2.jpg\",\"keywords\":[\"Cabo Frio\",\"criptomoedas\",\"Fara\u00f3 dos Bitcoins\",\"GAS Consultoria\",\"Glaidson Ac\u00e1cio dos Santos\",\"julgamento\",\"Minist\u00e9rio P\u00fablico\",\"Nilsinho\",\"Opera\u00e7\u00e3o Kryptos\",\"pir\u00e2mide financeira\",\"Pol\u00edcia Federal\",\"Tribunal do J\u00fari\",\"Wesley Pessano\"],\"articleSection\":[\"Pol\u00edcia\"],\"inLanguage\":\"pt-BR\",\"potentialAction\":[{\"@type\":\"CommentAction\",\"name\":\"Comment\",\"target\":[\"https:\/\/rotario.com.br\/site\/julgamento-de-glaidson-e-remarcado-para-fevereiro-do-proximo-ano\/#respond\"]}]},{\"@type\":\"WebPage\",\"@id\":\"https:\/\/rotario.com.br\/site\/julgamento-de-glaidson-e-remarcado-para-fevereiro-do-proximo-ano\/\",\"url\":\"https:\/\/rotario.com.br\/site\/julgamento-de-glaidson-e-remarcado-para-fevereiro-do-proximo-ano\/\",\"name\":\"Julgamento de Glaidson \u00e9 remarcado para fevereiro do pr\u00f3ximo ano - Rota Rio\",\"isPartOf\":{\"@id\":\"https:\/\/rotario.com.br\/site\/#website\"},\"primaryImageOfPage\":{\"@id\":\"https:\/\/rotario.com.br\/site\/julgamento-de-glaidson-e-remarcado-para-fevereiro-do-proximo-ano\/#primaryimage\"},\"image\":{\"@id\":\"https:\/\/rotario.com.br\/site\/julgamento-de-glaidson-e-remarcado-para-fevereiro-do-proximo-ano\/#primaryimage\"},\"thumbnailUrl\":\"https:\/\/rotario.com.br\/site\/wp-content\/uploads\/2026\/09\/02-Tribunal-do-Juri-julgara-Glaidson-Farao-do-Bitcoin-por-morte-de-trader-de-19-anos-2.jpg\",\"datePublished\":\"2026-09-02T14:52:07+00:00\",\"dateModified\":\"2026-09-02T14:52:17+00:00\",\"breadcrumb\":{\"@id\":\"https:\/\/rotario.com.br\/site\/julgamento-de-glaidson-e-remarcado-para-fevereiro-do-proximo-ano\/#breadcrumb\"},\"inLanguage\":\"pt-BR\",\"potentialAction\":[{\"@type\":\"ReadAction\",\"target\":[\"https:\/\/rotario.com.br\/site\/julgamento-de-glaidson-e-remarcado-para-fevereiro-do-proximo-ano\/\"]}]},{\"@type\":\"ImageObject\",\"inLanguage\":\"pt-BR\",\"@id\":\"https:\/\/rotario.com.br\/site\/julgamento-de-glaidson-e-remarcado-para-fevereiro-do-proximo-ano\/#primaryimage\",\"url\":\"https:\/\/rotario.com.br\/site\/wp-content\/uploads\/2026\/09\/02-Tribunal-do-Juri-julgara-Glaidson-Farao-do-Bitcoin-por-morte-de-trader-de-19-anos-2.jpg\",\"contentUrl\":\"https:\/\/rotario.com.br\/site\/wp-content\/uploads\/2026\/09\/02-Tribunal-do-Juri-julgara-Glaidson-Farao-do-Bitcoin-por-morte-de-trader-de-19-anos-2.jpg\",\"width\":945,\"height\":568},{\"@type\":\"BreadcrumbList\",\"@id\":\"https:\/\/rotario.com.br\/site\/julgamento-de-glaidson-e-remarcado-para-fevereiro-do-proximo-ano\/#breadcrumb\",\"itemListElement\":[{\"@type\":\"ListItem\",\"position\":1,\"name\":\"In\u00edcio\",\"item\":\"https:\/\/rotario.com.br\/site\/\"},{\"@type\":\"ListItem\",\"position\":2,\"name\":\"Julgamento de Glaidson \u00e9 remarcado para fevereiro do pr\u00f3ximo ano\"}]},{\"@type\":\"WebSite\",\"@id\":\"https:\/\/rotario.com.br\/site\/#website\",\"url\":\"https:\/\/rotario.com.br\/site\/\",\"name\":\"Rota Rio\",\"description\":\"Aqui, o Rio de Janeiro \u00e9 a pauta!\",\"publisher\":{\"@id\":\"https:\/\/rotario.com.br\/site\/#organization\"},\"potentialAction\":[{\"@type\":\"SearchAction\",\"target\":{\"@type\":\"EntryPoint\",\"urlTemplate\":\"https:\/\/rotario.com.br\/site\/?s={search_term_string}\"},\"query-input\":{\"@type\":\"PropertyValueSpecification\",\"valueRequired\":true,\"valueName\":\"search_term_string\"}}],\"inLanguage\":\"pt-BR\"},{\"@type\":\"Organization\",\"@id\":\"https:\/\/rotario.com.br\/site\/#organization\",\"name\":\"Rota Rio\",\"url\":\"https:\/\/rotario.com.br\/site\/\",\"logo\":{\"@type\":\"ImageObject\",\"inLanguage\":\"pt-BR\",\"@id\":\"https:\/\/rotario.com.br\/site\/#\/schema\/logo\/image\/\",\"url\":\"https:\/\/rotario.com.br\/site\/wp-content\/uploads\/2022\/04\/cropped-ROTARIO-LOGO-Prancheta-1-1-2048x654-1.png\",\"contentUrl\":\"https:\/\/rotario.com.br\/site\/wp-content\/uploads\/2022\/04\/cropped-ROTARIO-LOGO-Prancheta-1-1-2048x654-1.png\",\"width\":2048,\"height\":654,\"caption\":\"Rota Rio\"},\"image\":{\"@id\":\"https:\/\/rotario.com.br\/site\/#\/schema\/logo\/image\/\"}},{\"@type\":\"Person\",\"@id\":\"https:\/\/rotario.com.br\/site\/#\/schema\/person\/fd89bbbf4136f7e8a21e0dd67b8a66c7\",\"name\":\"Galv\u00e3o\",\"url\":\"https:\/\/rotario.com.br\/site\/author\/daniel\/\"}]}<\/script>\n<!-- \/ Yoast SEO plugin. -->","yoast_head_json":{"title":"Julgamento de Glaidson \u00e9 remarcado para fevereiro do pr\u00f3ximo ano - Rota Rio","robots":{"index":"index","follow":"follow","max-snippet":"max-snippet:-1","max-image-preview":"max-image-preview:large","max-video-preview":"max-video-preview:-1"},"canonical":"https:\/\/rotario.com.br\/site\/julgamento-de-glaidson-e-remarcado-para-fevereiro-do-proximo-ano\/","og_locale":"pt_BR","og_type":"article","og_title":"Julgamento de Glaidson \u00e9 remarcado para fevereiro do pr\u00f3ximo ano - Rota Rio","og_description":"O julgamento de Glaidson Ac\u00e1cio dos Santos, conhecido nacionalmente como \u201cFara\u00f3 dos Bitcoins\u201d, ganhou uma nova data. A sess\u00e3o do Tribunal do J\u00fari, prevista para esta quarta-feira (2), foi adiada para 25 de fevereiro de 2027 e ser\u00e1 realizada no Rio de Janeiro. Inicialmente, o processo seria julgado em Cabo Frio, mas acabou transferido para [&hellip;]","og_url":"https:\/\/rotario.com.br\/site\/julgamento-de-glaidson-e-remarcado-para-fevereiro-do-proximo-ano\/","og_site_name":"Rota Rio","article_published_time":"2026-09-02T14:52:07+00:00","article_modified_time":"2026-09-02T14:52:17+00:00","og_image":[{"width":945,"height":568,"url":"https:\/\/rotario.com.br\/site\/wp-content\/uploads\/2026\/09\/02-Tribunal-do-Juri-julgara-Glaidson-Farao-do-Bitcoin-por-morte-de-trader-de-19-anos-2.jpg","type":"image\/jpeg"}],"author":"Galv\u00e3o","twitter_card":"summary_large_image","twitter_misc":{"Escrito por":"Galv\u00e3o","Est. tempo de leitura":"2 minutos"},"schema":{"@context":"https:\/\/schema.org","@graph":[{"@type":"Article","@id":"https:\/\/rotario.com.br\/site\/julgamento-de-glaidson-e-remarcado-para-fevereiro-do-proximo-ano\/#article","isPartOf":{"@id":"https:\/\/rotario.com.br\/site\/julgamento-de-glaidson-e-remarcado-para-fevereiro-do-proximo-ano\/"},"author":{"name":"Galv\u00e3o","@id":"https:\/\/rotario.com.br\/site\/#\/schema\/person\/fd89bbbf4136f7e8a21e0dd67b8a66c7"},"headline":"Julgamento de Glaidson \u00e9 remarcado para fevereiro do pr\u00f3ximo ano","datePublished":"2026-09-02T14:52:07+00:00","dateModified":"2026-09-02T14:52:17+00:00","mainEntityOfPage":{"@id":"https:\/\/rotario.com.br\/site\/julgamento-de-glaidson-e-remarcado-para-fevereiro-do-proximo-ano\/"},"wordCount":341,"commentCount":0,"publisher":{"@id":"https:\/\/rotario.com.br\/site\/#organization"},"image":{"@id":"https:\/\/rotario.com.br\/site\/julgamento-de-glaidson-e-remarcado-para-fevereiro-do-proximo-ano\/#primaryimage"},"thumbnailUrl":"https:\/\/rotario.com.br\/site\/wp-content\/uploads\/2026\/09\/02-Tribunal-do-Juri-julgara-Glaidson-Farao-do-Bitcoin-por-morte-de-trader-de-19-anos-2.jpg","keywords":["Cabo Frio","criptomoedas","Fara\u00f3 dos Bitcoins","GAS Consultoria","Glaidson Ac\u00e1cio dos Santos","julgamento","Minist\u00e9rio P\u00fablico","Nilsinho","Opera\u00e7\u00e3o Kryptos","pir\u00e2mide financeira","Pol\u00edcia Federal","Tribunal do J\u00fari","Wesley Pessano"],"articleSection":["Pol\u00edcia"],"inLanguage":"pt-BR","potentialAction":[{"@type":"CommentAction","name":"Comment","target":["https:\/\/rotario.com.br\/site\/julgamento-de-glaidson-e-remarcado-para-fevereiro-do-proximo-ano\/#respond"]}]},{"@type":"WebPage","@id":"https:\/\/rotario.com.br\/site\/julgamento-de-glaidson-e-remarcado-para-fevereiro-do-proximo-ano\/","url":"https:\/\/rotario.com.br\/site\/julgamento-de-glaidson-e-remarcado-para-fevereiro-do-proximo-ano\/","name":"Julgamento de Glaidson \u00e9 remarcado para fevereiro do pr\u00f3ximo ano - Rota Rio","isPartOf":{"@id":"https:\/\/rotario.com.br\/site\/#website"},"primaryImageOfPage":{"@id":"https:\/\/rotario.com.br\/site\/julgamento-de-glaidson-e-remarcado-para-fevereiro-do-proximo-ano\/#primaryimage"},"image":{"@id":"https:\/\/rotario.com.br\/site\/julgamento-de-glaidson-e-remarcado-para-fevereiro-do-proximo-ano\/#primaryimage"},"thumbnailUrl":"https:\/\/rotario.com.br\/site\/wp-content\/uploads\/2026\/09\/02-Tribunal-do-Juri-julgara-Glaidson-Farao-do-Bitcoin-por-morte-de-trader-de-19-anos-2.jpg","datePublished":"2026-09-02T14:52:07+00:00","dateModified":"2026-09-02T14:52:17+00:00","breadcrumb":{"@id":"https:\/\/rotario.com.br\/site\/julgamento-de-glaidson-e-remarcado-para-fevereiro-do-proximo-ano\/#breadcrumb"},"inLanguage":"pt-BR","potentialAction":[{"@type":"ReadAction","target":["https:\/\/rotario.com.br\/site\/julgamento-de-glaidson-e-remarcado-para-fevereiro-do-proximo-ano\/"]}]},{"@type":"ImageObject","inLanguage":"pt-BR","@id":"https:\/\/rotario.com.br\/site\/julgamento-de-glaidson-e-remarcado-para-fevereiro-do-proximo-ano\/#primaryimage","url":"https:\/\/rotario.com.br\/site\/wp-content\/uploads\/2026\/09\/02-Tribunal-do-Juri-julgara-Glaidson-Farao-do-Bitcoin-por-morte-de-trader-de-19-anos-2.jpg","contentUrl":"https:\/\/rotario.com.br\/site\/wp-content\/uploads\/2026\/09\/02-Tribunal-do-Juri-julgara-Glaidson-Farao-do-Bitcoin-por-morte-de-trader-de-19-anos-2.jpg","width":945,"height":568},{"@type":"BreadcrumbList","@id":"https:\/\/rotario.com.br\/site\/julgamento-de-glaidson-e-remarcado-para-fevereiro-do-proximo-ano\/#breadcrumb","itemListElement":[{"@type":"ListItem","position":1,"name":"In\u00edcio","item":"https:\/\/rotario.com.br\/site\/"},{"@type":"ListItem","position":2,"name":"Julgamento de Glaidson \u00e9 remarcado para fevereiro do pr\u00f3ximo ano"}]},{"@type":"WebSite","@id":"https:\/\/rotario.com.br\/site\/#website","url":"https:\/\/rotario.com.br\/site\/","name":"Rota Rio","description":"Aqui, o Rio de Janeiro \u00e9 a pauta!","publisher":{"@id":"https:\/\/rotario.com.br\/site\/#organization"},"potentialAction":[{"@type":"SearchAction","target":{"@type":"EntryPoint","urlTemplate":"https:\/\/rotario.com.br\/site\/?s={search_term_string}"},"query-input":{"@type":"PropertyValueSpecification","valueRequired":true,"valueName":"search_term_string"}}],"inLanguage":"pt-BR"},{"@type":"Organization","@id":"https:\/\/rotario.com.br\/site\/#organization","name":"Rota Rio","url":"https:\/\/rotario.com.br\/site\/","logo":{"@type":"ImageObject","inLanguage":"pt-BR","@id":"https:\/\/rotario.com.br\/site\/#\/schema\/logo\/image\/","url":"https:\/\/rotario.com.br\/site\/wp-content\/uploads\/2022\/04\/cropped-ROTARIO-LOGO-Prancheta-1-1-2048x654-1.png","contentUrl":"https:\/\/rotario.com.br\/site\/wp-content\/uploads\/2022\/04\/cropped-ROTARIO-LOGO-Prancheta-1-1-2048x654-1.png","width":2048,"height":654,"caption":"Rota Rio"},"image":{"@id":"https:\/\/rotario.com.br\/site\/#\/schema\/logo\/image\/"}},{"@type":"Person","@id":"https:\/\/rotario.com.br\/site\/#\/schema\/person\/fd89bbbf4136f7e8a21e0dd67b8a66c7","name":"Galv\u00e3o","url":"https:\/\/rotario.com.br\/site\/author\/daniel\/"}]}},"_links":{"self":[{"href":"https:\/\/rotario.com.br\/site\/wp-json\/wp\/v2\/posts\/38669","targetHints":{"allow":["GET"]}}],"collection":[{"href":"https:\/\/rotario.com.br\/site\/wp-json\/wp\/v2\/posts"}],"about":[{"href":"https:\/\/rotario.com.br\/site\/wp-json\/wp\/v2\/types\/post"}],"author":[{"embeddable":true,"href":"https:\/\/rotario.com.br\/site\/wp-json\/wp\/v2\/users\/2"}],"replies":[{"embeddable":true,"href":"https:\/\/rotario.com.br\/site\/wp-json\/wp\/v2\/comments?post=38669"}],"version-history":[{"count":1,"href":"https:\/\/rotario.com.br\/site\/wp-json\/wp\/v2\/posts\/38669\/revisions"}],"predecessor-version":[{"id":38671,"href":"https:\/\/rotario.com.br\/site\/wp-json\/wp\/v2\/posts\/38669\/revisions\/38671"}],"wp:featuredmedia":[{"embeddable":true,"href":"https:\/\/rotario.com.br\/site\/wp-json\/wp\/v2\/media\/38670"}],"wp:attachment":[{"href":"https:\/\/rotario.com.br\/site\/wp-json\/wp\/v2\/media?parent=38669"}],"wp:term":[{"taxonomy":"category","embeddable":true,"href":"https:\/\/rotario.com.br\/site\/wp-json\/wp\/v2\/categories?post=38669"},{"taxonomy":"post_tag","embeddable":true,"href":"https:\/\/rotario.com.br\/site\/wp-json\/wp\/v2\/tags?post=38669"}],"curies":[{"name":"wp","href":"https:\/\/api.w.org\/{rel}","templated":true}]}}