{"id":38684,"date":"2026-09-02T16:40:22","date_gmt":"2026-09-02T19:40:22","guid":{"rendered":"https:\/\/rotario.com.br\/site\/?p=38684"},"modified":"2026-09-02T16:40:32","modified_gmt":"2026-09-02T19:40:32","slug":"samba-de-compositores-cabo-frienses-chega-a-semifinal-da-porto-da-pedra","status":"publish","type":"post","link":"https:\/\/rotario.com.br\/site\/samba-de-compositores-cabo-frienses-chega-a-semifinal-da-porto-da-pedra\/","title":{"rendered":"Samba de compositores cabo-frienses chega \u00e0 semifinal da Porto da Pedra"},"content":{"rendered":"\n<p>O talento de compositores de Cabo Frio est\u00e1 ganhando espa\u00e7o nas disputas que movimentam as escolas de samba do Rio de Janeiro. Uma das composi\u00e7\u00f5es que seguem na corrida para se tornar o samba-enredo da Unidos do Porto da Pedra chegou \u00e0 semifinal com participa\u00e7\u00e3o dos cabo-frienses Leon Azevedo, Jean Bessa e Paulinho Ferreira, entre outros integrantes da parceria.<\/p>\n\n\n\n<p>O samba concorrente aborda o Projeto Kalunga, viagem hist\u00f3rica realizada a Angola em maio de 1980. Na ocasi\u00e3o, mais de 60 artistas, m\u00fasicos, jornalistas e t\u00e9cnicos brasileiros participaram da experi\u00eancia a convite do governo angolano. A composi\u00e7\u00e3o utiliza a ancestralidade, a mem\u00f3ria e a rela\u00e7\u00e3o com o continente africano como elementos para desenvolver musicalmente o enredo apresentado pela escola.<\/p>\n\n\n\n<p>A pr\u00f3xima etapa da disputa contar\u00e1 tamb\u00e9m com torcida de Cabo Frio. Uma caravana est\u00e1 sendo organizada para acompanhar a apresenta\u00e7\u00e3o neste s\u00e1bado (5), com sa\u00edda da cidade em dire\u00e7\u00e3o ao Rio de Janeiro. Segundo os organizadores, o valor \u00e9 de R$ 50 por pessoa e contempla transporte de ida e volta, entrada no evento e bebida durante a concentra\u00e7\u00e3o.<\/p>\n\n\n\n<p>A presen\u00e7a de compositores ligados a Cabo Frio, no entanto, n\u00e3o se limita \u00e0 disputa da Porto da Pedra. Leon Azevedo tamb\u00e9m aparece ao lado de Rafael Ferreira em uma das parcerias que concorrem na Acad\u00eamicos do Grande Rio. Os dois ainda participaram da disputa da Unidos de Vila Isabel com uma composi\u00e7\u00e3o inspirada no romance \u201cTorto Arado\u201d, do escritor Itamar Vieira Junior.<\/p>\n\n\n\n<p>Na Imperatriz Leopoldinense, outra parceria formada por Rafael Ferreira, Leon Azevedo e Jean Bessa tamb\u00e9m esteve entre os sambas concorrentes. Rafael aparece ainda entre os autores de composi\u00e7\u00f5es apresentadas para a Botafogo Samba Clube e a Acad\u00eamicos de Niter\u00f3i, nesta \u00faltima novamente em parceria com Leon.<\/p>\n\n\n\n<p>Mesmo morando atualmente nos Estados Unidos, Rafael Ferreira mant\u00e9m o processo criativo junto aos parceiros por meio de encontros virtuais. Segundo o compositor, as m\u00fasicas come\u00e7am a ser constru\u00eddas a partir de uma estrutura inicial de letra e melodia, que posteriormente passa por ajustes de acordo com as caracter\u00edsticas do enredo e com a proposta musical de cada escola.<\/p>\n\n\n\n<p>A rela\u00e7\u00e3o de Rafael com o samba come\u00e7ou ainda na adolesc\u00eancia. Aos 14 anos, ele venceu uma disputa de samba da Banda da Cidade e, ap\u00f3s um per\u00edodo distante da composi\u00e7\u00e3o e de Cabo Frio, retomou a atividade. O reencontro com nomes ligados ao samba local, entre eles Jean Bessa, abriu caminho para novas parcerias e para a participa\u00e7\u00e3o em diferentes disputas no Carnaval fluminense.<\/p>\n\n\n\n<p>Agora, parte das aten\u00e7\u00f5es se volta para a semifinal da Porto da Pedra. Al\u00e9m da expectativa dos compositores pela continuidade na competi\u00e7\u00e3o, a caravana organizada em Cabo Frio pretende levar torcedores para acompanhar de perto a defesa do samba e fortalecer a participa\u00e7\u00e3o dos representantes da cidade na disputa.<\/p>\n\n\n\n<p><strong>Caravana para a semifinal da Porto da Pedra<\/strong><\/p>\n\n\n\n<p>Data: s\u00e1bado (5)<\/p>\n\n\n\n<p>Sa\u00edda: 13h, de Cabo Frio<\/p>\n\n\n\n<p>Valor: R$ 50 por pessoa<\/p>\n\n\n\n<p>Incluso: transporte de ida e volta, entrada no evento e bebida durante a concentra\u00e7\u00e3o<\/p>\n\n\n\n<p>Reservas: Jean Bessa, pelo WhatsApp (22) 99980-2808<\/p>\n","protected":false},"excerpt":{"rendered":"<p>O talento de compositores de Cabo Frio est\u00e1 ganhando espa\u00e7o nas disputas que movimentam as escolas de samba do Rio de Janeiro. Uma das composi\u00e7\u00f5es que seguem na corrida para se tornar o samba-enredo da Unidos do Porto da Pedra chegou \u00e0 semifinal com participa\u00e7\u00e3o dos cabo-frienses Leon Azevedo, Jean Bessa e Paulinho Ferreira, entre [&hellip;]<\/p>\n","protected":false},"author":2,"featured_media":38685,"comment_status":"open","ping_status":"closed","sticky":false,"template":"","format":"standard","meta":{"footnotes":""},"categories":[31],"tags":[4418,4414,4417,309,2942,4420,4416,4413,4419,4412,4415],"class_list":["post-38684","post","type-post","status-publish","format-standard","has-post-thumbnail","hentry","category-cabo-frio","tag-academicos-de-niteroi","tag-academicos-do-grande-rio","tag-botafogo-samba-clube","tag-cabo-frio","tag-carnaval-do-rio","tag-compositores","tag-imperatriz-leopoldinense","tag-porto-da-pedra","tag-projeto-kalunga","tag-samba-enredo","tag-unidos-de-vila-isabel"],"yoast_head":"<!-- This site is optimized with the Yoast SEO plugin v26.5 - https:\/\/yoast.com\/wordpress\/plugins\/seo\/ -->\n<title>Samba de compositores cabo-frienses chega \u00e0 semifinal da Porto da Pedra - Rota Rio<\/title>\n<meta name=\"robots\" content=\"index, follow, max-snippet:-1, max-image-preview:large, max-video-preview:-1\" \/>\n<link rel=\"canonical\" href=\"https:\/\/rotario.com.br\/site\/samba-de-compositores-cabo-frienses-chega-a-semifinal-da-porto-da-pedra\/\" \/>\n<meta property=\"og:locale\" content=\"pt_BR\" \/>\n<meta property=\"og:type\" content=\"article\" \/>\n<meta property=\"og:title\" content=\"Samba de compositores cabo-frienses chega \u00e0 semifinal da Porto da Pedra - Rota Rio\" \/>\n<meta property=\"og:description\" content=\"O talento de compositores de Cabo Frio est\u00e1 ganhando espa\u00e7o nas disputas que movimentam as escolas de samba do Rio de Janeiro. Uma das composi\u00e7\u00f5es que seguem na corrida para se tornar o samba-enredo da Unidos do Porto da Pedra chegou \u00e0 semifinal com participa\u00e7\u00e3o dos cabo-frienses Leon Azevedo, Jean Bessa e Paulinho Ferreira, entre [&hellip;]\" \/>\n<meta property=\"og:url\" content=\"https:\/\/rotario.com.br\/site\/samba-de-compositores-cabo-frienses-chega-a-semifinal-da-porto-da-pedra\/\" \/>\n<meta property=\"og:site_name\" content=\"Rota Rio\" \/>\n<meta property=\"article:published_time\" content=\"2026-09-02T19:40:22+00:00\" \/>\n<meta property=\"article:modified_time\" content=\"2026-09-02T19:40:32+00:00\" \/>\n<meta property=\"og:image\" content=\"https:\/\/rotario.com.br\/site\/wp-content\/uploads\/2026\/09\/06-Compositores-cabo-frienses-avancam-em-disputas-de-samba-enredo-no-Rio.jpg\" \/>\n\t<meta property=\"og:image:width\" content=\"1102\" \/>\n\t<meta property=\"og:image:height\" content=\"588\" \/>\n\t<meta property=\"og:image:type\" content=\"image\/jpeg\" \/>\n<meta name=\"author\" content=\"Galv\u00e3o\" \/>\n<meta name=\"twitter:card\" content=\"summary_large_image\" \/>\n<meta name=\"twitter:label1\" content=\"Escrito por\" \/>\n\t<meta name=\"twitter:data1\" content=\"Galv\u00e3o\" \/>\n\t<meta name=\"twitter:label2\" content=\"Est. tempo de leitura\" \/>\n\t<meta name=\"twitter:data2\" content=\"3 minutos\" \/>\n<script type=\"application\/ld+json\" class=\"yoast-schema-graph\">{\"@context\":\"https:\/\/schema.org\",\"@graph\":[{\"@type\":\"Article\",\"@id\":\"https:\/\/rotario.com.br\/site\/samba-de-compositores-cabo-frienses-chega-a-semifinal-da-porto-da-pedra\/#article\",\"isPartOf\":{\"@id\":\"https:\/\/rotario.com.br\/site\/samba-de-compositores-cabo-frienses-chega-a-semifinal-da-porto-da-pedra\/\"},\"author\":{\"name\":\"Galv\u00e3o\",\"@id\":\"https:\/\/rotario.com.br\/site\/#\/schema\/person\/fd89bbbf4136f7e8a21e0dd67b8a66c7\"},\"headline\":\"Samba de compositores cabo-frienses chega \u00e0 semifinal da Porto da Pedra\",\"datePublished\":\"2026-09-02T19:40:22+00:00\",\"dateModified\":\"2026-09-02T19:40:32+00:00\",\"mainEntityOfPage\":{\"@id\":\"https:\/\/rotario.com.br\/site\/samba-de-compositores-cabo-frienses-chega-a-semifinal-da-porto-da-pedra\/\"},\"wordCount\":547,\"commentCount\":0,\"publisher\":{\"@id\":\"https:\/\/rotario.com.br\/site\/#organization\"},\"image\":{\"@id\":\"https:\/\/rotario.com.br\/site\/samba-de-compositores-cabo-frienses-chega-a-semifinal-da-porto-da-pedra\/#primaryimage\"},\"thumbnailUrl\":\"https:\/\/rotario.com.br\/site\/wp-content\/uploads\/2026\/09\/06-Compositores-cabo-frienses-avancam-em-disputas-de-samba-enredo-no-Rio.jpg\",\"keywords\":[\"Acad\u00eamicos de Niter\u00f3i\",\"Acad\u00eamicos do Grande Rio\",\"Botafogo Samba Clube\",\"Cabo Frio\",\"Carnaval do Rio\",\"compositores\",\"Imperatriz Leopoldinense\",\"Porto da Pedra\",\"Projeto Kalunga\",\"samba-enredo\",\"Unidos de Vila Isabel\"],\"articleSection\":[\"Cabo Frio\"],\"inLanguage\":\"pt-BR\",\"potentialAction\":[{\"@type\":\"CommentAction\",\"name\":\"Comment\",\"target\":[\"https:\/\/rotario.com.br\/site\/samba-de-compositores-cabo-frienses-chega-a-semifinal-da-porto-da-pedra\/#respond\"]}]},{\"@type\":\"WebPage\",\"@id\":\"https:\/\/rotario.com.br\/site\/samba-de-compositores-cabo-frienses-chega-a-semifinal-da-porto-da-pedra\/\",\"url\":\"https:\/\/rotario.com.br\/site\/samba-de-compositores-cabo-frienses-chega-a-semifinal-da-porto-da-pedra\/\",\"name\":\"Samba de compositores cabo-frienses chega \u00e0 semifinal da Porto da Pedra - Rota Rio\",\"isPartOf\":{\"@id\":\"https:\/\/rotario.com.br\/site\/#website\"},\"primaryImageOfPage\":{\"@id\":\"https:\/\/rotario.com.br\/site\/samba-de-compositores-cabo-frienses-chega-a-semifinal-da-porto-da-pedra\/#primaryimage\"},\"image\":{\"@id\":\"https:\/\/rotario.com.br\/site\/samba-de-compositores-cabo-frienses-chega-a-semifinal-da-porto-da-pedra\/#primaryimage\"},\"thumbnailUrl\":\"https:\/\/rotario.com.br\/site\/wp-content\/uploads\/2026\/09\/06-Compositores-cabo-frienses-avancam-em-disputas-de-samba-enredo-no-Rio.jpg\",\"datePublished\":\"2026-09-02T19:40:22+00:00\",\"dateModified\":\"2026-09-02T19:40:32+00:00\",\"breadcrumb\":{\"@id\":\"https:\/\/rotario.com.br\/site\/samba-de-compositores-cabo-frienses-chega-a-semifinal-da-porto-da-pedra\/#breadcrumb\"},\"inLanguage\":\"pt-BR\",\"potentialAction\":[{\"@type\":\"ReadAction\",\"target\":[\"https:\/\/rotario.com.br\/site\/samba-de-compositores-cabo-frienses-chega-a-semifinal-da-porto-da-pedra\/\"]}]},{\"@type\":\"ImageObject\",\"inLanguage\":\"pt-BR\",\"@id\":\"https:\/\/rotario.com.br\/site\/samba-de-compositores-cabo-frienses-chega-a-semifinal-da-porto-da-pedra\/#primaryimage\",\"url\":\"https:\/\/rotario.com.br\/site\/wp-content\/uploads\/2026\/09\/06-Compositores-cabo-frienses-avancam-em-disputas-de-samba-enredo-no-Rio.jpg\",\"contentUrl\":\"https:\/\/rotario.com.br\/site\/wp-content\/uploads\/2026\/09\/06-Compositores-cabo-frienses-avancam-em-disputas-de-samba-enredo-no-Rio.jpg\",\"width\":1102,\"height\":588},{\"@type\":\"BreadcrumbList\",\"@id\":\"https:\/\/rotario.com.br\/site\/samba-de-compositores-cabo-frienses-chega-a-semifinal-da-porto-da-pedra\/#breadcrumb\",\"itemListElement\":[{\"@type\":\"ListItem\",\"position\":1,\"name\":\"In\u00edcio\",\"item\":\"https:\/\/rotario.com.br\/site\/\"},{\"@type\":\"ListItem\",\"position\":2,\"name\":\"Samba de compositores cabo-frienses chega \u00e0 semifinal da Porto da Pedra\"}]},{\"@type\":\"WebSite\",\"@id\":\"https:\/\/rotario.com.br\/site\/#website\",\"url\":\"https:\/\/rotario.com.br\/site\/\",\"name\":\"Rota Rio\",\"description\":\"Aqui, o Rio de Janeiro \u00e9 a pauta!\",\"publisher\":{\"@id\":\"https:\/\/rotario.com.br\/site\/#organization\"},\"potentialAction\":[{\"@type\":\"SearchAction\",\"target\":{\"@type\":\"EntryPoint\",\"urlTemplate\":\"https:\/\/rotario.com.br\/site\/?s={search_term_string}\"},\"query-input\":{\"@type\":\"PropertyValueSpecification\",\"valueRequired\":true,\"valueName\":\"search_term_string\"}}],\"inLanguage\":\"pt-BR\"},{\"@type\":\"Organization\",\"@id\":\"https:\/\/rotario.com.br\/site\/#organization\",\"name\":\"Rota Rio\",\"url\":\"https:\/\/rotario.com.br\/site\/\",\"logo\":{\"@type\":\"ImageObject\",\"inLanguage\":\"pt-BR\",\"@id\":\"https:\/\/rotario.com.br\/site\/#\/schema\/logo\/image\/\",\"url\":\"https:\/\/rotario.com.br\/site\/wp-content\/uploads\/2022\/04\/cropped-ROTARIO-LOGO-Prancheta-1-1-2048x654-1.png\",\"contentUrl\":\"https:\/\/rotario.com.br\/site\/wp-content\/uploads\/2022\/04\/cropped-ROTARIO-LOGO-Prancheta-1-1-2048x654-1.png\",\"width\":2048,\"height\":654,\"caption\":\"Rota Rio\"},\"image\":{\"@id\":\"https:\/\/rotario.com.br\/site\/#\/schema\/logo\/image\/\"}},{\"@type\":\"Person\",\"@id\":\"https:\/\/rotario.com.br\/site\/#\/schema\/person\/fd89bbbf4136f7e8a21e0dd67b8a66c7\",\"name\":\"Galv\u00e3o\",\"url\":\"https:\/\/rotario.com.br\/site\/author\/daniel\/\"}]}<\/script>\n<!-- \/ Yoast SEO plugin. -->","yoast_head_json":{"title":"Samba de compositores cabo-frienses chega \u00e0 semifinal da Porto da Pedra - Rota Rio","robots":{"index":"index","follow":"follow","max-snippet":"max-snippet:-1","max-image-preview":"max-image-preview:large","max-video-preview":"max-video-preview:-1"},"canonical":"https:\/\/rotario.com.br\/site\/samba-de-compositores-cabo-frienses-chega-a-semifinal-da-porto-da-pedra\/","og_locale":"pt_BR","og_type":"article","og_title":"Samba de compositores cabo-frienses chega \u00e0 semifinal da Porto da Pedra - Rota Rio","og_description":"O talento de compositores de Cabo Frio est\u00e1 ganhando espa\u00e7o nas disputas que movimentam as escolas de samba do Rio de Janeiro. Uma das composi\u00e7\u00f5es que seguem na corrida para se tornar o samba-enredo da Unidos do Porto da Pedra chegou \u00e0 semifinal com participa\u00e7\u00e3o dos cabo-frienses Leon Azevedo, Jean Bessa e Paulinho Ferreira, entre [&hellip;]","og_url":"https:\/\/rotario.com.br\/site\/samba-de-compositores-cabo-frienses-chega-a-semifinal-da-porto-da-pedra\/","og_site_name":"Rota Rio","article_published_time":"2026-09-02T19:40:22+00:00","article_modified_time":"2026-09-02T19:40:32+00:00","og_image":[{"width":1102,"height":588,"url":"https:\/\/rotario.com.br\/site\/wp-content\/uploads\/2026\/09\/06-Compositores-cabo-frienses-avancam-em-disputas-de-samba-enredo-no-Rio.jpg","type":"image\/jpeg"}],"author":"Galv\u00e3o","twitter_card":"summary_large_image","twitter_misc":{"Escrito por":"Galv\u00e3o","Est. tempo de leitura":"3 minutos"},"schema":{"@context":"https:\/\/schema.org","@graph":[{"@type":"Article","@id":"https:\/\/rotario.com.br\/site\/samba-de-compositores-cabo-frienses-chega-a-semifinal-da-porto-da-pedra\/#article","isPartOf":{"@id":"https:\/\/rotario.com.br\/site\/samba-de-compositores-cabo-frienses-chega-a-semifinal-da-porto-da-pedra\/"},"author":{"name":"Galv\u00e3o","@id":"https:\/\/rotario.com.br\/site\/#\/schema\/person\/fd89bbbf4136f7e8a21e0dd67b8a66c7"},"headline":"Samba de compositores cabo-frienses chega \u00e0 semifinal da Porto da Pedra","datePublished":"2026-09-02T19:40:22+00:00","dateModified":"2026-09-02T19:40:32+00:00","mainEntityOfPage":{"@id":"https:\/\/rotario.com.br\/site\/samba-de-compositores-cabo-frienses-chega-a-semifinal-da-porto-da-pedra\/"},"wordCount":547,"commentCount":0,"publisher":{"@id":"https:\/\/rotario.com.br\/site\/#organization"},"image":{"@id":"https:\/\/rotario.com.br\/site\/samba-de-compositores-cabo-frienses-chega-a-semifinal-da-porto-da-pedra\/#primaryimage"},"thumbnailUrl":"https:\/\/rotario.com.br\/site\/wp-content\/uploads\/2026\/09\/06-Compositores-cabo-frienses-avancam-em-disputas-de-samba-enredo-no-Rio.jpg","keywords":["Acad\u00eamicos de Niter\u00f3i","Acad\u00eamicos do Grande Rio","Botafogo Samba Clube","Cabo Frio","Carnaval do Rio","compositores","Imperatriz Leopoldinense","Porto da Pedra","Projeto Kalunga","samba-enredo","Unidos de Vila Isabel"],"articleSection":["Cabo Frio"],"inLanguage":"pt-BR","potentialAction":[{"@type":"CommentAction","name":"Comment","target":["https:\/\/rotario.com.br\/site\/samba-de-compositores-cabo-frienses-chega-a-semifinal-da-porto-da-pedra\/#respond"]}]},{"@type":"WebPage","@id":"https:\/\/rotario.com.br\/site\/samba-de-compositores-cabo-frienses-chega-a-semifinal-da-porto-da-pedra\/","url":"https:\/\/rotario.com.br\/site\/samba-de-compositores-cabo-frienses-chega-a-semifinal-da-porto-da-pedra\/","name":"Samba de compositores cabo-frienses chega \u00e0 semifinal da Porto da Pedra - Rota Rio","isPartOf":{"@id":"https:\/\/rotario.com.br\/site\/#website"},"primaryImageOfPage":{"@id":"https:\/\/rotario.com.br\/site\/samba-de-compositores-cabo-frienses-chega-a-semifinal-da-porto-da-pedra\/#primaryimage"},"image":{"@id":"https:\/\/rotario.com.br\/site\/samba-de-compositores-cabo-frienses-chega-a-semifinal-da-porto-da-pedra\/#primaryimage"},"thumbnailUrl":"https:\/\/rotario.com.br\/site\/wp-content\/uploads\/2026\/09\/06-Compositores-cabo-frienses-avancam-em-disputas-de-samba-enredo-no-Rio.jpg","datePublished":"2026-09-02T19:40:22+00:00","dateModified":"2026-09-02T19:40:32+00:00","breadcrumb":{"@id":"https:\/\/rotario.com.br\/site\/samba-de-compositores-cabo-frienses-chega-a-semifinal-da-porto-da-pedra\/#breadcrumb"},"inLanguage":"pt-BR","potentialAction":[{"@type":"ReadAction","target":["https:\/\/rotario.com.br\/site\/samba-de-compositores-cabo-frienses-chega-a-semifinal-da-porto-da-pedra\/"]}]},{"@type":"ImageObject","inLanguage":"pt-BR","@id":"https:\/\/rotario.com.br\/site\/samba-de-compositores-cabo-frienses-chega-a-semifinal-da-porto-da-pedra\/#primaryimage","url":"https:\/\/rotario.com.br\/site\/wp-content\/uploads\/2026\/09\/06-Compositores-cabo-frienses-avancam-em-disputas-de-samba-enredo-no-Rio.jpg","contentUrl":"https:\/\/rotario.com.br\/site\/wp-content\/uploads\/2026\/09\/06-Compositores-cabo-frienses-avancam-em-disputas-de-samba-enredo-no-Rio.jpg","width":1102,"height":588},{"@type":"BreadcrumbList","@id":"https:\/\/rotario.com.br\/site\/samba-de-compositores-cabo-frienses-chega-a-semifinal-da-porto-da-pedra\/#breadcrumb","itemListElement":[{"@type":"ListItem","position":1,"name":"In\u00edcio","item":"https:\/\/rotario.com.br\/site\/"},{"@type":"ListItem","position":2,"name":"Samba de compositores cabo-frienses chega \u00e0 semifinal da Porto da Pedra"}]},{"@type":"WebSite","@id":"https:\/\/rotario.com.br\/site\/#website","url":"https:\/\/rotario.com.br\/site\/","name":"Rota Rio","description":"Aqui, o Rio de Janeiro \u00e9 a pauta!","publisher":{"@id":"https:\/\/rotario.com.br\/site\/#organization"},"potentialAction":[{"@type":"SearchAction","target":{"@type":"EntryPoint","urlTemplate":"https:\/\/rotario.com.br\/site\/?s={search_term_string}"},"query-input":{"@type":"PropertyValueSpecification","valueRequired":true,"valueName":"search_term_string"}}],"inLanguage":"pt-BR"},{"@type":"Organization","@id":"https:\/\/rotario.com.br\/site\/#organization","name":"Rota Rio","url":"https:\/\/rotario.com.br\/site\/","logo":{"@type":"ImageObject","inLanguage":"pt-BR","@id":"https:\/\/rotario.com.br\/site\/#\/schema\/logo\/image\/","url":"https:\/\/rotario.com.br\/site\/wp-content\/uploads\/2022\/04\/cropped-ROTARIO-LOGO-Prancheta-1-1-2048x654-1.png","contentUrl":"https:\/\/rotario.com.br\/site\/wp-content\/uploads\/2022\/04\/cropped-ROTARIO-LOGO-Prancheta-1-1-2048x654-1.png","width":2048,"height":654,"caption":"Rota Rio"},"image":{"@id":"https:\/\/rotario.com.br\/site\/#\/schema\/logo\/image\/"}},{"@type":"Person","@id":"https:\/\/rotario.com.br\/site\/#\/schema\/person\/fd89bbbf4136f7e8a21e0dd67b8a66c7","name":"Galv\u00e3o","url":"https:\/\/rotario.com.br\/site\/author\/daniel\/"}]}},"_links":{"self":[{"href":"https:\/\/rotario.com.br\/site\/wp-json\/wp\/v2\/posts\/38684","targetHints":{"allow":["GET"]}}],"collection":[{"href":"https:\/\/rotario.com.br\/site\/wp-json\/wp\/v2\/posts"}],"about":[{"href":"https:\/\/rotario.com.br\/site\/wp-json\/wp\/v2\/types\/post"}],"author":[{"embeddable":true,"href":"https:\/\/rotario.com.br\/site\/wp-json\/wp\/v2\/users\/2"}],"replies":[{"embeddable":true,"href":"https:\/\/rotario.com.br\/site\/wp-json\/wp\/v2\/comments?post=38684"}],"version-history":[{"count":1,"href":"https:\/\/rotario.com.br\/site\/wp-json\/wp\/v2\/posts\/38684\/revisions"}],"predecessor-version":[{"id":38686,"href":"https:\/\/rotario.com.br\/site\/wp-json\/wp\/v2\/posts\/38684\/revisions\/38686"}],"wp:featuredmedia":[{"embeddable":true,"href":"https:\/\/rotario.com.br\/site\/wp-json\/wp\/v2\/media\/38685"}],"wp:attachment":[{"href":"https:\/\/rotario.com.br\/site\/wp-json\/wp\/v2\/media?parent=38684"}],"wp:term":[{"taxonomy":"category","embeddable":true,"href":"https:\/\/rotario.com.br\/site\/wp-json\/wp\/v2\/categories?post=38684"},{"taxonomy":"post_tag","embeddable":true,"href":"https:\/\/rotario.com.br\/site\/wp-json\/wp\/v2\/tags?post=38684"}],"curies":[{"name":"wp","href":"https:\/\/api.w.org\/{rel}","templated":true}]}}