{"id":38690,"date":"2026-09-02T17:02:36","date_gmt":"2026-09-02T20:02:36","guid":{"rendered":"https:\/\/rotario.com.br\/site\/?p=38690"},"modified":"2026-09-02T17:12:08","modified_gmt":"2026-09-02T20:12:08","slug":"menino-de-10-anos-pode-voltar-a-escola-em-cabo-frio-apos-mobilizacao","status":"publish","type":"post","link":"https:\/\/rotario.com.br\/site\/menino-de-10-anos-pode-voltar-a-escola-em-cabo-frio-apos-mobilizacao\/","title":{"rendered":"Menino de 10 anos pode voltar \u00e0 escola em Cabo Frio ap\u00f3s mobiliza\u00e7\u00e3o"},"content":{"rendered":"\n<p>Depois de meses vivendo em unidades de acolhimento, Priscila de Melo, de 42 anos, e o filho Adriano \u00c1lvaro Melo, de 10, conhecido como Alvinho, come\u00e7aram a tra\u00e7ar os pr\u00f3ximos passos para reconstruir a vida. M\u00e3e e filho, que perderam a casa e est\u00e3o em situa\u00e7\u00e3o de acolhimento desde o in\u00edcio do ano, receberam cerca de R$ 85,5 mil em doa\u00e7\u00f5es, al\u00e9m de diferentes ofertas de ajuda.<\/p>\n\n\n\n<p>Entre as prioridades est\u00e1 o retorno a Cabo Frio. A inten\u00e7\u00e3o de Priscila \u00e9 garantir que Alvinho consiga retomar os estudos e concluir o ano letivo na escola particular onde havia conquistado uma bolsa integral no in\u00edcio do ano. O menino j\u00e1 estava adaptado \u00e0 institui\u00e7\u00e3o, aos professores e aos colegas quando precisou interromper a rotina escolar.<\/p>\n\n\n\n<p>A mudan\u00e7a ocorreu depois que Priscila precisou retornar ao Rio de Janeiro para dar continuidade a um tratamento de sa\u00fade na Funda\u00e7\u00e3o Oswaldo Cruz (Fiocruz). Diagnosticada com tuberculose resistente a medicamentos, ela teve que permanecer na capital para receber acompanhamento. Com isso, a rotina que m\u00e3e e filho come\u00e7avam a estabelecer em Cabo Frio foi interrompida.<\/p>\n\n\n\n<p>A bolsa de estudos de Alvinho havia sido conseguida com a intermedia\u00e7\u00e3o da dire\u00e7\u00e3o de uma casa de atendimento tempor\u00e1rio e emergencial voltada a pessoas em situa\u00e7\u00e3o de rua, abandono ou vulnerabilidade social. Na \u00e9poca, m\u00e3e e filho estavam acolhidos no munic\u00edpio e a matr\u00edcula representou uma oportunidade para que o menino mantivesse a rotina escolar enquanto a fam\u00edlia buscava reorganizar a pr\u00f3pria vida.<\/p>\n\n\n\n<p>Agora, Priscila tenta recuperar essa estabilidade. Segundo ela, um dos principais motivos para retornar a Cabo Frio \u00e9 evitar uma nova mudan\u00e7a na vida escolar do filho. Alvinho havia se adaptado \u00e0 institui\u00e7\u00e3o e, de acordo com a m\u00e3e, sente falta dos colegas e professores.<\/p>\n\n\n\n<p>\u201cQuero voltar pelo menos para ele concluir o ano letivo, j\u00e1 que teve de abandonar os estudos de maneira abrupta, quando estava indo bem. Tem tamb\u00e9m a quest\u00e3o da dificuldade de adapta\u00e7\u00e3o. L\u00e1 ele j\u00e1 estava acostumado aos professores e aos colegas, dos quais diz sentir saudades. Depois a gente pensa o que fazer no ano que vem\u201d, contou Priscila.<\/p>\n\n\n\n<p>A m\u00e3e informou que j\u00e1 procurou a dire\u00e7\u00e3o da unidade de ensino para saber se existe a possibilidade de reativa\u00e7\u00e3o da bolsa integral. Caso o benef\u00edcio n\u00e3o seja retomado, ela pretende utilizar parte dos recursos arrecadados para custear as mensalidades e permanecer em Cabo Frio at\u00e9 o encerramento do ano letivo.<\/p>\n\n\n\n<p>A mobiliza\u00e7\u00e3o em torno da hist\u00f3ria da fam\u00edlia ganhou for\u00e7a rapidamente. Segundo Priscila, aproximadamente R$ 85,5 mil foram arrecadados em pouco mais de 24 horas. Al\u00e9m das contribui\u00e7\u00f5es financeiras, m\u00e3e e filho receberam ofertas de aux\u00edlio vindas de diferentes regi\u00f5es do Brasil e at\u00e9 do exterior. Com os recursos, a fam\u00edlia passa a enxergar uma possibilidade concreta de deixar a situa\u00e7\u00e3o de acolhimento e iniciar uma nova etapa. Antes de decidir os planos para 2027, por\u00e9m, Priscila pretende concentrar os esfor\u00e7os no retorno a Cabo Frio e na retomada dos estudos de Alvinho, buscando recuperar parte da rotina interrompida ao longo deste ano.<\/p>\n","protected":false},"excerpt":{"rendered":"<p>Depois de meses vivendo em unidades de acolhimento, Priscila de Melo, de 42 anos, e o filho Adriano \u00c1lvaro Melo, de 10, conhecido como Alvinho, come\u00e7aram a tra\u00e7ar os pr\u00f3ximos passos para reconstruir a vida. M\u00e3e e filho, que perderam a casa e est\u00e3o em situa\u00e7\u00e3o de acolhimento desde o in\u00edcio do ano, receberam cerca [&hellip;]<\/p>\n","protected":false},"author":2,"featured_media":38691,"comment_status":"open","ping_status":"closed","sticky":false,"template":"","format":"standard","meta":{"footnotes":""},"categories":[31],"tags":[3395,4425,309,4421,2027,940,4423,4426,4424,3110,4422],"class_list":["post-38690","post","type-post","status-publish","format-standard","has-post-thumbnail","hentry","category-cabo-frio","tag-acolhimento","tag-bolsa-de-estudos","tag-cabo-frio","tag-doacoes","tag-educacao","tag-familia","tag-fiocruz","tag-mobilizacao-social","tag-rotina-escolar","tag-solidariedade","tag-tuberculose"],"yoast_head":"<!-- This site is optimized with the Yoast SEO plugin v26.5 - https:\/\/yoast.com\/wordpress\/plugins\/seo\/ -->\n<title>Menino de 10 anos pode voltar \u00e0 escola em Cabo Frio ap\u00f3s mobiliza\u00e7\u00e3o - Rota Rio<\/title>\n<meta name=\"robots\" content=\"index, follow, max-snippet:-1, max-image-preview:large, max-video-preview:-1\" \/>\n<link rel=\"canonical\" href=\"https:\/\/rotario.com.br\/site\/menino-de-10-anos-pode-voltar-a-escola-em-cabo-frio-apos-mobilizacao\/\" \/>\n<meta property=\"og:locale\" content=\"pt_BR\" \/>\n<meta property=\"og:type\" content=\"article\" \/>\n<meta property=\"og:title\" content=\"Menino de 10 anos pode voltar \u00e0 escola em Cabo Frio ap\u00f3s mobiliza\u00e7\u00e3o - Rota Rio\" \/>\n<meta property=\"og:description\" content=\"Depois de meses vivendo em unidades de acolhimento, Priscila de Melo, de 42 anos, e o filho Adriano \u00c1lvaro Melo, de 10, conhecido como Alvinho, come\u00e7aram a tra\u00e7ar os pr\u00f3ximos passos para reconstruir a vida. M\u00e3e e filho, que perderam a casa e est\u00e3o em situa\u00e7\u00e3o de acolhimento desde o in\u00edcio do ano, receberam cerca [&hellip;]\" \/>\n<meta property=\"og:url\" content=\"https:\/\/rotario.com.br\/site\/menino-de-10-anos-pode-voltar-a-escola-em-cabo-frio-apos-mobilizacao\/\" \/>\n<meta property=\"og:site_name\" content=\"Rota Rio\" \/>\n<meta property=\"article:published_time\" content=\"2026-09-02T20:02:36+00:00\" \/>\n<meta property=\"article:modified_time\" content=\"2026-09-02T20:12:08+00:00\" \/>\n<meta property=\"og:image\" content=\"https:\/\/rotario.com.br\/site\/wp-content\/uploads\/2026\/09\/08-Apos-meses-em-abrigos-familia-planeja-retorno-a-Cabo-Frio-1.jpg\" \/>\n\t<meta property=\"og:image:width\" content=\"1024\" \/>\n\t<meta property=\"og:image:height\" content=\"586\" \/>\n\t<meta property=\"og:image:type\" content=\"image\/jpeg\" \/>\n<meta name=\"author\" content=\"Galv\u00e3o\" \/>\n<meta name=\"twitter:card\" content=\"summary_large_image\" \/>\n<meta name=\"twitter:label1\" content=\"Escrito por\" \/>\n\t<meta name=\"twitter:data1\" content=\"Galv\u00e3o\" \/>\n\t<meta name=\"twitter:label2\" content=\"Est. tempo de leitura\" \/>\n\t<meta name=\"twitter:data2\" content=\"3 minutos\" \/>\n<script type=\"application\/ld+json\" class=\"yoast-schema-graph\">{\"@context\":\"https:\/\/schema.org\",\"@graph\":[{\"@type\":\"Article\",\"@id\":\"https:\/\/rotario.com.br\/site\/menino-de-10-anos-pode-voltar-a-escola-em-cabo-frio-apos-mobilizacao\/#article\",\"isPartOf\":{\"@id\":\"https:\/\/rotario.com.br\/site\/menino-de-10-anos-pode-voltar-a-escola-em-cabo-frio-apos-mobilizacao\/\"},\"author\":{\"name\":\"Galv\u00e3o\",\"@id\":\"https:\/\/rotario.com.br\/site\/#\/schema\/person\/fd89bbbf4136f7e8a21e0dd67b8a66c7\"},\"headline\":\"Menino de 10 anos pode voltar \u00e0 escola em Cabo Frio ap\u00f3s mobiliza\u00e7\u00e3o\",\"datePublished\":\"2026-09-02T20:02:36+00:00\",\"dateModified\":\"2026-09-02T20:12:08+00:00\",\"mainEntityOfPage\":{\"@id\":\"https:\/\/rotario.com.br\/site\/menino-de-10-anos-pode-voltar-a-escola-em-cabo-frio-apos-mobilizacao\/\"},\"wordCount\":556,\"commentCount\":0,\"publisher\":{\"@id\":\"https:\/\/rotario.com.br\/site\/#organization\"},\"image\":{\"@id\":\"https:\/\/rotario.com.br\/site\/menino-de-10-anos-pode-voltar-a-escola-em-cabo-frio-apos-mobilizacao\/#primaryimage\"},\"thumbnailUrl\":\"https:\/\/rotario.com.br\/site\/wp-content\/uploads\/2026\/09\/08-Apos-meses-em-abrigos-familia-planeja-retorno-a-Cabo-Frio-1.jpg\",\"keywords\":[\"acolhimento\",\"bolsa de estudos\",\"Cabo Frio\",\"doa\u00e7\u00f5es\",\"Educa\u00e7\u00e3o\",\"Fam\u00edlia\",\"Fiocruz\",\"mobiliza\u00e7\u00e3o social\",\"rotina escolar\",\"solidariedade\",\"tuberculose\"],\"articleSection\":[\"Cabo Frio\"],\"inLanguage\":\"pt-BR\",\"potentialAction\":[{\"@type\":\"CommentAction\",\"name\":\"Comment\",\"target\":[\"https:\/\/rotario.com.br\/site\/menino-de-10-anos-pode-voltar-a-escola-em-cabo-frio-apos-mobilizacao\/#respond\"]}]},{\"@type\":\"WebPage\",\"@id\":\"https:\/\/rotario.com.br\/site\/menino-de-10-anos-pode-voltar-a-escola-em-cabo-frio-apos-mobilizacao\/\",\"url\":\"https:\/\/rotario.com.br\/site\/menino-de-10-anos-pode-voltar-a-escola-em-cabo-frio-apos-mobilizacao\/\",\"name\":\"Menino de 10 anos pode voltar \u00e0 escola em Cabo Frio ap\u00f3s mobiliza\u00e7\u00e3o - Rota Rio\",\"isPartOf\":{\"@id\":\"https:\/\/rotario.com.br\/site\/#website\"},\"primaryImageOfPage\":{\"@id\":\"https:\/\/rotario.com.br\/site\/menino-de-10-anos-pode-voltar-a-escola-em-cabo-frio-apos-mobilizacao\/#primaryimage\"},\"image\":{\"@id\":\"https:\/\/rotario.com.br\/site\/menino-de-10-anos-pode-voltar-a-escola-em-cabo-frio-apos-mobilizacao\/#primaryimage\"},\"thumbnailUrl\":\"https:\/\/rotario.com.br\/site\/wp-content\/uploads\/2026\/09\/08-Apos-meses-em-abrigos-familia-planeja-retorno-a-Cabo-Frio-1.jpg\",\"datePublished\":\"2026-09-02T20:02:36+00:00\",\"dateModified\":\"2026-09-02T20:12:08+00:00\",\"breadcrumb\":{\"@id\":\"https:\/\/rotario.com.br\/site\/menino-de-10-anos-pode-voltar-a-escola-em-cabo-frio-apos-mobilizacao\/#breadcrumb\"},\"inLanguage\":\"pt-BR\",\"potentialAction\":[{\"@type\":\"ReadAction\",\"target\":[\"https:\/\/rotario.com.br\/site\/menino-de-10-anos-pode-voltar-a-escola-em-cabo-frio-apos-mobilizacao\/\"]}]},{\"@type\":\"ImageObject\",\"inLanguage\":\"pt-BR\",\"@id\":\"https:\/\/rotario.com.br\/site\/menino-de-10-anos-pode-voltar-a-escola-em-cabo-frio-apos-mobilizacao\/#primaryimage\",\"url\":\"https:\/\/rotario.com.br\/site\/wp-content\/uploads\/2026\/09\/08-Apos-meses-em-abrigos-familia-planeja-retorno-a-Cabo-Frio-1.jpg\",\"contentUrl\":\"https:\/\/rotario.com.br\/site\/wp-content\/uploads\/2026\/09\/08-Apos-meses-em-abrigos-familia-planeja-retorno-a-Cabo-Frio-1.jpg\",\"width\":1024,\"height\":586},{\"@type\":\"BreadcrumbList\",\"@id\":\"https:\/\/rotario.com.br\/site\/menino-de-10-anos-pode-voltar-a-escola-em-cabo-frio-apos-mobilizacao\/#breadcrumb\",\"itemListElement\":[{\"@type\":\"ListItem\",\"position\":1,\"name\":\"In\u00edcio\",\"item\":\"https:\/\/rotario.com.br\/site\/\"},{\"@type\":\"ListItem\",\"position\":2,\"name\":\"Menino de 10 anos pode voltar \u00e0 escola em Cabo Frio ap\u00f3s mobiliza\u00e7\u00e3o\"}]},{\"@type\":\"WebSite\",\"@id\":\"https:\/\/rotario.com.br\/site\/#website\",\"url\":\"https:\/\/rotario.com.br\/site\/\",\"name\":\"Rota Rio\",\"description\":\"Aqui, o Rio de Janeiro \u00e9 a pauta!\",\"publisher\":{\"@id\":\"https:\/\/rotario.com.br\/site\/#organization\"},\"potentialAction\":[{\"@type\":\"SearchAction\",\"target\":{\"@type\":\"EntryPoint\",\"urlTemplate\":\"https:\/\/rotario.com.br\/site\/?s={search_term_string}\"},\"query-input\":{\"@type\":\"PropertyValueSpecification\",\"valueRequired\":true,\"valueName\":\"search_term_string\"}}],\"inLanguage\":\"pt-BR\"},{\"@type\":\"Organization\",\"@id\":\"https:\/\/rotario.com.br\/site\/#organization\",\"name\":\"Rota Rio\",\"url\":\"https:\/\/rotario.com.br\/site\/\",\"logo\":{\"@type\":\"ImageObject\",\"inLanguage\":\"pt-BR\",\"@id\":\"https:\/\/rotario.com.br\/site\/#\/schema\/logo\/image\/\",\"url\":\"https:\/\/rotario.com.br\/site\/wp-content\/uploads\/2022\/04\/cropped-ROTARIO-LOGO-Prancheta-1-1-2048x654-1.png\",\"contentUrl\":\"https:\/\/rotario.com.br\/site\/wp-content\/uploads\/2022\/04\/cropped-ROTARIO-LOGO-Prancheta-1-1-2048x654-1.png\",\"width\":2048,\"height\":654,\"caption\":\"Rota Rio\"},\"image\":{\"@id\":\"https:\/\/rotario.com.br\/site\/#\/schema\/logo\/image\/\"}},{\"@type\":\"Person\",\"@id\":\"https:\/\/rotario.com.br\/site\/#\/schema\/person\/fd89bbbf4136f7e8a21e0dd67b8a66c7\",\"name\":\"Galv\u00e3o\",\"url\":\"https:\/\/rotario.com.br\/site\/author\/daniel\/\"}]}<\/script>\n<!-- \/ Yoast SEO plugin. -->","yoast_head_json":{"title":"Menino de 10 anos pode voltar \u00e0 escola em Cabo Frio ap\u00f3s mobiliza\u00e7\u00e3o - Rota Rio","robots":{"index":"index","follow":"follow","max-snippet":"max-snippet:-1","max-image-preview":"max-image-preview:large","max-video-preview":"max-video-preview:-1"},"canonical":"https:\/\/rotario.com.br\/site\/menino-de-10-anos-pode-voltar-a-escola-em-cabo-frio-apos-mobilizacao\/","og_locale":"pt_BR","og_type":"article","og_title":"Menino de 10 anos pode voltar \u00e0 escola em Cabo Frio ap\u00f3s mobiliza\u00e7\u00e3o - Rota Rio","og_description":"Depois de meses vivendo em unidades de acolhimento, Priscila de Melo, de 42 anos, e o filho Adriano \u00c1lvaro Melo, de 10, conhecido como Alvinho, come\u00e7aram a tra\u00e7ar os pr\u00f3ximos passos para reconstruir a vida. M\u00e3e e filho, que perderam a casa e est\u00e3o em situa\u00e7\u00e3o de acolhimento desde o in\u00edcio do ano, receberam cerca [&hellip;]","og_url":"https:\/\/rotario.com.br\/site\/menino-de-10-anos-pode-voltar-a-escola-em-cabo-frio-apos-mobilizacao\/","og_site_name":"Rota Rio","article_published_time":"2026-09-02T20:02:36+00:00","article_modified_time":"2026-09-02T20:12:08+00:00","og_image":[{"width":1024,"height":586,"url":"https:\/\/rotario.com.br\/site\/wp-content\/uploads\/2026\/09\/08-Apos-meses-em-abrigos-familia-planeja-retorno-a-Cabo-Frio-1.jpg","type":"image\/jpeg"}],"author":"Galv\u00e3o","twitter_card":"summary_large_image","twitter_misc":{"Escrito por":"Galv\u00e3o","Est. tempo de leitura":"3 minutos"},"schema":{"@context":"https:\/\/schema.org","@graph":[{"@type":"Article","@id":"https:\/\/rotario.com.br\/site\/menino-de-10-anos-pode-voltar-a-escola-em-cabo-frio-apos-mobilizacao\/#article","isPartOf":{"@id":"https:\/\/rotario.com.br\/site\/menino-de-10-anos-pode-voltar-a-escola-em-cabo-frio-apos-mobilizacao\/"},"author":{"name":"Galv\u00e3o","@id":"https:\/\/rotario.com.br\/site\/#\/schema\/person\/fd89bbbf4136f7e8a21e0dd67b8a66c7"},"headline":"Menino de 10 anos pode voltar \u00e0 escola em Cabo Frio ap\u00f3s mobiliza\u00e7\u00e3o","datePublished":"2026-09-02T20:02:36+00:00","dateModified":"2026-09-02T20:12:08+00:00","mainEntityOfPage":{"@id":"https:\/\/rotario.com.br\/site\/menino-de-10-anos-pode-voltar-a-escola-em-cabo-frio-apos-mobilizacao\/"},"wordCount":556,"commentCount":0,"publisher":{"@id":"https:\/\/rotario.com.br\/site\/#organization"},"image":{"@id":"https:\/\/rotario.com.br\/site\/menino-de-10-anos-pode-voltar-a-escola-em-cabo-frio-apos-mobilizacao\/#primaryimage"},"thumbnailUrl":"https:\/\/rotario.com.br\/site\/wp-content\/uploads\/2026\/09\/08-Apos-meses-em-abrigos-familia-planeja-retorno-a-Cabo-Frio-1.jpg","keywords":["acolhimento","bolsa de estudos","Cabo Frio","doa\u00e7\u00f5es","Educa\u00e7\u00e3o","Fam\u00edlia","Fiocruz","mobiliza\u00e7\u00e3o social","rotina escolar","solidariedade","tuberculose"],"articleSection":["Cabo Frio"],"inLanguage":"pt-BR","potentialAction":[{"@type":"CommentAction","name":"Comment","target":["https:\/\/rotario.com.br\/site\/menino-de-10-anos-pode-voltar-a-escola-em-cabo-frio-apos-mobilizacao\/#respond"]}]},{"@type":"WebPage","@id":"https:\/\/rotario.com.br\/site\/menino-de-10-anos-pode-voltar-a-escola-em-cabo-frio-apos-mobilizacao\/","url":"https:\/\/rotario.com.br\/site\/menino-de-10-anos-pode-voltar-a-escola-em-cabo-frio-apos-mobilizacao\/","name":"Menino de 10 anos pode voltar \u00e0 escola em Cabo Frio ap\u00f3s mobiliza\u00e7\u00e3o - Rota Rio","isPartOf":{"@id":"https:\/\/rotario.com.br\/site\/#website"},"primaryImageOfPage":{"@id":"https:\/\/rotario.com.br\/site\/menino-de-10-anos-pode-voltar-a-escola-em-cabo-frio-apos-mobilizacao\/#primaryimage"},"image":{"@id":"https:\/\/rotario.com.br\/site\/menino-de-10-anos-pode-voltar-a-escola-em-cabo-frio-apos-mobilizacao\/#primaryimage"},"thumbnailUrl":"https:\/\/rotario.com.br\/site\/wp-content\/uploads\/2026\/09\/08-Apos-meses-em-abrigos-familia-planeja-retorno-a-Cabo-Frio-1.jpg","datePublished":"2026-09-02T20:02:36+00:00","dateModified":"2026-09-02T20:12:08+00:00","breadcrumb":{"@id":"https:\/\/rotario.com.br\/site\/menino-de-10-anos-pode-voltar-a-escola-em-cabo-frio-apos-mobilizacao\/#breadcrumb"},"inLanguage":"pt-BR","potentialAction":[{"@type":"ReadAction","target":["https:\/\/rotario.com.br\/site\/menino-de-10-anos-pode-voltar-a-escola-em-cabo-frio-apos-mobilizacao\/"]}]},{"@type":"ImageObject","inLanguage":"pt-BR","@id":"https:\/\/rotario.com.br\/site\/menino-de-10-anos-pode-voltar-a-escola-em-cabo-frio-apos-mobilizacao\/#primaryimage","url":"https:\/\/rotario.com.br\/site\/wp-content\/uploads\/2026\/09\/08-Apos-meses-em-abrigos-familia-planeja-retorno-a-Cabo-Frio-1.jpg","contentUrl":"https:\/\/rotario.com.br\/site\/wp-content\/uploads\/2026\/09\/08-Apos-meses-em-abrigos-familia-planeja-retorno-a-Cabo-Frio-1.jpg","width":1024,"height":586},{"@type":"BreadcrumbList","@id":"https:\/\/rotario.com.br\/site\/menino-de-10-anos-pode-voltar-a-escola-em-cabo-frio-apos-mobilizacao\/#breadcrumb","itemListElement":[{"@type":"ListItem","position":1,"name":"In\u00edcio","item":"https:\/\/rotario.com.br\/site\/"},{"@type":"ListItem","position":2,"name":"Menino de 10 anos pode voltar \u00e0 escola em Cabo Frio ap\u00f3s mobiliza\u00e7\u00e3o"}]},{"@type":"WebSite","@id":"https:\/\/rotario.com.br\/site\/#website","url":"https:\/\/rotario.com.br\/site\/","name":"Rota Rio","description":"Aqui, o Rio de Janeiro \u00e9 a pauta!","publisher":{"@id":"https:\/\/rotario.com.br\/site\/#organization"},"potentialAction":[{"@type":"SearchAction","target":{"@type":"EntryPoint","urlTemplate":"https:\/\/rotario.com.br\/site\/?s={search_term_string}"},"query-input":{"@type":"PropertyValueSpecification","valueRequired":true,"valueName":"search_term_string"}}],"inLanguage":"pt-BR"},{"@type":"Organization","@id":"https:\/\/rotario.com.br\/site\/#organization","name":"Rota Rio","url":"https:\/\/rotario.com.br\/site\/","logo":{"@type":"ImageObject","inLanguage":"pt-BR","@id":"https:\/\/rotario.com.br\/site\/#\/schema\/logo\/image\/","url":"https:\/\/rotario.com.br\/site\/wp-content\/uploads\/2022\/04\/cropped-ROTARIO-LOGO-Prancheta-1-1-2048x654-1.png","contentUrl":"https:\/\/rotario.com.br\/site\/wp-content\/uploads\/2022\/04\/cropped-ROTARIO-LOGO-Prancheta-1-1-2048x654-1.png","width":2048,"height":654,"caption":"Rota Rio"},"image":{"@id":"https:\/\/rotario.com.br\/site\/#\/schema\/logo\/image\/"}},{"@type":"Person","@id":"https:\/\/rotario.com.br\/site\/#\/schema\/person\/fd89bbbf4136f7e8a21e0dd67b8a66c7","name":"Galv\u00e3o","url":"https:\/\/rotario.com.br\/site\/author\/daniel\/"}]}},"_links":{"self":[{"href":"https:\/\/rotario.com.br\/site\/wp-json\/wp\/v2\/posts\/38690","targetHints":{"allow":["GET"]}}],"collection":[{"href":"https:\/\/rotario.com.br\/site\/wp-json\/wp\/v2\/posts"}],"about":[{"href":"https:\/\/rotario.com.br\/site\/wp-json\/wp\/v2\/types\/post"}],"author":[{"embeddable":true,"href":"https:\/\/rotario.com.br\/site\/wp-json\/wp\/v2\/users\/2"}],"replies":[{"embeddable":true,"href":"https:\/\/rotario.com.br\/site\/wp-json\/wp\/v2\/comments?post=38690"}],"version-history":[{"count":2,"href":"https:\/\/rotario.com.br\/site\/wp-json\/wp\/v2\/posts\/38690\/revisions"}],"predecessor-version":[{"id":38694,"href":"https:\/\/rotario.com.br\/site\/wp-json\/wp\/v2\/posts\/38690\/revisions\/38694"}],"wp:featuredmedia":[{"embeddable":true,"href":"https:\/\/rotario.com.br\/site\/wp-json\/wp\/v2\/media\/38691"}],"wp:attachment":[{"href":"https:\/\/rotario.com.br\/site\/wp-json\/wp\/v2\/media?parent=38690"}],"wp:term":[{"taxonomy":"category","embeddable":true,"href":"https:\/\/rotario.com.br\/site\/wp-json\/wp\/v2\/categories?post=38690"},{"taxonomy":"post_tag","embeddable":true,"href":"https:\/\/rotario.com.br\/site\/wp-json\/wp\/v2\/tags?post=38690"}],"curies":[{"name":"wp","href":"https:\/\/api.w.org\/{rel}","templated":true}]}}