{"id":38693,"date":"2026-09-02T17:10:32","date_gmt":"2026-09-02T20:10:32","guid":{"rendered":"https:\/\/rotario.com.br\/site\/?p=38693"},"modified":"2026-09-02T17:23:38","modified_gmt":"2026-09-02T20:23:38","slug":"centro-integrado-sesc-senac-abre-inscricoes-para-cursos-em-rio-das-ostras","status":"publish","type":"post","link":"https:\/\/rotario.com.br\/site\/centro-integrado-sesc-senac-abre-inscricoes-para-cursos-em-rio-das-ostras\/","title":{"rendered":"Centro Integrado Sesc Senac abre inscri\u00e7\u00f5es para cursos em Rio das Ostras"},"content":{"rendered":"\n<p>Rio das Ostras est\u00e1 com uma s\u00e9rie de cursos de qualifica\u00e7\u00e3o profissional com inscri\u00e7\u00f5es abertas. Elas est\u00e3o sendo oferecidas atrav\u00e9s do novo Centro Integrado Sesc Senac da cidade. As oportunidades est\u00e3o distribu\u00eddas em diversas \u00e1reas e as aulas est\u00e3o com previs\u00e3o de in\u00edcio para os meses de setembro, outubro e novembro.<\/p>\n\n\n\n<p>Com o novo polo, o Senac RJ segue com seu plano de expans\u00e3o no estado e tamb\u00e9m o de contribuir com a qualifica\u00e7\u00e3o profissional. Os cursos da unidade foram pensados com o objetivo de atingir diferentes p\u00fablicos, atingindo desde os que buscam o primeiro emprego a aqueles que querem se recolocar no mercado de trabalho.<\/p>\n\n\n\n<p>As oportunidades est\u00e3o distribu\u00eddas em \u00e1reas de Sa\u00fade, Tecnologia, Gastronomia, Beleza e Administra\u00e7\u00e3o. Em Tecnologia, os cursos dispon\u00edveis s\u00e3o de Inform\u00e1tica Fundamental com IA e Intelig\u00eancia Artificial sem Mist\u00e9rio: Turbinando sua Produtividade. Em Gastronomia, h\u00e1 oportunidade para cursos como P\u00e3es Variados: Lucro Diferenciado, Pizzas: Segredos e Receitas que S\u00e3o Massa, Bebidas para Festas: Prepare e Venda e Bolos e Geleias para Ganhar uma Bolada, entre outros. Para quem busca a \u00e1rea de Beleza, as ofertas iniciais s\u00e3o para as turmas de Pr\u00e1ticas de Trabalho do Cabeleireiro e Alongamento de C\u00edlios. Est\u00e3o previstas ainda turmas de T\u00e9cnico de Enfermagem, Primeiros Socorros, Atendimento ao Cliente e Marketing Digital.<\/p>\n\n\n\n<p>O Centro Integrado de Atividades Sesc Senac fica na Rua Rio de Janeiro, n\u00ba 417, no bairro Extens\u00e3o do Bosque. A unidade conta com um terreno de 3.342 m\u00b2. Os interessados podem entrar em contato atrav\u00e9s do e-mail riodasostras@rj.senac.br, por telefone (22) 2221- 0050 ou pelo WhatsApp (21) 99613-9519. Mais informa\u00e7\u00f5es tamb\u00e9m est\u00e3o dispon\u00edveis no site https:\/\/www.rj.senac.br\/unidades\/senac-rio-das-ostras.<\/p>\n\n\n\n<p>Sobre o Senac RJ<\/p>\n\n\n\n<p>H\u00e1 80 anos o Senac RJ atua na profissionaliza\u00e7\u00e3o de m\u00e3o de obra para o setor do Com\u00e9rcio de Bens, Servi\u00e7os e Turismo no Estado do Rio de Janeiro. A institui\u00e7\u00e3o de ensino, que desde janeiro de 2023 \u00e9 signat\u00e1ria do Pacto Global da ONU, investe fortemente em inclus\u00e3o social por meio de capacita\u00e7\u00e3o para o mercado de trabalho e \u00e9 reconhecida como refer\u00eancia na oferta de cursos profissionalizantes.<\/p>\n\n\n\n<p>Servi\u00e7o:<\/p>\n\n\n\n<p>Centro Integrado de Atividades Sesc Senac<br>Endere\u00e7o: Rua Rio de Janeiro, 417 &#8211; Extens\u00e3o do Bosque<br>WhatsApp: ((21) 99613-9519<br>Telefone: (22) 2221-0050<br>E-mail: riodasostras@rj.senac.br<br>Informa\u00e7\u00f5es sobre os cursos: https:\/\/www.rj.senac.br\/unidades\/senac-rio-das-ostras<\/p>\n\n\n\n<p>Cursos:<\/p>\n\n\n\n<p>Alongamento de C\u00edlios<br>In\u00edcio: 14\/09\/2026 | 8h \u00e0s 12h<\/p>\n\n\n\n<p>Inform\u00e1tica Fundamental com IA<br>In\u00edcio: 19\/09\/2026 | 8h \u00e0s 12h<\/p>\n\n\n\n<p>Primeiros Socorros<br>In\u00edcio: 22\/09\/2026 | 18h \u00e0s 22h<\/p>\n\n\n\n<p>Pizzas: Segredos e Receitas que S\u00e3o Massa \u2013 Curso Completo<br>In\u00edcio: 22\/09\/2026 | 18h \u00e0s 22h<\/p>\n\n\n\n<p>Bebidas para Festas: Prepare e Venda \u2013 M\u00f3dulo Pr\u00e1tico<br>In\u00edcio: 23\/09\/2026 | 18h \u00e0s 22h<\/p>\n\n\n\n<p>Salgados que Rendem Clientes \u2013 M\u00f3dulo Pr\u00e1tico<br>In\u00edcio: 25\/09\/2026 | 18h \u00e0s 22h<\/p>\n\n\n\n<p>Alongamento de C\u00edlios<br>In\u00edcio: 26\/09\/2026 | 9h \u00e0s 13h<\/p>\n\n\n\n<p>T\u00e9cnico em Enfermagem<br>In\u00edcio: 06\/10\/2026 | 18h \u00e0s 22h<\/p>\n\n\n\n<p>Bolos e Geleias para Ganhar uma Bolada \u2013 M\u00f3dulo Pr\u00e1tico<br>In\u00edcio: 07\/10\/2026 | 8h \u00e0s 12h<\/p>\n\n\n\n<p>Pr\u00e1ticas de Trabalho do Cabeleireiro<br>In\u00edcio: 14\/10\/2026 | 18h \u00e0s 22h<\/p>\n\n\n\n<p>Atendimento ao Cliente<br>In\u00edcio: 19\/10\/2026 | 18h \u00e0s 22h<\/p>\n\n\n\n<p>Marketing Digital<br>In\u00edcio: 20\/10\/2026 | 18h \u00e0s 22h<\/p>\n\n\n\n<p>Intelig\u00eancia Artificial sem Mist\u00e9rio: Turbinando sua Produtividade<br>In\u00edcio: 24\/10\/2026 | 8h \u00e0s 12h<\/p>\n\n\n\n<p>P\u00e3es Variados: Lucro Diferenciado \u2013 M\u00f3dulo Pr\u00e1tico<br>In\u00edcio: 04\/11\/2026 | 18h \u00e0s 22h<\/p>\n","protected":false},"excerpt":{"rendered":"<p>Rio das Ostras est\u00e1 com uma s\u00e9rie de cursos de qualifica\u00e7\u00e3o profissional com inscri\u00e7\u00f5es abertas. Elas est\u00e3o sendo oferecidas atrav\u00e9s do novo Centro Integrado Sesc Senac da cidade. As oportunidades est\u00e3o distribu\u00eddas em diversas \u00e1reas e as aulas est\u00e3o com previs\u00e3o de in\u00edcio para os meses de setembro, outubro e novembro. Com o novo polo, [&hellip;]<\/p>\n","protected":false},"author":2,"featured_media":38696,"comment_status":"open","ping_status":"closed","sticky":false,"template":"","format":"standard","meta":{"footnotes":""},"categories":[32],"tags":[3408,3409,4427],"class_list":["post-38693","post","type-post","status-publish","format-standard","has-post-thumbnail","hentry","category-rio-das-ostras","tag-cursos-gratuitos","tag-qualificacao-profissional","tag-sesc-senac"],"yoast_head":"<!-- This site is optimized with the Yoast SEO plugin v26.5 - https:\/\/yoast.com\/wordpress\/plugins\/seo\/ -->\n<title>Centro Integrado Sesc Senac abre inscri\u00e7\u00f5es para cursos em Rio das Ostras - Rota Rio<\/title>\n<meta name=\"robots\" content=\"index, follow, max-snippet:-1, max-image-preview:large, max-video-preview:-1\" \/>\n<link rel=\"canonical\" href=\"https:\/\/rotario.com.br\/site\/centro-integrado-sesc-senac-abre-inscricoes-para-cursos-em-rio-das-ostras\/\" \/>\n<meta property=\"og:locale\" content=\"pt_BR\" \/>\n<meta property=\"og:type\" content=\"article\" \/>\n<meta property=\"og:title\" content=\"Centro Integrado Sesc Senac abre inscri\u00e7\u00f5es para cursos em Rio das Ostras - Rota Rio\" \/>\n<meta property=\"og:description\" content=\"Rio das Ostras est\u00e1 com uma s\u00e9rie de cursos de qualifica\u00e7\u00e3o profissional com inscri\u00e7\u00f5es abertas. Elas est\u00e3o sendo oferecidas atrav\u00e9s do novo Centro Integrado Sesc Senac da cidade. As oportunidades est\u00e3o distribu\u00eddas em diversas \u00e1reas e as aulas est\u00e3o com previs\u00e3o de in\u00edcio para os meses de setembro, outubro e novembro. Com o novo polo, [&hellip;]\" \/>\n<meta property=\"og:url\" content=\"https:\/\/rotario.com.br\/site\/centro-integrado-sesc-senac-abre-inscricoes-para-cursos-em-rio-das-ostras\/\" \/>\n<meta property=\"og:site_name\" content=\"Rota Rio\" \/>\n<meta property=\"article:published_time\" content=\"2026-09-02T20:10:32+00:00\" \/>\n<meta property=\"article:modified_time\" content=\"2026-09-02T20:23:38+00:00\" \/>\n<meta property=\"og:image\" content=\"https:\/\/rotario.com.br\/site\/wp-content\/uploads\/2026\/09\/Sesc-Senac.jpeg\" \/>\n\t<meta property=\"og:image:width\" content=\"1024\" \/>\n\t<meta property=\"og:image:height\" content=\"683\" \/>\n\t<meta property=\"og:image:type\" content=\"image\/jpeg\" \/>\n<meta name=\"author\" content=\"Galv\u00e3o\" \/>\n<meta name=\"twitter:card\" content=\"summary_large_image\" \/>\n<meta name=\"twitter:label1\" content=\"Escrito por\" \/>\n\t<meta name=\"twitter:data1\" content=\"Galv\u00e3o\" \/>\n\t<meta name=\"twitter:label2\" content=\"Est. tempo de leitura\" \/>\n\t<meta name=\"twitter:data2\" content=\"4 minutos\" \/>\n<script type=\"application\/ld+json\" class=\"yoast-schema-graph\">{\"@context\":\"https:\/\/schema.org\",\"@graph\":[{\"@type\":\"Article\",\"@id\":\"https:\/\/rotario.com.br\/site\/centro-integrado-sesc-senac-abre-inscricoes-para-cursos-em-rio-das-ostras\/#article\",\"isPartOf\":{\"@id\":\"https:\/\/rotario.com.br\/site\/centro-integrado-sesc-senac-abre-inscricoes-para-cursos-em-rio-das-ostras\/\"},\"author\":{\"name\":\"Galv\u00e3o\",\"@id\":\"https:\/\/rotario.com.br\/site\/#\/schema\/person\/fd89bbbf4136f7e8a21e0dd67b8a66c7\"},\"headline\":\"Centro Integrado Sesc Senac abre inscri\u00e7\u00f5es para cursos em Rio das Ostras\",\"datePublished\":\"2026-09-02T20:10:32+00:00\",\"dateModified\":\"2026-09-02T20:23:38+00:00\",\"mainEntityOfPage\":{\"@id\":\"https:\/\/rotario.com.br\/site\/centro-integrado-sesc-senac-abre-inscricoes-para-cursos-em-rio-das-ostras\/\"},\"wordCount\":581,\"commentCount\":0,\"publisher\":{\"@id\":\"https:\/\/rotario.com.br\/site\/#organization\"},\"image\":{\"@id\":\"https:\/\/rotario.com.br\/site\/centro-integrado-sesc-senac-abre-inscricoes-para-cursos-em-rio-das-ostras\/#primaryimage\"},\"thumbnailUrl\":\"https:\/\/rotario.com.br\/site\/wp-content\/uploads\/2026\/09\/Sesc-Senac.jpeg\",\"keywords\":[\"cursos gratuitos\",\"qualifica\u00e7\u00e3o profissional\",\"Sesc Senac\"],\"articleSection\":[\"Rio das Ostras\"],\"inLanguage\":\"pt-BR\",\"potentialAction\":[{\"@type\":\"CommentAction\",\"name\":\"Comment\",\"target\":[\"https:\/\/rotario.com.br\/site\/centro-integrado-sesc-senac-abre-inscricoes-para-cursos-em-rio-das-ostras\/#respond\"]}]},{\"@type\":\"WebPage\",\"@id\":\"https:\/\/rotario.com.br\/site\/centro-integrado-sesc-senac-abre-inscricoes-para-cursos-em-rio-das-ostras\/\",\"url\":\"https:\/\/rotario.com.br\/site\/centro-integrado-sesc-senac-abre-inscricoes-para-cursos-em-rio-das-ostras\/\",\"name\":\"Centro Integrado Sesc Senac abre inscri\u00e7\u00f5es para cursos em Rio das Ostras - Rota Rio\",\"isPartOf\":{\"@id\":\"https:\/\/rotario.com.br\/site\/#website\"},\"primaryImageOfPage\":{\"@id\":\"https:\/\/rotario.com.br\/site\/centro-integrado-sesc-senac-abre-inscricoes-para-cursos-em-rio-das-ostras\/#primaryimage\"},\"image\":{\"@id\":\"https:\/\/rotario.com.br\/site\/centro-integrado-sesc-senac-abre-inscricoes-para-cursos-em-rio-das-ostras\/#primaryimage\"},\"thumbnailUrl\":\"https:\/\/rotario.com.br\/site\/wp-content\/uploads\/2026\/09\/Sesc-Senac.jpeg\",\"datePublished\":\"2026-09-02T20:10:32+00:00\",\"dateModified\":\"2026-09-02T20:23:38+00:00\",\"breadcrumb\":{\"@id\":\"https:\/\/rotario.com.br\/site\/centro-integrado-sesc-senac-abre-inscricoes-para-cursos-em-rio-das-ostras\/#breadcrumb\"},\"inLanguage\":\"pt-BR\",\"potentialAction\":[{\"@type\":\"ReadAction\",\"target\":[\"https:\/\/rotario.com.br\/site\/centro-integrado-sesc-senac-abre-inscricoes-para-cursos-em-rio-das-ostras\/\"]}]},{\"@type\":\"ImageObject\",\"inLanguage\":\"pt-BR\",\"@id\":\"https:\/\/rotario.com.br\/site\/centro-integrado-sesc-senac-abre-inscricoes-para-cursos-em-rio-das-ostras\/#primaryimage\",\"url\":\"https:\/\/rotario.com.br\/site\/wp-content\/uploads\/2026\/09\/Sesc-Senac.jpeg\",\"contentUrl\":\"https:\/\/rotario.com.br\/site\/wp-content\/uploads\/2026\/09\/Sesc-Senac.jpeg\",\"width\":1024,\"height\":683},{\"@type\":\"BreadcrumbList\",\"@id\":\"https:\/\/rotario.com.br\/site\/centro-integrado-sesc-senac-abre-inscricoes-para-cursos-em-rio-das-ostras\/#breadcrumb\",\"itemListElement\":[{\"@type\":\"ListItem\",\"position\":1,\"name\":\"In\u00edcio\",\"item\":\"https:\/\/rotario.com.br\/site\/\"},{\"@type\":\"ListItem\",\"position\":2,\"name\":\"Centro Integrado Sesc Senac abre inscri\u00e7\u00f5es para cursos em Rio das Ostras\"}]},{\"@type\":\"WebSite\",\"@id\":\"https:\/\/rotario.com.br\/site\/#website\",\"url\":\"https:\/\/rotario.com.br\/site\/\",\"name\":\"Rota Rio\",\"description\":\"Aqui, o Rio de Janeiro \u00e9 a pauta!\",\"publisher\":{\"@id\":\"https:\/\/rotario.com.br\/site\/#organization\"},\"potentialAction\":[{\"@type\":\"SearchAction\",\"target\":{\"@type\":\"EntryPoint\",\"urlTemplate\":\"https:\/\/rotario.com.br\/site\/?s={search_term_string}\"},\"query-input\":{\"@type\":\"PropertyValueSpecification\",\"valueRequired\":true,\"valueName\":\"search_term_string\"}}],\"inLanguage\":\"pt-BR\"},{\"@type\":\"Organization\",\"@id\":\"https:\/\/rotario.com.br\/site\/#organization\",\"name\":\"Rota Rio\",\"url\":\"https:\/\/rotario.com.br\/site\/\",\"logo\":{\"@type\":\"ImageObject\",\"inLanguage\":\"pt-BR\",\"@id\":\"https:\/\/rotario.com.br\/site\/#\/schema\/logo\/image\/\",\"url\":\"https:\/\/rotario.com.br\/site\/wp-content\/uploads\/2022\/04\/cropped-ROTARIO-LOGO-Prancheta-1-1-2048x654-1.png\",\"contentUrl\":\"https:\/\/rotario.com.br\/site\/wp-content\/uploads\/2022\/04\/cropped-ROTARIO-LOGO-Prancheta-1-1-2048x654-1.png\",\"width\":2048,\"height\":654,\"caption\":\"Rota Rio\"},\"image\":{\"@id\":\"https:\/\/rotario.com.br\/site\/#\/schema\/logo\/image\/\"}},{\"@type\":\"Person\",\"@id\":\"https:\/\/rotario.com.br\/site\/#\/schema\/person\/fd89bbbf4136f7e8a21e0dd67b8a66c7\",\"name\":\"Galv\u00e3o\",\"url\":\"https:\/\/rotario.com.br\/site\/author\/daniel\/\"}]}<\/script>\n<!-- \/ Yoast SEO plugin. -->","yoast_head_json":{"title":"Centro Integrado Sesc Senac abre inscri\u00e7\u00f5es para cursos em Rio das Ostras - Rota Rio","robots":{"index":"index","follow":"follow","max-snippet":"max-snippet:-1","max-image-preview":"max-image-preview:large","max-video-preview":"max-video-preview:-1"},"canonical":"https:\/\/rotario.com.br\/site\/centro-integrado-sesc-senac-abre-inscricoes-para-cursos-em-rio-das-ostras\/","og_locale":"pt_BR","og_type":"article","og_title":"Centro Integrado Sesc Senac abre inscri\u00e7\u00f5es para cursos em Rio das Ostras - Rota Rio","og_description":"Rio das Ostras est\u00e1 com uma s\u00e9rie de cursos de qualifica\u00e7\u00e3o profissional com inscri\u00e7\u00f5es abertas. Elas est\u00e3o sendo oferecidas atrav\u00e9s do novo Centro Integrado Sesc Senac da cidade. As oportunidades est\u00e3o distribu\u00eddas em diversas \u00e1reas e as aulas est\u00e3o com previs\u00e3o de in\u00edcio para os meses de setembro, outubro e novembro. Com o novo polo, [&hellip;]","og_url":"https:\/\/rotario.com.br\/site\/centro-integrado-sesc-senac-abre-inscricoes-para-cursos-em-rio-das-ostras\/","og_site_name":"Rota Rio","article_published_time":"2026-09-02T20:10:32+00:00","article_modified_time":"2026-09-02T20:23:38+00:00","og_image":[{"width":1024,"height":683,"url":"https:\/\/rotario.com.br\/site\/wp-content\/uploads\/2026\/09\/Sesc-Senac.jpeg","type":"image\/jpeg"}],"author":"Galv\u00e3o","twitter_card":"summary_large_image","twitter_misc":{"Escrito por":"Galv\u00e3o","Est. tempo de leitura":"4 minutos"},"schema":{"@context":"https:\/\/schema.org","@graph":[{"@type":"Article","@id":"https:\/\/rotario.com.br\/site\/centro-integrado-sesc-senac-abre-inscricoes-para-cursos-em-rio-das-ostras\/#article","isPartOf":{"@id":"https:\/\/rotario.com.br\/site\/centro-integrado-sesc-senac-abre-inscricoes-para-cursos-em-rio-das-ostras\/"},"author":{"name":"Galv\u00e3o","@id":"https:\/\/rotario.com.br\/site\/#\/schema\/person\/fd89bbbf4136f7e8a21e0dd67b8a66c7"},"headline":"Centro Integrado Sesc Senac abre inscri\u00e7\u00f5es para cursos em Rio das Ostras","datePublished":"2026-09-02T20:10:32+00:00","dateModified":"2026-09-02T20:23:38+00:00","mainEntityOfPage":{"@id":"https:\/\/rotario.com.br\/site\/centro-integrado-sesc-senac-abre-inscricoes-para-cursos-em-rio-das-ostras\/"},"wordCount":581,"commentCount":0,"publisher":{"@id":"https:\/\/rotario.com.br\/site\/#organization"},"image":{"@id":"https:\/\/rotario.com.br\/site\/centro-integrado-sesc-senac-abre-inscricoes-para-cursos-em-rio-das-ostras\/#primaryimage"},"thumbnailUrl":"https:\/\/rotario.com.br\/site\/wp-content\/uploads\/2026\/09\/Sesc-Senac.jpeg","keywords":["cursos gratuitos","qualifica\u00e7\u00e3o profissional","Sesc Senac"],"articleSection":["Rio das Ostras"],"inLanguage":"pt-BR","potentialAction":[{"@type":"CommentAction","name":"Comment","target":["https:\/\/rotario.com.br\/site\/centro-integrado-sesc-senac-abre-inscricoes-para-cursos-em-rio-das-ostras\/#respond"]}]},{"@type":"WebPage","@id":"https:\/\/rotario.com.br\/site\/centro-integrado-sesc-senac-abre-inscricoes-para-cursos-em-rio-das-ostras\/","url":"https:\/\/rotario.com.br\/site\/centro-integrado-sesc-senac-abre-inscricoes-para-cursos-em-rio-das-ostras\/","name":"Centro Integrado Sesc Senac abre inscri\u00e7\u00f5es para cursos em Rio das Ostras - Rota Rio","isPartOf":{"@id":"https:\/\/rotario.com.br\/site\/#website"},"primaryImageOfPage":{"@id":"https:\/\/rotario.com.br\/site\/centro-integrado-sesc-senac-abre-inscricoes-para-cursos-em-rio-das-ostras\/#primaryimage"},"image":{"@id":"https:\/\/rotario.com.br\/site\/centro-integrado-sesc-senac-abre-inscricoes-para-cursos-em-rio-das-ostras\/#primaryimage"},"thumbnailUrl":"https:\/\/rotario.com.br\/site\/wp-content\/uploads\/2026\/09\/Sesc-Senac.jpeg","datePublished":"2026-09-02T20:10:32+00:00","dateModified":"2026-09-02T20:23:38+00:00","breadcrumb":{"@id":"https:\/\/rotario.com.br\/site\/centro-integrado-sesc-senac-abre-inscricoes-para-cursos-em-rio-das-ostras\/#breadcrumb"},"inLanguage":"pt-BR","potentialAction":[{"@type":"ReadAction","target":["https:\/\/rotario.com.br\/site\/centro-integrado-sesc-senac-abre-inscricoes-para-cursos-em-rio-das-ostras\/"]}]},{"@type":"ImageObject","inLanguage":"pt-BR","@id":"https:\/\/rotario.com.br\/site\/centro-integrado-sesc-senac-abre-inscricoes-para-cursos-em-rio-das-ostras\/#primaryimage","url":"https:\/\/rotario.com.br\/site\/wp-content\/uploads\/2026\/09\/Sesc-Senac.jpeg","contentUrl":"https:\/\/rotario.com.br\/site\/wp-content\/uploads\/2026\/09\/Sesc-Senac.jpeg","width":1024,"height":683},{"@type":"BreadcrumbList","@id":"https:\/\/rotario.com.br\/site\/centro-integrado-sesc-senac-abre-inscricoes-para-cursos-em-rio-das-ostras\/#breadcrumb","itemListElement":[{"@type":"ListItem","position":1,"name":"In\u00edcio","item":"https:\/\/rotario.com.br\/site\/"},{"@type":"ListItem","position":2,"name":"Centro Integrado Sesc Senac abre inscri\u00e7\u00f5es para cursos em Rio das Ostras"}]},{"@type":"WebSite","@id":"https:\/\/rotario.com.br\/site\/#website","url":"https:\/\/rotario.com.br\/site\/","name":"Rota Rio","description":"Aqui, o Rio de Janeiro \u00e9 a pauta!","publisher":{"@id":"https:\/\/rotario.com.br\/site\/#organization"},"potentialAction":[{"@type":"SearchAction","target":{"@type":"EntryPoint","urlTemplate":"https:\/\/rotario.com.br\/site\/?s={search_term_string}"},"query-input":{"@type":"PropertyValueSpecification","valueRequired":true,"valueName":"search_term_string"}}],"inLanguage":"pt-BR"},{"@type":"Organization","@id":"https:\/\/rotario.com.br\/site\/#organization","name":"Rota Rio","url":"https:\/\/rotario.com.br\/site\/","logo":{"@type":"ImageObject","inLanguage":"pt-BR","@id":"https:\/\/rotario.com.br\/site\/#\/schema\/logo\/image\/","url":"https:\/\/rotario.com.br\/site\/wp-content\/uploads\/2022\/04\/cropped-ROTARIO-LOGO-Prancheta-1-1-2048x654-1.png","contentUrl":"https:\/\/rotario.com.br\/site\/wp-content\/uploads\/2022\/04\/cropped-ROTARIO-LOGO-Prancheta-1-1-2048x654-1.png","width":2048,"height":654,"caption":"Rota Rio"},"image":{"@id":"https:\/\/rotario.com.br\/site\/#\/schema\/logo\/image\/"}},{"@type":"Person","@id":"https:\/\/rotario.com.br\/site\/#\/schema\/person\/fd89bbbf4136f7e8a21e0dd67b8a66c7","name":"Galv\u00e3o","url":"https:\/\/rotario.com.br\/site\/author\/daniel\/"}]}},"_links":{"self":[{"href":"https:\/\/rotario.com.br\/site\/wp-json\/wp\/v2\/posts\/38693","targetHints":{"allow":["GET"]}}],"collection":[{"href":"https:\/\/rotario.com.br\/site\/wp-json\/wp\/v2\/posts"}],"about":[{"href":"https:\/\/rotario.com.br\/site\/wp-json\/wp\/v2\/types\/post"}],"author":[{"embeddable":true,"href":"https:\/\/rotario.com.br\/site\/wp-json\/wp\/v2\/users\/2"}],"replies":[{"embeddable":true,"href":"https:\/\/rotario.com.br\/site\/wp-json\/wp\/v2\/comments?post=38693"}],"version-history":[{"count":1,"href":"https:\/\/rotario.com.br\/site\/wp-json\/wp\/v2\/posts\/38693\/revisions"}],"predecessor-version":[{"id":38697,"href":"https:\/\/rotario.com.br\/site\/wp-json\/wp\/v2\/posts\/38693\/revisions\/38697"}],"wp:featuredmedia":[{"embeddable":true,"href":"https:\/\/rotario.com.br\/site\/wp-json\/wp\/v2\/media\/38696"}],"wp:attachment":[{"href":"https:\/\/rotario.com.br\/site\/wp-json\/wp\/v2\/media?parent=38693"}],"wp:term":[{"taxonomy":"category","embeddable":true,"href":"https:\/\/rotario.com.br\/site\/wp-json\/wp\/v2\/categories?post=38693"},{"taxonomy":"post_tag","embeddable":true,"href":"https:\/\/rotario.com.br\/site\/wp-json\/wp\/v2\/tags?post=38693"}],"curies":[{"name":"wp","href":"https:\/\/api.w.org\/{rel}","templated":true}]}}