{"id":38700,"date":"2026-09-02T17:27:41","date_gmt":"2026-09-02T20:27:41","guid":{"rendered":"https:\/\/rotario.com.br\/site\/?p=38700"},"modified":"2026-09-02T17:27:48","modified_gmt":"2026-09-02T20:27:48","slug":"cabo-frio-reforca-malha-aerea-com-novos-voos-durante-o-verao","status":"publish","type":"post","link":"https:\/\/rotario.com.br\/site\/cabo-frio-reforca-malha-aerea-com-novos-voos-durante-o-verao\/","title":{"rendered":"Cabo Frio refor\u00e7a malha a\u00e9rea com novos voos durante o ver\u00e3o"},"content":{"rendered":"\n<p>Cabo Frio ter\u00e1 novamente liga\u00e7\u00e3o a\u00e9rea direta com Belo Horizonte durante a pr\u00f3xima alta temporada. A partir de 12 de dezembro, o Aeroporto Internacional de Cabo Frio volta a receber voos procedentes da capital mineira, em uma opera\u00e7\u00e3o que seguir\u00e1 at\u00e9 27 de fevereiro de 2027. As passagens j\u00e1 est\u00e3o sendo comercializadas pela Azul.<\/p>\n\n\n\n<p>A frequ\u00eancia ser\u00e1 ampliada no per\u00edodo de maior movimenta\u00e7\u00e3o do ver\u00e3o. Entre 12 e 26 de dezembro, os voos estar\u00e3o dispon\u00edveis \u00e0s ter\u00e7as, quartas, sextas-feiras e s\u00e1bados. Entre 28 de dezembro e 3 de janeiro, a opera\u00e7\u00e3o ser\u00e1 di\u00e1ria. J\u00e1 de 5 de janeiro a 27 de fevereiro, as viagens voltam a ocorrer quatro vezes por semana, tamb\u00e9m \u00e0s ter\u00e7as, quartas, sextas-feiras e s\u00e1bados. A retomada facilita o deslocamento de turistas mineiros para Cabo Frio e outros destinos da Regi\u00e3o dos Lagos.<\/p>\n\n\n\n<p>A opera\u00e7\u00e3o se soma \u00e0 amplia\u00e7\u00e3o da conectividade a\u00e9rea prevista para o munic\u00edpio a partir do fim deste ano. Em agosto, a LATAM anunciou a retomada dos voos comerciais regulares entre Guarulhos e Cabo Frio, com quatro frequ\u00eancias semanais a partir de dezembro de 2026. O avan\u00e7o da malha a\u00e9rea refor\u00e7a o papel estrat\u00e9gico do Aeroporto Internacional de Cabo Frio tanto para o turismo de lazer quanto para viagens de neg\u00f3cios e o deslocamento de profissionais ligados \u00e0s diferentes atividades econ\u00f4micas da regi\u00e3o.<\/p>\n\n\n\n<p>\u201cEstamos alcan\u00e7ando novas possibilidades de acesso a Cabo Frio. Tudo o que estamos conquistando no campo do fortalecimento e desenvolvimento tur\u00edstico \u00e9 fruto de um trabalho voltado em ampliar a credibilidade da cidade e a seriedade com que as necessidades s\u00e3o tratadas atrav\u00e9s de uma gest\u00e3o municipal comprometida. A retomada dos voos diretos de Belo Horizonte j\u00e1 era uma demanda muito pedida pelos turistas. \u00c9 uma felicidade ver que esses voos estar\u00e3o dispon\u00edveis para a nossa alta temporada. Trouxemos de volta voos de Guarulhos, agora da capital mineira, e esse trabalho de sucesso seguir\u00e1 em busca de novos avan\u00e7os\u201d, finalizou Davi.&nbsp;<\/p>\n\n\n\n<p>No come\u00e7o do m\u00eas de agosto, a Latam anunciou tamb\u00e9m a retomada dos&nbsp;voos comerciais dom\u00e9sticos regulares vindos de Guarulhos para Cabo Frio, com quatro voos semanais (segunda, quinta, sexta e domingo), a partir de dezembro de 2026. O in\u00edcio dessa opera\u00e7\u00e3o em Cabo Frio tamb\u00e9m inaugura a primeira fase de opera\u00e7\u00e3o da companhia com o Embraer E195-E2, considerado o maior avi\u00e3o comercial entre jatos de segunda gera\u00e7\u00e3o da Embraer projetado no Brasil. Cabo Frio \u2013 Guarulhos entra nas quatro rotas in\u00e9ditas entre as 42 que ser\u00e3o operadas pela LATAM com a nova aeronave, a partir de novembro.&nbsp;<\/p>\n\n\n\n<p>A nova opera\u00e7\u00e3o tamb\u00e9m fortalece o posicionamento do Aeroporto de Cabo Frio como equipamento estrat\u00e9gico para toda a regi\u00e3o. Al\u00e9m do turismo, o terminal funciona como passagem e deslocamento para diversos setores comerciais.&nbsp;&nbsp;&nbsp;<\/p>\n","protected":false},"excerpt":{"rendered":"<p>Cabo Frio ter\u00e1 novamente liga\u00e7\u00e3o a\u00e9rea direta com Belo Horizonte durante a pr\u00f3xima alta temporada. A partir de 12 de dezembro, o Aeroporto Internacional de Cabo Frio volta a receber voos procedentes da capital mineira, em uma opera\u00e7\u00e3o que seguir\u00e1 at\u00e9 27 de fevereiro de 2027. As passagens j\u00e1 est\u00e3o sendo comercializadas pela Azul. A [&hellip;]<\/p>\n","protected":false},"author":2,"featured_media":38702,"comment_status":"open","ping_status":"closed","sticky":false,"template":"","format":"standard","meta":{"footnotes":""},"categories":[31],"tags":[3248,550,251,4432,309,3841,242,313,76,3840],"class_list":["post-38700","post","type-post","status-publish","format-standard","has-post-thumbnail","hentry","category-cabo-frio","tag-aeroporto-internacional-de-cabo-frio","tag-alta-temporada","tag-azul","tag-belo-horizonte","tag-cabo-frio","tag-embraer-e195-e2","tag-latam","tag-regiao-dos-lagos","tag-turismo","tag-voos-diretos"],"yoast_head":"<!-- This site is optimized with the Yoast SEO plugin v26.5 - https:\/\/yoast.com\/wordpress\/plugins\/seo\/ -->\n<title>Cabo Frio refor\u00e7a malha a\u00e9rea com novos voos durante o ver\u00e3o - Rota Rio<\/title>\n<meta name=\"robots\" content=\"index, follow, max-snippet:-1, max-image-preview:large, max-video-preview:-1\" \/>\n<link rel=\"canonical\" href=\"https:\/\/rotario.com.br\/site\/cabo-frio-reforca-malha-aerea-com-novos-voos-durante-o-verao\/\" \/>\n<meta property=\"og:locale\" content=\"pt_BR\" \/>\n<meta property=\"og:type\" content=\"article\" \/>\n<meta property=\"og:title\" content=\"Cabo Frio refor\u00e7a malha a\u00e9rea com novos voos durante o ver\u00e3o - Rota Rio\" \/>\n<meta property=\"og:description\" content=\"Cabo Frio ter\u00e1 novamente liga\u00e7\u00e3o a\u00e9rea direta com Belo Horizonte durante a pr\u00f3xima alta temporada. A partir de 12 de dezembro, o Aeroporto Internacional de Cabo Frio volta a receber voos procedentes da capital mineira, em uma opera\u00e7\u00e3o que seguir\u00e1 at\u00e9 27 de fevereiro de 2027. As passagens j\u00e1 est\u00e3o sendo comercializadas pela Azul. A [&hellip;]\" \/>\n<meta property=\"og:url\" content=\"https:\/\/rotario.com.br\/site\/cabo-frio-reforca-malha-aerea-com-novos-voos-durante-o-verao\/\" \/>\n<meta property=\"og:site_name\" content=\"Rota Rio\" \/>\n<meta property=\"article:published_time\" content=\"2026-09-02T20:27:41+00:00\" \/>\n<meta property=\"article:modified_time\" content=\"2026-09-02T20:27:48+00:00\" \/>\n<meta property=\"og:image\" content=\"https:\/\/rotario.com.br\/site\/wp-content\/uploads\/2026\/09\/Foto-reproducao-COGECOM-1.jpg\" \/>\n\t<meta property=\"og:image:width\" content=\"945\" \/>\n\t<meta property=\"og:image:height\" content=\"643\" \/>\n\t<meta property=\"og:image:type\" content=\"image\/jpeg\" \/>\n<meta name=\"author\" content=\"Galv\u00e3o\" \/>\n<meta name=\"twitter:card\" content=\"summary_large_image\" \/>\n<meta name=\"twitter:label1\" content=\"Escrito por\" \/>\n\t<meta name=\"twitter:data1\" content=\"Galv\u00e3o\" \/>\n\t<meta name=\"twitter:label2\" content=\"Est. tempo de leitura\" \/>\n\t<meta name=\"twitter:data2\" content=\"3 minutos\" \/>\n<script type=\"application\/ld+json\" class=\"yoast-schema-graph\">{\"@context\":\"https:\/\/schema.org\",\"@graph\":[{\"@type\":\"Article\",\"@id\":\"https:\/\/rotario.com.br\/site\/cabo-frio-reforca-malha-aerea-com-novos-voos-durante-o-verao\/#article\",\"isPartOf\":{\"@id\":\"https:\/\/rotario.com.br\/site\/cabo-frio-reforca-malha-aerea-com-novos-voos-durante-o-verao\/\"},\"author\":{\"name\":\"Galv\u00e3o\",\"@id\":\"https:\/\/rotario.com.br\/site\/#\/schema\/person\/fd89bbbf4136f7e8a21e0dd67b8a66c7\"},\"headline\":\"Cabo Frio refor\u00e7a malha a\u00e9rea com novos voos durante o ver\u00e3o\",\"datePublished\":\"2026-09-02T20:27:41+00:00\",\"dateModified\":\"2026-09-02T20:27:48+00:00\",\"mainEntityOfPage\":{\"@id\":\"https:\/\/rotario.com.br\/site\/cabo-frio-reforca-malha-aerea-com-novos-voos-durante-o-verao\/\"},\"wordCount\":512,\"commentCount\":0,\"publisher\":{\"@id\":\"https:\/\/rotario.com.br\/site\/#organization\"},\"image\":{\"@id\":\"https:\/\/rotario.com.br\/site\/cabo-frio-reforca-malha-aerea-com-novos-voos-durante-o-verao\/#primaryimage\"},\"thumbnailUrl\":\"https:\/\/rotario.com.br\/site\/wp-content\/uploads\/2026\/09\/Foto-reproducao-COGECOM-1.jpg\",\"keywords\":[\"Aeroporto Internacional de Cabo Frio\",\"alta temporada\",\"Azul\",\"Belo Horizonte\",\"Cabo Frio\",\"Embraer E195-E2\",\"latam\",\"Regi\u00e3o dos Lagos\",\"turismo\",\"voos diretos\"],\"articleSection\":[\"Cabo Frio\"],\"inLanguage\":\"pt-BR\",\"potentialAction\":[{\"@type\":\"CommentAction\",\"name\":\"Comment\",\"target\":[\"https:\/\/rotario.com.br\/site\/cabo-frio-reforca-malha-aerea-com-novos-voos-durante-o-verao\/#respond\"]}]},{\"@type\":\"WebPage\",\"@id\":\"https:\/\/rotario.com.br\/site\/cabo-frio-reforca-malha-aerea-com-novos-voos-durante-o-verao\/\",\"url\":\"https:\/\/rotario.com.br\/site\/cabo-frio-reforca-malha-aerea-com-novos-voos-durante-o-verao\/\",\"name\":\"Cabo Frio refor\u00e7a malha a\u00e9rea com novos voos durante o ver\u00e3o - Rota Rio\",\"isPartOf\":{\"@id\":\"https:\/\/rotario.com.br\/site\/#website\"},\"primaryImageOfPage\":{\"@id\":\"https:\/\/rotario.com.br\/site\/cabo-frio-reforca-malha-aerea-com-novos-voos-durante-o-verao\/#primaryimage\"},\"image\":{\"@id\":\"https:\/\/rotario.com.br\/site\/cabo-frio-reforca-malha-aerea-com-novos-voos-durante-o-verao\/#primaryimage\"},\"thumbnailUrl\":\"https:\/\/rotario.com.br\/site\/wp-content\/uploads\/2026\/09\/Foto-reproducao-COGECOM-1.jpg\",\"datePublished\":\"2026-09-02T20:27:41+00:00\",\"dateModified\":\"2026-09-02T20:27:48+00:00\",\"breadcrumb\":{\"@id\":\"https:\/\/rotario.com.br\/site\/cabo-frio-reforca-malha-aerea-com-novos-voos-durante-o-verao\/#breadcrumb\"},\"inLanguage\":\"pt-BR\",\"potentialAction\":[{\"@type\":\"ReadAction\",\"target\":[\"https:\/\/rotario.com.br\/site\/cabo-frio-reforca-malha-aerea-com-novos-voos-durante-o-verao\/\"]}]},{\"@type\":\"ImageObject\",\"inLanguage\":\"pt-BR\",\"@id\":\"https:\/\/rotario.com.br\/site\/cabo-frio-reforca-malha-aerea-com-novos-voos-durante-o-verao\/#primaryimage\",\"url\":\"https:\/\/rotario.com.br\/site\/wp-content\/uploads\/2026\/09\/Foto-reproducao-COGECOM-1.jpg\",\"contentUrl\":\"https:\/\/rotario.com.br\/site\/wp-content\/uploads\/2026\/09\/Foto-reproducao-COGECOM-1.jpg\",\"width\":945,\"height\":643},{\"@type\":\"BreadcrumbList\",\"@id\":\"https:\/\/rotario.com.br\/site\/cabo-frio-reforca-malha-aerea-com-novos-voos-durante-o-verao\/#breadcrumb\",\"itemListElement\":[{\"@type\":\"ListItem\",\"position\":1,\"name\":\"In\u00edcio\",\"item\":\"https:\/\/rotario.com.br\/site\/\"},{\"@type\":\"ListItem\",\"position\":2,\"name\":\"Cabo Frio refor\u00e7a malha a\u00e9rea com novos voos durante o ver\u00e3o\"}]},{\"@type\":\"WebSite\",\"@id\":\"https:\/\/rotario.com.br\/site\/#website\",\"url\":\"https:\/\/rotario.com.br\/site\/\",\"name\":\"Rota Rio\",\"description\":\"Aqui, o Rio de Janeiro \u00e9 a pauta!\",\"publisher\":{\"@id\":\"https:\/\/rotario.com.br\/site\/#organization\"},\"potentialAction\":[{\"@type\":\"SearchAction\",\"target\":{\"@type\":\"EntryPoint\",\"urlTemplate\":\"https:\/\/rotario.com.br\/site\/?s={search_term_string}\"},\"query-input\":{\"@type\":\"PropertyValueSpecification\",\"valueRequired\":true,\"valueName\":\"search_term_string\"}}],\"inLanguage\":\"pt-BR\"},{\"@type\":\"Organization\",\"@id\":\"https:\/\/rotario.com.br\/site\/#organization\",\"name\":\"Rota Rio\",\"url\":\"https:\/\/rotario.com.br\/site\/\",\"logo\":{\"@type\":\"ImageObject\",\"inLanguage\":\"pt-BR\",\"@id\":\"https:\/\/rotario.com.br\/site\/#\/schema\/logo\/image\/\",\"url\":\"https:\/\/rotario.com.br\/site\/wp-content\/uploads\/2022\/04\/cropped-ROTARIO-LOGO-Prancheta-1-1-2048x654-1.png\",\"contentUrl\":\"https:\/\/rotario.com.br\/site\/wp-content\/uploads\/2022\/04\/cropped-ROTARIO-LOGO-Prancheta-1-1-2048x654-1.png\",\"width\":2048,\"height\":654,\"caption\":\"Rota Rio\"},\"image\":{\"@id\":\"https:\/\/rotario.com.br\/site\/#\/schema\/logo\/image\/\"}},{\"@type\":\"Person\",\"@id\":\"https:\/\/rotario.com.br\/site\/#\/schema\/person\/fd89bbbf4136f7e8a21e0dd67b8a66c7\",\"name\":\"Galv\u00e3o\",\"url\":\"https:\/\/rotario.com.br\/site\/author\/daniel\/\"}]}<\/script>\n<!-- \/ Yoast SEO plugin. -->","yoast_head_json":{"title":"Cabo Frio refor\u00e7a malha a\u00e9rea com novos voos durante o ver\u00e3o - Rota Rio","robots":{"index":"index","follow":"follow","max-snippet":"max-snippet:-1","max-image-preview":"max-image-preview:large","max-video-preview":"max-video-preview:-1"},"canonical":"https:\/\/rotario.com.br\/site\/cabo-frio-reforca-malha-aerea-com-novos-voos-durante-o-verao\/","og_locale":"pt_BR","og_type":"article","og_title":"Cabo Frio refor\u00e7a malha a\u00e9rea com novos voos durante o ver\u00e3o - Rota Rio","og_description":"Cabo Frio ter\u00e1 novamente liga\u00e7\u00e3o a\u00e9rea direta com Belo Horizonte durante a pr\u00f3xima alta temporada. A partir de 12 de dezembro, o Aeroporto Internacional de Cabo Frio volta a receber voos procedentes da capital mineira, em uma opera\u00e7\u00e3o que seguir\u00e1 at\u00e9 27 de fevereiro de 2027. As passagens j\u00e1 est\u00e3o sendo comercializadas pela Azul. A [&hellip;]","og_url":"https:\/\/rotario.com.br\/site\/cabo-frio-reforca-malha-aerea-com-novos-voos-durante-o-verao\/","og_site_name":"Rota Rio","article_published_time":"2026-09-02T20:27:41+00:00","article_modified_time":"2026-09-02T20:27:48+00:00","og_image":[{"width":945,"height":643,"url":"https:\/\/rotario.com.br\/site\/wp-content\/uploads\/2026\/09\/Foto-reproducao-COGECOM-1.jpg","type":"image\/jpeg"}],"author":"Galv\u00e3o","twitter_card":"summary_large_image","twitter_misc":{"Escrito por":"Galv\u00e3o","Est. tempo de leitura":"3 minutos"},"schema":{"@context":"https:\/\/schema.org","@graph":[{"@type":"Article","@id":"https:\/\/rotario.com.br\/site\/cabo-frio-reforca-malha-aerea-com-novos-voos-durante-o-verao\/#article","isPartOf":{"@id":"https:\/\/rotario.com.br\/site\/cabo-frio-reforca-malha-aerea-com-novos-voos-durante-o-verao\/"},"author":{"name":"Galv\u00e3o","@id":"https:\/\/rotario.com.br\/site\/#\/schema\/person\/fd89bbbf4136f7e8a21e0dd67b8a66c7"},"headline":"Cabo Frio refor\u00e7a malha a\u00e9rea com novos voos durante o ver\u00e3o","datePublished":"2026-09-02T20:27:41+00:00","dateModified":"2026-09-02T20:27:48+00:00","mainEntityOfPage":{"@id":"https:\/\/rotario.com.br\/site\/cabo-frio-reforca-malha-aerea-com-novos-voos-durante-o-verao\/"},"wordCount":512,"commentCount":0,"publisher":{"@id":"https:\/\/rotario.com.br\/site\/#organization"},"image":{"@id":"https:\/\/rotario.com.br\/site\/cabo-frio-reforca-malha-aerea-com-novos-voos-durante-o-verao\/#primaryimage"},"thumbnailUrl":"https:\/\/rotario.com.br\/site\/wp-content\/uploads\/2026\/09\/Foto-reproducao-COGECOM-1.jpg","keywords":["Aeroporto Internacional de Cabo Frio","alta temporada","Azul","Belo Horizonte","Cabo Frio","Embraer E195-E2","latam","Regi\u00e3o dos Lagos","turismo","voos diretos"],"articleSection":["Cabo Frio"],"inLanguage":"pt-BR","potentialAction":[{"@type":"CommentAction","name":"Comment","target":["https:\/\/rotario.com.br\/site\/cabo-frio-reforca-malha-aerea-com-novos-voos-durante-o-verao\/#respond"]}]},{"@type":"WebPage","@id":"https:\/\/rotario.com.br\/site\/cabo-frio-reforca-malha-aerea-com-novos-voos-durante-o-verao\/","url":"https:\/\/rotario.com.br\/site\/cabo-frio-reforca-malha-aerea-com-novos-voos-durante-o-verao\/","name":"Cabo Frio refor\u00e7a malha a\u00e9rea com novos voos durante o ver\u00e3o - Rota Rio","isPartOf":{"@id":"https:\/\/rotario.com.br\/site\/#website"},"primaryImageOfPage":{"@id":"https:\/\/rotario.com.br\/site\/cabo-frio-reforca-malha-aerea-com-novos-voos-durante-o-verao\/#primaryimage"},"image":{"@id":"https:\/\/rotario.com.br\/site\/cabo-frio-reforca-malha-aerea-com-novos-voos-durante-o-verao\/#primaryimage"},"thumbnailUrl":"https:\/\/rotario.com.br\/site\/wp-content\/uploads\/2026\/09\/Foto-reproducao-COGECOM-1.jpg","datePublished":"2026-09-02T20:27:41+00:00","dateModified":"2026-09-02T20:27:48+00:00","breadcrumb":{"@id":"https:\/\/rotario.com.br\/site\/cabo-frio-reforca-malha-aerea-com-novos-voos-durante-o-verao\/#breadcrumb"},"inLanguage":"pt-BR","potentialAction":[{"@type":"ReadAction","target":["https:\/\/rotario.com.br\/site\/cabo-frio-reforca-malha-aerea-com-novos-voos-durante-o-verao\/"]}]},{"@type":"ImageObject","inLanguage":"pt-BR","@id":"https:\/\/rotario.com.br\/site\/cabo-frio-reforca-malha-aerea-com-novos-voos-durante-o-verao\/#primaryimage","url":"https:\/\/rotario.com.br\/site\/wp-content\/uploads\/2026\/09\/Foto-reproducao-COGECOM-1.jpg","contentUrl":"https:\/\/rotario.com.br\/site\/wp-content\/uploads\/2026\/09\/Foto-reproducao-COGECOM-1.jpg","width":945,"height":643},{"@type":"BreadcrumbList","@id":"https:\/\/rotario.com.br\/site\/cabo-frio-reforca-malha-aerea-com-novos-voos-durante-o-verao\/#breadcrumb","itemListElement":[{"@type":"ListItem","position":1,"name":"In\u00edcio","item":"https:\/\/rotario.com.br\/site\/"},{"@type":"ListItem","position":2,"name":"Cabo Frio refor\u00e7a malha a\u00e9rea com novos voos durante o ver\u00e3o"}]},{"@type":"WebSite","@id":"https:\/\/rotario.com.br\/site\/#website","url":"https:\/\/rotario.com.br\/site\/","name":"Rota Rio","description":"Aqui, o Rio de Janeiro \u00e9 a pauta!","publisher":{"@id":"https:\/\/rotario.com.br\/site\/#organization"},"potentialAction":[{"@type":"SearchAction","target":{"@type":"EntryPoint","urlTemplate":"https:\/\/rotario.com.br\/site\/?s={search_term_string}"},"query-input":{"@type":"PropertyValueSpecification","valueRequired":true,"valueName":"search_term_string"}}],"inLanguage":"pt-BR"},{"@type":"Organization","@id":"https:\/\/rotario.com.br\/site\/#organization","name":"Rota Rio","url":"https:\/\/rotario.com.br\/site\/","logo":{"@type":"ImageObject","inLanguage":"pt-BR","@id":"https:\/\/rotario.com.br\/site\/#\/schema\/logo\/image\/","url":"https:\/\/rotario.com.br\/site\/wp-content\/uploads\/2022\/04\/cropped-ROTARIO-LOGO-Prancheta-1-1-2048x654-1.png","contentUrl":"https:\/\/rotario.com.br\/site\/wp-content\/uploads\/2022\/04\/cropped-ROTARIO-LOGO-Prancheta-1-1-2048x654-1.png","width":2048,"height":654,"caption":"Rota Rio"},"image":{"@id":"https:\/\/rotario.com.br\/site\/#\/schema\/logo\/image\/"}},{"@type":"Person","@id":"https:\/\/rotario.com.br\/site\/#\/schema\/person\/fd89bbbf4136f7e8a21e0dd67b8a66c7","name":"Galv\u00e3o","url":"https:\/\/rotario.com.br\/site\/author\/daniel\/"}]}},"_links":{"self":[{"href":"https:\/\/rotario.com.br\/site\/wp-json\/wp\/v2\/posts\/38700","targetHints":{"allow":["GET"]}}],"collection":[{"href":"https:\/\/rotario.com.br\/site\/wp-json\/wp\/v2\/posts"}],"about":[{"href":"https:\/\/rotario.com.br\/site\/wp-json\/wp\/v2\/types\/post"}],"author":[{"embeddable":true,"href":"https:\/\/rotario.com.br\/site\/wp-json\/wp\/v2\/users\/2"}],"replies":[{"embeddable":true,"href":"https:\/\/rotario.com.br\/site\/wp-json\/wp\/v2\/comments?post=38700"}],"version-history":[{"count":1,"href":"https:\/\/rotario.com.br\/site\/wp-json\/wp\/v2\/posts\/38700\/revisions"}],"predecessor-version":[{"id":38703,"href":"https:\/\/rotario.com.br\/site\/wp-json\/wp\/v2\/posts\/38700\/revisions\/38703"}],"wp:featuredmedia":[{"embeddable":true,"href":"https:\/\/rotario.com.br\/site\/wp-json\/wp\/v2\/media\/38702"}],"wp:attachment":[{"href":"https:\/\/rotario.com.br\/site\/wp-json\/wp\/v2\/media?parent=38700"}],"wp:term":[{"taxonomy":"category","embeddable":true,"href":"https:\/\/rotario.com.br\/site\/wp-json\/wp\/v2\/categories?post=38700"},{"taxonomy":"post_tag","embeddable":true,"href":"https:\/\/rotario.com.br\/site\/wp-json\/wp\/v2\/tags?post=38700"}],"curies":[{"name":"wp","href":"https:\/\/api.w.org\/{rel}","templated":true}]}}