{"id":38710,"date":"2026-09-03T11:00:19","date_gmt":"2026-09-03T14:00:19","guid":{"rendered":"https:\/\/rotario.com.br\/site\/?p=38710"},"modified":"2026-09-03T11:00:26","modified_gmt":"2026-09-03T14:00:26","slug":"exposicao-valoriza-a-historia-das-rendeiras-de-arraial-do-cabo","status":"publish","type":"post","link":"https:\/\/rotario.com.br\/site\/exposicao-valoriza-a-historia-das-rendeiras-de-arraial-do-cabo\/","title":{"rendered":"Exposi\u00e7\u00e3o valoriza a hist\u00f3ria das rendeiras de Arraial do Cabo"},"content":{"rendered":"\n<p>Arraial do Cabo celebrou, nesta quarta-feira (2), o Dia da Mulher Rendeira Cabista, data criada em 2025 para reconhecer as mulheres respons\u00e1veis por preservar a tradi\u00e7\u00e3o da renda de bilro no munic\u00edpio. A homenagem faz refer\u00eancia ao nascimento de Ot\u00f3lia Fernandes da Silva, a Dona T\u00f3lia, ocorrido em 2 de setembro de 1912. A artes\u00e3 tornou-se um dos principais s\u00edmbolos dessa manifesta\u00e7\u00e3o cultural na Regi\u00e3o dos Lagos.<\/p>\n\n\n\n<p>Transmitida entre diferentes gera\u00e7\u00f5es, a renda de bilro re\u00fane t\u00e9cnicas, mem\u00f3rias e hist\u00f3rias que integram a identidade cabista. A valoriza\u00e7\u00e3o desse patrim\u00f4nio tamb\u00e9m est\u00e1 presente em eventos como o Festival Cultural Marearte, que conta com o Palco Ot\u00f3lia e abre espa\u00e7o para o trabalho do Coletivo de Rendeiras de Arraial. O Projeto de Lei n\u00ba 092\/2025 tamb\u00e9m reconhece os saberes e as manifesta\u00e7\u00f5es das rendeiras como Patrim\u00f4nio Cultural Imaterial do munic\u00edpio.<\/p>\n\n\n\n<p>Para marcar a celebra\u00e7\u00e3o, uma exposi\u00e7\u00e3o especial permanece aberta at\u00e9 8 de setembro, das 8h \u00e0s 17h, na Sala de Exposi\u00e7\u00f5es Amena Mayall, no Centro Cultural Manoel Camargo. O munic\u00edpio tamb\u00e9m oferece aulas de renda de bilro \u00e0s quintas-feiras \u00e0 tarde, no pr\u00f3prio espa\u00e7o cultural, e \u00e0s ter\u00e7as-feiras, no mesmo per\u00edodo, nos Centros de Refer\u00eancia de Assist\u00eancia Social de Figueira, Monte Alto e Cai\u00e7ara. As atividades contribuem para que a tradi\u00e7\u00e3o continue sendo compartilhada com novas gera\u00e7\u00f5es.\u00a0\u00a0  <\/p>\n\n\n\n<p>        <\/p>\n\n\n\n<p>Foto: Caio Danarim     <\/p>\n","protected":false},"excerpt":{"rendered":"<p>Arraial do Cabo celebrou, nesta quarta-feira (2), o Dia da Mulher Rendeira Cabista, data criada em 2025 para reconhecer as mulheres respons\u00e1veis por preservar a tradi\u00e7\u00e3o da renda de bilro no munic\u00edpio. A homenagem faz refer\u00eancia ao nascimento de Ot\u00f3lia Fernandes da Silva, a Dona T\u00f3lia, ocorrido em 2 de setembro de 1912. A artes\u00e3 [&hellip;]<\/p>\n","protected":false},"author":2,"featured_media":38711,"comment_status":"open","ping_status":"closed","sticky":false,"template":"","format":"standard","meta":{"footnotes":""},"categories":[44],"tags":[350,2874,3204,4438,4441,4440,4439,313,3464,3803],"class_list":["post-38710","post","type-post","status-publish","format-standard","has-post-thumbnail","hentry","category-arraial-do-cabo","tag-arraial-do-cabo","tag-artesanato","tag-cultura-popular","tag-dona-tolia","tag-festival-marearte","tag-mulheres-rendeiras","tag-patrimonio-imaterial","tag-regiao-dos-lagos","tag-renda-de-bilro","tag-tradicao-cultural"],"yoast_head":"<!-- This site is optimized with the Yoast SEO plugin v26.5 - https:\/\/yoast.com\/wordpress\/plugins\/seo\/ -->\n<title>Exposi\u00e7\u00e3o valoriza a hist\u00f3ria das rendeiras de Arraial do Cabo - Rota Rio<\/title>\n<meta name=\"robots\" content=\"index, follow, max-snippet:-1, max-image-preview:large, max-video-preview:-1\" \/>\n<link rel=\"canonical\" href=\"https:\/\/rotario.com.br\/site\/exposicao-valoriza-a-historia-das-rendeiras-de-arraial-do-cabo\/\" \/>\n<meta property=\"og:locale\" content=\"pt_BR\" \/>\n<meta property=\"og:type\" content=\"article\" \/>\n<meta property=\"og:title\" content=\"Exposi\u00e7\u00e3o valoriza a hist\u00f3ria das rendeiras de Arraial do Cabo - Rota Rio\" \/>\n<meta property=\"og:description\" content=\"Arraial do Cabo celebrou, nesta quarta-feira (2), o Dia da Mulher Rendeira Cabista, data criada em 2025 para reconhecer as mulheres respons\u00e1veis por preservar a tradi\u00e7\u00e3o da renda de bilro no munic\u00edpio. A homenagem faz refer\u00eancia ao nascimento de Ot\u00f3lia Fernandes da Silva, a Dona T\u00f3lia, ocorrido em 2 de setembro de 1912. A artes\u00e3 [&hellip;]\" \/>\n<meta property=\"og:url\" content=\"https:\/\/rotario.com.br\/site\/exposicao-valoriza-a-historia-das-rendeiras-de-arraial-do-cabo\/\" \/>\n<meta property=\"og:site_name\" content=\"Rota Rio\" \/>\n<meta property=\"article:published_time\" content=\"2026-09-03T14:00:19+00:00\" \/>\n<meta property=\"article:modified_time\" content=\"2026-09-03T14:00:26+00:00\" \/>\n<meta property=\"og:image\" content=\"https:\/\/rotario.com.br\/site\/wp-content\/uploads\/2026\/09\/03-Foto-Caio-Danarim-3.jpg\" \/>\n\t<meta property=\"og:image:width\" content=\"827\" \/>\n\t<meta property=\"og:image:height\" content=\"751\" \/>\n\t<meta property=\"og:image:type\" content=\"image\/jpeg\" \/>\n<meta name=\"author\" content=\"Galv\u00e3o\" \/>\n<meta name=\"twitter:card\" content=\"summary_large_image\" \/>\n<meta name=\"twitter:label1\" content=\"Escrito por\" \/>\n\t<meta name=\"twitter:data1\" content=\"Galv\u00e3o\" \/>\n\t<meta name=\"twitter:label2\" content=\"Est. tempo de leitura\" \/>\n\t<meta name=\"twitter:data2\" content=\"2 minutos\" \/>\n<script type=\"application\/ld+json\" class=\"yoast-schema-graph\">{\"@context\":\"https:\/\/schema.org\",\"@graph\":[{\"@type\":\"Article\",\"@id\":\"https:\/\/rotario.com.br\/site\/exposicao-valoriza-a-historia-das-rendeiras-de-arraial-do-cabo\/#article\",\"isPartOf\":{\"@id\":\"https:\/\/rotario.com.br\/site\/exposicao-valoriza-a-historia-das-rendeiras-de-arraial-do-cabo\/\"},\"author\":{\"name\":\"Galv\u00e3o\",\"@id\":\"https:\/\/rotario.com.br\/site\/#\/schema\/person\/fd89bbbf4136f7e8a21e0dd67b8a66c7\"},\"headline\":\"Exposi\u00e7\u00e3o valoriza a hist\u00f3ria das rendeiras de Arraial do Cabo\",\"datePublished\":\"2026-09-03T14:00:19+00:00\",\"dateModified\":\"2026-09-03T14:00:26+00:00\",\"mainEntityOfPage\":{\"@id\":\"https:\/\/rotario.com.br\/site\/exposicao-valoriza-a-historia-das-rendeiras-de-arraial-do-cabo\/\"},\"wordCount\":260,\"commentCount\":0,\"publisher\":{\"@id\":\"https:\/\/rotario.com.br\/site\/#organization\"},\"image\":{\"@id\":\"https:\/\/rotario.com.br\/site\/exposicao-valoriza-a-historia-das-rendeiras-de-arraial-do-cabo\/#primaryimage\"},\"thumbnailUrl\":\"https:\/\/rotario.com.br\/site\/wp-content\/uploads\/2026\/09\/03-Foto-Caio-Danarim-3.jpg\",\"keywords\":[\"Arraial do Cabo\",\"artesanato\",\"cultura popular\",\"Dona T\u00f3lia\",\"Festival Marearte\",\"mulheres rendeiras\",\"patrim\u00f4nio imaterial\",\"Regi\u00e3o dos Lagos\",\"renda de bilro\",\"tradi\u00e7\u00e3o cultural\"],\"articleSection\":[\"Arraial do Cabo\"],\"inLanguage\":\"pt-BR\",\"potentialAction\":[{\"@type\":\"CommentAction\",\"name\":\"Comment\",\"target\":[\"https:\/\/rotario.com.br\/site\/exposicao-valoriza-a-historia-das-rendeiras-de-arraial-do-cabo\/#respond\"]}]},{\"@type\":\"WebPage\",\"@id\":\"https:\/\/rotario.com.br\/site\/exposicao-valoriza-a-historia-das-rendeiras-de-arraial-do-cabo\/\",\"url\":\"https:\/\/rotario.com.br\/site\/exposicao-valoriza-a-historia-das-rendeiras-de-arraial-do-cabo\/\",\"name\":\"Exposi\u00e7\u00e3o valoriza a hist\u00f3ria das rendeiras de Arraial do Cabo - Rota Rio\",\"isPartOf\":{\"@id\":\"https:\/\/rotario.com.br\/site\/#website\"},\"primaryImageOfPage\":{\"@id\":\"https:\/\/rotario.com.br\/site\/exposicao-valoriza-a-historia-das-rendeiras-de-arraial-do-cabo\/#primaryimage\"},\"image\":{\"@id\":\"https:\/\/rotario.com.br\/site\/exposicao-valoriza-a-historia-das-rendeiras-de-arraial-do-cabo\/#primaryimage\"},\"thumbnailUrl\":\"https:\/\/rotario.com.br\/site\/wp-content\/uploads\/2026\/09\/03-Foto-Caio-Danarim-3.jpg\",\"datePublished\":\"2026-09-03T14:00:19+00:00\",\"dateModified\":\"2026-09-03T14:00:26+00:00\",\"breadcrumb\":{\"@id\":\"https:\/\/rotario.com.br\/site\/exposicao-valoriza-a-historia-das-rendeiras-de-arraial-do-cabo\/#breadcrumb\"},\"inLanguage\":\"pt-BR\",\"potentialAction\":[{\"@type\":\"ReadAction\",\"target\":[\"https:\/\/rotario.com.br\/site\/exposicao-valoriza-a-historia-das-rendeiras-de-arraial-do-cabo\/\"]}]},{\"@type\":\"ImageObject\",\"inLanguage\":\"pt-BR\",\"@id\":\"https:\/\/rotario.com.br\/site\/exposicao-valoriza-a-historia-das-rendeiras-de-arraial-do-cabo\/#primaryimage\",\"url\":\"https:\/\/rotario.com.br\/site\/wp-content\/uploads\/2026\/09\/03-Foto-Caio-Danarim-3.jpg\",\"contentUrl\":\"https:\/\/rotario.com.br\/site\/wp-content\/uploads\/2026\/09\/03-Foto-Caio-Danarim-3.jpg\",\"width\":827,\"height\":751},{\"@type\":\"BreadcrumbList\",\"@id\":\"https:\/\/rotario.com.br\/site\/exposicao-valoriza-a-historia-das-rendeiras-de-arraial-do-cabo\/#breadcrumb\",\"itemListElement\":[{\"@type\":\"ListItem\",\"position\":1,\"name\":\"In\u00edcio\",\"item\":\"https:\/\/rotario.com.br\/site\/\"},{\"@type\":\"ListItem\",\"position\":2,\"name\":\"Exposi\u00e7\u00e3o valoriza a hist\u00f3ria das rendeiras de Arraial do Cabo\"}]},{\"@type\":\"WebSite\",\"@id\":\"https:\/\/rotario.com.br\/site\/#website\",\"url\":\"https:\/\/rotario.com.br\/site\/\",\"name\":\"Rota Rio\",\"description\":\"Aqui, o Rio de Janeiro \u00e9 a pauta!\",\"publisher\":{\"@id\":\"https:\/\/rotario.com.br\/site\/#organization\"},\"potentialAction\":[{\"@type\":\"SearchAction\",\"target\":{\"@type\":\"EntryPoint\",\"urlTemplate\":\"https:\/\/rotario.com.br\/site\/?s={search_term_string}\"},\"query-input\":{\"@type\":\"PropertyValueSpecification\",\"valueRequired\":true,\"valueName\":\"search_term_string\"}}],\"inLanguage\":\"pt-BR\"},{\"@type\":\"Organization\",\"@id\":\"https:\/\/rotario.com.br\/site\/#organization\",\"name\":\"Rota Rio\",\"url\":\"https:\/\/rotario.com.br\/site\/\",\"logo\":{\"@type\":\"ImageObject\",\"inLanguage\":\"pt-BR\",\"@id\":\"https:\/\/rotario.com.br\/site\/#\/schema\/logo\/image\/\",\"url\":\"https:\/\/rotario.com.br\/site\/wp-content\/uploads\/2022\/04\/cropped-ROTARIO-LOGO-Prancheta-1-1-2048x654-1.png\",\"contentUrl\":\"https:\/\/rotario.com.br\/site\/wp-content\/uploads\/2022\/04\/cropped-ROTARIO-LOGO-Prancheta-1-1-2048x654-1.png\",\"width\":2048,\"height\":654,\"caption\":\"Rota Rio\"},\"image\":{\"@id\":\"https:\/\/rotario.com.br\/site\/#\/schema\/logo\/image\/\"}},{\"@type\":\"Person\",\"@id\":\"https:\/\/rotario.com.br\/site\/#\/schema\/person\/fd89bbbf4136f7e8a21e0dd67b8a66c7\",\"name\":\"Galv\u00e3o\",\"url\":\"https:\/\/rotario.com.br\/site\/author\/daniel\/\"}]}<\/script>\n<!-- \/ Yoast SEO plugin. -->","yoast_head_json":{"title":"Exposi\u00e7\u00e3o valoriza a hist\u00f3ria das rendeiras de Arraial do Cabo - Rota Rio","robots":{"index":"index","follow":"follow","max-snippet":"max-snippet:-1","max-image-preview":"max-image-preview:large","max-video-preview":"max-video-preview:-1"},"canonical":"https:\/\/rotario.com.br\/site\/exposicao-valoriza-a-historia-das-rendeiras-de-arraial-do-cabo\/","og_locale":"pt_BR","og_type":"article","og_title":"Exposi\u00e7\u00e3o valoriza a hist\u00f3ria das rendeiras de Arraial do Cabo - Rota Rio","og_description":"Arraial do Cabo celebrou, nesta quarta-feira (2), o Dia da Mulher Rendeira Cabista, data criada em 2025 para reconhecer as mulheres respons\u00e1veis por preservar a tradi\u00e7\u00e3o da renda de bilro no munic\u00edpio. A homenagem faz refer\u00eancia ao nascimento de Ot\u00f3lia Fernandes da Silva, a Dona T\u00f3lia, ocorrido em 2 de setembro de 1912. A artes\u00e3 [&hellip;]","og_url":"https:\/\/rotario.com.br\/site\/exposicao-valoriza-a-historia-das-rendeiras-de-arraial-do-cabo\/","og_site_name":"Rota Rio","article_published_time":"2026-09-03T14:00:19+00:00","article_modified_time":"2026-09-03T14:00:26+00:00","og_image":[{"width":827,"height":751,"url":"https:\/\/rotario.com.br\/site\/wp-content\/uploads\/2026\/09\/03-Foto-Caio-Danarim-3.jpg","type":"image\/jpeg"}],"author":"Galv\u00e3o","twitter_card":"summary_large_image","twitter_misc":{"Escrito por":"Galv\u00e3o","Est. tempo de leitura":"2 minutos"},"schema":{"@context":"https:\/\/schema.org","@graph":[{"@type":"Article","@id":"https:\/\/rotario.com.br\/site\/exposicao-valoriza-a-historia-das-rendeiras-de-arraial-do-cabo\/#article","isPartOf":{"@id":"https:\/\/rotario.com.br\/site\/exposicao-valoriza-a-historia-das-rendeiras-de-arraial-do-cabo\/"},"author":{"name":"Galv\u00e3o","@id":"https:\/\/rotario.com.br\/site\/#\/schema\/person\/fd89bbbf4136f7e8a21e0dd67b8a66c7"},"headline":"Exposi\u00e7\u00e3o valoriza a hist\u00f3ria das rendeiras de Arraial do Cabo","datePublished":"2026-09-03T14:00:19+00:00","dateModified":"2026-09-03T14:00:26+00:00","mainEntityOfPage":{"@id":"https:\/\/rotario.com.br\/site\/exposicao-valoriza-a-historia-das-rendeiras-de-arraial-do-cabo\/"},"wordCount":260,"commentCount":0,"publisher":{"@id":"https:\/\/rotario.com.br\/site\/#organization"},"image":{"@id":"https:\/\/rotario.com.br\/site\/exposicao-valoriza-a-historia-das-rendeiras-de-arraial-do-cabo\/#primaryimage"},"thumbnailUrl":"https:\/\/rotario.com.br\/site\/wp-content\/uploads\/2026\/09\/03-Foto-Caio-Danarim-3.jpg","keywords":["Arraial do Cabo","artesanato","cultura popular","Dona T\u00f3lia","Festival Marearte","mulheres rendeiras","patrim\u00f4nio imaterial","Regi\u00e3o dos Lagos","renda de bilro","tradi\u00e7\u00e3o cultural"],"articleSection":["Arraial do Cabo"],"inLanguage":"pt-BR","potentialAction":[{"@type":"CommentAction","name":"Comment","target":["https:\/\/rotario.com.br\/site\/exposicao-valoriza-a-historia-das-rendeiras-de-arraial-do-cabo\/#respond"]}]},{"@type":"WebPage","@id":"https:\/\/rotario.com.br\/site\/exposicao-valoriza-a-historia-das-rendeiras-de-arraial-do-cabo\/","url":"https:\/\/rotario.com.br\/site\/exposicao-valoriza-a-historia-das-rendeiras-de-arraial-do-cabo\/","name":"Exposi\u00e7\u00e3o valoriza a hist\u00f3ria das rendeiras de Arraial do Cabo - Rota Rio","isPartOf":{"@id":"https:\/\/rotario.com.br\/site\/#website"},"primaryImageOfPage":{"@id":"https:\/\/rotario.com.br\/site\/exposicao-valoriza-a-historia-das-rendeiras-de-arraial-do-cabo\/#primaryimage"},"image":{"@id":"https:\/\/rotario.com.br\/site\/exposicao-valoriza-a-historia-das-rendeiras-de-arraial-do-cabo\/#primaryimage"},"thumbnailUrl":"https:\/\/rotario.com.br\/site\/wp-content\/uploads\/2026\/09\/03-Foto-Caio-Danarim-3.jpg","datePublished":"2026-09-03T14:00:19+00:00","dateModified":"2026-09-03T14:00:26+00:00","breadcrumb":{"@id":"https:\/\/rotario.com.br\/site\/exposicao-valoriza-a-historia-das-rendeiras-de-arraial-do-cabo\/#breadcrumb"},"inLanguage":"pt-BR","potentialAction":[{"@type":"ReadAction","target":["https:\/\/rotario.com.br\/site\/exposicao-valoriza-a-historia-das-rendeiras-de-arraial-do-cabo\/"]}]},{"@type":"ImageObject","inLanguage":"pt-BR","@id":"https:\/\/rotario.com.br\/site\/exposicao-valoriza-a-historia-das-rendeiras-de-arraial-do-cabo\/#primaryimage","url":"https:\/\/rotario.com.br\/site\/wp-content\/uploads\/2026\/09\/03-Foto-Caio-Danarim-3.jpg","contentUrl":"https:\/\/rotario.com.br\/site\/wp-content\/uploads\/2026\/09\/03-Foto-Caio-Danarim-3.jpg","width":827,"height":751},{"@type":"BreadcrumbList","@id":"https:\/\/rotario.com.br\/site\/exposicao-valoriza-a-historia-das-rendeiras-de-arraial-do-cabo\/#breadcrumb","itemListElement":[{"@type":"ListItem","position":1,"name":"In\u00edcio","item":"https:\/\/rotario.com.br\/site\/"},{"@type":"ListItem","position":2,"name":"Exposi\u00e7\u00e3o valoriza a hist\u00f3ria das rendeiras de Arraial do Cabo"}]},{"@type":"WebSite","@id":"https:\/\/rotario.com.br\/site\/#website","url":"https:\/\/rotario.com.br\/site\/","name":"Rota Rio","description":"Aqui, o Rio de Janeiro \u00e9 a pauta!","publisher":{"@id":"https:\/\/rotario.com.br\/site\/#organization"},"potentialAction":[{"@type":"SearchAction","target":{"@type":"EntryPoint","urlTemplate":"https:\/\/rotario.com.br\/site\/?s={search_term_string}"},"query-input":{"@type":"PropertyValueSpecification","valueRequired":true,"valueName":"search_term_string"}}],"inLanguage":"pt-BR"},{"@type":"Organization","@id":"https:\/\/rotario.com.br\/site\/#organization","name":"Rota Rio","url":"https:\/\/rotario.com.br\/site\/","logo":{"@type":"ImageObject","inLanguage":"pt-BR","@id":"https:\/\/rotario.com.br\/site\/#\/schema\/logo\/image\/","url":"https:\/\/rotario.com.br\/site\/wp-content\/uploads\/2022\/04\/cropped-ROTARIO-LOGO-Prancheta-1-1-2048x654-1.png","contentUrl":"https:\/\/rotario.com.br\/site\/wp-content\/uploads\/2022\/04\/cropped-ROTARIO-LOGO-Prancheta-1-1-2048x654-1.png","width":2048,"height":654,"caption":"Rota Rio"},"image":{"@id":"https:\/\/rotario.com.br\/site\/#\/schema\/logo\/image\/"}},{"@type":"Person","@id":"https:\/\/rotario.com.br\/site\/#\/schema\/person\/fd89bbbf4136f7e8a21e0dd67b8a66c7","name":"Galv\u00e3o","url":"https:\/\/rotario.com.br\/site\/author\/daniel\/"}]}},"_links":{"self":[{"href":"https:\/\/rotario.com.br\/site\/wp-json\/wp\/v2\/posts\/38710","targetHints":{"allow":["GET"]}}],"collection":[{"href":"https:\/\/rotario.com.br\/site\/wp-json\/wp\/v2\/posts"}],"about":[{"href":"https:\/\/rotario.com.br\/site\/wp-json\/wp\/v2\/types\/post"}],"author":[{"embeddable":true,"href":"https:\/\/rotario.com.br\/site\/wp-json\/wp\/v2\/users\/2"}],"replies":[{"embeddable":true,"href":"https:\/\/rotario.com.br\/site\/wp-json\/wp\/v2\/comments?post=38710"}],"version-history":[{"count":1,"href":"https:\/\/rotario.com.br\/site\/wp-json\/wp\/v2\/posts\/38710\/revisions"}],"predecessor-version":[{"id":38712,"href":"https:\/\/rotario.com.br\/site\/wp-json\/wp\/v2\/posts\/38710\/revisions\/38712"}],"wp:featuredmedia":[{"embeddable":true,"href":"https:\/\/rotario.com.br\/site\/wp-json\/wp\/v2\/media\/38711"}],"wp:attachment":[{"href":"https:\/\/rotario.com.br\/site\/wp-json\/wp\/v2\/media?parent=38710"}],"wp:term":[{"taxonomy":"category","embeddable":true,"href":"https:\/\/rotario.com.br\/site\/wp-json\/wp\/v2\/categories?post=38710"},{"taxonomy":"post_tag","embeddable":true,"href":"https:\/\/rotario.com.br\/site\/wp-json\/wp\/v2\/tags?post=38710"}],"curies":[{"name":"wp","href":"https:\/\/api.w.org\/{rel}","templated":true}]}}