{"id":38716,"date":"2026-09-03T13:54:40","date_gmt":"2026-09-03T16:54:40","guid":{"rendered":"https:\/\/rotario.com.br\/site\/?p=38716"},"modified":"2026-09-03T13:54:44","modified_gmt":"2026-09-03T16:54:44","slug":"guarda-de-cabo-frio-aprende-com-especialistas-argentinos","status":"publish","type":"post","link":"https:\/\/rotario.com.br\/site\/guarda-de-cabo-frio-aprende-com-especialistas-argentinos\/","title":{"rendered":"Guarda de Cabo Frio aprende com especialistas argentinos"},"content":{"rendered":"\n<p>Tr\u00eas agentes da Guarda Civil Municipal de Cabo Frio foram habilitados para realizar a manuten\u00e7\u00e3o de primeiro escal\u00e3o dos equipamentos de menor potencial ofensivo utilizados pela corpora\u00e7\u00e3o. A capacita\u00e7\u00e3o t\u00e9cnica aconteceu nesta ter\u00e7a-feira (1\u00ba), no audit\u00f3rio da sede da Guarda, e foi ministrada por especialistas da fabricante Byrna.<\/p>\n\n\n\n<p>A forma\u00e7\u00e3o contou com a participa\u00e7\u00e3o do gerente da Byrna Brasil, G\u00e9rson Miranda, e dos especialistas argentinos Fernando Novillo e Diego Zacharewicz, que vieram de C\u00f3rdoba para compartilhar conhecimentos com os agentes. Durante as atividades pr\u00e1ticas, foram apresentados os procedimentos de desmontagem, limpeza e montagem dos modelos SD e Mission 4.<\/p>\n\n\n\n<p>Ao final do treinamento, receberam a habilita\u00e7\u00e3o o inspetor s\u00eanior Leonardo Thim\u00f3teo, o inspetor-adjunto Raphael Peixoto e o GCM de 2\u00aa classe Thiago Abreu. A qualifica\u00e7\u00e3o permitir\u00e1 que parte da manuten\u00e7\u00e3o seja realizada pela pr\u00f3pria corpora\u00e7\u00e3o em Cabo Frio, contribuindo para a conserva\u00e7\u00e3o e o funcionamento adequado dos equipamentos adquiridos recentemente. A atividade tamb\u00e9m foi acompanhada por representantes do comando da Guarda Civil Municipal e da gest\u00e3o da seguran\u00e7a p\u00fablica.\u00a0\u00a0   <\/p>\n\n\n\n<p>       <\/p>\n\n\n\n<p>Foto: Cogecom      <\/p>\n","protected":false},"excerpt":{"rendered":"<p>Tr\u00eas agentes da Guarda Civil Municipal de Cabo Frio foram habilitados para realizar a manuten\u00e7\u00e3o de primeiro escal\u00e3o dos equipamentos de menor potencial ofensivo utilizados pela corpora\u00e7\u00e3o. A capacita\u00e7\u00e3o t\u00e9cnica aconteceu nesta ter\u00e7a-feira (1\u00ba), no audit\u00f3rio da sede da Guarda, e foi ministrada por especialistas da fabricante Byrna. A forma\u00e7\u00e3o contou com a participa\u00e7\u00e3o do [&hellip;]<\/p>\n","protected":false},"author":2,"featured_media":38717,"comment_status":"open","ping_status":"closed","sticky":false,"template":"","format":"standard","meta":{"footnotes":""},"categories":[31],"tags":[4448,309,4451,4449,3256,4450,763,3678],"class_list":["post-38716","post","type-post","status-publish","format-standard","has-post-thumbnail","hentry","category-cabo-frio","tag-byrna","tag-cabo-frio","tag-capacitacao-tecnica","tag-especialistas-argentinos","tag-guarda-civil-municipal","tag-manutencao-de-equipamentos","tag-seguranca-publica","tag-treinamento"],"yoast_head":"<!-- This site is optimized with the Yoast SEO plugin v26.5 - https:\/\/yoast.com\/wordpress\/plugins\/seo\/ -->\n<title>Guarda de Cabo Frio aprende com especialistas argentinos - Rota Rio<\/title>\n<meta name=\"robots\" content=\"index, follow, max-snippet:-1, max-image-preview:large, max-video-preview:-1\" \/>\n<link rel=\"canonical\" href=\"https:\/\/rotario.com.br\/site\/guarda-de-cabo-frio-aprende-com-especialistas-argentinos\/\" \/>\n<meta property=\"og:locale\" content=\"pt_BR\" \/>\n<meta property=\"og:type\" content=\"article\" \/>\n<meta property=\"og:title\" content=\"Guarda de Cabo Frio aprende com especialistas argentinos - Rota Rio\" \/>\n<meta property=\"og:description\" content=\"Tr\u00eas agentes da Guarda Civil Municipal de Cabo Frio foram habilitados para realizar a manuten\u00e7\u00e3o de primeiro escal\u00e3o dos equipamentos de menor potencial ofensivo utilizados pela corpora\u00e7\u00e3o. A capacita\u00e7\u00e3o t\u00e9cnica aconteceu nesta ter\u00e7a-feira (1\u00ba), no audit\u00f3rio da sede da Guarda, e foi ministrada por especialistas da fabricante Byrna. A forma\u00e7\u00e3o contou com a participa\u00e7\u00e3o do [&hellip;]\" \/>\n<meta property=\"og:url\" content=\"https:\/\/rotario.com.br\/site\/guarda-de-cabo-frio-aprende-com-especialistas-argentinos\/\" \/>\n<meta property=\"og:site_name\" content=\"Rota Rio\" \/>\n<meta property=\"article:published_time\" content=\"2026-09-03T16:54:40+00:00\" \/>\n<meta property=\"article:modified_time\" content=\"2026-09-03T16:54:44+00:00\" \/>\n<meta property=\"og:image\" content=\"https:\/\/rotario.com.br\/site\/wp-content\/uploads\/2026\/09\/05-Foto-Cogecom-3.jpg\" \/>\n\t<meta property=\"og:image:width\" content=\"819\" \/>\n\t<meta property=\"og:image:height\" content=\"744\" \/>\n\t<meta property=\"og:image:type\" content=\"image\/jpeg\" \/>\n<meta name=\"author\" content=\"Galv\u00e3o\" \/>\n<meta name=\"twitter:card\" content=\"summary_large_image\" \/>\n<meta name=\"twitter:label1\" content=\"Escrito por\" \/>\n\t<meta name=\"twitter:data1\" content=\"Galv\u00e3o\" \/>\n\t<meta name=\"twitter:label2\" content=\"Est. tempo de leitura\" \/>\n\t<meta name=\"twitter:data2\" content=\"2 minutos\" \/>\n<script type=\"application\/ld+json\" class=\"yoast-schema-graph\">{\"@context\":\"https:\/\/schema.org\",\"@graph\":[{\"@type\":\"Article\",\"@id\":\"https:\/\/rotario.com.br\/site\/guarda-de-cabo-frio-aprende-com-especialistas-argentinos\/#article\",\"isPartOf\":{\"@id\":\"https:\/\/rotario.com.br\/site\/guarda-de-cabo-frio-aprende-com-especialistas-argentinos\/\"},\"author\":{\"name\":\"Galv\u00e3o\",\"@id\":\"https:\/\/rotario.com.br\/site\/#\/schema\/person\/fd89bbbf4136f7e8a21e0dd67b8a66c7\"},\"headline\":\"Guarda de Cabo Frio aprende com especialistas argentinos\",\"datePublished\":\"2026-09-03T16:54:40+00:00\",\"dateModified\":\"2026-09-03T16:54:44+00:00\",\"mainEntityOfPage\":{\"@id\":\"https:\/\/rotario.com.br\/site\/guarda-de-cabo-frio-aprende-com-especialistas-argentinos\/\"},\"wordCount\":201,\"commentCount\":0,\"publisher\":{\"@id\":\"https:\/\/rotario.com.br\/site\/#organization\"},\"image\":{\"@id\":\"https:\/\/rotario.com.br\/site\/guarda-de-cabo-frio-aprende-com-especialistas-argentinos\/#primaryimage\"},\"thumbnailUrl\":\"https:\/\/rotario.com.br\/site\/wp-content\/uploads\/2026\/09\/05-Foto-Cogecom-3.jpg\",\"keywords\":[\"Byrna\",\"Cabo Frio\",\"capacita\u00e7\u00e3o t\u00e9cnica\",\"especialistas argentinos\",\"Guarda Civil Municipal\",\"manuten\u00e7\u00e3o de equipamentos\",\"Seguran\u00e7a P\u00fablica\",\"treinamento\"],\"articleSection\":[\"Cabo Frio\"],\"inLanguage\":\"pt-BR\",\"potentialAction\":[{\"@type\":\"CommentAction\",\"name\":\"Comment\",\"target\":[\"https:\/\/rotario.com.br\/site\/guarda-de-cabo-frio-aprende-com-especialistas-argentinos\/#respond\"]}]},{\"@type\":\"WebPage\",\"@id\":\"https:\/\/rotario.com.br\/site\/guarda-de-cabo-frio-aprende-com-especialistas-argentinos\/\",\"url\":\"https:\/\/rotario.com.br\/site\/guarda-de-cabo-frio-aprende-com-especialistas-argentinos\/\",\"name\":\"Guarda de Cabo Frio aprende com especialistas argentinos - Rota Rio\",\"isPartOf\":{\"@id\":\"https:\/\/rotario.com.br\/site\/#website\"},\"primaryImageOfPage\":{\"@id\":\"https:\/\/rotario.com.br\/site\/guarda-de-cabo-frio-aprende-com-especialistas-argentinos\/#primaryimage\"},\"image\":{\"@id\":\"https:\/\/rotario.com.br\/site\/guarda-de-cabo-frio-aprende-com-especialistas-argentinos\/#primaryimage\"},\"thumbnailUrl\":\"https:\/\/rotario.com.br\/site\/wp-content\/uploads\/2026\/09\/05-Foto-Cogecom-3.jpg\",\"datePublished\":\"2026-09-03T16:54:40+00:00\",\"dateModified\":\"2026-09-03T16:54:44+00:00\",\"breadcrumb\":{\"@id\":\"https:\/\/rotario.com.br\/site\/guarda-de-cabo-frio-aprende-com-especialistas-argentinos\/#breadcrumb\"},\"inLanguage\":\"pt-BR\",\"potentialAction\":[{\"@type\":\"ReadAction\",\"target\":[\"https:\/\/rotario.com.br\/site\/guarda-de-cabo-frio-aprende-com-especialistas-argentinos\/\"]}]},{\"@type\":\"ImageObject\",\"inLanguage\":\"pt-BR\",\"@id\":\"https:\/\/rotario.com.br\/site\/guarda-de-cabo-frio-aprende-com-especialistas-argentinos\/#primaryimage\",\"url\":\"https:\/\/rotario.com.br\/site\/wp-content\/uploads\/2026\/09\/05-Foto-Cogecom-3.jpg\",\"contentUrl\":\"https:\/\/rotario.com.br\/site\/wp-content\/uploads\/2026\/09\/05-Foto-Cogecom-3.jpg\",\"width\":819,\"height\":744},{\"@type\":\"BreadcrumbList\",\"@id\":\"https:\/\/rotario.com.br\/site\/guarda-de-cabo-frio-aprende-com-especialistas-argentinos\/#breadcrumb\",\"itemListElement\":[{\"@type\":\"ListItem\",\"position\":1,\"name\":\"In\u00edcio\",\"item\":\"https:\/\/rotario.com.br\/site\/\"},{\"@type\":\"ListItem\",\"position\":2,\"name\":\"Guarda de Cabo Frio aprende com especialistas argentinos\"}]},{\"@type\":\"WebSite\",\"@id\":\"https:\/\/rotario.com.br\/site\/#website\",\"url\":\"https:\/\/rotario.com.br\/site\/\",\"name\":\"Rota Rio\",\"description\":\"Aqui, o Rio de Janeiro \u00e9 a pauta!\",\"publisher\":{\"@id\":\"https:\/\/rotario.com.br\/site\/#organization\"},\"potentialAction\":[{\"@type\":\"SearchAction\",\"target\":{\"@type\":\"EntryPoint\",\"urlTemplate\":\"https:\/\/rotario.com.br\/site\/?s={search_term_string}\"},\"query-input\":{\"@type\":\"PropertyValueSpecification\",\"valueRequired\":true,\"valueName\":\"search_term_string\"}}],\"inLanguage\":\"pt-BR\"},{\"@type\":\"Organization\",\"@id\":\"https:\/\/rotario.com.br\/site\/#organization\",\"name\":\"Rota Rio\",\"url\":\"https:\/\/rotario.com.br\/site\/\",\"logo\":{\"@type\":\"ImageObject\",\"inLanguage\":\"pt-BR\",\"@id\":\"https:\/\/rotario.com.br\/site\/#\/schema\/logo\/image\/\",\"url\":\"https:\/\/rotario.com.br\/site\/wp-content\/uploads\/2022\/04\/cropped-ROTARIO-LOGO-Prancheta-1-1-2048x654-1.png\",\"contentUrl\":\"https:\/\/rotario.com.br\/site\/wp-content\/uploads\/2022\/04\/cropped-ROTARIO-LOGO-Prancheta-1-1-2048x654-1.png\",\"width\":2048,\"height\":654,\"caption\":\"Rota Rio\"},\"image\":{\"@id\":\"https:\/\/rotario.com.br\/site\/#\/schema\/logo\/image\/\"}},{\"@type\":\"Person\",\"@id\":\"https:\/\/rotario.com.br\/site\/#\/schema\/person\/fd89bbbf4136f7e8a21e0dd67b8a66c7\",\"name\":\"Galv\u00e3o\",\"url\":\"https:\/\/rotario.com.br\/site\/author\/daniel\/\"}]}<\/script>\n<!-- \/ Yoast SEO plugin. -->","yoast_head_json":{"title":"Guarda de Cabo Frio aprende com especialistas argentinos - Rota Rio","robots":{"index":"index","follow":"follow","max-snippet":"max-snippet:-1","max-image-preview":"max-image-preview:large","max-video-preview":"max-video-preview:-1"},"canonical":"https:\/\/rotario.com.br\/site\/guarda-de-cabo-frio-aprende-com-especialistas-argentinos\/","og_locale":"pt_BR","og_type":"article","og_title":"Guarda de Cabo Frio aprende com especialistas argentinos - Rota Rio","og_description":"Tr\u00eas agentes da Guarda Civil Municipal de Cabo Frio foram habilitados para realizar a manuten\u00e7\u00e3o de primeiro escal\u00e3o dos equipamentos de menor potencial ofensivo utilizados pela corpora\u00e7\u00e3o. A capacita\u00e7\u00e3o t\u00e9cnica aconteceu nesta ter\u00e7a-feira (1\u00ba), no audit\u00f3rio da sede da Guarda, e foi ministrada por especialistas da fabricante Byrna. A forma\u00e7\u00e3o contou com a participa\u00e7\u00e3o do [&hellip;]","og_url":"https:\/\/rotario.com.br\/site\/guarda-de-cabo-frio-aprende-com-especialistas-argentinos\/","og_site_name":"Rota Rio","article_published_time":"2026-09-03T16:54:40+00:00","article_modified_time":"2026-09-03T16:54:44+00:00","og_image":[{"width":819,"height":744,"url":"https:\/\/rotario.com.br\/site\/wp-content\/uploads\/2026\/09\/05-Foto-Cogecom-3.jpg","type":"image\/jpeg"}],"author":"Galv\u00e3o","twitter_card":"summary_large_image","twitter_misc":{"Escrito por":"Galv\u00e3o","Est. tempo de leitura":"2 minutos"},"schema":{"@context":"https:\/\/schema.org","@graph":[{"@type":"Article","@id":"https:\/\/rotario.com.br\/site\/guarda-de-cabo-frio-aprende-com-especialistas-argentinos\/#article","isPartOf":{"@id":"https:\/\/rotario.com.br\/site\/guarda-de-cabo-frio-aprende-com-especialistas-argentinos\/"},"author":{"name":"Galv\u00e3o","@id":"https:\/\/rotario.com.br\/site\/#\/schema\/person\/fd89bbbf4136f7e8a21e0dd67b8a66c7"},"headline":"Guarda de Cabo Frio aprende com especialistas argentinos","datePublished":"2026-09-03T16:54:40+00:00","dateModified":"2026-09-03T16:54:44+00:00","mainEntityOfPage":{"@id":"https:\/\/rotario.com.br\/site\/guarda-de-cabo-frio-aprende-com-especialistas-argentinos\/"},"wordCount":201,"commentCount":0,"publisher":{"@id":"https:\/\/rotario.com.br\/site\/#organization"},"image":{"@id":"https:\/\/rotario.com.br\/site\/guarda-de-cabo-frio-aprende-com-especialistas-argentinos\/#primaryimage"},"thumbnailUrl":"https:\/\/rotario.com.br\/site\/wp-content\/uploads\/2026\/09\/05-Foto-Cogecom-3.jpg","keywords":["Byrna","Cabo Frio","capacita\u00e7\u00e3o t\u00e9cnica","especialistas argentinos","Guarda Civil Municipal","manuten\u00e7\u00e3o de equipamentos","Seguran\u00e7a P\u00fablica","treinamento"],"articleSection":["Cabo Frio"],"inLanguage":"pt-BR","potentialAction":[{"@type":"CommentAction","name":"Comment","target":["https:\/\/rotario.com.br\/site\/guarda-de-cabo-frio-aprende-com-especialistas-argentinos\/#respond"]}]},{"@type":"WebPage","@id":"https:\/\/rotario.com.br\/site\/guarda-de-cabo-frio-aprende-com-especialistas-argentinos\/","url":"https:\/\/rotario.com.br\/site\/guarda-de-cabo-frio-aprende-com-especialistas-argentinos\/","name":"Guarda de Cabo Frio aprende com especialistas argentinos - Rota Rio","isPartOf":{"@id":"https:\/\/rotario.com.br\/site\/#website"},"primaryImageOfPage":{"@id":"https:\/\/rotario.com.br\/site\/guarda-de-cabo-frio-aprende-com-especialistas-argentinos\/#primaryimage"},"image":{"@id":"https:\/\/rotario.com.br\/site\/guarda-de-cabo-frio-aprende-com-especialistas-argentinos\/#primaryimage"},"thumbnailUrl":"https:\/\/rotario.com.br\/site\/wp-content\/uploads\/2026\/09\/05-Foto-Cogecom-3.jpg","datePublished":"2026-09-03T16:54:40+00:00","dateModified":"2026-09-03T16:54:44+00:00","breadcrumb":{"@id":"https:\/\/rotario.com.br\/site\/guarda-de-cabo-frio-aprende-com-especialistas-argentinos\/#breadcrumb"},"inLanguage":"pt-BR","potentialAction":[{"@type":"ReadAction","target":["https:\/\/rotario.com.br\/site\/guarda-de-cabo-frio-aprende-com-especialistas-argentinos\/"]}]},{"@type":"ImageObject","inLanguage":"pt-BR","@id":"https:\/\/rotario.com.br\/site\/guarda-de-cabo-frio-aprende-com-especialistas-argentinos\/#primaryimage","url":"https:\/\/rotario.com.br\/site\/wp-content\/uploads\/2026\/09\/05-Foto-Cogecom-3.jpg","contentUrl":"https:\/\/rotario.com.br\/site\/wp-content\/uploads\/2026\/09\/05-Foto-Cogecom-3.jpg","width":819,"height":744},{"@type":"BreadcrumbList","@id":"https:\/\/rotario.com.br\/site\/guarda-de-cabo-frio-aprende-com-especialistas-argentinos\/#breadcrumb","itemListElement":[{"@type":"ListItem","position":1,"name":"In\u00edcio","item":"https:\/\/rotario.com.br\/site\/"},{"@type":"ListItem","position":2,"name":"Guarda de Cabo Frio aprende com especialistas argentinos"}]},{"@type":"WebSite","@id":"https:\/\/rotario.com.br\/site\/#website","url":"https:\/\/rotario.com.br\/site\/","name":"Rota Rio","description":"Aqui, o Rio de Janeiro \u00e9 a pauta!","publisher":{"@id":"https:\/\/rotario.com.br\/site\/#organization"},"potentialAction":[{"@type":"SearchAction","target":{"@type":"EntryPoint","urlTemplate":"https:\/\/rotario.com.br\/site\/?s={search_term_string}"},"query-input":{"@type":"PropertyValueSpecification","valueRequired":true,"valueName":"search_term_string"}}],"inLanguage":"pt-BR"},{"@type":"Organization","@id":"https:\/\/rotario.com.br\/site\/#organization","name":"Rota Rio","url":"https:\/\/rotario.com.br\/site\/","logo":{"@type":"ImageObject","inLanguage":"pt-BR","@id":"https:\/\/rotario.com.br\/site\/#\/schema\/logo\/image\/","url":"https:\/\/rotario.com.br\/site\/wp-content\/uploads\/2022\/04\/cropped-ROTARIO-LOGO-Prancheta-1-1-2048x654-1.png","contentUrl":"https:\/\/rotario.com.br\/site\/wp-content\/uploads\/2022\/04\/cropped-ROTARIO-LOGO-Prancheta-1-1-2048x654-1.png","width":2048,"height":654,"caption":"Rota Rio"},"image":{"@id":"https:\/\/rotario.com.br\/site\/#\/schema\/logo\/image\/"}},{"@type":"Person","@id":"https:\/\/rotario.com.br\/site\/#\/schema\/person\/fd89bbbf4136f7e8a21e0dd67b8a66c7","name":"Galv\u00e3o","url":"https:\/\/rotario.com.br\/site\/author\/daniel\/"}]}},"_links":{"self":[{"href":"https:\/\/rotario.com.br\/site\/wp-json\/wp\/v2\/posts\/38716","targetHints":{"allow":["GET"]}}],"collection":[{"href":"https:\/\/rotario.com.br\/site\/wp-json\/wp\/v2\/posts"}],"about":[{"href":"https:\/\/rotario.com.br\/site\/wp-json\/wp\/v2\/types\/post"}],"author":[{"embeddable":true,"href":"https:\/\/rotario.com.br\/site\/wp-json\/wp\/v2\/users\/2"}],"replies":[{"embeddable":true,"href":"https:\/\/rotario.com.br\/site\/wp-json\/wp\/v2\/comments?post=38716"}],"version-history":[{"count":1,"href":"https:\/\/rotario.com.br\/site\/wp-json\/wp\/v2\/posts\/38716\/revisions"}],"predecessor-version":[{"id":38719,"href":"https:\/\/rotario.com.br\/site\/wp-json\/wp\/v2\/posts\/38716\/revisions\/38719"}],"wp:featuredmedia":[{"embeddable":true,"href":"https:\/\/rotario.com.br\/site\/wp-json\/wp\/v2\/media\/38717"}],"wp:attachment":[{"href":"https:\/\/rotario.com.br\/site\/wp-json\/wp\/v2\/media?parent=38716"}],"wp:term":[{"taxonomy":"category","embeddable":true,"href":"https:\/\/rotario.com.br\/site\/wp-json\/wp\/v2\/categories?post=38716"},{"taxonomy":"post_tag","embeddable":true,"href":"https:\/\/rotario.com.br\/site\/wp-json\/wp\/v2\/tags?post=38716"}],"curies":[{"name":"wp","href":"https:\/\/api.w.org\/{rel}","templated":true}]}}