{"id":38738,"date":"2026-09-04T11:55:17","date_gmt":"2026-09-04T14:55:17","guid":{"rendered":"https:\/\/rotario.com.br\/site\/?p=38738"},"modified":"2026-09-04T11:55:33","modified_gmt":"2026-09-04T14:55:33","slug":"arraial-do-cabo-avanca-na-inclusao-produtiva","status":"publish","type":"post","link":"https:\/\/rotario.com.br\/site\/arraial-do-cabo-avanca-na-inclusao-produtiva\/","title":{"rendered":"Arraial do Cabo avan\u00e7a na inclus\u00e3o produtiva"},"content":{"rendered":"\n<p>Arraial do Cabo iniciou, nesta quarta-feira (2), a elabora\u00e7\u00e3o do Diagn\u00f3stico da Inclus\u00e3o Socioprodutiva do munic\u00edpio. Desenvolvida em parceria com o Sebrae RJ, a iniciativa pretende identificar potencialidades, desafios e oportunidades no territ\u00f3rio, criando estrat\u00e9gias para ampliar o acesso ao trabalho, \u00e0 gera\u00e7\u00e3o de renda e \u00e0 autonomia entre pessoas em situa\u00e7\u00e3o de vulnerabilidade social.<\/p>\n\n\n\n<p>O primeiro encontro reuniu gestores, diretores, coordenadores e profissionais de diferentes \u00e1reas da Secretaria de Desenvolvimento Social, Trabalho, Renda e Direitos Humanos. Participaram representantes dos setores de Trabalho e Renda, Prote\u00e7\u00e3o Social B\u00e1sica e Especial, Direitos Humanos, Vigil\u00e2ncia Socioassistencial e Juventude, al\u00e9m de equipamentos e programas municipais. A atividade tamb\u00e9m contou com a presen\u00e7a da coordena\u00e7\u00e3o estadual do Projeto Inclus\u00e3o Produtiva e Empreendedorismo Social.<\/p>\n\n\n\n<p>Com base nas informa\u00e7\u00f5es reunidas de maneira participativa, o munic\u00edpio e o Sebrae RJ v\u00e3o elaborar um plano de a\u00e7\u00e3o que incluir\u00e1 consultorias, capacita\u00e7\u00f5es e interven\u00e7\u00f5es gratuitas voltadas aos profissionais e usu\u00e1rios dos servi\u00e7os. Articulado h\u00e1 quase um ano pela Diretoria de Trabalho e Renda, o projeto busca estabelecer uma pol\u00edtica permanente de inclus\u00e3o produtiva, conectando as necessidades das fam\u00edlias \u00e0s oportunidades locais e contribuindo para o desenvolvimento econ\u00f4mico e social de Arraial do Cabo.&nbsp;&nbsp;&nbsp;<\/p>\n","protected":false},"excerpt":{"rendered":"<p>Arraial do Cabo iniciou, nesta quarta-feira (2), a elabora\u00e7\u00e3o do Diagn\u00f3stico da Inclus\u00e3o Socioprodutiva do munic\u00edpio. Desenvolvida em parceria com o Sebrae RJ, a iniciativa pretende identificar potencialidades, desafios e oportunidades no territ\u00f3rio, criando estrat\u00e9gias para ampliar o acesso ao trabalho, \u00e0 gera\u00e7\u00e3o de renda e \u00e0 autonomia entre pessoas em situa\u00e7\u00e3o de vulnerabilidade social. [&hellip;]<\/p>\n","protected":false},"author":2,"featured_media":38739,"comment_status":"open","ping_status":"closed","sticky":false,"template":"","format":"standard","meta":{"footnotes":""},"categories":[114],"tags":[],"class_list":["post-38738","post","type-post","status-publish","format-standard","has-post-thumbnail","hentry","category-arraial-do-cabo-costa-do-sol"],"yoast_head":"<!-- This site is optimized with the Yoast SEO plugin v26.5 - https:\/\/yoast.com\/wordpress\/plugins\/seo\/ -->\n<title>Arraial do Cabo avan\u00e7a na inclus\u00e3o produtiva - Rota Rio<\/title>\n<meta name=\"robots\" content=\"index, follow, max-snippet:-1, max-image-preview:large, max-video-preview:-1\" \/>\n<link rel=\"canonical\" href=\"https:\/\/rotario.com.br\/site\/arraial-do-cabo-avanca-na-inclusao-produtiva\/\" \/>\n<meta property=\"og:locale\" content=\"pt_BR\" \/>\n<meta property=\"og:type\" content=\"article\" \/>\n<meta property=\"og:title\" content=\"Arraial do Cabo avan\u00e7a na inclus\u00e3o produtiva - Rota Rio\" \/>\n<meta property=\"og:description\" content=\"Arraial do Cabo iniciou, nesta quarta-feira (2), a elabora\u00e7\u00e3o do Diagn\u00f3stico da Inclus\u00e3o Socioprodutiva do munic\u00edpio. Desenvolvida em parceria com o Sebrae RJ, a iniciativa pretende identificar potencialidades, desafios e oportunidades no territ\u00f3rio, criando estrat\u00e9gias para ampliar o acesso ao trabalho, \u00e0 gera\u00e7\u00e3o de renda e \u00e0 autonomia entre pessoas em situa\u00e7\u00e3o de vulnerabilidade social. [&hellip;]\" \/>\n<meta property=\"og:url\" content=\"https:\/\/rotario.com.br\/site\/arraial-do-cabo-avanca-na-inclusao-produtiva\/\" \/>\n<meta property=\"og:site_name\" content=\"Rota Rio\" \/>\n<meta property=\"article:published_time\" content=\"2026-09-04T14:55:17+00:00\" \/>\n<meta property=\"article:modified_time\" content=\"2026-09-04T14:55:33+00:00\" \/>\n<meta property=\"og:image\" content=\"https:\/\/rotario.com.br\/site\/wp-content\/uploads\/2026\/09\/01-Arraial-do-Cabo-planeja-novas-oportunidades-de-trabalho-e-renda-2.jpg\" \/>\n\t<meta property=\"og:image:width\" content=\"1280\" \/>\n\t<meta property=\"og:image:height\" content=\"720\" \/>\n\t<meta property=\"og:image:type\" content=\"image\/jpeg\" \/>\n<meta name=\"author\" content=\"Galv\u00e3o\" \/>\n<meta name=\"twitter:card\" content=\"summary_large_image\" \/>\n<meta name=\"twitter:label1\" content=\"Escrito por\" \/>\n\t<meta name=\"twitter:data1\" content=\"Galv\u00e3o\" \/>\n\t<meta name=\"twitter:label2\" content=\"Est. tempo de leitura\" \/>\n\t<meta name=\"twitter:data2\" content=\"2 minutos\" \/>\n<script type=\"application\/ld+json\" class=\"yoast-schema-graph\">{\"@context\":\"https:\/\/schema.org\",\"@graph\":[{\"@type\":\"Article\",\"@id\":\"https:\/\/rotario.com.br\/site\/arraial-do-cabo-avanca-na-inclusao-produtiva\/#article\",\"isPartOf\":{\"@id\":\"https:\/\/rotario.com.br\/site\/arraial-do-cabo-avanca-na-inclusao-produtiva\/\"},\"author\":{\"name\":\"Galv\u00e3o\",\"@id\":\"https:\/\/rotario.com.br\/site\/#\/schema\/person\/fd89bbbf4136f7e8a21e0dd67b8a66c7\"},\"headline\":\"Arraial do Cabo avan\u00e7a na inclus\u00e3o produtiva\",\"datePublished\":\"2026-09-04T14:55:17+00:00\",\"dateModified\":\"2026-09-04T14:55:33+00:00\",\"mainEntityOfPage\":{\"@id\":\"https:\/\/rotario.com.br\/site\/arraial-do-cabo-avanca-na-inclusao-produtiva\/\"},\"wordCount\":231,\"commentCount\":0,\"publisher\":{\"@id\":\"https:\/\/rotario.com.br\/site\/#organization\"},\"image\":{\"@id\":\"https:\/\/rotario.com.br\/site\/arraial-do-cabo-avanca-na-inclusao-produtiva\/#primaryimage\"},\"thumbnailUrl\":\"https:\/\/rotario.com.br\/site\/wp-content\/uploads\/2026\/09\/01-Arraial-do-Cabo-planeja-novas-oportunidades-de-trabalho-e-renda-2.jpg\",\"articleSection\":[\"Arraial do Cabo\"],\"inLanguage\":\"pt-BR\",\"potentialAction\":[{\"@type\":\"CommentAction\",\"name\":\"Comment\",\"target\":[\"https:\/\/rotario.com.br\/site\/arraial-do-cabo-avanca-na-inclusao-produtiva\/#respond\"]}]},{\"@type\":\"WebPage\",\"@id\":\"https:\/\/rotario.com.br\/site\/arraial-do-cabo-avanca-na-inclusao-produtiva\/\",\"url\":\"https:\/\/rotario.com.br\/site\/arraial-do-cabo-avanca-na-inclusao-produtiva\/\",\"name\":\"Arraial do Cabo avan\u00e7a na inclus\u00e3o produtiva - Rota Rio\",\"isPartOf\":{\"@id\":\"https:\/\/rotario.com.br\/site\/#website\"},\"primaryImageOfPage\":{\"@id\":\"https:\/\/rotario.com.br\/site\/arraial-do-cabo-avanca-na-inclusao-produtiva\/#primaryimage\"},\"image\":{\"@id\":\"https:\/\/rotario.com.br\/site\/arraial-do-cabo-avanca-na-inclusao-produtiva\/#primaryimage\"},\"thumbnailUrl\":\"https:\/\/rotario.com.br\/site\/wp-content\/uploads\/2026\/09\/01-Arraial-do-Cabo-planeja-novas-oportunidades-de-trabalho-e-renda-2.jpg\",\"datePublished\":\"2026-09-04T14:55:17+00:00\",\"dateModified\":\"2026-09-04T14:55:33+00:00\",\"breadcrumb\":{\"@id\":\"https:\/\/rotario.com.br\/site\/arraial-do-cabo-avanca-na-inclusao-produtiva\/#breadcrumb\"},\"inLanguage\":\"pt-BR\",\"potentialAction\":[{\"@type\":\"ReadAction\",\"target\":[\"https:\/\/rotario.com.br\/site\/arraial-do-cabo-avanca-na-inclusao-produtiva\/\"]}]},{\"@type\":\"ImageObject\",\"inLanguage\":\"pt-BR\",\"@id\":\"https:\/\/rotario.com.br\/site\/arraial-do-cabo-avanca-na-inclusao-produtiva\/#primaryimage\",\"url\":\"https:\/\/rotario.com.br\/site\/wp-content\/uploads\/2026\/09\/01-Arraial-do-Cabo-planeja-novas-oportunidades-de-trabalho-e-renda-2.jpg\",\"contentUrl\":\"https:\/\/rotario.com.br\/site\/wp-content\/uploads\/2026\/09\/01-Arraial-do-Cabo-planeja-novas-oportunidades-de-trabalho-e-renda-2.jpg\",\"width\":1280,\"height\":720},{\"@type\":\"BreadcrumbList\",\"@id\":\"https:\/\/rotario.com.br\/site\/arraial-do-cabo-avanca-na-inclusao-produtiva\/#breadcrumb\",\"itemListElement\":[{\"@type\":\"ListItem\",\"position\":1,\"name\":\"In\u00edcio\",\"item\":\"https:\/\/rotario.com.br\/site\/\"},{\"@type\":\"ListItem\",\"position\":2,\"name\":\"Arraial do Cabo avan\u00e7a na inclus\u00e3o produtiva\"}]},{\"@type\":\"WebSite\",\"@id\":\"https:\/\/rotario.com.br\/site\/#website\",\"url\":\"https:\/\/rotario.com.br\/site\/\",\"name\":\"Rota Rio\",\"description\":\"Aqui, o Rio de Janeiro \u00e9 a pauta!\",\"publisher\":{\"@id\":\"https:\/\/rotario.com.br\/site\/#organization\"},\"potentialAction\":[{\"@type\":\"SearchAction\",\"target\":{\"@type\":\"EntryPoint\",\"urlTemplate\":\"https:\/\/rotario.com.br\/site\/?s={search_term_string}\"},\"query-input\":{\"@type\":\"PropertyValueSpecification\",\"valueRequired\":true,\"valueName\":\"search_term_string\"}}],\"inLanguage\":\"pt-BR\"},{\"@type\":\"Organization\",\"@id\":\"https:\/\/rotario.com.br\/site\/#organization\",\"name\":\"Rota Rio\",\"url\":\"https:\/\/rotario.com.br\/site\/\",\"logo\":{\"@type\":\"ImageObject\",\"inLanguage\":\"pt-BR\",\"@id\":\"https:\/\/rotario.com.br\/site\/#\/schema\/logo\/image\/\",\"url\":\"https:\/\/rotario.com.br\/site\/wp-content\/uploads\/2022\/04\/cropped-ROTARIO-LOGO-Prancheta-1-1-2048x654-1.png\",\"contentUrl\":\"https:\/\/rotario.com.br\/site\/wp-content\/uploads\/2022\/04\/cropped-ROTARIO-LOGO-Prancheta-1-1-2048x654-1.png\",\"width\":2048,\"height\":654,\"caption\":\"Rota Rio\"},\"image\":{\"@id\":\"https:\/\/rotario.com.br\/site\/#\/schema\/logo\/image\/\"}},{\"@type\":\"Person\",\"@id\":\"https:\/\/rotario.com.br\/site\/#\/schema\/person\/fd89bbbf4136f7e8a21e0dd67b8a66c7\",\"name\":\"Galv\u00e3o\",\"url\":\"https:\/\/rotario.com.br\/site\/author\/daniel\/\"}]}<\/script>\n<!-- \/ Yoast SEO plugin. -->","yoast_head_json":{"title":"Arraial do Cabo avan\u00e7a na inclus\u00e3o produtiva - Rota Rio","robots":{"index":"index","follow":"follow","max-snippet":"max-snippet:-1","max-image-preview":"max-image-preview:large","max-video-preview":"max-video-preview:-1"},"canonical":"https:\/\/rotario.com.br\/site\/arraial-do-cabo-avanca-na-inclusao-produtiva\/","og_locale":"pt_BR","og_type":"article","og_title":"Arraial do Cabo avan\u00e7a na inclus\u00e3o produtiva - Rota Rio","og_description":"Arraial do Cabo iniciou, nesta quarta-feira (2), a elabora\u00e7\u00e3o do Diagn\u00f3stico da Inclus\u00e3o Socioprodutiva do munic\u00edpio. Desenvolvida em parceria com o Sebrae RJ, a iniciativa pretende identificar potencialidades, desafios e oportunidades no territ\u00f3rio, criando estrat\u00e9gias para ampliar o acesso ao trabalho, \u00e0 gera\u00e7\u00e3o de renda e \u00e0 autonomia entre pessoas em situa\u00e7\u00e3o de vulnerabilidade social. [&hellip;]","og_url":"https:\/\/rotario.com.br\/site\/arraial-do-cabo-avanca-na-inclusao-produtiva\/","og_site_name":"Rota Rio","article_published_time":"2026-09-04T14:55:17+00:00","article_modified_time":"2026-09-04T14:55:33+00:00","og_image":[{"width":1280,"height":720,"url":"https:\/\/rotario.com.br\/site\/wp-content\/uploads\/2026\/09\/01-Arraial-do-Cabo-planeja-novas-oportunidades-de-trabalho-e-renda-2.jpg","type":"image\/jpeg"}],"author":"Galv\u00e3o","twitter_card":"summary_large_image","twitter_misc":{"Escrito por":"Galv\u00e3o","Est. tempo de leitura":"2 minutos"},"schema":{"@context":"https:\/\/schema.org","@graph":[{"@type":"Article","@id":"https:\/\/rotario.com.br\/site\/arraial-do-cabo-avanca-na-inclusao-produtiva\/#article","isPartOf":{"@id":"https:\/\/rotario.com.br\/site\/arraial-do-cabo-avanca-na-inclusao-produtiva\/"},"author":{"name":"Galv\u00e3o","@id":"https:\/\/rotario.com.br\/site\/#\/schema\/person\/fd89bbbf4136f7e8a21e0dd67b8a66c7"},"headline":"Arraial do Cabo avan\u00e7a na inclus\u00e3o produtiva","datePublished":"2026-09-04T14:55:17+00:00","dateModified":"2026-09-04T14:55:33+00:00","mainEntityOfPage":{"@id":"https:\/\/rotario.com.br\/site\/arraial-do-cabo-avanca-na-inclusao-produtiva\/"},"wordCount":231,"commentCount":0,"publisher":{"@id":"https:\/\/rotario.com.br\/site\/#organization"},"image":{"@id":"https:\/\/rotario.com.br\/site\/arraial-do-cabo-avanca-na-inclusao-produtiva\/#primaryimage"},"thumbnailUrl":"https:\/\/rotario.com.br\/site\/wp-content\/uploads\/2026\/09\/01-Arraial-do-Cabo-planeja-novas-oportunidades-de-trabalho-e-renda-2.jpg","articleSection":["Arraial do Cabo"],"inLanguage":"pt-BR","potentialAction":[{"@type":"CommentAction","name":"Comment","target":["https:\/\/rotario.com.br\/site\/arraial-do-cabo-avanca-na-inclusao-produtiva\/#respond"]}]},{"@type":"WebPage","@id":"https:\/\/rotario.com.br\/site\/arraial-do-cabo-avanca-na-inclusao-produtiva\/","url":"https:\/\/rotario.com.br\/site\/arraial-do-cabo-avanca-na-inclusao-produtiva\/","name":"Arraial do Cabo avan\u00e7a na inclus\u00e3o produtiva - Rota Rio","isPartOf":{"@id":"https:\/\/rotario.com.br\/site\/#website"},"primaryImageOfPage":{"@id":"https:\/\/rotario.com.br\/site\/arraial-do-cabo-avanca-na-inclusao-produtiva\/#primaryimage"},"image":{"@id":"https:\/\/rotario.com.br\/site\/arraial-do-cabo-avanca-na-inclusao-produtiva\/#primaryimage"},"thumbnailUrl":"https:\/\/rotario.com.br\/site\/wp-content\/uploads\/2026\/09\/01-Arraial-do-Cabo-planeja-novas-oportunidades-de-trabalho-e-renda-2.jpg","datePublished":"2026-09-04T14:55:17+00:00","dateModified":"2026-09-04T14:55:33+00:00","breadcrumb":{"@id":"https:\/\/rotario.com.br\/site\/arraial-do-cabo-avanca-na-inclusao-produtiva\/#breadcrumb"},"inLanguage":"pt-BR","potentialAction":[{"@type":"ReadAction","target":["https:\/\/rotario.com.br\/site\/arraial-do-cabo-avanca-na-inclusao-produtiva\/"]}]},{"@type":"ImageObject","inLanguage":"pt-BR","@id":"https:\/\/rotario.com.br\/site\/arraial-do-cabo-avanca-na-inclusao-produtiva\/#primaryimage","url":"https:\/\/rotario.com.br\/site\/wp-content\/uploads\/2026\/09\/01-Arraial-do-Cabo-planeja-novas-oportunidades-de-trabalho-e-renda-2.jpg","contentUrl":"https:\/\/rotario.com.br\/site\/wp-content\/uploads\/2026\/09\/01-Arraial-do-Cabo-planeja-novas-oportunidades-de-trabalho-e-renda-2.jpg","width":1280,"height":720},{"@type":"BreadcrumbList","@id":"https:\/\/rotario.com.br\/site\/arraial-do-cabo-avanca-na-inclusao-produtiva\/#breadcrumb","itemListElement":[{"@type":"ListItem","position":1,"name":"In\u00edcio","item":"https:\/\/rotario.com.br\/site\/"},{"@type":"ListItem","position":2,"name":"Arraial do Cabo avan\u00e7a na inclus\u00e3o produtiva"}]},{"@type":"WebSite","@id":"https:\/\/rotario.com.br\/site\/#website","url":"https:\/\/rotario.com.br\/site\/","name":"Rota Rio","description":"Aqui, o Rio de Janeiro \u00e9 a pauta!","publisher":{"@id":"https:\/\/rotario.com.br\/site\/#organization"},"potentialAction":[{"@type":"SearchAction","target":{"@type":"EntryPoint","urlTemplate":"https:\/\/rotario.com.br\/site\/?s={search_term_string}"},"query-input":{"@type":"PropertyValueSpecification","valueRequired":true,"valueName":"search_term_string"}}],"inLanguage":"pt-BR"},{"@type":"Organization","@id":"https:\/\/rotario.com.br\/site\/#organization","name":"Rota Rio","url":"https:\/\/rotario.com.br\/site\/","logo":{"@type":"ImageObject","inLanguage":"pt-BR","@id":"https:\/\/rotario.com.br\/site\/#\/schema\/logo\/image\/","url":"https:\/\/rotario.com.br\/site\/wp-content\/uploads\/2022\/04\/cropped-ROTARIO-LOGO-Prancheta-1-1-2048x654-1.png","contentUrl":"https:\/\/rotario.com.br\/site\/wp-content\/uploads\/2022\/04\/cropped-ROTARIO-LOGO-Prancheta-1-1-2048x654-1.png","width":2048,"height":654,"caption":"Rota Rio"},"image":{"@id":"https:\/\/rotario.com.br\/site\/#\/schema\/logo\/image\/"}},{"@type":"Person","@id":"https:\/\/rotario.com.br\/site\/#\/schema\/person\/fd89bbbf4136f7e8a21e0dd67b8a66c7","name":"Galv\u00e3o","url":"https:\/\/rotario.com.br\/site\/author\/daniel\/"}]}},"_links":{"self":[{"href":"https:\/\/rotario.com.br\/site\/wp-json\/wp\/v2\/posts\/38738","targetHints":{"allow":["GET"]}}],"collection":[{"href":"https:\/\/rotario.com.br\/site\/wp-json\/wp\/v2\/posts"}],"about":[{"href":"https:\/\/rotario.com.br\/site\/wp-json\/wp\/v2\/types\/post"}],"author":[{"embeddable":true,"href":"https:\/\/rotario.com.br\/site\/wp-json\/wp\/v2\/users\/2"}],"replies":[{"embeddable":true,"href":"https:\/\/rotario.com.br\/site\/wp-json\/wp\/v2\/comments?post=38738"}],"version-history":[{"count":2,"href":"https:\/\/rotario.com.br\/site\/wp-json\/wp\/v2\/posts\/38738\/revisions"}],"predecessor-version":[{"id":38741,"href":"https:\/\/rotario.com.br\/site\/wp-json\/wp\/v2\/posts\/38738\/revisions\/38741"}],"wp:featuredmedia":[{"embeddable":true,"href":"https:\/\/rotario.com.br\/site\/wp-json\/wp\/v2\/media\/38739"}],"wp:attachment":[{"href":"https:\/\/rotario.com.br\/site\/wp-json\/wp\/v2\/media?parent=38738"}],"wp:term":[{"taxonomy":"category","embeddable":true,"href":"https:\/\/rotario.com.br\/site\/wp-json\/wp\/v2\/categories?post=38738"},{"taxonomy":"post_tag","embeddable":true,"href":"https:\/\/rotario.com.br\/site\/wp-json\/wp\/v2\/tags?post=38738"}],"curies":[{"name":"wp","href":"https:\/\/api.w.org\/{rel}","templated":true}]}}