{"id":38742,"date":"2026-09-04T11:58:18","date_gmt":"2026-09-04T14:58:18","guid":{"rendered":"https:\/\/rotario.com.br\/site\/?p=38742"},"modified":"2026-09-04T11:58:29","modified_gmt":"2026-09-04T14:58:29","slug":"porto-do-forno-destina-area-para-operacao-temporaria-em-arraial-do-cabo","status":"publish","type":"post","link":"https:\/\/rotario.com.br\/site\/porto-do-forno-destina-area-para-operacao-temporaria-em-arraial-do-cabo\/","title":{"rendered":"Porto do Forno destina \u00e1rea para opera\u00e7\u00e3o tempor\u00e1ria em Arraial do Cabo"},"content":{"rendered":"\n<p>Uma \u00e1rea de cerca de 76 mil metros quadrados do Porto do Forno, em Arraial do Cabo, ser\u00e1 utilizada temporariamente pela Bio Brasilis Log\u00edstica, Projetos e Participa\u00e7\u00f5es Ltda. A ocupa\u00e7\u00e3o foi formalizada por meio de contrato no valor de R$ 3.581.000,81, com vig\u00eancia limitada a quatro anos.<\/p>\n\n\n\n<p>A empresa conquistou o direito de uso ap\u00f3s vencer a sele\u00e7\u00e3o promovida pela PortosRio. A proposta apresentada pela Bio Brasilis superou a oferta de R$ 3,217 milh\u00f5es feita pela outra participante do processo. A autoriza\u00e7\u00e3o para a celebra\u00e7\u00e3o do contrato foi concedida pela Ag\u00eancia Nacional de Transportes Aquavi\u00e1rios (Antaq).<\/p>\n\n\n\n<p>O instrumento estabelece apenas a cess\u00e3o tempor\u00e1ria do espa\u00e7o, sem possibilidade de renova\u00e7\u00e3o ap\u00f3s o per\u00edodo m\u00e1ximo de 48 meses. A medida n\u00e3o altera a administra\u00e7\u00e3o do Porto do Forno nem configura um arrendamento permanente do terminal, mantendo a gest\u00e3o do complexo portu\u00e1rio sob a responsabilidade atual.&nbsp;&nbsp;&nbsp;<\/p>\n","protected":false},"excerpt":{"rendered":"<p>Uma \u00e1rea de cerca de 76 mil metros quadrados do Porto do Forno, em Arraial do Cabo, ser\u00e1 utilizada temporariamente pela Bio Brasilis Log\u00edstica, Projetos e Participa\u00e7\u00f5es Ltda. A ocupa\u00e7\u00e3o foi formalizada por meio de contrato no valor de R$ 3.581.000,81, com vig\u00eancia limitada a quatro anos. A empresa conquistou o direito de uso ap\u00f3s [&hellip;]<\/p>\n","protected":false},"author":2,"featured_media":38743,"comment_status":"open","ping_status":"closed","sticky":false,"template":"","format":"standard","meta":{"footnotes":""},"categories":[44],"tags":[4471,350,4469,4473,4472,4115,4468,4470,4474],"class_list":["post-38742","post","type-post","status-publish","format-standard","has-post-thumbnail","hentry","category-arraial-do-cabo","tag-antaq","tag-arraial-do-cabo","tag-bio-brasilis","tag-cessao-de-area","tag-contrato-temporario","tag-logistica","tag-porto-do-forno","tag-portosrio","tag-transporte-aquaviario"],"yoast_head":"<!-- This site is optimized with the Yoast SEO plugin v26.5 - https:\/\/yoast.com\/wordpress\/plugins\/seo\/ -->\n<title>Porto do Forno destina \u00e1rea para opera\u00e7\u00e3o tempor\u00e1ria em Arraial do Cabo - Rota Rio<\/title>\n<meta name=\"robots\" content=\"index, follow, max-snippet:-1, max-image-preview:large, max-video-preview:-1\" \/>\n<link rel=\"canonical\" href=\"https:\/\/rotario.com.br\/site\/porto-do-forno-destina-area-para-operacao-temporaria-em-arraial-do-cabo\/\" \/>\n<meta property=\"og:locale\" content=\"pt_BR\" \/>\n<meta property=\"og:type\" content=\"article\" \/>\n<meta property=\"og:title\" content=\"Porto do Forno destina \u00e1rea para opera\u00e7\u00e3o tempor\u00e1ria em Arraial do Cabo - Rota Rio\" \/>\n<meta property=\"og:description\" content=\"Uma \u00e1rea de cerca de 76 mil metros quadrados do Porto do Forno, em Arraial do Cabo, ser\u00e1 utilizada temporariamente pela Bio Brasilis Log\u00edstica, Projetos e Participa\u00e7\u00f5es Ltda. A ocupa\u00e7\u00e3o foi formalizada por meio de contrato no valor de R$ 3.581.000,81, com vig\u00eancia limitada a quatro anos. A empresa conquistou o direito de uso ap\u00f3s [&hellip;]\" \/>\n<meta property=\"og:url\" content=\"https:\/\/rotario.com.br\/site\/porto-do-forno-destina-area-para-operacao-temporaria-em-arraial-do-cabo\/\" \/>\n<meta property=\"og:site_name\" content=\"Rota Rio\" \/>\n<meta property=\"article:published_time\" content=\"2026-09-04T14:58:18+00:00\" \/>\n<meta property=\"article:modified_time\" content=\"2026-09-04T14:58:29+00:00\" \/>\n<meta property=\"og:image\" content=\"https:\/\/rotario.com.br\/site\/wp-content\/uploads\/2026\/09\/02-Empresa-assume-uso-temporario-de-area-no-Porto-do-Forno-em-Arraial-do-Cabo-1.jpg\" \/>\n\t<meta property=\"og:image:width\" content=\"1600\" \/>\n\t<meta property=\"og:image:height\" content=\"900\" \/>\n\t<meta property=\"og:image:type\" content=\"image\/jpeg\" \/>\n<meta name=\"author\" content=\"Galv\u00e3o\" \/>\n<meta name=\"twitter:card\" content=\"summary_large_image\" \/>\n<meta name=\"twitter:label1\" content=\"Escrito por\" \/>\n\t<meta name=\"twitter:data1\" content=\"Galv\u00e3o\" \/>\n\t<meta name=\"twitter:label2\" content=\"Est. tempo de leitura\" \/>\n\t<meta name=\"twitter:data2\" content=\"1 minuto\" \/>\n<script type=\"application\/ld+json\" class=\"yoast-schema-graph\">{\"@context\":\"https:\/\/schema.org\",\"@graph\":[{\"@type\":\"Article\",\"@id\":\"https:\/\/rotario.com.br\/site\/porto-do-forno-destina-area-para-operacao-temporaria-em-arraial-do-cabo\/#article\",\"isPartOf\":{\"@id\":\"https:\/\/rotario.com.br\/site\/porto-do-forno-destina-area-para-operacao-temporaria-em-arraial-do-cabo\/\"},\"author\":{\"name\":\"Galv\u00e3o\",\"@id\":\"https:\/\/rotario.com.br\/site\/#\/schema\/person\/fd89bbbf4136f7e8a21e0dd67b8a66c7\"},\"headline\":\"Porto do Forno destina \u00e1rea para opera\u00e7\u00e3o tempor\u00e1ria em Arraial do Cabo\",\"datePublished\":\"2026-09-04T14:58:18+00:00\",\"dateModified\":\"2026-09-04T14:58:29+00:00\",\"mainEntityOfPage\":{\"@id\":\"https:\/\/rotario.com.br\/site\/porto-do-forno-destina-area-para-operacao-temporaria-em-arraial-do-cabo\/\"},\"wordCount\":178,\"commentCount\":0,\"publisher\":{\"@id\":\"https:\/\/rotario.com.br\/site\/#organization\"},\"image\":{\"@id\":\"https:\/\/rotario.com.br\/site\/porto-do-forno-destina-area-para-operacao-temporaria-em-arraial-do-cabo\/#primaryimage\"},\"thumbnailUrl\":\"https:\/\/rotario.com.br\/site\/wp-content\/uploads\/2026\/09\/02-Empresa-assume-uso-temporario-de-area-no-Porto-do-Forno-em-Arraial-do-Cabo-1.jpg\",\"keywords\":[\"Antaq\",\"Arraial do Cabo\",\"Bio Brasilis\",\"cess\u00e3o de \u00e1rea\",\"contrato tempor\u00e1rio\",\"log\u00edstica\",\"Porto do Forno\",\"PortosRio\",\"transporte aquavi\u00e1rio\"],\"articleSection\":[\"Arraial do Cabo\"],\"inLanguage\":\"pt-BR\",\"potentialAction\":[{\"@type\":\"CommentAction\",\"name\":\"Comment\",\"target\":[\"https:\/\/rotario.com.br\/site\/porto-do-forno-destina-area-para-operacao-temporaria-em-arraial-do-cabo\/#respond\"]}]},{\"@type\":\"WebPage\",\"@id\":\"https:\/\/rotario.com.br\/site\/porto-do-forno-destina-area-para-operacao-temporaria-em-arraial-do-cabo\/\",\"url\":\"https:\/\/rotario.com.br\/site\/porto-do-forno-destina-area-para-operacao-temporaria-em-arraial-do-cabo\/\",\"name\":\"Porto do Forno destina \u00e1rea para opera\u00e7\u00e3o tempor\u00e1ria em Arraial do Cabo - Rota Rio\",\"isPartOf\":{\"@id\":\"https:\/\/rotario.com.br\/site\/#website\"},\"primaryImageOfPage\":{\"@id\":\"https:\/\/rotario.com.br\/site\/porto-do-forno-destina-area-para-operacao-temporaria-em-arraial-do-cabo\/#primaryimage\"},\"image\":{\"@id\":\"https:\/\/rotario.com.br\/site\/porto-do-forno-destina-area-para-operacao-temporaria-em-arraial-do-cabo\/#primaryimage\"},\"thumbnailUrl\":\"https:\/\/rotario.com.br\/site\/wp-content\/uploads\/2026\/09\/02-Empresa-assume-uso-temporario-de-area-no-Porto-do-Forno-em-Arraial-do-Cabo-1.jpg\",\"datePublished\":\"2026-09-04T14:58:18+00:00\",\"dateModified\":\"2026-09-04T14:58:29+00:00\",\"breadcrumb\":{\"@id\":\"https:\/\/rotario.com.br\/site\/porto-do-forno-destina-area-para-operacao-temporaria-em-arraial-do-cabo\/#breadcrumb\"},\"inLanguage\":\"pt-BR\",\"potentialAction\":[{\"@type\":\"ReadAction\",\"target\":[\"https:\/\/rotario.com.br\/site\/porto-do-forno-destina-area-para-operacao-temporaria-em-arraial-do-cabo\/\"]}]},{\"@type\":\"ImageObject\",\"inLanguage\":\"pt-BR\",\"@id\":\"https:\/\/rotario.com.br\/site\/porto-do-forno-destina-area-para-operacao-temporaria-em-arraial-do-cabo\/#primaryimage\",\"url\":\"https:\/\/rotario.com.br\/site\/wp-content\/uploads\/2026\/09\/02-Empresa-assume-uso-temporario-de-area-no-Porto-do-Forno-em-Arraial-do-Cabo-1.jpg\",\"contentUrl\":\"https:\/\/rotario.com.br\/site\/wp-content\/uploads\/2026\/09\/02-Empresa-assume-uso-temporario-de-area-no-Porto-do-Forno-em-Arraial-do-Cabo-1.jpg\",\"width\":1600,\"height\":900},{\"@type\":\"BreadcrumbList\",\"@id\":\"https:\/\/rotario.com.br\/site\/porto-do-forno-destina-area-para-operacao-temporaria-em-arraial-do-cabo\/#breadcrumb\",\"itemListElement\":[{\"@type\":\"ListItem\",\"position\":1,\"name\":\"In\u00edcio\",\"item\":\"https:\/\/rotario.com.br\/site\/\"},{\"@type\":\"ListItem\",\"position\":2,\"name\":\"Porto do Forno destina \u00e1rea para opera\u00e7\u00e3o tempor\u00e1ria em Arraial do Cabo\"}]},{\"@type\":\"WebSite\",\"@id\":\"https:\/\/rotario.com.br\/site\/#website\",\"url\":\"https:\/\/rotario.com.br\/site\/\",\"name\":\"Rota Rio\",\"description\":\"Aqui, o Rio de Janeiro \u00e9 a pauta!\",\"publisher\":{\"@id\":\"https:\/\/rotario.com.br\/site\/#organization\"},\"potentialAction\":[{\"@type\":\"SearchAction\",\"target\":{\"@type\":\"EntryPoint\",\"urlTemplate\":\"https:\/\/rotario.com.br\/site\/?s={search_term_string}\"},\"query-input\":{\"@type\":\"PropertyValueSpecification\",\"valueRequired\":true,\"valueName\":\"search_term_string\"}}],\"inLanguage\":\"pt-BR\"},{\"@type\":\"Organization\",\"@id\":\"https:\/\/rotario.com.br\/site\/#organization\",\"name\":\"Rota Rio\",\"url\":\"https:\/\/rotario.com.br\/site\/\",\"logo\":{\"@type\":\"ImageObject\",\"inLanguage\":\"pt-BR\",\"@id\":\"https:\/\/rotario.com.br\/site\/#\/schema\/logo\/image\/\",\"url\":\"https:\/\/rotario.com.br\/site\/wp-content\/uploads\/2022\/04\/cropped-ROTARIO-LOGO-Prancheta-1-1-2048x654-1.png\",\"contentUrl\":\"https:\/\/rotario.com.br\/site\/wp-content\/uploads\/2022\/04\/cropped-ROTARIO-LOGO-Prancheta-1-1-2048x654-1.png\",\"width\":2048,\"height\":654,\"caption\":\"Rota Rio\"},\"image\":{\"@id\":\"https:\/\/rotario.com.br\/site\/#\/schema\/logo\/image\/\"}},{\"@type\":\"Person\",\"@id\":\"https:\/\/rotario.com.br\/site\/#\/schema\/person\/fd89bbbf4136f7e8a21e0dd67b8a66c7\",\"name\":\"Galv\u00e3o\",\"url\":\"https:\/\/rotario.com.br\/site\/author\/daniel\/\"}]}<\/script>\n<!-- \/ Yoast SEO plugin. -->","yoast_head_json":{"title":"Porto do Forno destina \u00e1rea para opera\u00e7\u00e3o tempor\u00e1ria em Arraial do Cabo - Rota Rio","robots":{"index":"index","follow":"follow","max-snippet":"max-snippet:-1","max-image-preview":"max-image-preview:large","max-video-preview":"max-video-preview:-1"},"canonical":"https:\/\/rotario.com.br\/site\/porto-do-forno-destina-area-para-operacao-temporaria-em-arraial-do-cabo\/","og_locale":"pt_BR","og_type":"article","og_title":"Porto do Forno destina \u00e1rea para opera\u00e7\u00e3o tempor\u00e1ria em Arraial do Cabo - Rota Rio","og_description":"Uma \u00e1rea de cerca de 76 mil metros quadrados do Porto do Forno, em Arraial do Cabo, ser\u00e1 utilizada temporariamente pela Bio Brasilis Log\u00edstica, Projetos e Participa\u00e7\u00f5es Ltda. A ocupa\u00e7\u00e3o foi formalizada por meio de contrato no valor de R$ 3.581.000,81, com vig\u00eancia limitada a quatro anos. A empresa conquistou o direito de uso ap\u00f3s [&hellip;]","og_url":"https:\/\/rotario.com.br\/site\/porto-do-forno-destina-area-para-operacao-temporaria-em-arraial-do-cabo\/","og_site_name":"Rota Rio","article_published_time":"2026-09-04T14:58:18+00:00","article_modified_time":"2026-09-04T14:58:29+00:00","og_image":[{"width":1600,"height":900,"url":"https:\/\/rotario.com.br\/site\/wp-content\/uploads\/2026\/09\/02-Empresa-assume-uso-temporario-de-area-no-Porto-do-Forno-em-Arraial-do-Cabo-1.jpg","type":"image\/jpeg"}],"author":"Galv\u00e3o","twitter_card":"summary_large_image","twitter_misc":{"Escrito por":"Galv\u00e3o","Est. tempo de leitura":"1 minuto"},"schema":{"@context":"https:\/\/schema.org","@graph":[{"@type":"Article","@id":"https:\/\/rotario.com.br\/site\/porto-do-forno-destina-area-para-operacao-temporaria-em-arraial-do-cabo\/#article","isPartOf":{"@id":"https:\/\/rotario.com.br\/site\/porto-do-forno-destina-area-para-operacao-temporaria-em-arraial-do-cabo\/"},"author":{"name":"Galv\u00e3o","@id":"https:\/\/rotario.com.br\/site\/#\/schema\/person\/fd89bbbf4136f7e8a21e0dd67b8a66c7"},"headline":"Porto do Forno destina \u00e1rea para opera\u00e7\u00e3o tempor\u00e1ria em Arraial do Cabo","datePublished":"2026-09-04T14:58:18+00:00","dateModified":"2026-09-04T14:58:29+00:00","mainEntityOfPage":{"@id":"https:\/\/rotario.com.br\/site\/porto-do-forno-destina-area-para-operacao-temporaria-em-arraial-do-cabo\/"},"wordCount":178,"commentCount":0,"publisher":{"@id":"https:\/\/rotario.com.br\/site\/#organization"},"image":{"@id":"https:\/\/rotario.com.br\/site\/porto-do-forno-destina-area-para-operacao-temporaria-em-arraial-do-cabo\/#primaryimage"},"thumbnailUrl":"https:\/\/rotario.com.br\/site\/wp-content\/uploads\/2026\/09\/02-Empresa-assume-uso-temporario-de-area-no-Porto-do-Forno-em-Arraial-do-Cabo-1.jpg","keywords":["Antaq","Arraial do Cabo","Bio Brasilis","cess\u00e3o de \u00e1rea","contrato tempor\u00e1rio","log\u00edstica","Porto do Forno","PortosRio","transporte aquavi\u00e1rio"],"articleSection":["Arraial do Cabo"],"inLanguage":"pt-BR","potentialAction":[{"@type":"CommentAction","name":"Comment","target":["https:\/\/rotario.com.br\/site\/porto-do-forno-destina-area-para-operacao-temporaria-em-arraial-do-cabo\/#respond"]}]},{"@type":"WebPage","@id":"https:\/\/rotario.com.br\/site\/porto-do-forno-destina-area-para-operacao-temporaria-em-arraial-do-cabo\/","url":"https:\/\/rotario.com.br\/site\/porto-do-forno-destina-area-para-operacao-temporaria-em-arraial-do-cabo\/","name":"Porto do Forno destina \u00e1rea para opera\u00e7\u00e3o tempor\u00e1ria em Arraial do Cabo - Rota Rio","isPartOf":{"@id":"https:\/\/rotario.com.br\/site\/#website"},"primaryImageOfPage":{"@id":"https:\/\/rotario.com.br\/site\/porto-do-forno-destina-area-para-operacao-temporaria-em-arraial-do-cabo\/#primaryimage"},"image":{"@id":"https:\/\/rotario.com.br\/site\/porto-do-forno-destina-area-para-operacao-temporaria-em-arraial-do-cabo\/#primaryimage"},"thumbnailUrl":"https:\/\/rotario.com.br\/site\/wp-content\/uploads\/2026\/09\/02-Empresa-assume-uso-temporario-de-area-no-Porto-do-Forno-em-Arraial-do-Cabo-1.jpg","datePublished":"2026-09-04T14:58:18+00:00","dateModified":"2026-09-04T14:58:29+00:00","breadcrumb":{"@id":"https:\/\/rotario.com.br\/site\/porto-do-forno-destina-area-para-operacao-temporaria-em-arraial-do-cabo\/#breadcrumb"},"inLanguage":"pt-BR","potentialAction":[{"@type":"ReadAction","target":["https:\/\/rotario.com.br\/site\/porto-do-forno-destina-area-para-operacao-temporaria-em-arraial-do-cabo\/"]}]},{"@type":"ImageObject","inLanguage":"pt-BR","@id":"https:\/\/rotario.com.br\/site\/porto-do-forno-destina-area-para-operacao-temporaria-em-arraial-do-cabo\/#primaryimage","url":"https:\/\/rotario.com.br\/site\/wp-content\/uploads\/2026\/09\/02-Empresa-assume-uso-temporario-de-area-no-Porto-do-Forno-em-Arraial-do-Cabo-1.jpg","contentUrl":"https:\/\/rotario.com.br\/site\/wp-content\/uploads\/2026\/09\/02-Empresa-assume-uso-temporario-de-area-no-Porto-do-Forno-em-Arraial-do-Cabo-1.jpg","width":1600,"height":900},{"@type":"BreadcrumbList","@id":"https:\/\/rotario.com.br\/site\/porto-do-forno-destina-area-para-operacao-temporaria-em-arraial-do-cabo\/#breadcrumb","itemListElement":[{"@type":"ListItem","position":1,"name":"In\u00edcio","item":"https:\/\/rotario.com.br\/site\/"},{"@type":"ListItem","position":2,"name":"Porto do Forno destina \u00e1rea para opera\u00e7\u00e3o tempor\u00e1ria em Arraial do Cabo"}]},{"@type":"WebSite","@id":"https:\/\/rotario.com.br\/site\/#website","url":"https:\/\/rotario.com.br\/site\/","name":"Rota Rio","description":"Aqui, o Rio de Janeiro \u00e9 a pauta!","publisher":{"@id":"https:\/\/rotario.com.br\/site\/#organization"},"potentialAction":[{"@type":"SearchAction","target":{"@type":"EntryPoint","urlTemplate":"https:\/\/rotario.com.br\/site\/?s={search_term_string}"},"query-input":{"@type":"PropertyValueSpecification","valueRequired":true,"valueName":"search_term_string"}}],"inLanguage":"pt-BR"},{"@type":"Organization","@id":"https:\/\/rotario.com.br\/site\/#organization","name":"Rota Rio","url":"https:\/\/rotario.com.br\/site\/","logo":{"@type":"ImageObject","inLanguage":"pt-BR","@id":"https:\/\/rotario.com.br\/site\/#\/schema\/logo\/image\/","url":"https:\/\/rotario.com.br\/site\/wp-content\/uploads\/2022\/04\/cropped-ROTARIO-LOGO-Prancheta-1-1-2048x654-1.png","contentUrl":"https:\/\/rotario.com.br\/site\/wp-content\/uploads\/2022\/04\/cropped-ROTARIO-LOGO-Prancheta-1-1-2048x654-1.png","width":2048,"height":654,"caption":"Rota Rio"},"image":{"@id":"https:\/\/rotario.com.br\/site\/#\/schema\/logo\/image\/"}},{"@type":"Person","@id":"https:\/\/rotario.com.br\/site\/#\/schema\/person\/fd89bbbf4136f7e8a21e0dd67b8a66c7","name":"Galv\u00e3o","url":"https:\/\/rotario.com.br\/site\/author\/daniel\/"}]}},"_links":{"self":[{"href":"https:\/\/rotario.com.br\/site\/wp-json\/wp\/v2\/posts\/38742","targetHints":{"allow":["GET"]}}],"collection":[{"href":"https:\/\/rotario.com.br\/site\/wp-json\/wp\/v2\/posts"}],"about":[{"href":"https:\/\/rotario.com.br\/site\/wp-json\/wp\/v2\/types\/post"}],"author":[{"embeddable":true,"href":"https:\/\/rotario.com.br\/site\/wp-json\/wp\/v2\/users\/2"}],"replies":[{"embeddable":true,"href":"https:\/\/rotario.com.br\/site\/wp-json\/wp\/v2\/comments?post=38742"}],"version-history":[{"count":2,"href":"https:\/\/rotario.com.br\/site\/wp-json\/wp\/v2\/posts\/38742\/revisions"}],"predecessor-version":[{"id":38745,"href":"https:\/\/rotario.com.br\/site\/wp-json\/wp\/v2\/posts\/38742\/revisions\/38745"}],"wp:featuredmedia":[{"embeddable":true,"href":"https:\/\/rotario.com.br\/site\/wp-json\/wp\/v2\/media\/38743"}],"wp:attachment":[{"href":"https:\/\/rotario.com.br\/site\/wp-json\/wp\/v2\/media?parent=38742"}],"wp:term":[{"taxonomy":"category","embeddable":true,"href":"https:\/\/rotario.com.br\/site\/wp-json\/wp\/v2\/categories?post=38742"},{"taxonomy":"post_tag","embeddable":true,"href":"https:\/\/rotario.com.br\/site\/wp-json\/wp\/v2\/tags?post=38742"}],"curies":[{"name":"wp","href":"https:\/\/api.w.org\/{rel}","templated":true}]}}