{"id":38746,"date":"2026-09-04T12:08:25","date_gmt":"2026-09-04T15:08:25","guid":{"rendered":"https:\/\/rotario.com.br\/site\/?p=38746"},"modified":"2026-09-04T12:08:31","modified_gmt":"2026-09-04T15:08:31","slug":"procon-realiza-mutirao-de-negociacao-em-arraial-do-cabo","status":"publish","type":"post","link":"https:\/\/rotario.com.br\/site\/procon-realiza-mutirao-de-negociacao-em-arraial-do-cabo\/","title":{"rendered":"Procon realiza mutir\u00e3o de negocia\u00e7\u00e3o em Arraial do Cabo"},"content":{"rendered":"\n<p>Os consumidores de Arraial do Cabo ter\u00e3o uma nova oportunidade para negociar d\u00edvidas e buscar melhores condi\u00e7\u00f5es de pagamento. Nos dias 22 e 23 de setembro, das 9h \u00e0s 17h, o munic\u00edpio receber\u00e1 o Mutir\u00e3o Estadual de Negocia\u00e7\u00e3o do Consumidor, tamb\u00e9m chamado de Mutir\u00e3o Limpa Nome. A iniciativa promovida pelo Procon pretende aproximar os cidad\u00e3os das empresas credoras e facilitar a regulariza\u00e7\u00e3o de pend\u00eancias financeiras.<\/p>\n\n\n\n<p>Durante os dois dias de a\u00e7\u00e3o, o p\u00fablico poder\u00e1 escolher entre o atendimento presencial e a negocia\u00e7\u00e3o online. Na unidade do Procon, haver\u00e1 atendimento relacionado a d\u00e9bitos com Enel, Prolagos, CDL e Serasa. J\u00e1 pelo WhatsApp, no n\u00famero (22) 2622-1417, ser\u00e1 poss\u00edvel negociar pend\u00eancias com Claro, TIM, Casas Bahia, Vivo e Pefisa, institui\u00e7\u00e3o financeira ligada ao Grupo Pernambucanas.<\/p>\n\n\n\n<p>A proposta do mutir\u00e3o \u00e9 oferecer aos consumidores um canal direto para analisar as d\u00edvidas, conhecer as condi\u00e7\u00f5es disponibilizadas pelas empresas participantes e encontrar alternativas compat\u00edveis com a pr\u00f3pria realidade financeira. O atendimento presencial ser\u00e1 realizado na sede do Procon de Arraial do Cabo, localizada na Rua Ezer Teixeira de Melo, n\u00ba 5, na Praia dos Anjos. A orienta\u00e7\u00e3o \u00e9 que os interessados aproveitem a iniciativa para buscar informa\u00e7\u00f5es e avaliar as possibilidades de colocar as contas em dia.\u00a0\u00a0  <\/p>\n\n\n\n<p>    <\/p>\n\n\n\n<p>Foto: Gabriel Aguiar    <\/p>\n","protected":false},"excerpt":{"rendered":"<p>Os consumidores de Arraial do Cabo ter\u00e3o uma nova oportunidade para negociar d\u00edvidas e buscar melhores condi\u00e7\u00f5es de pagamento. Nos dias 22 e 23 de setembro, das 9h \u00e0s 17h, o munic\u00edpio receber\u00e1 o Mutir\u00e3o Estadual de Negocia\u00e7\u00e3o do Consumidor, tamb\u00e9m chamado de Mutir\u00e3o Limpa Nome. A iniciativa promovida pelo Procon pretende aproximar os cidad\u00e3os [&hellip;]<\/p>\n","protected":false},"author":2,"featured_media":38747,"comment_status":"open","ping_status":"closed","sticky":false,"template":"","format":"standard","meta":{"footnotes":""},"categories":[44],"tags":[],"class_list":["post-38746","post","type-post","status-publish","format-standard","has-post-thumbnail","hentry","category-arraial-do-cabo"],"yoast_head":"<!-- This site is optimized with the Yoast SEO plugin v26.5 - https:\/\/yoast.com\/wordpress\/plugins\/seo\/ -->\n<title>Procon realiza mutir\u00e3o de negocia\u00e7\u00e3o em Arraial do Cabo - Rota Rio<\/title>\n<meta name=\"robots\" content=\"index, follow, max-snippet:-1, max-image-preview:large, max-video-preview:-1\" \/>\n<link rel=\"canonical\" href=\"https:\/\/rotario.com.br\/site\/procon-realiza-mutirao-de-negociacao-em-arraial-do-cabo\/\" \/>\n<meta property=\"og:locale\" content=\"pt_BR\" \/>\n<meta property=\"og:type\" content=\"article\" \/>\n<meta property=\"og:title\" content=\"Procon realiza mutir\u00e3o de negocia\u00e7\u00e3o em Arraial do Cabo - Rota Rio\" \/>\n<meta property=\"og:description\" content=\"Os consumidores de Arraial do Cabo ter\u00e3o uma nova oportunidade para negociar d\u00edvidas e buscar melhores condi\u00e7\u00f5es de pagamento. Nos dias 22 e 23 de setembro, das 9h \u00e0s 17h, o munic\u00edpio receber\u00e1 o Mutir\u00e3o Estadual de Negocia\u00e7\u00e3o do Consumidor, tamb\u00e9m chamado de Mutir\u00e3o Limpa Nome. A iniciativa promovida pelo Procon pretende aproximar os cidad\u00e3os [&hellip;]\" \/>\n<meta property=\"og:url\" content=\"https:\/\/rotario.com.br\/site\/procon-realiza-mutirao-de-negociacao-em-arraial-do-cabo\/\" \/>\n<meta property=\"og:site_name\" content=\"Rota Rio\" \/>\n<meta property=\"article:published_time\" content=\"2026-09-04T15:08:25+00:00\" \/>\n<meta property=\"article:modified_time\" content=\"2026-09-04T15:08:31+00:00\" \/>\n<meta property=\"og:image\" content=\"https:\/\/rotario.com.br\/site\/wp-content\/uploads\/2026\/09\/03-Consumidores-poderao-renegociar-debitos-em-Arraial-do-Cabo-3.jpg\" \/>\n\t<meta property=\"og:image:width\" content=\"1132\" \/>\n\t<meta property=\"og:image:height\" content=\"636\" \/>\n\t<meta property=\"og:image:type\" content=\"image\/jpeg\" \/>\n<meta name=\"author\" content=\"Galv\u00e3o\" \/>\n<meta name=\"twitter:card\" content=\"summary_large_image\" \/>\n<meta name=\"twitter:label1\" content=\"Escrito por\" \/>\n\t<meta name=\"twitter:data1\" content=\"Galv\u00e3o\" \/>\n\t<meta name=\"twitter:label2\" content=\"Est. tempo de leitura\" \/>\n\t<meta name=\"twitter:data2\" content=\"2 minutos\" \/>\n<script type=\"application\/ld+json\" class=\"yoast-schema-graph\">{\"@context\":\"https:\/\/schema.org\",\"@graph\":[{\"@type\":\"Article\",\"@id\":\"https:\/\/rotario.com.br\/site\/procon-realiza-mutirao-de-negociacao-em-arraial-do-cabo\/#article\",\"isPartOf\":{\"@id\":\"https:\/\/rotario.com.br\/site\/procon-realiza-mutirao-de-negociacao-em-arraial-do-cabo\/\"},\"author\":{\"name\":\"Galv\u00e3o\",\"@id\":\"https:\/\/rotario.com.br\/site\/#\/schema\/person\/fd89bbbf4136f7e8a21e0dd67b8a66c7\"},\"headline\":\"Procon realiza mutir\u00e3o de negocia\u00e7\u00e3o em Arraial do Cabo\",\"datePublished\":\"2026-09-04T15:08:25+00:00\",\"dateModified\":\"2026-09-04T15:08:31+00:00\",\"mainEntityOfPage\":{\"@id\":\"https:\/\/rotario.com.br\/site\/procon-realiza-mutirao-de-negociacao-em-arraial-do-cabo\/\"},\"wordCount\":236,\"commentCount\":0,\"publisher\":{\"@id\":\"https:\/\/rotario.com.br\/site\/#organization\"},\"image\":{\"@id\":\"https:\/\/rotario.com.br\/site\/procon-realiza-mutirao-de-negociacao-em-arraial-do-cabo\/#primaryimage\"},\"thumbnailUrl\":\"https:\/\/rotario.com.br\/site\/wp-content\/uploads\/2026\/09\/03-Consumidores-poderao-renegociar-debitos-em-Arraial-do-Cabo-3.jpg\",\"articleSection\":[\"Arraial do Cabo\"],\"inLanguage\":\"pt-BR\",\"potentialAction\":[{\"@type\":\"CommentAction\",\"name\":\"Comment\",\"target\":[\"https:\/\/rotario.com.br\/site\/procon-realiza-mutirao-de-negociacao-em-arraial-do-cabo\/#respond\"]}]},{\"@type\":\"WebPage\",\"@id\":\"https:\/\/rotario.com.br\/site\/procon-realiza-mutirao-de-negociacao-em-arraial-do-cabo\/\",\"url\":\"https:\/\/rotario.com.br\/site\/procon-realiza-mutirao-de-negociacao-em-arraial-do-cabo\/\",\"name\":\"Procon realiza mutir\u00e3o de negocia\u00e7\u00e3o em Arraial do Cabo - Rota Rio\",\"isPartOf\":{\"@id\":\"https:\/\/rotario.com.br\/site\/#website\"},\"primaryImageOfPage\":{\"@id\":\"https:\/\/rotario.com.br\/site\/procon-realiza-mutirao-de-negociacao-em-arraial-do-cabo\/#primaryimage\"},\"image\":{\"@id\":\"https:\/\/rotario.com.br\/site\/procon-realiza-mutirao-de-negociacao-em-arraial-do-cabo\/#primaryimage\"},\"thumbnailUrl\":\"https:\/\/rotario.com.br\/site\/wp-content\/uploads\/2026\/09\/03-Consumidores-poderao-renegociar-debitos-em-Arraial-do-Cabo-3.jpg\",\"datePublished\":\"2026-09-04T15:08:25+00:00\",\"dateModified\":\"2026-09-04T15:08:31+00:00\",\"breadcrumb\":{\"@id\":\"https:\/\/rotario.com.br\/site\/procon-realiza-mutirao-de-negociacao-em-arraial-do-cabo\/#breadcrumb\"},\"inLanguage\":\"pt-BR\",\"potentialAction\":[{\"@type\":\"ReadAction\",\"target\":[\"https:\/\/rotario.com.br\/site\/procon-realiza-mutirao-de-negociacao-em-arraial-do-cabo\/\"]}]},{\"@type\":\"ImageObject\",\"inLanguage\":\"pt-BR\",\"@id\":\"https:\/\/rotario.com.br\/site\/procon-realiza-mutirao-de-negociacao-em-arraial-do-cabo\/#primaryimage\",\"url\":\"https:\/\/rotario.com.br\/site\/wp-content\/uploads\/2026\/09\/03-Consumidores-poderao-renegociar-debitos-em-Arraial-do-Cabo-3.jpg\",\"contentUrl\":\"https:\/\/rotario.com.br\/site\/wp-content\/uploads\/2026\/09\/03-Consumidores-poderao-renegociar-debitos-em-Arraial-do-Cabo-3.jpg\",\"width\":1132,\"height\":636},{\"@type\":\"BreadcrumbList\",\"@id\":\"https:\/\/rotario.com.br\/site\/procon-realiza-mutirao-de-negociacao-em-arraial-do-cabo\/#breadcrumb\",\"itemListElement\":[{\"@type\":\"ListItem\",\"position\":1,\"name\":\"In\u00edcio\",\"item\":\"https:\/\/rotario.com.br\/site\/\"},{\"@type\":\"ListItem\",\"position\":2,\"name\":\"Procon realiza mutir\u00e3o de negocia\u00e7\u00e3o em Arraial do Cabo\"}]},{\"@type\":\"WebSite\",\"@id\":\"https:\/\/rotario.com.br\/site\/#website\",\"url\":\"https:\/\/rotario.com.br\/site\/\",\"name\":\"Rota Rio\",\"description\":\"Aqui, o Rio de Janeiro \u00e9 a pauta!\",\"publisher\":{\"@id\":\"https:\/\/rotario.com.br\/site\/#organization\"},\"potentialAction\":[{\"@type\":\"SearchAction\",\"target\":{\"@type\":\"EntryPoint\",\"urlTemplate\":\"https:\/\/rotario.com.br\/site\/?s={search_term_string}\"},\"query-input\":{\"@type\":\"PropertyValueSpecification\",\"valueRequired\":true,\"valueName\":\"search_term_string\"}}],\"inLanguage\":\"pt-BR\"},{\"@type\":\"Organization\",\"@id\":\"https:\/\/rotario.com.br\/site\/#organization\",\"name\":\"Rota Rio\",\"url\":\"https:\/\/rotario.com.br\/site\/\",\"logo\":{\"@type\":\"ImageObject\",\"inLanguage\":\"pt-BR\",\"@id\":\"https:\/\/rotario.com.br\/site\/#\/schema\/logo\/image\/\",\"url\":\"https:\/\/rotario.com.br\/site\/wp-content\/uploads\/2022\/04\/cropped-ROTARIO-LOGO-Prancheta-1-1-2048x654-1.png\",\"contentUrl\":\"https:\/\/rotario.com.br\/site\/wp-content\/uploads\/2022\/04\/cropped-ROTARIO-LOGO-Prancheta-1-1-2048x654-1.png\",\"width\":2048,\"height\":654,\"caption\":\"Rota Rio\"},\"image\":{\"@id\":\"https:\/\/rotario.com.br\/site\/#\/schema\/logo\/image\/\"}},{\"@type\":\"Person\",\"@id\":\"https:\/\/rotario.com.br\/site\/#\/schema\/person\/fd89bbbf4136f7e8a21e0dd67b8a66c7\",\"name\":\"Galv\u00e3o\",\"url\":\"https:\/\/rotario.com.br\/site\/author\/daniel\/\"}]}<\/script>\n<!-- \/ Yoast SEO plugin. -->","yoast_head_json":{"title":"Procon realiza mutir\u00e3o de negocia\u00e7\u00e3o em Arraial do Cabo - Rota Rio","robots":{"index":"index","follow":"follow","max-snippet":"max-snippet:-1","max-image-preview":"max-image-preview:large","max-video-preview":"max-video-preview:-1"},"canonical":"https:\/\/rotario.com.br\/site\/procon-realiza-mutirao-de-negociacao-em-arraial-do-cabo\/","og_locale":"pt_BR","og_type":"article","og_title":"Procon realiza mutir\u00e3o de negocia\u00e7\u00e3o em Arraial do Cabo - Rota Rio","og_description":"Os consumidores de Arraial do Cabo ter\u00e3o uma nova oportunidade para negociar d\u00edvidas e buscar melhores condi\u00e7\u00f5es de pagamento. Nos dias 22 e 23 de setembro, das 9h \u00e0s 17h, o munic\u00edpio receber\u00e1 o Mutir\u00e3o Estadual de Negocia\u00e7\u00e3o do Consumidor, tamb\u00e9m chamado de Mutir\u00e3o Limpa Nome. A iniciativa promovida pelo Procon pretende aproximar os cidad\u00e3os [&hellip;]","og_url":"https:\/\/rotario.com.br\/site\/procon-realiza-mutirao-de-negociacao-em-arraial-do-cabo\/","og_site_name":"Rota Rio","article_published_time":"2026-09-04T15:08:25+00:00","article_modified_time":"2026-09-04T15:08:31+00:00","og_image":[{"width":1132,"height":636,"url":"https:\/\/rotario.com.br\/site\/wp-content\/uploads\/2026\/09\/03-Consumidores-poderao-renegociar-debitos-em-Arraial-do-Cabo-3.jpg","type":"image\/jpeg"}],"author":"Galv\u00e3o","twitter_card":"summary_large_image","twitter_misc":{"Escrito por":"Galv\u00e3o","Est. tempo de leitura":"2 minutos"},"schema":{"@context":"https:\/\/schema.org","@graph":[{"@type":"Article","@id":"https:\/\/rotario.com.br\/site\/procon-realiza-mutirao-de-negociacao-em-arraial-do-cabo\/#article","isPartOf":{"@id":"https:\/\/rotario.com.br\/site\/procon-realiza-mutirao-de-negociacao-em-arraial-do-cabo\/"},"author":{"name":"Galv\u00e3o","@id":"https:\/\/rotario.com.br\/site\/#\/schema\/person\/fd89bbbf4136f7e8a21e0dd67b8a66c7"},"headline":"Procon realiza mutir\u00e3o de negocia\u00e7\u00e3o em Arraial do Cabo","datePublished":"2026-09-04T15:08:25+00:00","dateModified":"2026-09-04T15:08:31+00:00","mainEntityOfPage":{"@id":"https:\/\/rotario.com.br\/site\/procon-realiza-mutirao-de-negociacao-em-arraial-do-cabo\/"},"wordCount":236,"commentCount":0,"publisher":{"@id":"https:\/\/rotario.com.br\/site\/#organization"},"image":{"@id":"https:\/\/rotario.com.br\/site\/procon-realiza-mutirao-de-negociacao-em-arraial-do-cabo\/#primaryimage"},"thumbnailUrl":"https:\/\/rotario.com.br\/site\/wp-content\/uploads\/2026\/09\/03-Consumidores-poderao-renegociar-debitos-em-Arraial-do-Cabo-3.jpg","articleSection":["Arraial do Cabo"],"inLanguage":"pt-BR","potentialAction":[{"@type":"CommentAction","name":"Comment","target":["https:\/\/rotario.com.br\/site\/procon-realiza-mutirao-de-negociacao-em-arraial-do-cabo\/#respond"]}]},{"@type":"WebPage","@id":"https:\/\/rotario.com.br\/site\/procon-realiza-mutirao-de-negociacao-em-arraial-do-cabo\/","url":"https:\/\/rotario.com.br\/site\/procon-realiza-mutirao-de-negociacao-em-arraial-do-cabo\/","name":"Procon realiza mutir\u00e3o de negocia\u00e7\u00e3o em Arraial do Cabo - Rota Rio","isPartOf":{"@id":"https:\/\/rotario.com.br\/site\/#website"},"primaryImageOfPage":{"@id":"https:\/\/rotario.com.br\/site\/procon-realiza-mutirao-de-negociacao-em-arraial-do-cabo\/#primaryimage"},"image":{"@id":"https:\/\/rotario.com.br\/site\/procon-realiza-mutirao-de-negociacao-em-arraial-do-cabo\/#primaryimage"},"thumbnailUrl":"https:\/\/rotario.com.br\/site\/wp-content\/uploads\/2026\/09\/03-Consumidores-poderao-renegociar-debitos-em-Arraial-do-Cabo-3.jpg","datePublished":"2026-09-04T15:08:25+00:00","dateModified":"2026-09-04T15:08:31+00:00","breadcrumb":{"@id":"https:\/\/rotario.com.br\/site\/procon-realiza-mutirao-de-negociacao-em-arraial-do-cabo\/#breadcrumb"},"inLanguage":"pt-BR","potentialAction":[{"@type":"ReadAction","target":["https:\/\/rotario.com.br\/site\/procon-realiza-mutirao-de-negociacao-em-arraial-do-cabo\/"]}]},{"@type":"ImageObject","inLanguage":"pt-BR","@id":"https:\/\/rotario.com.br\/site\/procon-realiza-mutirao-de-negociacao-em-arraial-do-cabo\/#primaryimage","url":"https:\/\/rotario.com.br\/site\/wp-content\/uploads\/2026\/09\/03-Consumidores-poderao-renegociar-debitos-em-Arraial-do-Cabo-3.jpg","contentUrl":"https:\/\/rotario.com.br\/site\/wp-content\/uploads\/2026\/09\/03-Consumidores-poderao-renegociar-debitos-em-Arraial-do-Cabo-3.jpg","width":1132,"height":636},{"@type":"BreadcrumbList","@id":"https:\/\/rotario.com.br\/site\/procon-realiza-mutirao-de-negociacao-em-arraial-do-cabo\/#breadcrumb","itemListElement":[{"@type":"ListItem","position":1,"name":"In\u00edcio","item":"https:\/\/rotario.com.br\/site\/"},{"@type":"ListItem","position":2,"name":"Procon realiza mutir\u00e3o de negocia\u00e7\u00e3o em Arraial do Cabo"}]},{"@type":"WebSite","@id":"https:\/\/rotario.com.br\/site\/#website","url":"https:\/\/rotario.com.br\/site\/","name":"Rota Rio","description":"Aqui, o Rio de Janeiro \u00e9 a pauta!","publisher":{"@id":"https:\/\/rotario.com.br\/site\/#organization"},"potentialAction":[{"@type":"SearchAction","target":{"@type":"EntryPoint","urlTemplate":"https:\/\/rotario.com.br\/site\/?s={search_term_string}"},"query-input":{"@type":"PropertyValueSpecification","valueRequired":true,"valueName":"search_term_string"}}],"inLanguage":"pt-BR"},{"@type":"Organization","@id":"https:\/\/rotario.com.br\/site\/#organization","name":"Rota Rio","url":"https:\/\/rotario.com.br\/site\/","logo":{"@type":"ImageObject","inLanguage":"pt-BR","@id":"https:\/\/rotario.com.br\/site\/#\/schema\/logo\/image\/","url":"https:\/\/rotario.com.br\/site\/wp-content\/uploads\/2022\/04\/cropped-ROTARIO-LOGO-Prancheta-1-1-2048x654-1.png","contentUrl":"https:\/\/rotario.com.br\/site\/wp-content\/uploads\/2022\/04\/cropped-ROTARIO-LOGO-Prancheta-1-1-2048x654-1.png","width":2048,"height":654,"caption":"Rota Rio"},"image":{"@id":"https:\/\/rotario.com.br\/site\/#\/schema\/logo\/image\/"}},{"@type":"Person","@id":"https:\/\/rotario.com.br\/site\/#\/schema\/person\/fd89bbbf4136f7e8a21e0dd67b8a66c7","name":"Galv\u00e3o","url":"https:\/\/rotario.com.br\/site\/author\/daniel\/"}]}},"_links":{"self":[{"href":"https:\/\/rotario.com.br\/site\/wp-json\/wp\/v2\/posts\/38746","targetHints":{"allow":["GET"]}}],"collection":[{"href":"https:\/\/rotario.com.br\/site\/wp-json\/wp\/v2\/posts"}],"about":[{"href":"https:\/\/rotario.com.br\/site\/wp-json\/wp\/v2\/types\/post"}],"author":[{"embeddable":true,"href":"https:\/\/rotario.com.br\/site\/wp-json\/wp\/v2\/users\/2"}],"replies":[{"embeddable":true,"href":"https:\/\/rotario.com.br\/site\/wp-json\/wp\/v2\/comments?post=38746"}],"version-history":[{"count":2,"href":"https:\/\/rotario.com.br\/site\/wp-json\/wp\/v2\/posts\/38746\/revisions"}],"predecessor-version":[{"id":38749,"href":"https:\/\/rotario.com.br\/site\/wp-json\/wp\/v2\/posts\/38746\/revisions\/38749"}],"wp:featuredmedia":[{"embeddable":true,"href":"https:\/\/rotario.com.br\/site\/wp-json\/wp\/v2\/media\/38747"}],"wp:attachment":[{"href":"https:\/\/rotario.com.br\/site\/wp-json\/wp\/v2\/media?parent=38746"}],"wp:term":[{"taxonomy":"category","embeddable":true,"href":"https:\/\/rotario.com.br\/site\/wp-json\/wp\/v2\/categories?post=38746"},{"taxonomy":"post_tag","embeddable":true,"href":"https:\/\/rotario.com.br\/site\/wp-json\/wp\/v2\/tags?post=38746"}],"curies":[{"name":"wp","href":"https:\/\/api.w.org\/{rel}","templated":true}]}}