{"id":38750,"date":"2026-09-04T15:12:28","date_gmt":"2026-09-04T18:12:28","guid":{"rendered":"https:\/\/rotario.com.br\/site\/?p=38750"},"modified":"2026-09-04T15:12:34","modified_gmt":"2026-09-04T18:12:34","slug":"festival-de-forro-anima-cabo-frio-no-feriadao","status":"publish","type":"post","link":"https:\/\/rotario.com.br\/site\/festival-de-forro-anima-cabo-frio-no-feriadao\/","title":{"rendered":"Festival de forr\u00f3 anima Cabo Frio no feriad\u00e3o"},"content":{"rendered":"\n<p>O feriado prolongado da Independ\u00eancia ser\u00e1 embalado por muito forr\u00f3 em Cabo Frio. Entre sexta-feira (4) e segunda-feira (7), o estacionamento frontal do Shopping Park Lagos, no bairro Palmeiras, recebe o Festival de Forr\u00f3 Original, reunindo atra\u00e7\u00f5es musicais durante quatro dias de programa\u00e7\u00e3o gratuita.<\/p>\n\n\n\n<p>As atividades come\u00e7am diariamente \u00e0s 16h. Al\u00e9m dos shows de bandas e artistas da regi\u00e3o, o p\u00fablico poder\u00e1 aproveitar barracas de comidas t\u00edpicas, exposi\u00e7\u00e3o de artesanato e uma \u00e1rea especialmente preparada para as crian\u00e7as. A proposta, segundo o produtor Roger Vilela, \u00e9 valorizar a cultura nordestina e oferecer uma op\u00e7\u00e3o de lazer para moradores e visitantes durante o feriad\u00e3o.<\/p>\n\n\n\n<p>Na sexta-feira (4), sobem ao palco WD dos Teclados e J\u00e9ssica Salles, \u00e0s 17h, seguidos pelo Bloco de Cabo a Rabo, \u00e0s 20h. No s\u00e1bado (5), apresentam-se Os Brabos do Forr\u00f3, \u00e0s 17h, e a Banda Ki Sabor, \u00e0s 20h. A programa\u00e7\u00e3o de domingo (6) ter\u00e1 Forr\u00f3 Du Capim, \u00e0s 17h, e Florroseiras, \u00e0s 20h. Encerrando o festival, na segunda-feira (7), o p\u00fablico poder\u00e1 acompanhar Ronan Andrade, \u00e0s 17h, e a Banda Os Piratas, \u00e0s 20h. O Shopping Park Lagos fica na Avenida Henrique Terra, n\u00ba 1.700, no bairro Palmeiras.&nbsp;&nbsp;<\/p>\n","protected":false},"excerpt":{"rendered":"<p>O feriado prolongado da Independ\u00eancia ser\u00e1 embalado por muito forr\u00f3 em Cabo Frio. Entre sexta-feira (4) e segunda-feira (7), o estacionamento frontal do Shopping Park Lagos, no bairro Palmeiras, recebe o Festival de Forr\u00f3 Original, reunindo atra\u00e7\u00f5es musicais durante quatro dias de programa\u00e7\u00e3o gratuita. As atividades come\u00e7am diariamente \u00e0s 16h. Al\u00e9m dos shows de bandas [&hellip;]<\/p>\n","protected":false},"author":2,"featured_media":38751,"comment_status":"open","ping_status":"closed","sticky":false,"template":"","format":"standard","meta":{"footnotes":""},"categories":[31],"tags":[2874,309,4488,4349,4487,401,885,3306,4489,3984,76],"class_list":["post-38750","post","type-post","status-publish","format-standard","has-post-thumbnail","hentry","category-cabo-frio","tag-artesanato","tag-cabo-frio","tag-cultura-nordestina","tag-feriado-da-independencia","tag-festival-de-forro","tag-gastronomia","tag-lazer","tag-musica-ao-vivo","tag-programacao-gratuita","tag-shopping-park-lagos","tag-turismo"],"yoast_head":"<!-- This site is optimized with the Yoast SEO plugin v26.5 - https:\/\/yoast.com\/wordpress\/plugins\/seo\/ -->\n<title>Festival de forr\u00f3 anima Cabo Frio no feriad\u00e3o - Rota Rio<\/title>\n<meta name=\"robots\" content=\"index, follow, max-snippet:-1, max-image-preview:large, max-video-preview:-1\" \/>\n<link rel=\"canonical\" href=\"https:\/\/rotario.com.br\/site\/festival-de-forro-anima-cabo-frio-no-feriadao\/\" \/>\n<meta property=\"og:locale\" content=\"pt_BR\" \/>\n<meta property=\"og:type\" content=\"article\" \/>\n<meta property=\"og:title\" content=\"Festival de forr\u00f3 anima Cabo Frio no feriad\u00e3o - Rota Rio\" \/>\n<meta property=\"og:description\" content=\"O feriado prolongado da Independ\u00eancia ser\u00e1 embalado por muito forr\u00f3 em Cabo Frio. Entre sexta-feira (4) e segunda-feira (7), o estacionamento frontal do Shopping Park Lagos, no bairro Palmeiras, recebe o Festival de Forr\u00f3 Original, reunindo atra\u00e7\u00f5es musicais durante quatro dias de programa\u00e7\u00e3o gratuita. As atividades come\u00e7am diariamente \u00e0s 16h. Al\u00e9m dos shows de bandas [&hellip;]\" \/>\n<meta property=\"og:url\" content=\"https:\/\/rotario.com.br\/site\/festival-de-forro-anima-cabo-frio-no-feriadao\/\" \/>\n<meta property=\"og:site_name\" content=\"Rota Rio\" \/>\n<meta property=\"article:published_time\" content=\"2026-09-04T18:12:28+00:00\" \/>\n<meta property=\"article:modified_time\" content=\"2026-09-04T18:12:34+00:00\" \/>\n<meta property=\"og:image\" content=\"https:\/\/rotario.com.br\/site\/wp-content\/uploads\/2026\/09\/04-Imagem-ilustrativa.jpg\" \/>\n\t<meta property=\"og:image:width\" content=\"1170\" \/>\n\t<meta property=\"og:image:height\" content=\"700\" \/>\n\t<meta property=\"og:image:type\" content=\"image\/jpeg\" \/>\n<meta name=\"author\" content=\"Galv\u00e3o\" \/>\n<meta name=\"twitter:card\" content=\"summary_large_image\" \/>\n<meta name=\"twitter:label1\" content=\"Escrito por\" \/>\n\t<meta name=\"twitter:data1\" content=\"Galv\u00e3o\" \/>\n\t<meta name=\"twitter:label2\" content=\"Est. tempo de leitura\" \/>\n\t<meta name=\"twitter:data2\" content=\"2 minutos\" \/>\n<script type=\"application\/ld+json\" class=\"yoast-schema-graph\">{\"@context\":\"https:\/\/schema.org\",\"@graph\":[{\"@type\":\"Article\",\"@id\":\"https:\/\/rotario.com.br\/site\/festival-de-forro-anima-cabo-frio-no-feriadao\/#article\",\"isPartOf\":{\"@id\":\"https:\/\/rotario.com.br\/site\/festival-de-forro-anima-cabo-frio-no-feriadao\/\"},\"author\":{\"name\":\"Galv\u00e3o\",\"@id\":\"https:\/\/rotario.com.br\/site\/#\/schema\/person\/fd89bbbf4136f7e8a21e0dd67b8a66c7\"},\"headline\":\"Festival de forr\u00f3 anima Cabo Frio no feriad\u00e3o\",\"datePublished\":\"2026-09-04T18:12:28+00:00\",\"dateModified\":\"2026-09-04T18:12:34+00:00\",\"mainEntityOfPage\":{\"@id\":\"https:\/\/rotario.com.br\/site\/festival-de-forro-anima-cabo-frio-no-feriadao\/\"},\"wordCount\":212,\"commentCount\":0,\"publisher\":{\"@id\":\"https:\/\/rotario.com.br\/site\/#organization\"},\"image\":{\"@id\":\"https:\/\/rotario.com.br\/site\/festival-de-forro-anima-cabo-frio-no-feriadao\/#primaryimage\"},\"thumbnailUrl\":\"https:\/\/rotario.com.br\/site\/wp-content\/uploads\/2026\/09\/04-Imagem-ilustrativa.jpg\",\"keywords\":[\"artesanato\",\"Cabo Frio\",\"cultura nordestina\",\"feriado da Independ\u00eancia\",\"festival de forr\u00f3\",\"Gastronomia\",\"Lazer\",\"m\u00fasica ao vivo\",\"programa\u00e7\u00e3o gratuita\",\"Shopping Park Lagos\",\"turismo\"],\"articleSection\":[\"Cabo Frio\"],\"inLanguage\":\"pt-BR\",\"potentialAction\":[{\"@type\":\"CommentAction\",\"name\":\"Comment\",\"target\":[\"https:\/\/rotario.com.br\/site\/festival-de-forro-anima-cabo-frio-no-feriadao\/#respond\"]}]},{\"@type\":\"WebPage\",\"@id\":\"https:\/\/rotario.com.br\/site\/festival-de-forro-anima-cabo-frio-no-feriadao\/\",\"url\":\"https:\/\/rotario.com.br\/site\/festival-de-forro-anima-cabo-frio-no-feriadao\/\",\"name\":\"Festival de forr\u00f3 anima Cabo Frio no feriad\u00e3o - Rota Rio\",\"isPartOf\":{\"@id\":\"https:\/\/rotario.com.br\/site\/#website\"},\"primaryImageOfPage\":{\"@id\":\"https:\/\/rotario.com.br\/site\/festival-de-forro-anima-cabo-frio-no-feriadao\/#primaryimage\"},\"image\":{\"@id\":\"https:\/\/rotario.com.br\/site\/festival-de-forro-anima-cabo-frio-no-feriadao\/#primaryimage\"},\"thumbnailUrl\":\"https:\/\/rotario.com.br\/site\/wp-content\/uploads\/2026\/09\/04-Imagem-ilustrativa.jpg\",\"datePublished\":\"2026-09-04T18:12:28+00:00\",\"dateModified\":\"2026-09-04T18:12:34+00:00\",\"breadcrumb\":{\"@id\":\"https:\/\/rotario.com.br\/site\/festival-de-forro-anima-cabo-frio-no-feriadao\/#breadcrumb\"},\"inLanguage\":\"pt-BR\",\"potentialAction\":[{\"@type\":\"ReadAction\",\"target\":[\"https:\/\/rotario.com.br\/site\/festival-de-forro-anima-cabo-frio-no-feriadao\/\"]}]},{\"@type\":\"ImageObject\",\"inLanguage\":\"pt-BR\",\"@id\":\"https:\/\/rotario.com.br\/site\/festival-de-forro-anima-cabo-frio-no-feriadao\/#primaryimage\",\"url\":\"https:\/\/rotario.com.br\/site\/wp-content\/uploads\/2026\/09\/04-Imagem-ilustrativa.jpg\",\"contentUrl\":\"https:\/\/rotario.com.br\/site\/wp-content\/uploads\/2026\/09\/04-Imagem-ilustrativa.jpg\",\"width\":1170,\"height\":700},{\"@type\":\"BreadcrumbList\",\"@id\":\"https:\/\/rotario.com.br\/site\/festival-de-forro-anima-cabo-frio-no-feriadao\/#breadcrumb\",\"itemListElement\":[{\"@type\":\"ListItem\",\"position\":1,\"name\":\"In\u00edcio\",\"item\":\"https:\/\/rotario.com.br\/site\/\"},{\"@type\":\"ListItem\",\"position\":2,\"name\":\"Festival de forr\u00f3 anima Cabo Frio no feriad\u00e3o\"}]},{\"@type\":\"WebSite\",\"@id\":\"https:\/\/rotario.com.br\/site\/#website\",\"url\":\"https:\/\/rotario.com.br\/site\/\",\"name\":\"Rota Rio\",\"description\":\"Aqui, o Rio de Janeiro \u00e9 a pauta!\",\"publisher\":{\"@id\":\"https:\/\/rotario.com.br\/site\/#organization\"},\"potentialAction\":[{\"@type\":\"SearchAction\",\"target\":{\"@type\":\"EntryPoint\",\"urlTemplate\":\"https:\/\/rotario.com.br\/site\/?s={search_term_string}\"},\"query-input\":{\"@type\":\"PropertyValueSpecification\",\"valueRequired\":true,\"valueName\":\"search_term_string\"}}],\"inLanguage\":\"pt-BR\"},{\"@type\":\"Organization\",\"@id\":\"https:\/\/rotario.com.br\/site\/#organization\",\"name\":\"Rota Rio\",\"url\":\"https:\/\/rotario.com.br\/site\/\",\"logo\":{\"@type\":\"ImageObject\",\"inLanguage\":\"pt-BR\",\"@id\":\"https:\/\/rotario.com.br\/site\/#\/schema\/logo\/image\/\",\"url\":\"https:\/\/rotario.com.br\/site\/wp-content\/uploads\/2022\/04\/cropped-ROTARIO-LOGO-Prancheta-1-1-2048x654-1.png\",\"contentUrl\":\"https:\/\/rotario.com.br\/site\/wp-content\/uploads\/2022\/04\/cropped-ROTARIO-LOGO-Prancheta-1-1-2048x654-1.png\",\"width\":2048,\"height\":654,\"caption\":\"Rota Rio\"},\"image\":{\"@id\":\"https:\/\/rotario.com.br\/site\/#\/schema\/logo\/image\/\"}},{\"@type\":\"Person\",\"@id\":\"https:\/\/rotario.com.br\/site\/#\/schema\/person\/fd89bbbf4136f7e8a21e0dd67b8a66c7\",\"name\":\"Galv\u00e3o\",\"url\":\"https:\/\/rotario.com.br\/site\/author\/daniel\/\"}]}<\/script>\n<!-- \/ Yoast SEO plugin. -->","yoast_head_json":{"title":"Festival de forr\u00f3 anima Cabo Frio no feriad\u00e3o - Rota Rio","robots":{"index":"index","follow":"follow","max-snippet":"max-snippet:-1","max-image-preview":"max-image-preview:large","max-video-preview":"max-video-preview:-1"},"canonical":"https:\/\/rotario.com.br\/site\/festival-de-forro-anima-cabo-frio-no-feriadao\/","og_locale":"pt_BR","og_type":"article","og_title":"Festival de forr\u00f3 anima Cabo Frio no feriad\u00e3o - Rota Rio","og_description":"O feriado prolongado da Independ\u00eancia ser\u00e1 embalado por muito forr\u00f3 em Cabo Frio. Entre sexta-feira (4) e segunda-feira (7), o estacionamento frontal do Shopping Park Lagos, no bairro Palmeiras, recebe o Festival de Forr\u00f3 Original, reunindo atra\u00e7\u00f5es musicais durante quatro dias de programa\u00e7\u00e3o gratuita. As atividades come\u00e7am diariamente \u00e0s 16h. Al\u00e9m dos shows de bandas [&hellip;]","og_url":"https:\/\/rotario.com.br\/site\/festival-de-forro-anima-cabo-frio-no-feriadao\/","og_site_name":"Rota Rio","article_published_time":"2026-09-04T18:12:28+00:00","article_modified_time":"2026-09-04T18:12:34+00:00","og_image":[{"width":1170,"height":700,"url":"https:\/\/rotario.com.br\/site\/wp-content\/uploads\/2026\/09\/04-Imagem-ilustrativa.jpg","type":"image\/jpeg"}],"author":"Galv\u00e3o","twitter_card":"summary_large_image","twitter_misc":{"Escrito por":"Galv\u00e3o","Est. tempo de leitura":"2 minutos"},"schema":{"@context":"https:\/\/schema.org","@graph":[{"@type":"Article","@id":"https:\/\/rotario.com.br\/site\/festival-de-forro-anima-cabo-frio-no-feriadao\/#article","isPartOf":{"@id":"https:\/\/rotario.com.br\/site\/festival-de-forro-anima-cabo-frio-no-feriadao\/"},"author":{"name":"Galv\u00e3o","@id":"https:\/\/rotario.com.br\/site\/#\/schema\/person\/fd89bbbf4136f7e8a21e0dd67b8a66c7"},"headline":"Festival de forr\u00f3 anima Cabo Frio no feriad\u00e3o","datePublished":"2026-09-04T18:12:28+00:00","dateModified":"2026-09-04T18:12:34+00:00","mainEntityOfPage":{"@id":"https:\/\/rotario.com.br\/site\/festival-de-forro-anima-cabo-frio-no-feriadao\/"},"wordCount":212,"commentCount":0,"publisher":{"@id":"https:\/\/rotario.com.br\/site\/#organization"},"image":{"@id":"https:\/\/rotario.com.br\/site\/festival-de-forro-anima-cabo-frio-no-feriadao\/#primaryimage"},"thumbnailUrl":"https:\/\/rotario.com.br\/site\/wp-content\/uploads\/2026\/09\/04-Imagem-ilustrativa.jpg","keywords":["artesanato","Cabo Frio","cultura nordestina","feriado da Independ\u00eancia","festival de forr\u00f3","Gastronomia","Lazer","m\u00fasica ao vivo","programa\u00e7\u00e3o gratuita","Shopping Park Lagos","turismo"],"articleSection":["Cabo Frio"],"inLanguage":"pt-BR","potentialAction":[{"@type":"CommentAction","name":"Comment","target":["https:\/\/rotario.com.br\/site\/festival-de-forro-anima-cabo-frio-no-feriadao\/#respond"]}]},{"@type":"WebPage","@id":"https:\/\/rotario.com.br\/site\/festival-de-forro-anima-cabo-frio-no-feriadao\/","url":"https:\/\/rotario.com.br\/site\/festival-de-forro-anima-cabo-frio-no-feriadao\/","name":"Festival de forr\u00f3 anima Cabo Frio no feriad\u00e3o - Rota Rio","isPartOf":{"@id":"https:\/\/rotario.com.br\/site\/#website"},"primaryImageOfPage":{"@id":"https:\/\/rotario.com.br\/site\/festival-de-forro-anima-cabo-frio-no-feriadao\/#primaryimage"},"image":{"@id":"https:\/\/rotario.com.br\/site\/festival-de-forro-anima-cabo-frio-no-feriadao\/#primaryimage"},"thumbnailUrl":"https:\/\/rotario.com.br\/site\/wp-content\/uploads\/2026\/09\/04-Imagem-ilustrativa.jpg","datePublished":"2026-09-04T18:12:28+00:00","dateModified":"2026-09-04T18:12:34+00:00","breadcrumb":{"@id":"https:\/\/rotario.com.br\/site\/festival-de-forro-anima-cabo-frio-no-feriadao\/#breadcrumb"},"inLanguage":"pt-BR","potentialAction":[{"@type":"ReadAction","target":["https:\/\/rotario.com.br\/site\/festival-de-forro-anima-cabo-frio-no-feriadao\/"]}]},{"@type":"ImageObject","inLanguage":"pt-BR","@id":"https:\/\/rotario.com.br\/site\/festival-de-forro-anima-cabo-frio-no-feriadao\/#primaryimage","url":"https:\/\/rotario.com.br\/site\/wp-content\/uploads\/2026\/09\/04-Imagem-ilustrativa.jpg","contentUrl":"https:\/\/rotario.com.br\/site\/wp-content\/uploads\/2026\/09\/04-Imagem-ilustrativa.jpg","width":1170,"height":700},{"@type":"BreadcrumbList","@id":"https:\/\/rotario.com.br\/site\/festival-de-forro-anima-cabo-frio-no-feriadao\/#breadcrumb","itemListElement":[{"@type":"ListItem","position":1,"name":"In\u00edcio","item":"https:\/\/rotario.com.br\/site\/"},{"@type":"ListItem","position":2,"name":"Festival de forr\u00f3 anima Cabo Frio no feriad\u00e3o"}]},{"@type":"WebSite","@id":"https:\/\/rotario.com.br\/site\/#website","url":"https:\/\/rotario.com.br\/site\/","name":"Rota Rio","description":"Aqui, o Rio de Janeiro \u00e9 a pauta!","publisher":{"@id":"https:\/\/rotario.com.br\/site\/#organization"},"potentialAction":[{"@type":"SearchAction","target":{"@type":"EntryPoint","urlTemplate":"https:\/\/rotario.com.br\/site\/?s={search_term_string}"},"query-input":{"@type":"PropertyValueSpecification","valueRequired":true,"valueName":"search_term_string"}}],"inLanguage":"pt-BR"},{"@type":"Organization","@id":"https:\/\/rotario.com.br\/site\/#organization","name":"Rota Rio","url":"https:\/\/rotario.com.br\/site\/","logo":{"@type":"ImageObject","inLanguage":"pt-BR","@id":"https:\/\/rotario.com.br\/site\/#\/schema\/logo\/image\/","url":"https:\/\/rotario.com.br\/site\/wp-content\/uploads\/2022\/04\/cropped-ROTARIO-LOGO-Prancheta-1-1-2048x654-1.png","contentUrl":"https:\/\/rotario.com.br\/site\/wp-content\/uploads\/2022\/04\/cropped-ROTARIO-LOGO-Prancheta-1-1-2048x654-1.png","width":2048,"height":654,"caption":"Rota Rio"},"image":{"@id":"https:\/\/rotario.com.br\/site\/#\/schema\/logo\/image\/"}},{"@type":"Person","@id":"https:\/\/rotario.com.br\/site\/#\/schema\/person\/fd89bbbf4136f7e8a21e0dd67b8a66c7","name":"Galv\u00e3o","url":"https:\/\/rotario.com.br\/site\/author\/daniel\/"}]}},"_links":{"self":[{"href":"https:\/\/rotario.com.br\/site\/wp-json\/wp\/v2\/posts\/38750","targetHints":{"allow":["GET"]}}],"collection":[{"href":"https:\/\/rotario.com.br\/site\/wp-json\/wp\/v2\/posts"}],"about":[{"href":"https:\/\/rotario.com.br\/site\/wp-json\/wp\/v2\/types\/post"}],"author":[{"embeddable":true,"href":"https:\/\/rotario.com.br\/site\/wp-json\/wp\/v2\/users\/2"}],"replies":[{"embeddable":true,"href":"https:\/\/rotario.com.br\/site\/wp-json\/wp\/v2\/comments?post=38750"}],"version-history":[{"count":1,"href":"https:\/\/rotario.com.br\/site\/wp-json\/wp\/v2\/posts\/38750\/revisions"}],"predecessor-version":[{"id":38752,"href":"https:\/\/rotario.com.br\/site\/wp-json\/wp\/v2\/posts\/38750\/revisions\/38752"}],"wp:featuredmedia":[{"embeddable":true,"href":"https:\/\/rotario.com.br\/site\/wp-json\/wp\/v2\/media\/38751"}],"wp:attachment":[{"href":"https:\/\/rotario.com.br\/site\/wp-json\/wp\/v2\/media?parent=38750"}],"wp:term":[{"taxonomy":"category","embeddable":true,"href":"https:\/\/rotario.com.br\/site\/wp-json\/wp\/v2\/categories?post=38750"},{"taxonomy":"post_tag","embeddable":true,"href":"https:\/\/rotario.com.br\/site\/wp-json\/wp\/v2\/tags?post=38750"}],"curies":[{"name":"wp","href":"https:\/\/api.w.org\/{rel}","templated":true}]}}