{"id":38769,"date":"2026-09-06T08:29:00","date_gmt":"2026-09-06T11:29:00","guid":{"rendered":"https:\/\/rotario.com.br\/site\/?p=38769"},"modified":"2026-09-04T18:41:55","modified_gmt":"2026-09-04T21:41:55","slug":"desfile-de-7-de-setembro-acontece-nesta-segunda-feira-em-imbetiba","status":"publish","type":"post","link":"https:\/\/rotario.com.br\/site\/desfile-de-7-de-setembro-acontece-nesta-segunda-feira-em-imbetiba\/","title":{"rendered":"Desfile de 7 de Setembro acontece nesta segunda-feira em Imbetiba"},"content":{"rendered":"\n<p>A Imbetiba vai receber nesta segunda-feira (7) o tradicional desfile da Independ\u00eancia do Brasil. Como j\u00e1 \u00e9 tradi\u00e7\u00e3o, ser\u00e1 realizado o desfile c\u00edvico-militar promovido pela 9\u00aa Bateria de Artilharia Annti\u00e1ria Escola \u2013 Forte Marechal Hermes. A concentra\u00e7\u00e3o ser\u00e1 \u00e0s 8h30, com previs\u00e3o de in\u00edcio do desfile para \u00e0s 9h30.<\/p>\n\n\n\n<p>De acordo com os organizadores, o palanque oficial vai ser montado em frente \u00e0 esquina da Rua Dr. Bueno com a Avenida Elias Agostinho. O evento conta com a mobiliza\u00e7\u00e3o de diversas secretarias, dentre elas a de Ordem P\u00fablica, a Guarda Municipal, Guarda Ambiental e Defesa Civil.<\/p>\n\n\n\n<p>O poder p\u00fablico informou que a programa\u00e7\u00e3o ter\u00e1 in\u00edcio com a organiza\u00e7\u00e3o dos participantes e a forma\u00e7\u00e3o do dispositivo, prevista para \u00e0s 9h. J\u00e1 as 9h20, ser\u00e1 realizada a revista \u00e0 tropa. Logo depois o desfile deve come\u00e7ar, por volta das 9h30, trazendo representantes das For\u00e7as Armadas, for\u00e7as de seguran\u00e7a e tamb\u00e9m \u00f3rg\u00e3os municipais e institui\u00e7\u00f5es da sociedade civil.<\/p>\n\n\n\n<p>Tamb\u00e9m v\u00e3o participar do desfile a Capitania dos Portos, Ex\u00e9rcito Brasileiro, Pol\u00edcia Militar, Corpo de Bombeiros, Grupamento de Escoteiros, Grupamento de Desbravadores e Ordem DeMolay.<\/p>\n\n\n\n<p>As corpora\u00e7\u00f5es musicais das unidades escolares, da Secretaria Municipal de Educa\u00e7\u00e3o, tamb\u00e9m ir\u00e3o desfilar. Estar\u00e3o presentes as bandas da Escola Municipal Olga Ben\u00e1rio Prestes, Escola Estadual Municipalizada Jacyra Tavarez Duval, Col\u00e9gio Municipal Doutor Cl\u00e1udio Moacyr de Azevedo e Col\u00e9gio Municipal Professora Maria Isabel Damasceno Sim\u00e3o, al\u00e9m da Fanfarra Maestro Maca\u00e9 (FAMMAE).<\/p>\n","protected":false},"excerpt":{"rendered":"<p>A Imbetiba vai receber nesta segunda-feira (7) o tradicional desfile da Independ\u00eancia do Brasil. Como j\u00e1 \u00e9 tradi\u00e7\u00e3o, ser\u00e1 realizado o desfile c\u00edvico-militar promovido pela 9\u00aa Bateria de Artilharia Annti\u00e1ria Escola \u2013 Forte Marechal Hermes. A concentra\u00e7\u00e3o ser\u00e1 \u00e0s 8h30, com previs\u00e3o de in\u00edcio do desfile para \u00e0s 9h30. De acordo com os organizadores, o [&hellip;]<\/p>\n","protected":false},"author":2,"featured_media":38770,"comment_status":"open","ping_status":"closed","sticky":false,"template":"","format":"standard","meta":{"footnotes":""},"categories":[52],"tags":[4500],"class_list":["post-38769","post","type-post","status-publish","format-standard","has-post-thumbnail","hentry","category-macae","tag-desfile-de-7-de-setembro"],"yoast_head":"<!-- This site is optimized with the Yoast SEO plugin v26.5 - https:\/\/yoast.com\/wordpress\/plugins\/seo\/ -->\n<title>Desfile de 7 de Setembro acontece nesta segunda-feira em Imbetiba - Rota Rio<\/title>\n<meta name=\"robots\" content=\"index, follow, max-snippet:-1, max-image-preview:large, max-video-preview:-1\" \/>\n<link rel=\"canonical\" href=\"https:\/\/rotario.com.br\/site\/desfile-de-7-de-setembro-acontece-nesta-segunda-feira-em-imbetiba\/\" \/>\n<meta property=\"og:locale\" content=\"pt_BR\" \/>\n<meta property=\"og:type\" content=\"article\" \/>\n<meta property=\"og:title\" content=\"Desfile de 7 de Setembro acontece nesta segunda-feira em Imbetiba - Rota Rio\" \/>\n<meta property=\"og:description\" content=\"A Imbetiba vai receber nesta segunda-feira (7) o tradicional desfile da Independ\u00eancia do Brasil. Como j\u00e1 \u00e9 tradi\u00e7\u00e3o, ser\u00e1 realizado o desfile c\u00edvico-militar promovido pela 9\u00aa Bateria de Artilharia Annti\u00e1ria Escola \u2013 Forte Marechal Hermes. A concentra\u00e7\u00e3o ser\u00e1 \u00e0s 8h30, com previs\u00e3o de in\u00edcio do desfile para \u00e0s 9h30. De acordo com os organizadores, o [&hellip;]\" \/>\n<meta property=\"og:url\" content=\"https:\/\/rotario.com.br\/site\/desfile-de-7-de-setembro-acontece-nesta-segunda-feira-em-imbetiba\/\" \/>\n<meta property=\"og:site_name\" content=\"Rota Rio\" \/>\n<meta property=\"article:published_time\" content=\"2026-09-06T11:29:00+00:00\" \/>\n<meta property=\"og:image\" content=\"https:\/\/rotario.com.br\/site\/wp-content\/uploads\/2026\/09\/Desfile-da-Independencia.jpeg\" \/>\n\t<meta property=\"og:image:width\" content=\"1417\" \/>\n\t<meta property=\"og:image:height\" content=\"945\" \/>\n\t<meta property=\"og:image:type\" content=\"image\/jpeg\" \/>\n<meta name=\"author\" content=\"Galv\u00e3o\" \/>\n<meta name=\"twitter:card\" content=\"summary_large_image\" \/>\n<meta name=\"twitter:label1\" content=\"Escrito por\" \/>\n\t<meta name=\"twitter:data1\" content=\"Galv\u00e3o\" \/>\n\t<meta name=\"twitter:label2\" content=\"Est. tempo de leitura\" \/>\n\t<meta name=\"twitter:data2\" content=\"2 minutos\" \/>\n<script type=\"application\/ld+json\" class=\"yoast-schema-graph\">{\"@context\":\"https:\/\/schema.org\",\"@graph\":[{\"@type\":\"Article\",\"@id\":\"https:\/\/rotario.com.br\/site\/desfile-de-7-de-setembro-acontece-nesta-segunda-feira-em-imbetiba\/#article\",\"isPartOf\":{\"@id\":\"https:\/\/rotario.com.br\/site\/desfile-de-7-de-setembro-acontece-nesta-segunda-feira-em-imbetiba\/\"},\"author\":{\"name\":\"Galv\u00e3o\",\"@id\":\"https:\/\/rotario.com.br\/site\/#\/schema\/person\/fd89bbbf4136f7e8a21e0dd67b8a66c7\"},\"headline\":\"Desfile de 7 de Setembro acontece nesta segunda-feira em Imbetiba\",\"datePublished\":\"2026-09-06T11:29:00+00:00\",\"mainEntityOfPage\":{\"@id\":\"https:\/\/rotario.com.br\/site\/desfile-de-7-de-setembro-acontece-nesta-segunda-feira-em-imbetiba\/\"},\"wordCount\":270,\"commentCount\":0,\"publisher\":{\"@id\":\"https:\/\/rotario.com.br\/site\/#organization\"},\"image\":{\"@id\":\"https:\/\/rotario.com.br\/site\/desfile-de-7-de-setembro-acontece-nesta-segunda-feira-em-imbetiba\/#primaryimage\"},\"thumbnailUrl\":\"https:\/\/rotario.com.br\/site\/wp-content\/uploads\/2026\/09\/Desfile-da-Independencia.jpeg\",\"keywords\":[\"Desfile de 7 de Setembro\"],\"articleSection\":[\"Maca\u00e9\"],\"inLanguage\":\"pt-BR\",\"potentialAction\":[{\"@type\":\"CommentAction\",\"name\":\"Comment\",\"target\":[\"https:\/\/rotario.com.br\/site\/desfile-de-7-de-setembro-acontece-nesta-segunda-feira-em-imbetiba\/#respond\"]}]},{\"@type\":\"WebPage\",\"@id\":\"https:\/\/rotario.com.br\/site\/desfile-de-7-de-setembro-acontece-nesta-segunda-feira-em-imbetiba\/\",\"url\":\"https:\/\/rotario.com.br\/site\/desfile-de-7-de-setembro-acontece-nesta-segunda-feira-em-imbetiba\/\",\"name\":\"Desfile de 7 de Setembro acontece nesta segunda-feira em Imbetiba - Rota Rio\",\"isPartOf\":{\"@id\":\"https:\/\/rotario.com.br\/site\/#website\"},\"primaryImageOfPage\":{\"@id\":\"https:\/\/rotario.com.br\/site\/desfile-de-7-de-setembro-acontece-nesta-segunda-feira-em-imbetiba\/#primaryimage\"},\"image\":{\"@id\":\"https:\/\/rotario.com.br\/site\/desfile-de-7-de-setembro-acontece-nesta-segunda-feira-em-imbetiba\/#primaryimage\"},\"thumbnailUrl\":\"https:\/\/rotario.com.br\/site\/wp-content\/uploads\/2026\/09\/Desfile-da-Independencia.jpeg\",\"datePublished\":\"2026-09-06T11:29:00+00:00\",\"breadcrumb\":{\"@id\":\"https:\/\/rotario.com.br\/site\/desfile-de-7-de-setembro-acontece-nesta-segunda-feira-em-imbetiba\/#breadcrumb\"},\"inLanguage\":\"pt-BR\",\"potentialAction\":[{\"@type\":\"ReadAction\",\"target\":[\"https:\/\/rotario.com.br\/site\/desfile-de-7-de-setembro-acontece-nesta-segunda-feira-em-imbetiba\/\"]}]},{\"@type\":\"ImageObject\",\"inLanguage\":\"pt-BR\",\"@id\":\"https:\/\/rotario.com.br\/site\/desfile-de-7-de-setembro-acontece-nesta-segunda-feira-em-imbetiba\/#primaryimage\",\"url\":\"https:\/\/rotario.com.br\/site\/wp-content\/uploads\/2026\/09\/Desfile-da-Independencia.jpeg\",\"contentUrl\":\"https:\/\/rotario.com.br\/site\/wp-content\/uploads\/2026\/09\/Desfile-da-Independencia.jpeg\",\"width\":1417,\"height\":945},{\"@type\":\"BreadcrumbList\",\"@id\":\"https:\/\/rotario.com.br\/site\/desfile-de-7-de-setembro-acontece-nesta-segunda-feira-em-imbetiba\/#breadcrumb\",\"itemListElement\":[{\"@type\":\"ListItem\",\"position\":1,\"name\":\"In\u00edcio\",\"item\":\"https:\/\/rotario.com.br\/site\/\"},{\"@type\":\"ListItem\",\"position\":2,\"name\":\"Desfile de 7 de Setembro acontece nesta segunda-feira em Imbetiba\"}]},{\"@type\":\"WebSite\",\"@id\":\"https:\/\/rotario.com.br\/site\/#website\",\"url\":\"https:\/\/rotario.com.br\/site\/\",\"name\":\"Rota Rio\",\"description\":\"Aqui, o Rio de Janeiro \u00e9 a pauta!\",\"publisher\":{\"@id\":\"https:\/\/rotario.com.br\/site\/#organization\"},\"potentialAction\":[{\"@type\":\"SearchAction\",\"target\":{\"@type\":\"EntryPoint\",\"urlTemplate\":\"https:\/\/rotario.com.br\/site\/?s={search_term_string}\"},\"query-input\":{\"@type\":\"PropertyValueSpecification\",\"valueRequired\":true,\"valueName\":\"search_term_string\"}}],\"inLanguage\":\"pt-BR\"},{\"@type\":\"Organization\",\"@id\":\"https:\/\/rotario.com.br\/site\/#organization\",\"name\":\"Rota Rio\",\"url\":\"https:\/\/rotario.com.br\/site\/\",\"logo\":{\"@type\":\"ImageObject\",\"inLanguage\":\"pt-BR\",\"@id\":\"https:\/\/rotario.com.br\/site\/#\/schema\/logo\/image\/\",\"url\":\"https:\/\/rotario.com.br\/site\/wp-content\/uploads\/2022\/04\/cropped-ROTARIO-LOGO-Prancheta-1-1-2048x654-1.png\",\"contentUrl\":\"https:\/\/rotario.com.br\/site\/wp-content\/uploads\/2022\/04\/cropped-ROTARIO-LOGO-Prancheta-1-1-2048x654-1.png\",\"width\":2048,\"height\":654,\"caption\":\"Rota Rio\"},\"image\":{\"@id\":\"https:\/\/rotario.com.br\/site\/#\/schema\/logo\/image\/\"}},{\"@type\":\"Person\",\"@id\":\"https:\/\/rotario.com.br\/site\/#\/schema\/person\/fd89bbbf4136f7e8a21e0dd67b8a66c7\",\"name\":\"Galv\u00e3o\",\"url\":\"https:\/\/rotario.com.br\/site\/author\/daniel\/\"}]}<\/script>\n<!-- \/ Yoast SEO plugin. -->","yoast_head_json":{"title":"Desfile de 7 de Setembro acontece nesta segunda-feira em Imbetiba - Rota Rio","robots":{"index":"index","follow":"follow","max-snippet":"max-snippet:-1","max-image-preview":"max-image-preview:large","max-video-preview":"max-video-preview:-1"},"canonical":"https:\/\/rotario.com.br\/site\/desfile-de-7-de-setembro-acontece-nesta-segunda-feira-em-imbetiba\/","og_locale":"pt_BR","og_type":"article","og_title":"Desfile de 7 de Setembro acontece nesta segunda-feira em Imbetiba - Rota Rio","og_description":"A Imbetiba vai receber nesta segunda-feira (7) o tradicional desfile da Independ\u00eancia do Brasil. Como j\u00e1 \u00e9 tradi\u00e7\u00e3o, ser\u00e1 realizado o desfile c\u00edvico-militar promovido pela 9\u00aa Bateria de Artilharia Annti\u00e1ria Escola \u2013 Forte Marechal Hermes. A concentra\u00e7\u00e3o ser\u00e1 \u00e0s 8h30, com previs\u00e3o de in\u00edcio do desfile para \u00e0s 9h30. De acordo com os organizadores, o [&hellip;]","og_url":"https:\/\/rotario.com.br\/site\/desfile-de-7-de-setembro-acontece-nesta-segunda-feira-em-imbetiba\/","og_site_name":"Rota Rio","article_published_time":"2026-09-06T11:29:00+00:00","og_image":[{"width":1417,"height":945,"url":"https:\/\/rotario.com.br\/site\/wp-content\/uploads\/2026\/09\/Desfile-da-Independencia.jpeg","type":"image\/jpeg"}],"author":"Galv\u00e3o","twitter_card":"summary_large_image","twitter_misc":{"Escrito por":"Galv\u00e3o","Est. tempo de leitura":"2 minutos"},"schema":{"@context":"https:\/\/schema.org","@graph":[{"@type":"Article","@id":"https:\/\/rotario.com.br\/site\/desfile-de-7-de-setembro-acontece-nesta-segunda-feira-em-imbetiba\/#article","isPartOf":{"@id":"https:\/\/rotario.com.br\/site\/desfile-de-7-de-setembro-acontece-nesta-segunda-feira-em-imbetiba\/"},"author":{"name":"Galv\u00e3o","@id":"https:\/\/rotario.com.br\/site\/#\/schema\/person\/fd89bbbf4136f7e8a21e0dd67b8a66c7"},"headline":"Desfile de 7 de Setembro acontece nesta segunda-feira em Imbetiba","datePublished":"2026-09-06T11:29:00+00:00","mainEntityOfPage":{"@id":"https:\/\/rotario.com.br\/site\/desfile-de-7-de-setembro-acontece-nesta-segunda-feira-em-imbetiba\/"},"wordCount":270,"commentCount":0,"publisher":{"@id":"https:\/\/rotario.com.br\/site\/#organization"},"image":{"@id":"https:\/\/rotario.com.br\/site\/desfile-de-7-de-setembro-acontece-nesta-segunda-feira-em-imbetiba\/#primaryimage"},"thumbnailUrl":"https:\/\/rotario.com.br\/site\/wp-content\/uploads\/2026\/09\/Desfile-da-Independencia.jpeg","keywords":["Desfile de 7 de Setembro"],"articleSection":["Maca\u00e9"],"inLanguage":"pt-BR","potentialAction":[{"@type":"CommentAction","name":"Comment","target":["https:\/\/rotario.com.br\/site\/desfile-de-7-de-setembro-acontece-nesta-segunda-feira-em-imbetiba\/#respond"]}]},{"@type":"WebPage","@id":"https:\/\/rotario.com.br\/site\/desfile-de-7-de-setembro-acontece-nesta-segunda-feira-em-imbetiba\/","url":"https:\/\/rotario.com.br\/site\/desfile-de-7-de-setembro-acontece-nesta-segunda-feira-em-imbetiba\/","name":"Desfile de 7 de Setembro acontece nesta segunda-feira em Imbetiba - Rota Rio","isPartOf":{"@id":"https:\/\/rotario.com.br\/site\/#website"},"primaryImageOfPage":{"@id":"https:\/\/rotario.com.br\/site\/desfile-de-7-de-setembro-acontece-nesta-segunda-feira-em-imbetiba\/#primaryimage"},"image":{"@id":"https:\/\/rotario.com.br\/site\/desfile-de-7-de-setembro-acontece-nesta-segunda-feira-em-imbetiba\/#primaryimage"},"thumbnailUrl":"https:\/\/rotario.com.br\/site\/wp-content\/uploads\/2026\/09\/Desfile-da-Independencia.jpeg","datePublished":"2026-09-06T11:29:00+00:00","breadcrumb":{"@id":"https:\/\/rotario.com.br\/site\/desfile-de-7-de-setembro-acontece-nesta-segunda-feira-em-imbetiba\/#breadcrumb"},"inLanguage":"pt-BR","potentialAction":[{"@type":"ReadAction","target":["https:\/\/rotario.com.br\/site\/desfile-de-7-de-setembro-acontece-nesta-segunda-feira-em-imbetiba\/"]}]},{"@type":"ImageObject","inLanguage":"pt-BR","@id":"https:\/\/rotario.com.br\/site\/desfile-de-7-de-setembro-acontece-nesta-segunda-feira-em-imbetiba\/#primaryimage","url":"https:\/\/rotario.com.br\/site\/wp-content\/uploads\/2026\/09\/Desfile-da-Independencia.jpeg","contentUrl":"https:\/\/rotario.com.br\/site\/wp-content\/uploads\/2026\/09\/Desfile-da-Independencia.jpeg","width":1417,"height":945},{"@type":"BreadcrumbList","@id":"https:\/\/rotario.com.br\/site\/desfile-de-7-de-setembro-acontece-nesta-segunda-feira-em-imbetiba\/#breadcrumb","itemListElement":[{"@type":"ListItem","position":1,"name":"In\u00edcio","item":"https:\/\/rotario.com.br\/site\/"},{"@type":"ListItem","position":2,"name":"Desfile de 7 de Setembro acontece nesta segunda-feira em Imbetiba"}]},{"@type":"WebSite","@id":"https:\/\/rotario.com.br\/site\/#website","url":"https:\/\/rotario.com.br\/site\/","name":"Rota Rio","description":"Aqui, o Rio de Janeiro \u00e9 a pauta!","publisher":{"@id":"https:\/\/rotario.com.br\/site\/#organization"},"potentialAction":[{"@type":"SearchAction","target":{"@type":"EntryPoint","urlTemplate":"https:\/\/rotario.com.br\/site\/?s={search_term_string}"},"query-input":{"@type":"PropertyValueSpecification","valueRequired":true,"valueName":"search_term_string"}}],"inLanguage":"pt-BR"},{"@type":"Organization","@id":"https:\/\/rotario.com.br\/site\/#organization","name":"Rota Rio","url":"https:\/\/rotario.com.br\/site\/","logo":{"@type":"ImageObject","inLanguage":"pt-BR","@id":"https:\/\/rotario.com.br\/site\/#\/schema\/logo\/image\/","url":"https:\/\/rotario.com.br\/site\/wp-content\/uploads\/2022\/04\/cropped-ROTARIO-LOGO-Prancheta-1-1-2048x654-1.png","contentUrl":"https:\/\/rotario.com.br\/site\/wp-content\/uploads\/2022\/04\/cropped-ROTARIO-LOGO-Prancheta-1-1-2048x654-1.png","width":2048,"height":654,"caption":"Rota Rio"},"image":{"@id":"https:\/\/rotario.com.br\/site\/#\/schema\/logo\/image\/"}},{"@type":"Person","@id":"https:\/\/rotario.com.br\/site\/#\/schema\/person\/fd89bbbf4136f7e8a21e0dd67b8a66c7","name":"Galv\u00e3o","url":"https:\/\/rotario.com.br\/site\/author\/daniel\/"}]}},"_links":{"self":[{"href":"https:\/\/rotario.com.br\/site\/wp-json\/wp\/v2\/posts\/38769","targetHints":{"allow":["GET"]}}],"collection":[{"href":"https:\/\/rotario.com.br\/site\/wp-json\/wp\/v2\/posts"}],"about":[{"href":"https:\/\/rotario.com.br\/site\/wp-json\/wp\/v2\/types\/post"}],"author":[{"embeddable":true,"href":"https:\/\/rotario.com.br\/site\/wp-json\/wp\/v2\/users\/2"}],"replies":[{"embeddable":true,"href":"https:\/\/rotario.com.br\/site\/wp-json\/wp\/v2\/comments?post=38769"}],"version-history":[{"count":1,"href":"https:\/\/rotario.com.br\/site\/wp-json\/wp\/v2\/posts\/38769\/revisions"}],"predecessor-version":[{"id":38771,"href":"https:\/\/rotario.com.br\/site\/wp-json\/wp\/v2\/posts\/38769\/revisions\/38771"}],"wp:featuredmedia":[{"embeddable":true,"href":"https:\/\/rotario.com.br\/site\/wp-json\/wp\/v2\/media\/38770"}],"wp:attachment":[{"href":"https:\/\/rotario.com.br\/site\/wp-json\/wp\/v2\/media?parent=38769"}],"wp:term":[{"taxonomy":"category","embeddable":true,"href":"https:\/\/rotario.com.br\/site\/wp-json\/wp\/v2\/categories?post=38769"},{"taxonomy":"post_tag","embeddable":true,"href":"https:\/\/rotario.com.br\/site\/wp-json\/wp\/v2\/tags?post=38769"}],"curies":[{"name":"wp","href":"https:\/\/api.w.org\/{rel}","templated":true}]}}