{"id":5421,"date":"2022-07-26T18:03:43","date_gmt":"2022-07-26T21:03:43","guid":{"rendered":"https:\/\/rotario.com.br\/site\/?p=5421"},"modified":"2022-07-26T18:03:44","modified_gmt":"2022-07-26T21:03:44","slug":"prefeitura-institui-parceria-com-agricultura-familiar","status":"publish","type":"post","link":"https:\/\/rotario.com.br\/site\/prefeitura-institui-parceria-com-agricultura-familiar\/","title":{"rendered":"Prefeitura institui parceria com agricultura familiar"},"content":{"rendered":"\n<p class=\"has-drop-cap\">A Prefeitura de Maca\u00e9 institui nesta ter\u00e7a-feira (26), com a empresa Ocyan, um novo programa de fomento \u00e0 agricultura familiar em apoio aos pequenos produtores rurais da Serra de Maca\u00e9. A iniciativa envolve as Secretarias Municipais de Desenvolvimento Econ\u00f4mico e de Agroeconomia, e estabelece no Sana a base do Programa de Desenvolvimento e Crescimento Integrado com Sustentabilidade (PDCIs), financiado pela Ocyan, com a participa\u00e7\u00e3o da Funda\u00e7\u00e3o Norberto Odebrecht.<\/p>\n\n\n\n<p>A integra\u00e7\u00e3o entre a Ocyan, a Funda\u00e7\u00e3o Norberto Odebrecht e o Governo Municipal foi celebrada atrav\u00e9s do memorando de inten\u00e7\u00f5es assinado pelos Secret\u00e1rios de Desenvolvimento Econ\u00f4mico, Rodrigo Vianna; de Agroeconomia, Carlos Eduardo Jardim; junto ao presidente da Ocyan, Roberto Bischoff; e ao superintendente da Funda\u00e7\u00e3o, F\u00e1bio Wanderley.<br><br>Ao priorizar os conceitos de sustentabilidade e de responsabilidade socioambiental, o Programa promover\u00e1 junto aos produtores rurais que comp\u00f5em a Associa\u00e7\u00e3o dos Produtores da Agricultura Familiar do Sana (Apaf) a\u00e7\u00f5es educativas para o desenvolvimento econ\u00f4mico e sustent\u00e1vel, de promo\u00e7\u00e3o e pr\u00e1ticas de conserva\u00e7\u00e3o ambiental, acesso \u00e0 inova\u00e7\u00e3o e tecnologia, al\u00e9m de estimular a cidadania, mobiliza\u00e7\u00e3o social e governan\u00e7a.\u201cTrazer a ind\u00fastria de \u00f3leo e g\u00e1s como fomentadora de projetos de incentivo \u00e0 base da nossa economia \u00e9 um papel primordial do governo, que atua como facilitador na constru\u00e7\u00e3o de legados que ultrapassem metas e alcancem novos n\u00edveis de sustentabilidade e de qualidade de vida\u201d, disse Rodrigo Vianna.A proposta de fomentar a agricultura familiar como um dos pilares da capacidade de produ\u00e7\u00e3o dos pequenos produtores rurais de Maca\u00e9 segue a estrat\u00e9gia j\u00e1 estabelecida pela Prefeitura, ao investir no futuro e na seguran\u00e7a alimentar e de abastecimento da popula\u00e7\u00e3o de Maca\u00e9 e da regi\u00e3o.<br>\u201cUm projeto que segue a premissa de acolher e incentivar o produtor rural da nossa cidade, compreendendo que s\u00e3o essenciais no equil\u00edbrio econ\u00f4mico e social do munic\u00edpio. \u00c9 um novo momento, em que encontramos parceiros no desenvolvimento de projetos importantes para fomentar essa atividade&#8221;, afirmou Carlos Eduardo Jardim.A proposta do PDCI \u00e9 fortalecer o trabalho j\u00e1 realizado pela Apaf, que defende a amplia\u00e7\u00e3o da pol\u00edtica de fomento \u00e0 agricultura familiar, promovida pelo governo municipal que garante aos produtores a estabilidade na subsist\u00eancia atrav\u00e9s da eleva\u00e7\u00e3o da capacidade de produ\u00e7\u00e3o e venda dos itens cultivados nas terras de Maca\u00e9.<br>\u201cAtrav\u00e9s desta parceria acreditamos que vamos conseguir alcan\u00e7ar novos mercados e de mais oportunidades para escoar a nossa produ\u00e7\u00e3o\u201d, afirmou a representante da Apaf, Roselene Souza de Macedo M\u00fcller.Para a Ocyan, estabelecer esse compromisso com os produtores rurais de Maca\u00e9, atrav\u00e9s do programa da Funda\u00e7\u00e3o Norberto Odebrecht, \u00e9 fortalecer um papel social importante e necess\u00e1rio para a companhia.<br>\u201cComo empresa, acreditamos no nosso papel social com a cidade, que vai al\u00e9m da gera\u00e7\u00e3o de emprego e renda. Estamos aqui com o compromisso de ajudar a melhorar a vida dos produtores rurais do Sana, ajudando a preservar esse ambiente econ\u00f4mico, social e sustent\u00e1vel\u201d, destacou o presidente da Ocyan, Roberto Bischoff.O encontro contou tamb\u00e9m com a participa\u00e7\u00e3o do vice-presidente de pessoas e gest\u00e3o da Ocyan, Nir Lander; e do superintendente da Funda\u00e7\u00e3o Norberto Odebrecht, F\u00e1bio Wanderley.<\/p>\n","protected":false},"excerpt":{"rendered":"<p>A Prefeitura de Maca\u00e9 institui nesta ter\u00e7a-feira (26), com a empresa Ocyan, um novo programa de fomento \u00e0 agricultura familiar em apoio aos pequenos produtores rurais da Serra de Maca\u00e9. A iniciativa envolve as Secretarias Municipais de Desenvolvimento Econ\u00f4mico e de Agroeconomia, e estabelece no Sana a base do Programa de Desenvolvimento e Crescimento Integrado [&hellip;]<\/p>\n","protected":false},"author":2,"featured_media":5422,"comment_status":"open","ping_status":"open","sticky":false,"template":"","format":"standard","meta":{"footnotes":""},"categories":[225,119],"tags":[304,729],"class_list":["post-5421","post","type-post","status-publish","format-standard","has-post-thumbnail","hentry","category-destaque","category-macae-costa-do-sol","tag-macae","tag-rota-rio-noticias"],"yoast_head":"<!-- This site is optimized with the Yoast SEO plugin v26.5 - https:\/\/yoast.com\/wordpress\/plugins\/seo\/ -->\n<title>Prefeitura institui parceria com agricultura familiar - Rota Rio<\/title>\n<meta name=\"robots\" content=\"index, follow, max-snippet:-1, max-image-preview:large, max-video-preview:-1\" \/>\n<link rel=\"canonical\" href=\"https:\/\/rotario.com.br\/site\/prefeitura-institui-parceria-com-agricultura-familiar\/\" \/>\n<meta property=\"og:locale\" content=\"pt_BR\" \/>\n<meta property=\"og:type\" content=\"article\" \/>\n<meta property=\"og:title\" content=\"Prefeitura institui parceria com agricultura familiar - Rota Rio\" \/>\n<meta property=\"og:description\" content=\"A Prefeitura de Maca\u00e9 institui nesta ter\u00e7a-feira (26), com a empresa Ocyan, um novo programa de fomento \u00e0 agricultura familiar em apoio aos pequenos produtores rurais da Serra de Maca\u00e9. A iniciativa envolve as Secretarias Municipais de Desenvolvimento Econ\u00f4mico e de Agroeconomia, e estabelece no Sana a base do Programa de Desenvolvimento e Crescimento Integrado [&hellip;]\" \/>\n<meta property=\"og:url\" content=\"https:\/\/rotario.com.br\/site\/prefeitura-institui-parceria-com-agricultura-familiar\/\" \/>\n<meta property=\"og:site_name\" content=\"Rota Rio\" \/>\n<meta property=\"article:published_time\" content=\"2022-07-26T21:03:43+00:00\" \/>\n<meta property=\"article:modified_time\" content=\"2022-07-26T21:03:44+00:00\" \/>\n<meta property=\"og:image\" content=\"https:\/\/rotario.com.br\/site\/wp-content\/uploads\/2022\/07\/1658912264.jpg\" \/>\n\t<meta property=\"og:image:width\" content=\"1000\" \/>\n\t<meta property=\"og:image:height\" content=\"667\" \/>\n\t<meta property=\"og:image:type\" content=\"image\/jpeg\" \/>\n<meta name=\"author\" content=\"Galv\u00e3o\" \/>\n<meta name=\"twitter:card\" content=\"summary_large_image\" \/>\n<meta name=\"twitter:label1\" content=\"Escrito por\" \/>\n\t<meta name=\"twitter:data1\" content=\"Galv\u00e3o\" \/>\n\t<meta name=\"twitter:label2\" content=\"Est. tempo de leitura\" \/>\n\t<meta name=\"twitter:data2\" content=\"3 minutos\" \/>\n<script type=\"application\/ld+json\" class=\"yoast-schema-graph\">{\"@context\":\"https:\/\/schema.org\",\"@graph\":[{\"@type\":\"Article\",\"@id\":\"https:\/\/rotario.com.br\/site\/prefeitura-institui-parceria-com-agricultura-familiar\/#article\",\"isPartOf\":{\"@id\":\"https:\/\/rotario.com.br\/site\/prefeitura-institui-parceria-com-agricultura-familiar\/\"},\"author\":{\"name\":\"Galv\u00e3o\",\"@id\":\"https:\/\/rotario.com.br\/site\/#\/schema\/person\/fd89bbbf4136f7e8a21e0dd67b8a66c7\"},\"headline\":\"Prefeitura institui parceria com agricultura familiar\",\"datePublished\":\"2022-07-26T21:03:43+00:00\",\"dateModified\":\"2022-07-26T21:03:44+00:00\",\"mainEntityOfPage\":{\"@id\":\"https:\/\/rotario.com.br\/site\/prefeitura-institui-parceria-com-agricultura-familiar\/\"},\"wordCount\":559,\"commentCount\":0,\"publisher\":{\"@id\":\"https:\/\/rotario.com.br\/site\/#organization\"},\"image\":{\"@id\":\"https:\/\/rotario.com.br\/site\/prefeitura-institui-parceria-com-agricultura-familiar\/#primaryimage\"},\"thumbnailUrl\":\"https:\/\/rotario.com.br\/site\/wp-content\/uploads\/2022\/07\/1658912264.jpg\",\"keywords\":[\"Maca\u00e9\",\"Rota Rio Not\u00edcias\"],\"articleSection\":[\"Destaque\",\"Maca\u00e9\"],\"inLanguage\":\"pt-BR\",\"potentialAction\":[{\"@type\":\"CommentAction\",\"name\":\"Comment\",\"target\":[\"https:\/\/rotario.com.br\/site\/prefeitura-institui-parceria-com-agricultura-familiar\/#respond\"]}]},{\"@type\":\"WebPage\",\"@id\":\"https:\/\/rotario.com.br\/site\/prefeitura-institui-parceria-com-agricultura-familiar\/\",\"url\":\"https:\/\/rotario.com.br\/site\/prefeitura-institui-parceria-com-agricultura-familiar\/\",\"name\":\"Prefeitura institui parceria com agricultura familiar - Rota Rio\",\"isPartOf\":{\"@id\":\"https:\/\/rotario.com.br\/site\/#website\"},\"primaryImageOfPage\":{\"@id\":\"https:\/\/rotario.com.br\/site\/prefeitura-institui-parceria-com-agricultura-familiar\/#primaryimage\"},\"image\":{\"@id\":\"https:\/\/rotario.com.br\/site\/prefeitura-institui-parceria-com-agricultura-familiar\/#primaryimage\"},\"thumbnailUrl\":\"https:\/\/rotario.com.br\/site\/wp-content\/uploads\/2022\/07\/1658912264.jpg\",\"datePublished\":\"2022-07-26T21:03:43+00:00\",\"dateModified\":\"2022-07-26T21:03:44+00:00\",\"breadcrumb\":{\"@id\":\"https:\/\/rotario.com.br\/site\/prefeitura-institui-parceria-com-agricultura-familiar\/#breadcrumb\"},\"inLanguage\":\"pt-BR\",\"potentialAction\":[{\"@type\":\"ReadAction\",\"target\":[\"https:\/\/rotario.com.br\/site\/prefeitura-institui-parceria-com-agricultura-familiar\/\"]}]},{\"@type\":\"ImageObject\",\"inLanguage\":\"pt-BR\",\"@id\":\"https:\/\/rotario.com.br\/site\/prefeitura-institui-parceria-com-agricultura-familiar\/#primaryimage\",\"url\":\"https:\/\/rotario.com.br\/site\/wp-content\/uploads\/2022\/07\/1658912264.jpg\",\"contentUrl\":\"https:\/\/rotario.com.br\/site\/wp-content\/uploads\/2022\/07\/1658912264.jpg\",\"width\":1000,\"height\":667},{\"@type\":\"BreadcrumbList\",\"@id\":\"https:\/\/rotario.com.br\/site\/prefeitura-institui-parceria-com-agricultura-familiar\/#breadcrumb\",\"itemListElement\":[{\"@type\":\"ListItem\",\"position\":1,\"name\":\"In\u00edcio\",\"item\":\"https:\/\/rotario.com.br\/site\/\"},{\"@type\":\"ListItem\",\"position\":2,\"name\":\"Prefeitura institui parceria com agricultura familiar\"}]},{\"@type\":\"WebSite\",\"@id\":\"https:\/\/rotario.com.br\/site\/#website\",\"url\":\"https:\/\/rotario.com.br\/site\/\",\"name\":\"Rota Rio\",\"description\":\"Aqui, o Rio de Janeiro \u00e9 a pauta!\",\"publisher\":{\"@id\":\"https:\/\/rotario.com.br\/site\/#organization\"},\"potentialAction\":[{\"@type\":\"SearchAction\",\"target\":{\"@type\":\"EntryPoint\",\"urlTemplate\":\"https:\/\/rotario.com.br\/site\/?s={search_term_string}\"},\"query-input\":{\"@type\":\"PropertyValueSpecification\",\"valueRequired\":true,\"valueName\":\"search_term_string\"}}],\"inLanguage\":\"pt-BR\"},{\"@type\":\"Organization\",\"@id\":\"https:\/\/rotario.com.br\/site\/#organization\",\"name\":\"Rota Rio\",\"url\":\"https:\/\/rotario.com.br\/site\/\",\"logo\":{\"@type\":\"ImageObject\",\"inLanguage\":\"pt-BR\",\"@id\":\"https:\/\/rotario.com.br\/site\/#\/schema\/logo\/image\/\",\"url\":\"https:\/\/rotario.com.br\/site\/wp-content\/uploads\/2022\/04\/cropped-ROTARIO-LOGO-Prancheta-1-1-2048x654-1.png\",\"contentUrl\":\"https:\/\/rotario.com.br\/site\/wp-content\/uploads\/2022\/04\/cropped-ROTARIO-LOGO-Prancheta-1-1-2048x654-1.png\",\"width\":2048,\"height\":654,\"caption\":\"Rota Rio\"},\"image\":{\"@id\":\"https:\/\/rotario.com.br\/site\/#\/schema\/logo\/image\/\"}},{\"@type\":\"Person\",\"@id\":\"https:\/\/rotario.com.br\/site\/#\/schema\/person\/fd89bbbf4136f7e8a21e0dd67b8a66c7\",\"name\":\"Galv\u00e3o\",\"url\":\"https:\/\/rotario.com.br\/site\/author\/daniel\/\"}]}<\/script>\n<!-- \/ Yoast SEO plugin. -->","yoast_head_json":{"title":"Prefeitura institui parceria com agricultura familiar - Rota Rio","robots":{"index":"index","follow":"follow","max-snippet":"max-snippet:-1","max-image-preview":"max-image-preview:large","max-video-preview":"max-video-preview:-1"},"canonical":"https:\/\/rotario.com.br\/site\/prefeitura-institui-parceria-com-agricultura-familiar\/","og_locale":"pt_BR","og_type":"article","og_title":"Prefeitura institui parceria com agricultura familiar - Rota Rio","og_description":"A Prefeitura de Maca\u00e9 institui nesta ter\u00e7a-feira (26), com a empresa Ocyan, um novo programa de fomento \u00e0 agricultura familiar em apoio aos pequenos produtores rurais da Serra de Maca\u00e9. A iniciativa envolve as Secretarias Municipais de Desenvolvimento Econ\u00f4mico e de Agroeconomia, e estabelece no Sana a base do Programa de Desenvolvimento e Crescimento Integrado [&hellip;]","og_url":"https:\/\/rotario.com.br\/site\/prefeitura-institui-parceria-com-agricultura-familiar\/","og_site_name":"Rota Rio","article_published_time":"2022-07-26T21:03:43+00:00","article_modified_time":"2022-07-26T21:03:44+00:00","og_image":[{"width":1000,"height":667,"url":"https:\/\/rotario.com.br\/site\/wp-content\/uploads\/2022\/07\/1658912264.jpg","type":"image\/jpeg"}],"author":"Galv\u00e3o","twitter_card":"summary_large_image","twitter_misc":{"Escrito por":"Galv\u00e3o","Est. tempo de leitura":"3 minutos"},"schema":{"@context":"https:\/\/schema.org","@graph":[{"@type":"Article","@id":"https:\/\/rotario.com.br\/site\/prefeitura-institui-parceria-com-agricultura-familiar\/#article","isPartOf":{"@id":"https:\/\/rotario.com.br\/site\/prefeitura-institui-parceria-com-agricultura-familiar\/"},"author":{"name":"Galv\u00e3o","@id":"https:\/\/rotario.com.br\/site\/#\/schema\/person\/fd89bbbf4136f7e8a21e0dd67b8a66c7"},"headline":"Prefeitura institui parceria com agricultura familiar","datePublished":"2022-07-26T21:03:43+00:00","dateModified":"2022-07-26T21:03:44+00:00","mainEntityOfPage":{"@id":"https:\/\/rotario.com.br\/site\/prefeitura-institui-parceria-com-agricultura-familiar\/"},"wordCount":559,"commentCount":0,"publisher":{"@id":"https:\/\/rotario.com.br\/site\/#organization"},"image":{"@id":"https:\/\/rotario.com.br\/site\/prefeitura-institui-parceria-com-agricultura-familiar\/#primaryimage"},"thumbnailUrl":"https:\/\/rotario.com.br\/site\/wp-content\/uploads\/2022\/07\/1658912264.jpg","keywords":["Maca\u00e9","Rota Rio Not\u00edcias"],"articleSection":["Destaque","Maca\u00e9"],"inLanguage":"pt-BR","potentialAction":[{"@type":"CommentAction","name":"Comment","target":["https:\/\/rotario.com.br\/site\/prefeitura-institui-parceria-com-agricultura-familiar\/#respond"]}]},{"@type":"WebPage","@id":"https:\/\/rotario.com.br\/site\/prefeitura-institui-parceria-com-agricultura-familiar\/","url":"https:\/\/rotario.com.br\/site\/prefeitura-institui-parceria-com-agricultura-familiar\/","name":"Prefeitura institui parceria com agricultura familiar - Rota Rio","isPartOf":{"@id":"https:\/\/rotario.com.br\/site\/#website"},"primaryImageOfPage":{"@id":"https:\/\/rotario.com.br\/site\/prefeitura-institui-parceria-com-agricultura-familiar\/#primaryimage"},"image":{"@id":"https:\/\/rotario.com.br\/site\/prefeitura-institui-parceria-com-agricultura-familiar\/#primaryimage"},"thumbnailUrl":"https:\/\/rotario.com.br\/site\/wp-content\/uploads\/2022\/07\/1658912264.jpg","datePublished":"2022-07-26T21:03:43+00:00","dateModified":"2022-07-26T21:03:44+00:00","breadcrumb":{"@id":"https:\/\/rotario.com.br\/site\/prefeitura-institui-parceria-com-agricultura-familiar\/#breadcrumb"},"inLanguage":"pt-BR","potentialAction":[{"@type":"ReadAction","target":["https:\/\/rotario.com.br\/site\/prefeitura-institui-parceria-com-agricultura-familiar\/"]}]},{"@type":"ImageObject","inLanguage":"pt-BR","@id":"https:\/\/rotario.com.br\/site\/prefeitura-institui-parceria-com-agricultura-familiar\/#primaryimage","url":"https:\/\/rotario.com.br\/site\/wp-content\/uploads\/2022\/07\/1658912264.jpg","contentUrl":"https:\/\/rotario.com.br\/site\/wp-content\/uploads\/2022\/07\/1658912264.jpg","width":1000,"height":667},{"@type":"BreadcrumbList","@id":"https:\/\/rotario.com.br\/site\/prefeitura-institui-parceria-com-agricultura-familiar\/#breadcrumb","itemListElement":[{"@type":"ListItem","position":1,"name":"In\u00edcio","item":"https:\/\/rotario.com.br\/site\/"},{"@type":"ListItem","position":2,"name":"Prefeitura institui parceria com agricultura familiar"}]},{"@type":"WebSite","@id":"https:\/\/rotario.com.br\/site\/#website","url":"https:\/\/rotario.com.br\/site\/","name":"Rota Rio","description":"Aqui, o Rio de Janeiro \u00e9 a pauta!","publisher":{"@id":"https:\/\/rotario.com.br\/site\/#organization"},"potentialAction":[{"@type":"SearchAction","target":{"@type":"EntryPoint","urlTemplate":"https:\/\/rotario.com.br\/site\/?s={search_term_string}"},"query-input":{"@type":"PropertyValueSpecification","valueRequired":true,"valueName":"search_term_string"}}],"inLanguage":"pt-BR"},{"@type":"Organization","@id":"https:\/\/rotario.com.br\/site\/#organization","name":"Rota Rio","url":"https:\/\/rotario.com.br\/site\/","logo":{"@type":"ImageObject","inLanguage":"pt-BR","@id":"https:\/\/rotario.com.br\/site\/#\/schema\/logo\/image\/","url":"https:\/\/rotario.com.br\/site\/wp-content\/uploads\/2022\/04\/cropped-ROTARIO-LOGO-Prancheta-1-1-2048x654-1.png","contentUrl":"https:\/\/rotario.com.br\/site\/wp-content\/uploads\/2022\/04\/cropped-ROTARIO-LOGO-Prancheta-1-1-2048x654-1.png","width":2048,"height":654,"caption":"Rota Rio"},"image":{"@id":"https:\/\/rotario.com.br\/site\/#\/schema\/logo\/image\/"}},{"@type":"Person","@id":"https:\/\/rotario.com.br\/site\/#\/schema\/person\/fd89bbbf4136f7e8a21e0dd67b8a66c7","name":"Galv\u00e3o","url":"https:\/\/rotario.com.br\/site\/author\/daniel\/"}]}},"_links":{"self":[{"href":"https:\/\/rotario.com.br\/site\/wp-json\/wp\/v2\/posts\/5421","targetHints":{"allow":["GET"]}}],"collection":[{"href":"https:\/\/rotario.com.br\/site\/wp-json\/wp\/v2\/posts"}],"about":[{"href":"https:\/\/rotario.com.br\/site\/wp-json\/wp\/v2\/types\/post"}],"author":[{"embeddable":true,"href":"https:\/\/rotario.com.br\/site\/wp-json\/wp\/v2\/users\/2"}],"replies":[{"embeddable":true,"href":"https:\/\/rotario.com.br\/site\/wp-json\/wp\/v2\/comments?post=5421"}],"version-history":[{"count":0,"href":"https:\/\/rotario.com.br\/site\/wp-json\/wp\/v2\/posts\/5421\/revisions"}],"wp:featuredmedia":[{"embeddable":true,"href":"https:\/\/rotario.com.br\/site\/wp-json\/wp\/v2\/media\/5422"}],"wp:attachment":[{"href":"https:\/\/rotario.com.br\/site\/wp-json\/wp\/v2\/media?parent=5421"}],"wp:term":[{"taxonomy":"category","embeddable":true,"href":"https:\/\/rotario.com.br\/site\/wp-json\/wp\/v2\/categories?post=5421"},{"taxonomy":"post_tag","embeddable":true,"href":"https:\/\/rotario.com.br\/site\/wp-json\/wp\/v2\/tags?post=5421"}],"curies":[{"name":"wp","href":"https:\/\/api.w.org\/{rel}","templated":true}]}}