{"id":5424,"date":"2022-07-26T18:07:06","date_gmt":"2022-07-26T21:07:06","guid":{"rendered":"https:\/\/rotario.com.br\/site\/?p=5424"},"modified":"2022-07-26T18:10:04","modified_gmt":"2022-07-26T21:10:04","slug":"2o-encontro-municipal-de-profissionais-de-educacao-fisica","status":"publish","type":"post","link":"https:\/\/rotario.com.br\/site\/2o-encontro-municipal-de-profissionais-de-educacao-fisica\/","title":{"rendered":"Cidade Universit\u00e1ria sedia evento do CREF"},"content":{"rendered":"\n<p class=\"has-drop-cap\">O Conselho Regional de Educa\u00e7\u00e3o F\u00edsica \u2013 CREF 1, em parceria com a Secretaria Municipal Adjunta de Ensino Superior, realiza neste s\u00e1bado, dia 30, o 2\u00ba Encontro Municipal de Profissionais de Educa\u00e7\u00e3o F\u00edsica na Cidade Universit\u00e1ria, de 8h \u00e0s 17h. O objetivo do evento \u00e9 qualificar os profissionais da \u00e1rea atrav\u00e9s de cursos de capacita\u00e7\u00e3o. Cerca de 150 profissionais j\u00e1 se inscreveram.<br>Atrav\u00e9s da parceria, profissionais renomados estar\u00e3o presentes ministrando cursos ao longo de todo o s\u00e1bado. Para Samara Jardim, presidente das Comiss\u00f5es Norte e Noroeste do CREF 1, o Ensino Superior \u00e9 primordial para que o 2\u00ba Encontro seja um sucesso, j\u00e1 que o \u00f3rg\u00e3o \u00e9 considerado fomentador de capacita\u00e7\u00e3o de profissionais, independente das \u00e1reas de atua\u00e7\u00e3o.<\/p>\n\n\n\n<p>\u201cNo primeiro Encontro consegui reunir 15 munic\u00edpios e agora o objetivo \u00e9 ofertar a qualifica\u00e7\u00e3o para os mun\u00edcipes. A secret\u00e1ria Adjunta de Ensino Superior, Flavi\u00e1 Picon, gentilmente e prontamente abra\u00e7ou a causa conosco e eu me sinto muito feliz em firmar esta parceria que certamente, render\u00e1 bons frutos. Ser\u00e1 um s\u00e1bado de muito aprendizado, especialmente por acontecer na semana do anivers\u00e1rio de Maca\u00e9, mostrando que a Prefeitura se importa em oferecer o melhor para nossos profissionais\u201d, disse Samara.<\/p>\n\n\n\n<p>Segundo a secret\u00e1ria Flavi\u00e1 Picon, o papel do Ensino Superior \u00e9 promover encontros como este, a forma\u00e7\u00e3o em si, a forma\u00e7\u00e3o continuada, trazer a percep\u00e7\u00e3o da pesquisa, pesquisa aplicada e de como \u00e9 poss\u00edvel realizar tudo isso dentro da sociedade. \u201c\u00c9 importante e fundamental passar o conhecimento que \u00e9 produzido dentro da universidade para esses profissionais que est\u00e3o no campo, atuando com o cidad\u00e3o e com a sociedade. Por isso, essa integra\u00e7\u00e3o com o CREF 1 e com todas as institui\u00e7\u00f5es que desejarem se articular e estabelecer uma rela\u00e7\u00e3o mais pr\u00f3xima com a academia\u201d.<\/p>\n\n\n\n<p>Sobre a programa\u00e7\u00e3o do evento, \u00e0s 8h30 haver\u00e1 o credenciamento dos inscritos e \u00e0s 9h, a abertura oficial Encontro. \u00c0s 9h30, abrindo o ciclo de cursos\/palestras, Ern\u00e2ni Contursi, Vice-Presidente do CREF 1 tratar\u00e1 do tema: \u201cEduca\u00e7\u00e3o F\u00edsica &#8211; Mercado de Trabalho\u201d, seguido pelo curso de \u201cNutri\u00e7\u00e3o esportiva: uma ci\u00eancia em expans\u00e3o no munic\u00edpio de Maca\u00e9\u201d com a Prof. Dra. Beatriz Ribeiro, Doutora em nutri\u00e7\u00e3o humana aplicada (USP), coordenadora do Laborat\u00f3rio de Pesquisa em Ci\u00eancias do Esporte &#8211; Centro Multidisciplinar (UFRJ-Maca\u00e9) e diretora do Instituto de alimenta\u00e7\u00e3o e nutri\u00e7\u00e3o, Centro Multidisciplinar (UFRJ-Maca\u00e9), \u00e0s 10h30.<\/p>\n\n\n\n<p>Entre 12h30 e 14h ocorre o almo\u00e7o e \u00e0s 14h, o Prof. Dr. Rodolfo Alkmin fala sobre o \u201cEsporte de alto rendimento: existe limite seguro?\u201d. Dr Rodolfo \u00e9 coordenador do LABS &#8211; Laborat\u00f3rio do Exerc\u00edcio e do Esporte, Doutor em Ci\u00eancias da Sa\u00fade UFRN e Orientador de Doutorado e Mestrado da UERJ.<\/p>\n\n\n\n<p>\u00c0s 15h, h\u00e1 a \u201cPalestra e Pr\u00e1tica &#8211; Princ\u00edpios b\u00e1sicos de primeiros socorros no ambiente escolar\u201d, com o prof. Dr. Genesis de Souza Barbosa, Doutor em Enfermagem pela USP, Socorrista certificado pela National Association of Emergency Medical Technicians, Coordenador do Projeto &#8220;Promovendo A\u00e7\u00f5es de Preven\u00e7\u00e3o ao Trauma na Comunidade&#8221; e Prof. de Enfermagem M\u00e9dico-Cirurgi\u00e3o do Instituto de Enfermagem da UERJ.<br>Fotos Relacionadas<\/p>\n","protected":false},"excerpt":{"rendered":"<p>O Conselho Regional de Educa\u00e7\u00e3o F\u00edsica \u2013 CREF 1, em parceria com a Secretaria Municipal Adjunta de Ensino Superior, realiza neste s\u00e1bado, dia 30, o 2\u00ba Encontro Municipal de Profissionais de Educa\u00e7\u00e3o F\u00edsica na Cidade Universit\u00e1ria, de 8h \u00e0s 17h. O objetivo do evento \u00e9 qualificar os profissionais da \u00e1rea atrav\u00e9s de cursos de capacita\u00e7\u00e3o. [&hellip;]<\/p>\n","protected":false},"author":2,"featured_media":5425,"comment_status":"open","ping_status":"open","sticky":false,"template":"","format":"standard","meta":{"footnotes":""},"categories":[225,119],"tags":[304,729],"class_list":["post-5424","post","type-post","status-publish","format-standard","has-post-thumbnail","hentry","category-destaque","category-macae-costa-do-sol","tag-macae","tag-rota-rio-noticias"],"yoast_head":"<!-- This site is optimized with the Yoast SEO plugin v26.5 - https:\/\/yoast.com\/wordpress\/plugins\/seo\/ -->\n<title>Cidade Universit\u00e1ria sedia evento do CREF - Rota Rio<\/title>\n<meta name=\"robots\" content=\"index, follow, max-snippet:-1, max-image-preview:large, max-video-preview:-1\" \/>\n<link rel=\"canonical\" href=\"https:\/\/rotario.com.br\/site\/2o-encontro-municipal-de-profissionais-de-educacao-fisica\/\" \/>\n<meta property=\"og:locale\" content=\"pt_BR\" \/>\n<meta property=\"og:type\" content=\"article\" \/>\n<meta property=\"og:title\" content=\"Cidade Universit\u00e1ria sedia evento do CREF - Rota Rio\" \/>\n<meta property=\"og:description\" content=\"O Conselho Regional de Educa\u00e7\u00e3o F\u00edsica \u2013 CREF 1, em parceria com a Secretaria Municipal Adjunta de Ensino Superior, realiza neste s\u00e1bado, dia 30, o 2\u00ba Encontro Municipal de Profissionais de Educa\u00e7\u00e3o F\u00edsica na Cidade Universit\u00e1ria, de 8h \u00e0s 17h. O objetivo do evento \u00e9 qualificar os profissionais da \u00e1rea atrav\u00e9s de cursos de capacita\u00e7\u00e3o. [&hellip;]\" \/>\n<meta property=\"og:url\" content=\"https:\/\/rotario.com.br\/site\/2o-encontro-municipal-de-profissionais-de-educacao-fisica\/\" \/>\n<meta property=\"og:site_name\" content=\"Rota Rio\" \/>\n<meta property=\"article:published_time\" content=\"2022-07-26T21:07:06+00:00\" \/>\n<meta property=\"article:modified_time\" content=\"2022-07-26T21:10:04+00:00\" \/>\n<meta property=\"og:image\" content=\"https:\/\/rotario.com.br\/site\/wp-content\/uploads\/2022\/07\/1658938548.jpg\" \/>\n\t<meta property=\"og:image:width\" content=\"1143\" \/>\n\t<meta property=\"og:image:height\" content=\"818\" \/>\n\t<meta property=\"og:image:type\" content=\"image\/jpeg\" \/>\n<meta name=\"author\" content=\"Galv\u00e3o\" \/>\n<meta name=\"twitter:card\" content=\"summary_large_image\" \/>\n<meta name=\"twitter:label1\" content=\"Escrito por\" \/>\n\t<meta name=\"twitter:data1\" content=\"Galv\u00e3o\" \/>\n\t<meta name=\"twitter:label2\" content=\"Est. tempo de leitura\" \/>\n\t<meta name=\"twitter:data2\" content=\"3 minutos\" \/>\n<script type=\"application\/ld+json\" class=\"yoast-schema-graph\">{\"@context\":\"https:\/\/schema.org\",\"@graph\":[{\"@type\":\"Article\",\"@id\":\"https:\/\/rotario.com.br\/site\/2o-encontro-municipal-de-profissionais-de-educacao-fisica\/#article\",\"isPartOf\":{\"@id\":\"https:\/\/rotario.com.br\/site\/2o-encontro-municipal-de-profissionais-de-educacao-fisica\/\"},\"author\":{\"name\":\"Galv\u00e3o\",\"@id\":\"https:\/\/rotario.com.br\/site\/#\/schema\/person\/fd89bbbf4136f7e8a21e0dd67b8a66c7\"},\"headline\":\"Cidade Universit\u00e1ria sedia evento do CREF\",\"datePublished\":\"2022-07-26T21:07:06+00:00\",\"dateModified\":\"2022-07-26T21:10:04+00:00\",\"mainEntityOfPage\":{\"@id\":\"https:\/\/rotario.com.br\/site\/2o-encontro-municipal-de-profissionais-de-educacao-fisica\/\"},\"wordCount\":544,\"commentCount\":0,\"publisher\":{\"@id\":\"https:\/\/rotario.com.br\/site\/#organization\"},\"image\":{\"@id\":\"https:\/\/rotario.com.br\/site\/2o-encontro-municipal-de-profissionais-de-educacao-fisica\/#primaryimage\"},\"thumbnailUrl\":\"https:\/\/rotario.com.br\/site\/wp-content\/uploads\/2022\/07\/1658938548.jpg\",\"keywords\":[\"Maca\u00e9\",\"Rota Rio Not\u00edcias\"],\"articleSection\":[\"Destaque\",\"Maca\u00e9\"],\"inLanguage\":\"pt-BR\",\"potentialAction\":[{\"@type\":\"CommentAction\",\"name\":\"Comment\",\"target\":[\"https:\/\/rotario.com.br\/site\/2o-encontro-municipal-de-profissionais-de-educacao-fisica\/#respond\"]}]},{\"@type\":\"WebPage\",\"@id\":\"https:\/\/rotario.com.br\/site\/2o-encontro-municipal-de-profissionais-de-educacao-fisica\/\",\"url\":\"https:\/\/rotario.com.br\/site\/2o-encontro-municipal-de-profissionais-de-educacao-fisica\/\",\"name\":\"Cidade Universit\u00e1ria sedia evento do CREF - Rota Rio\",\"isPartOf\":{\"@id\":\"https:\/\/rotario.com.br\/site\/#website\"},\"primaryImageOfPage\":{\"@id\":\"https:\/\/rotario.com.br\/site\/2o-encontro-municipal-de-profissionais-de-educacao-fisica\/#primaryimage\"},\"image\":{\"@id\":\"https:\/\/rotario.com.br\/site\/2o-encontro-municipal-de-profissionais-de-educacao-fisica\/#primaryimage\"},\"thumbnailUrl\":\"https:\/\/rotario.com.br\/site\/wp-content\/uploads\/2022\/07\/1658938548.jpg\",\"datePublished\":\"2022-07-26T21:07:06+00:00\",\"dateModified\":\"2022-07-26T21:10:04+00:00\",\"breadcrumb\":{\"@id\":\"https:\/\/rotario.com.br\/site\/2o-encontro-municipal-de-profissionais-de-educacao-fisica\/#breadcrumb\"},\"inLanguage\":\"pt-BR\",\"potentialAction\":[{\"@type\":\"ReadAction\",\"target\":[\"https:\/\/rotario.com.br\/site\/2o-encontro-municipal-de-profissionais-de-educacao-fisica\/\"]}]},{\"@type\":\"ImageObject\",\"inLanguage\":\"pt-BR\",\"@id\":\"https:\/\/rotario.com.br\/site\/2o-encontro-municipal-de-profissionais-de-educacao-fisica\/#primaryimage\",\"url\":\"https:\/\/rotario.com.br\/site\/wp-content\/uploads\/2022\/07\/1658938548.jpg\",\"contentUrl\":\"https:\/\/rotario.com.br\/site\/wp-content\/uploads\/2022\/07\/1658938548.jpg\",\"width\":1143,\"height\":818},{\"@type\":\"BreadcrumbList\",\"@id\":\"https:\/\/rotario.com.br\/site\/2o-encontro-municipal-de-profissionais-de-educacao-fisica\/#breadcrumb\",\"itemListElement\":[{\"@type\":\"ListItem\",\"position\":1,\"name\":\"In\u00edcio\",\"item\":\"https:\/\/rotario.com.br\/site\/\"},{\"@type\":\"ListItem\",\"position\":2,\"name\":\"Cidade Universit\u00e1ria sedia evento do CREF\"}]},{\"@type\":\"WebSite\",\"@id\":\"https:\/\/rotario.com.br\/site\/#website\",\"url\":\"https:\/\/rotario.com.br\/site\/\",\"name\":\"Rota Rio\",\"description\":\"Aqui, o Rio de Janeiro \u00e9 a pauta!\",\"publisher\":{\"@id\":\"https:\/\/rotario.com.br\/site\/#organization\"},\"potentialAction\":[{\"@type\":\"SearchAction\",\"target\":{\"@type\":\"EntryPoint\",\"urlTemplate\":\"https:\/\/rotario.com.br\/site\/?s={search_term_string}\"},\"query-input\":{\"@type\":\"PropertyValueSpecification\",\"valueRequired\":true,\"valueName\":\"search_term_string\"}}],\"inLanguage\":\"pt-BR\"},{\"@type\":\"Organization\",\"@id\":\"https:\/\/rotario.com.br\/site\/#organization\",\"name\":\"Rota Rio\",\"url\":\"https:\/\/rotario.com.br\/site\/\",\"logo\":{\"@type\":\"ImageObject\",\"inLanguage\":\"pt-BR\",\"@id\":\"https:\/\/rotario.com.br\/site\/#\/schema\/logo\/image\/\",\"url\":\"https:\/\/rotario.com.br\/site\/wp-content\/uploads\/2022\/04\/cropped-ROTARIO-LOGO-Prancheta-1-1-2048x654-1.png\",\"contentUrl\":\"https:\/\/rotario.com.br\/site\/wp-content\/uploads\/2022\/04\/cropped-ROTARIO-LOGO-Prancheta-1-1-2048x654-1.png\",\"width\":2048,\"height\":654,\"caption\":\"Rota Rio\"},\"image\":{\"@id\":\"https:\/\/rotario.com.br\/site\/#\/schema\/logo\/image\/\"}},{\"@type\":\"Person\",\"@id\":\"https:\/\/rotario.com.br\/site\/#\/schema\/person\/fd89bbbf4136f7e8a21e0dd67b8a66c7\",\"name\":\"Galv\u00e3o\",\"url\":\"https:\/\/rotario.com.br\/site\/author\/daniel\/\"}]}<\/script>\n<!-- \/ Yoast SEO plugin. -->","yoast_head_json":{"title":"Cidade Universit\u00e1ria sedia evento do CREF - Rota Rio","robots":{"index":"index","follow":"follow","max-snippet":"max-snippet:-1","max-image-preview":"max-image-preview:large","max-video-preview":"max-video-preview:-1"},"canonical":"https:\/\/rotario.com.br\/site\/2o-encontro-municipal-de-profissionais-de-educacao-fisica\/","og_locale":"pt_BR","og_type":"article","og_title":"Cidade Universit\u00e1ria sedia evento do CREF - Rota Rio","og_description":"O Conselho Regional de Educa\u00e7\u00e3o F\u00edsica \u2013 CREF 1, em parceria com a Secretaria Municipal Adjunta de Ensino Superior, realiza neste s\u00e1bado, dia 30, o 2\u00ba Encontro Municipal de Profissionais de Educa\u00e7\u00e3o F\u00edsica na Cidade Universit\u00e1ria, de 8h \u00e0s 17h. O objetivo do evento \u00e9 qualificar os profissionais da \u00e1rea atrav\u00e9s de cursos de capacita\u00e7\u00e3o. [&hellip;]","og_url":"https:\/\/rotario.com.br\/site\/2o-encontro-municipal-de-profissionais-de-educacao-fisica\/","og_site_name":"Rota Rio","article_published_time":"2022-07-26T21:07:06+00:00","article_modified_time":"2022-07-26T21:10:04+00:00","og_image":[{"width":1143,"height":818,"url":"https:\/\/rotario.com.br\/site\/wp-content\/uploads\/2022\/07\/1658938548.jpg","type":"image\/jpeg"}],"author":"Galv\u00e3o","twitter_card":"summary_large_image","twitter_misc":{"Escrito por":"Galv\u00e3o","Est. tempo de leitura":"3 minutos"},"schema":{"@context":"https:\/\/schema.org","@graph":[{"@type":"Article","@id":"https:\/\/rotario.com.br\/site\/2o-encontro-municipal-de-profissionais-de-educacao-fisica\/#article","isPartOf":{"@id":"https:\/\/rotario.com.br\/site\/2o-encontro-municipal-de-profissionais-de-educacao-fisica\/"},"author":{"name":"Galv\u00e3o","@id":"https:\/\/rotario.com.br\/site\/#\/schema\/person\/fd89bbbf4136f7e8a21e0dd67b8a66c7"},"headline":"Cidade Universit\u00e1ria sedia evento do CREF","datePublished":"2022-07-26T21:07:06+00:00","dateModified":"2022-07-26T21:10:04+00:00","mainEntityOfPage":{"@id":"https:\/\/rotario.com.br\/site\/2o-encontro-municipal-de-profissionais-de-educacao-fisica\/"},"wordCount":544,"commentCount":0,"publisher":{"@id":"https:\/\/rotario.com.br\/site\/#organization"},"image":{"@id":"https:\/\/rotario.com.br\/site\/2o-encontro-municipal-de-profissionais-de-educacao-fisica\/#primaryimage"},"thumbnailUrl":"https:\/\/rotario.com.br\/site\/wp-content\/uploads\/2022\/07\/1658938548.jpg","keywords":["Maca\u00e9","Rota Rio Not\u00edcias"],"articleSection":["Destaque","Maca\u00e9"],"inLanguage":"pt-BR","potentialAction":[{"@type":"CommentAction","name":"Comment","target":["https:\/\/rotario.com.br\/site\/2o-encontro-municipal-de-profissionais-de-educacao-fisica\/#respond"]}]},{"@type":"WebPage","@id":"https:\/\/rotario.com.br\/site\/2o-encontro-municipal-de-profissionais-de-educacao-fisica\/","url":"https:\/\/rotario.com.br\/site\/2o-encontro-municipal-de-profissionais-de-educacao-fisica\/","name":"Cidade Universit\u00e1ria sedia evento do CREF - Rota Rio","isPartOf":{"@id":"https:\/\/rotario.com.br\/site\/#website"},"primaryImageOfPage":{"@id":"https:\/\/rotario.com.br\/site\/2o-encontro-municipal-de-profissionais-de-educacao-fisica\/#primaryimage"},"image":{"@id":"https:\/\/rotario.com.br\/site\/2o-encontro-municipal-de-profissionais-de-educacao-fisica\/#primaryimage"},"thumbnailUrl":"https:\/\/rotario.com.br\/site\/wp-content\/uploads\/2022\/07\/1658938548.jpg","datePublished":"2022-07-26T21:07:06+00:00","dateModified":"2022-07-26T21:10:04+00:00","breadcrumb":{"@id":"https:\/\/rotario.com.br\/site\/2o-encontro-municipal-de-profissionais-de-educacao-fisica\/#breadcrumb"},"inLanguage":"pt-BR","potentialAction":[{"@type":"ReadAction","target":["https:\/\/rotario.com.br\/site\/2o-encontro-municipal-de-profissionais-de-educacao-fisica\/"]}]},{"@type":"ImageObject","inLanguage":"pt-BR","@id":"https:\/\/rotario.com.br\/site\/2o-encontro-municipal-de-profissionais-de-educacao-fisica\/#primaryimage","url":"https:\/\/rotario.com.br\/site\/wp-content\/uploads\/2022\/07\/1658938548.jpg","contentUrl":"https:\/\/rotario.com.br\/site\/wp-content\/uploads\/2022\/07\/1658938548.jpg","width":1143,"height":818},{"@type":"BreadcrumbList","@id":"https:\/\/rotario.com.br\/site\/2o-encontro-municipal-de-profissionais-de-educacao-fisica\/#breadcrumb","itemListElement":[{"@type":"ListItem","position":1,"name":"In\u00edcio","item":"https:\/\/rotario.com.br\/site\/"},{"@type":"ListItem","position":2,"name":"Cidade Universit\u00e1ria sedia evento do CREF"}]},{"@type":"WebSite","@id":"https:\/\/rotario.com.br\/site\/#website","url":"https:\/\/rotario.com.br\/site\/","name":"Rota Rio","description":"Aqui, o Rio de Janeiro \u00e9 a pauta!","publisher":{"@id":"https:\/\/rotario.com.br\/site\/#organization"},"potentialAction":[{"@type":"SearchAction","target":{"@type":"EntryPoint","urlTemplate":"https:\/\/rotario.com.br\/site\/?s={search_term_string}"},"query-input":{"@type":"PropertyValueSpecification","valueRequired":true,"valueName":"search_term_string"}}],"inLanguage":"pt-BR"},{"@type":"Organization","@id":"https:\/\/rotario.com.br\/site\/#organization","name":"Rota Rio","url":"https:\/\/rotario.com.br\/site\/","logo":{"@type":"ImageObject","inLanguage":"pt-BR","@id":"https:\/\/rotario.com.br\/site\/#\/schema\/logo\/image\/","url":"https:\/\/rotario.com.br\/site\/wp-content\/uploads\/2022\/04\/cropped-ROTARIO-LOGO-Prancheta-1-1-2048x654-1.png","contentUrl":"https:\/\/rotario.com.br\/site\/wp-content\/uploads\/2022\/04\/cropped-ROTARIO-LOGO-Prancheta-1-1-2048x654-1.png","width":2048,"height":654,"caption":"Rota Rio"},"image":{"@id":"https:\/\/rotario.com.br\/site\/#\/schema\/logo\/image\/"}},{"@type":"Person","@id":"https:\/\/rotario.com.br\/site\/#\/schema\/person\/fd89bbbf4136f7e8a21e0dd67b8a66c7","name":"Galv\u00e3o","url":"https:\/\/rotario.com.br\/site\/author\/daniel\/"}]}},"_links":{"self":[{"href":"https:\/\/rotario.com.br\/site\/wp-json\/wp\/v2\/posts\/5424","targetHints":{"allow":["GET"]}}],"collection":[{"href":"https:\/\/rotario.com.br\/site\/wp-json\/wp\/v2\/posts"}],"about":[{"href":"https:\/\/rotario.com.br\/site\/wp-json\/wp\/v2\/types\/post"}],"author":[{"embeddable":true,"href":"https:\/\/rotario.com.br\/site\/wp-json\/wp\/v2\/users\/2"}],"replies":[{"embeddable":true,"href":"https:\/\/rotario.com.br\/site\/wp-json\/wp\/v2\/comments?post=5424"}],"version-history":[{"count":0,"href":"https:\/\/rotario.com.br\/site\/wp-json\/wp\/v2\/posts\/5424\/revisions"}],"wp:featuredmedia":[{"embeddable":true,"href":"https:\/\/rotario.com.br\/site\/wp-json\/wp\/v2\/media\/5425"}],"wp:attachment":[{"href":"https:\/\/rotario.com.br\/site\/wp-json\/wp\/v2\/media?parent=5424"}],"wp:term":[{"taxonomy":"category","embeddable":true,"href":"https:\/\/rotario.com.br\/site\/wp-json\/wp\/v2\/categories?post=5424"},{"taxonomy":"post_tag","embeddable":true,"href":"https:\/\/rotario.com.br\/site\/wp-json\/wp\/v2\/tags?post=5424"}],"curies":[{"name":"wp","href":"https:\/\/api.w.org\/{rel}","templated":true}]}}