{"id":7363,"date":"2022-09-22T07:52:35","date_gmt":"2022-09-22T10:52:35","guid":{"rendered":"https:\/\/rotario.com.br\/site\/?p=7363"},"modified":"2022-09-22T07:52:37","modified_gmt":"2022-09-22T10:52:37","slug":"casos-de-variola-dos-macacos-no-rio-continua-aumentando","status":"publish","type":"post","link":"https:\/\/rotario.com.br\/site\/casos-de-variola-dos-macacos-no-rio-continua-aumentando\/","title":{"rendered":"Casos de var\u00edola dos macacos no Rio  continua aumentando"},"content":{"rendered":"\n<p class=\"has-drop-cap\">A quantidade de casos de\u00a0<a href=\"https:\/\/jovempan.com.br\/tag\/monkeypox\"><strong>var\u00edola dos macacos<\/strong><\/a>\u00a0continua subindo no\u00a0<a href=\"https:\/\/jovempan.com.br\/tag\/rio-de-janeiro\"><strong>Rio de Janeiro<\/strong><\/a>, sob tend\u00eancia de crescimento. At\u00e9 o momento, 973 casos foram confirmados, segundo o \u00faltimo boletim da Secretaria Estadual de Sa\u00fade, divulgado nesta ter\u00e7a-feira, 20. Ainda segundo as autoridade de sa\u00fade, h\u00e1 111 casos prov\u00e1veis, que devem ser confirmados nos pr\u00f3ximos dias, e outros 410 suspeitos, que est\u00e3o sendo analisados. At\u00e9 agora, as autoridades j\u00e1 descartaram 1703 casos de\u00a0<strong><a href=\"https:\/\/jovempan.com.br\/tag\/variola-dos-macacos\">Monkeypox<\/a><\/strong>\u00a0no Estado do Rio de Janeiro. Segundo a secretaria, h\u00e1 um perfil de pessoas contaminadas pelo v\u00edrus, sendo predominante em homens, mais de 90%. E um ter\u00e7o dos infectados entrou em contato com o v\u00edrus em rela\u00e7\u00f5es sexuais. O Rio de Janeiro \u00e9 o segundo no Brasil na quantidade total de casos da doen\u00e7a, ficando atr\u00e1s apenas do Estado de S\u00e3o Paulo.<\/p>\n","protected":false},"excerpt":{"rendered":"<p>A quantidade de casos de\u00a0var\u00edola dos macacos\u00a0continua subindo no\u00a0Rio de Janeiro, sob tend\u00eancia de crescimento. At\u00e9 o momento, 973 casos foram confirmados, segundo o \u00faltimo boletim da Secretaria Estadual de Sa\u00fade, divulgado nesta ter\u00e7a-feira, 20. Ainda segundo as autoridade de sa\u00fade, h\u00e1 111 casos prov\u00e1veis, que devem ser confirmados nos pr\u00f3ximos dias, e outros 410 [&hellip;]<\/p>\n","protected":false},"author":2,"featured_media":7364,"comment_status":"open","ping_status":"open","sticky":false,"template":"","format":"standard","meta":{"footnotes":""},"categories":[225,133],"tags":[],"class_list":["post-7363","post","type-post","status-publish","format-standard","has-post-thumbnail","hentry","category-destaque","category-rio-de-janeiro-metropolitana"],"yoast_head":"<!-- This site is optimized with the Yoast SEO plugin v26.5 - https:\/\/yoast.com\/wordpress\/plugins\/seo\/ -->\n<title>Casos de var\u00edola dos macacos no Rio continua aumentando - Rota Rio<\/title>\n<meta name=\"robots\" content=\"index, follow, max-snippet:-1, max-image-preview:large, max-video-preview:-1\" \/>\n<link rel=\"canonical\" href=\"https:\/\/rotario.com.br\/site\/casos-de-variola-dos-macacos-no-rio-continua-aumentando\/\" \/>\n<meta property=\"og:locale\" content=\"pt_BR\" \/>\n<meta property=\"og:type\" content=\"article\" \/>\n<meta property=\"og:title\" content=\"Casos de var\u00edola dos macacos no Rio continua aumentando - Rota Rio\" \/>\n<meta property=\"og:description\" content=\"A quantidade de casos de\u00a0var\u00edola dos macacos\u00a0continua subindo no\u00a0Rio de Janeiro, sob tend\u00eancia de crescimento. At\u00e9 o momento, 973 casos foram confirmados, segundo o \u00faltimo boletim da Secretaria Estadual de Sa\u00fade, divulgado nesta ter\u00e7a-feira, 20. Ainda segundo as autoridade de sa\u00fade, h\u00e1 111 casos prov\u00e1veis, que devem ser confirmados nos pr\u00f3ximos dias, e outros 410 [&hellip;]\" \/>\n<meta property=\"og:url\" content=\"https:\/\/rotario.com.br\/site\/casos-de-variola-dos-macacos-no-rio-continua-aumentando\/\" \/>\n<meta property=\"og:site_name\" content=\"Rota Rio\" \/>\n<meta property=\"article:published_time\" content=\"2022-09-22T10:52:35+00:00\" \/>\n<meta property=\"article:modified_time\" content=\"2022-09-22T10:52:37+00:00\" \/>\n<meta property=\"og:image\" content=\"https:\/\/rotario.com.br\/site\/wp-content\/uploads\/2022\/09\/2022-05-19t154353z_1_lynxnpei4i0ra_rtroptp_4_health-monkeypox-country-750x500-1.jpg\" \/>\n\t<meta property=\"og:image:width\" content=\"750\" \/>\n\t<meta property=\"og:image:height\" content=\"500\" \/>\n\t<meta property=\"og:image:type\" content=\"image\/jpeg\" \/>\n<meta name=\"author\" content=\"Galv\u00e3o\" \/>\n<meta name=\"twitter:card\" content=\"summary_large_image\" \/>\n<meta name=\"twitter:label1\" content=\"Escrito por\" \/>\n\t<meta name=\"twitter:data1\" content=\"Galv\u00e3o\" \/>\n\t<meta name=\"twitter:label2\" content=\"Est. tempo de leitura\" \/>\n\t<meta name=\"twitter:data2\" content=\"1 minuto\" \/>\n<script type=\"application\/ld+json\" class=\"yoast-schema-graph\">{\"@context\":\"https:\/\/schema.org\",\"@graph\":[{\"@type\":\"Article\",\"@id\":\"https:\/\/rotario.com.br\/site\/casos-de-variola-dos-macacos-no-rio-continua-aumentando\/#article\",\"isPartOf\":{\"@id\":\"https:\/\/rotario.com.br\/site\/casos-de-variola-dos-macacos-no-rio-continua-aumentando\/\"},\"author\":{\"name\":\"Galv\u00e3o\",\"@id\":\"https:\/\/rotario.com.br\/site\/#\/schema\/person\/fd89bbbf4136f7e8a21e0dd67b8a66c7\"},\"headline\":\"Casos de var\u00edola dos macacos no Rio continua aumentando\",\"datePublished\":\"2022-09-22T10:52:35+00:00\",\"dateModified\":\"2022-09-22T10:52:37+00:00\",\"mainEntityOfPage\":{\"@id\":\"https:\/\/rotario.com.br\/site\/casos-de-variola-dos-macacos-no-rio-continua-aumentando\/\"},\"wordCount\":153,\"commentCount\":0,\"publisher\":{\"@id\":\"https:\/\/rotario.com.br\/site\/#organization\"},\"image\":{\"@id\":\"https:\/\/rotario.com.br\/site\/casos-de-variola-dos-macacos-no-rio-continua-aumentando\/#primaryimage\"},\"thumbnailUrl\":\"https:\/\/rotario.com.br\/site\/wp-content\/uploads\/2022\/09\/2022-05-19t154353z_1_lynxnpei4i0ra_rtroptp_4_health-monkeypox-country-750x500-1.jpg\",\"articleSection\":[\"Destaque\",\"Rio de Janeiro\"],\"inLanguage\":\"pt-BR\",\"potentialAction\":[{\"@type\":\"CommentAction\",\"name\":\"Comment\",\"target\":[\"https:\/\/rotario.com.br\/site\/casos-de-variola-dos-macacos-no-rio-continua-aumentando\/#respond\"]}]},{\"@type\":\"WebPage\",\"@id\":\"https:\/\/rotario.com.br\/site\/casos-de-variola-dos-macacos-no-rio-continua-aumentando\/\",\"url\":\"https:\/\/rotario.com.br\/site\/casos-de-variola-dos-macacos-no-rio-continua-aumentando\/\",\"name\":\"Casos de var\u00edola dos macacos no Rio continua aumentando - Rota Rio\",\"isPartOf\":{\"@id\":\"https:\/\/rotario.com.br\/site\/#website\"},\"primaryImageOfPage\":{\"@id\":\"https:\/\/rotario.com.br\/site\/casos-de-variola-dos-macacos-no-rio-continua-aumentando\/#primaryimage\"},\"image\":{\"@id\":\"https:\/\/rotario.com.br\/site\/casos-de-variola-dos-macacos-no-rio-continua-aumentando\/#primaryimage\"},\"thumbnailUrl\":\"https:\/\/rotario.com.br\/site\/wp-content\/uploads\/2022\/09\/2022-05-19t154353z_1_lynxnpei4i0ra_rtroptp_4_health-monkeypox-country-750x500-1.jpg\",\"datePublished\":\"2022-09-22T10:52:35+00:00\",\"dateModified\":\"2022-09-22T10:52:37+00:00\",\"breadcrumb\":{\"@id\":\"https:\/\/rotario.com.br\/site\/casos-de-variola-dos-macacos-no-rio-continua-aumentando\/#breadcrumb\"},\"inLanguage\":\"pt-BR\",\"potentialAction\":[{\"@type\":\"ReadAction\",\"target\":[\"https:\/\/rotario.com.br\/site\/casos-de-variola-dos-macacos-no-rio-continua-aumentando\/\"]}]},{\"@type\":\"ImageObject\",\"inLanguage\":\"pt-BR\",\"@id\":\"https:\/\/rotario.com.br\/site\/casos-de-variola-dos-macacos-no-rio-continua-aumentando\/#primaryimage\",\"url\":\"https:\/\/rotario.com.br\/site\/wp-content\/uploads\/2022\/09\/2022-05-19t154353z_1_lynxnpei4i0ra_rtroptp_4_health-monkeypox-country-750x500-1.jpg\",\"contentUrl\":\"https:\/\/rotario.com.br\/site\/wp-content\/uploads\/2022\/09\/2022-05-19t154353z_1_lynxnpei4i0ra_rtroptp_4_health-monkeypox-country-750x500-1.jpg\",\"width\":750,\"height\":500},{\"@type\":\"BreadcrumbList\",\"@id\":\"https:\/\/rotario.com.br\/site\/casos-de-variola-dos-macacos-no-rio-continua-aumentando\/#breadcrumb\",\"itemListElement\":[{\"@type\":\"ListItem\",\"position\":1,\"name\":\"In\u00edcio\",\"item\":\"https:\/\/rotario.com.br\/site\/\"},{\"@type\":\"ListItem\",\"position\":2,\"name\":\"Casos de var\u00edola dos macacos no Rio continua aumentando\"}]},{\"@type\":\"WebSite\",\"@id\":\"https:\/\/rotario.com.br\/site\/#website\",\"url\":\"https:\/\/rotario.com.br\/site\/\",\"name\":\"Rota Rio\",\"description\":\"Aqui, o Rio de Janeiro \u00e9 a pauta!\",\"publisher\":{\"@id\":\"https:\/\/rotario.com.br\/site\/#organization\"},\"potentialAction\":[{\"@type\":\"SearchAction\",\"target\":{\"@type\":\"EntryPoint\",\"urlTemplate\":\"https:\/\/rotario.com.br\/site\/?s={search_term_string}\"},\"query-input\":{\"@type\":\"PropertyValueSpecification\",\"valueRequired\":true,\"valueName\":\"search_term_string\"}}],\"inLanguage\":\"pt-BR\"},{\"@type\":\"Organization\",\"@id\":\"https:\/\/rotario.com.br\/site\/#organization\",\"name\":\"Rota Rio\",\"url\":\"https:\/\/rotario.com.br\/site\/\",\"logo\":{\"@type\":\"ImageObject\",\"inLanguage\":\"pt-BR\",\"@id\":\"https:\/\/rotario.com.br\/site\/#\/schema\/logo\/image\/\",\"url\":\"https:\/\/rotario.com.br\/site\/wp-content\/uploads\/2022\/04\/cropped-ROTARIO-LOGO-Prancheta-1-1-2048x654-1.png\",\"contentUrl\":\"https:\/\/rotario.com.br\/site\/wp-content\/uploads\/2022\/04\/cropped-ROTARIO-LOGO-Prancheta-1-1-2048x654-1.png\",\"width\":2048,\"height\":654,\"caption\":\"Rota Rio\"},\"image\":{\"@id\":\"https:\/\/rotario.com.br\/site\/#\/schema\/logo\/image\/\"}},{\"@type\":\"Person\",\"@id\":\"https:\/\/rotario.com.br\/site\/#\/schema\/person\/fd89bbbf4136f7e8a21e0dd67b8a66c7\",\"name\":\"Galv\u00e3o\",\"url\":\"https:\/\/rotario.com.br\/site\/author\/daniel\/\"}]}<\/script>\n<!-- \/ Yoast SEO plugin. -->","yoast_head_json":{"title":"Casos de var\u00edola dos macacos no Rio continua aumentando - Rota Rio","robots":{"index":"index","follow":"follow","max-snippet":"max-snippet:-1","max-image-preview":"max-image-preview:large","max-video-preview":"max-video-preview:-1"},"canonical":"https:\/\/rotario.com.br\/site\/casos-de-variola-dos-macacos-no-rio-continua-aumentando\/","og_locale":"pt_BR","og_type":"article","og_title":"Casos de var\u00edola dos macacos no Rio continua aumentando - Rota Rio","og_description":"A quantidade de casos de\u00a0var\u00edola dos macacos\u00a0continua subindo no\u00a0Rio de Janeiro, sob tend\u00eancia de crescimento. At\u00e9 o momento, 973 casos foram confirmados, segundo o \u00faltimo boletim da Secretaria Estadual de Sa\u00fade, divulgado nesta ter\u00e7a-feira, 20. Ainda segundo as autoridade de sa\u00fade, h\u00e1 111 casos prov\u00e1veis, que devem ser confirmados nos pr\u00f3ximos dias, e outros 410 [&hellip;]","og_url":"https:\/\/rotario.com.br\/site\/casos-de-variola-dos-macacos-no-rio-continua-aumentando\/","og_site_name":"Rota Rio","article_published_time":"2022-09-22T10:52:35+00:00","article_modified_time":"2022-09-22T10:52:37+00:00","og_image":[{"width":750,"height":500,"url":"https:\/\/rotario.com.br\/site\/wp-content\/uploads\/2022\/09\/2022-05-19t154353z_1_lynxnpei4i0ra_rtroptp_4_health-monkeypox-country-750x500-1.jpg","type":"image\/jpeg"}],"author":"Galv\u00e3o","twitter_card":"summary_large_image","twitter_misc":{"Escrito por":"Galv\u00e3o","Est. tempo de leitura":"1 minuto"},"schema":{"@context":"https:\/\/schema.org","@graph":[{"@type":"Article","@id":"https:\/\/rotario.com.br\/site\/casos-de-variola-dos-macacos-no-rio-continua-aumentando\/#article","isPartOf":{"@id":"https:\/\/rotario.com.br\/site\/casos-de-variola-dos-macacos-no-rio-continua-aumentando\/"},"author":{"name":"Galv\u00e3o","@id":"https:\/\/rotario.com.br\/site\/#\/schema\/person\/fd89bbbf4136f7e8a21e0dd67b8a66c7"},"headline":"Casos de var\u00edola dos macacos no Rio continua aumentando","datePublished":"2022-09-22T10:52:35+00:00","dateModified":"2022-09-22T10:52:37+00:00","mainEntityOfPage":{"@id":"https:\/\/rotario.com.br\/site\/casos-de-variola-dos-macacos-no-rio-continua-aumentando\/"},"wordCount":153,"commentCount":0,"publisher":{"@id":"https:\/\/rotario.com.br\/site\/#organization"},"image":{"@id":"https:\/\/rotario.com.br\/site\/casos-de-variola-dos-macacos-no-rio-continua-aumentando\/#primaryimage"},"thumbnailUrl":"https:\/\/rotario.com.br\/site\/wp-content\/uploads\/2022\/09\/2022-05-19t154353z_1_lynxnpei4i0ra_rtroptp_4_health-monkeypox-country-750x500-1.jpg","articleSection":["Destaque","Rio de Janeiro"],"inLanguage":"pt-BR","potentialAction":[{"@type":"CommentAction","name":"Comment","target":["https:\/\/rotario.com.br\/site\/casos-de-variola-dos-macacos-no-rio-continua-aumentando\/#respond"]}]},{"@type":"WebPage","@id":"https:\/\/rotario.com.br\/site\/casos-de-variola-dos-macacos-no-rio-continua-aumentando\/","url":"https:\/\/rotario.com.br\/site\/casos-de-variola-dos-macacos-no-rio-continua-aumentando\/","name":"Casos de var\u00edola dos macacos no Rio continua aumentando - Rota Rio","isPartOf":{"@id":"https:\/\/rotario.com.br\/site\/#website"},"primaryImageOfPage":{"@id":"https:\/\/rotario.com.br\/site\/casos-de-variola-dos-macacos-no-rio-continua-aumentando\/#primaryimage"},"image":{"@id":"https:\/\/rotario.com.br\/site\/casos-de-variola-dos-macacos-no-rio-continua-aumentando\/#primaryimage"},"thumbnailUrl":"https:\/\/rotario.com.br\/site\/wp-content\/uploads\/2022\/09\/2022-05-19t154353z_1_lynxnpei4i0ra_rtroptp_4_health-monkeypox-country-750x500-1.jpg","datePublished":"2022-09-22T10:52:35+00:00","dateModified":"2022-09-22T10:52:37+00:00","breadcrumb":{"@id":"https:\/\/rotario.com.br\/site\/casos-de-variola-dos-macacos-no-rio-continua-aumentando\/#breadcrumb"},"inLanguage":"pt-BR","potentialAction":[{"@type":"ReadAction","target":["https:\/\/rotario.com.br\/site\/casos-de-variola-dos-macacos-no-rio-continua-aumentando\/"]}]},{"@type":"ImageObject","inLanguage":"pt-BR","@id":"https:\/\/rotario.com.br\/site\/casos-de-variola-dos-macacos-no-rio-continua-aumentando\/#primaryimage","url":"https:\/\/rotario.com.br\/site\/wp-content\/uploads\/2022\/09\/2022-05-19t154353z_1_lynxnpei4i0ra_rtroptp_4_health-monkeypox-country-750x500-1.jpg","contentUrl":"https:\/\/rotario.com.br\/site\/wp-content\/uploads\/2022\/09\/2022-05-19t154353z_1_lynxnpei4i0ra_rtroptp_4_health-monkeypox-country-750x500-1.jpg","width":750,"height":500},{"@type":"BreadcrumbList","@id":"https:\/\/rotario.com.br\/site\/casos-de-variola-dos-macacos-no-rio-continua-aumentando\/#breadcrumb","itemListElement":[{"@type":"ListItem","position":1,"name":"In\u00edcio","item":"https:\/\/rotario.com.br\/site\/"},{"@type":"ListItem","position":2,"name":"Casos de var\u00edola dos macacos no Rio continua aumentando"}]},{"@type":"WebSite","@id":"https:\/\/rotario.com.br\/site\/#website","url":"https:\/\/rotario.com.br\/site\/","name":"Rota Rio","description":"Aqui, o Rio de Janeiro \u00e9 a pauta!","publisher":{"@id":"https:\/\/rotario.com.br\/site\/#organization"},"potentialAction":[{"@type":"SearchAction","target":{"@type":"EntryPoint","urlTemplate":"https:\/\/rotario.com.br\/site\/?s={search_term_string}"},"query-input":{"@type":"PropertyValueSpecification","valueRequired":true,"valueName":"search_term_string"}}],"inLanguage":"pt-BR"},{"@type":"Organization","@id":"https:\/\/rotario.com.br\/site\/#organization","name":"Rota Rio","url":"https:\/\/rotario.com.br\/site\/","logo":{"@type":"ImageObject","inLanguage":"pt-BR","@id":"https:\/\/rotario.com.br\/site\/#\/schema\/logo\/image\/","url":"https:\/\/rotario.com.br\/site\/wp-content\/uploads\/2022\/04\/cropped-ROTARIO-LOGO-Prancheta-1-1-2048x654-1.png","contentUrl":"https:\/\/rotario.com.br\/site\/wp-content\/uploads\/2022\/04\/cropped-ROTARIO-LOGO-Prancheta-1-1-2048x654-1.png","width":2048,"height":654,"caption":"Rota Rio"},"image":{"@id":"https:\/\/rotario.com.br\/site\/#\/schema\/logo\/image\/"}},{"@type":"Person","@id":"https:\/\/rotario.com.br\/site\/#\/schema\/person\/fd89bbbf4136f7e8a21e0dd67b8a66c7","name":"Galv\u00e3o","url":"https:\/\/rotario.com.br\/site\/author\/daniel\/"}]}},"_links":{"self":[{"href":"https:\/\/rotario.com.br\/site\/wp-json\/wp\/v2\/posts\/7363","targetHints":{"allow":["GET"]}}],"collection":[{"href":"https:\/\/rotario.com.br\/site\/wp-json\/wp\/v2\/posts"}],"about":[{"href":"https:\/\/rotario.com.br\/site\/wp-json\/wp\/v2\/types\/post"}],"author":[{"embeddable":true,"href":"https:\/\/rotario.com.br\/site\/wp-json\/wp\/v2\/users\/2"}],"replies":[{"embeddable":true,"href":"https:\/\/rotario.com.br\/site\/wp-json\/wp\/v2\/comments?post=7363"}],"version-history":[{"count":0,"href":"https:\/\/rotario.com.br\/site\/wp-json\/wp\/v2\/posts\/7363\/revisions"}],"wp:featuredmedia":[{"embeddable":true,"href":"https:\/\/rotario.com.br\/site\/wp-json\/wp\/v2\/media\/7364"}],"wp:attachment":[{"href":"https:\/\/rotario.com.br\/site\/wp-json\/wp\/v2\/media?parent=7363"}],"wp:term":[{"taxonomy":"category","embeddable":true,"href":"https:\/\/rotario.com.br\/site\/wp-json\/wp\/v2\/categories?post=7363"},{"taxonomy":"post_tag","embeddable":true,"href":"https:\/\/rotario.com.br\/site\/wp-json\/wp\/v2\/tags?post=7363"}],"curies":[{"name":"wp","href":"https:\/\/api.w.org\/{rel}","templated":true}]}}