{"id":7366,"date":"2022-09-22T07:54:55","date_gmt":"2022-09-22T10:54:55","guid":{"rendered":"https:\/\/rotario.com.br\/site\/?p=7366"},"modified":"2022-09-22T07:55:24","modified_gmt":"2022-09-22T10:55:24","slug":"bale-macunaima-estreia-no-theatro-municipal-do-rio","status":"publish","type":"post","link":"https:\/\/rotario.com.br\/site\/bale-macunaima-estreia-no-theatro-municipal-do-rio\/","title":{"rendered":"Bal\u00e9 Macuna\u00edma estreia no Theatro Municipal do Rio"},"content":{"rendered":"\n<p class=\"has-drop-cap\">O bal\u00e9 Macuna\u00edma estreia hoje&nbsp;(22), \u00e0s 19h,&nbsp;no&nbsp;Theatro Municipal do Rio de Janeiro, localizado na regi\u00e3o central da capital fluminense. Baseada&nbsp;no livro hom\u00f4nimo de M\u00e1rio de Andrade, a&nbsp;obra integra o calend\u00e1rio de comemora\u00e7\u00f5es do centen\u00e1rio da Semana de Arte Moderna de 1922 e tem classifica\u00e7\u00e3o de 14 anos.<img decoding=\"async\" src=\"https:\/\/agenciabrasil.ebc.com.br\/ebc.png?id=1483616&amp;o=node\"><img decoding=\"async\" src=\"https:\/\/agenciabrasil.ebc.com.br\/ebc.gif?id=1483616&amp;o=node\"><\/p>\n\n\n\n<p>A sess\u00e3o de estreia \u00e9 voltada para as escolas p\u00fablicas. \u201cN\u00f3s vamos levar algumas escolas p\u00fablicas para assistir, crian\u00e7as e jovens&nbsp;para terem contato com o Theatro Municipal e com essa obra in\u00e9dita que marca os 100 anos da Semana de Arte Moderna\u201d, disse Tamoio Atha\u00edde Marcondes, presidente da Funda\u00e7\u00e3o Nacional de Artes (Funarte). Nos dias 23 e 24, haver\u00e1 sess\u00f5es \u00e0s 19h para o p\u00fablico e no domingo (25), \u00e0s 17h. Os ingressos t\u00eam pre\u00e7os de R$ 20 a R$ 80 e podem ser adquiridos na bilheteria do teatro.<\/p>\n\n\n\n<p>Os ensaios foram iniciados em junho. S\u00e3o quase 50 bailarinos trabalhando no espet\u00e1culo multim\u00eddia de uma hora de dura\u00e7\u00e3o, com dire\u00e7\u00e3o de imagem e fotografia de Igor Correa e supervis\u00e3o art\u00edstica de H\u00e9lio Bejani e Jorge Texeira. A concep\u00e7\u00e3o coreogr\u00e1fica de Carlos Laerte desconstr\u00f3i os corpos dos bailarinos cl\u00e1ssicos e traz a contemporaneidade da dan\u00e7a brasileira.&nbsp;A&nbsp;trilha sonora foi especialmente composta para a obra pelo compositor Ronaldo Miranda, e ser\u00e1 executada durante o espet\u00e1culo&nbsp;pela Orquestra Sinf\u00f4nica e pelo bal\u00e9 do Theatro Municipal, com coreografia de Carlos Laerte.&nbsp;<\/p>\n\n\n\n<p>Fruto de parceria entre a Funarte&nbsp;e a Universidade Federal do Rio de Janeiro (UFRJ),&nbsp; o&nbsp;bal\u00e9 foi criado dentro do programa Arte de Toda Gente,&nbsp;com concep\u00e7\u00e3o do maestro Andr\u00e9 Cardoso, coordenador do projeto Sistema Nacional de Orquestras Sociais (Sinos), que integra o programa junto com os projetos Bossa Criativa e Um Novo Olhar (UNO).<\/p>\n\n\n\n<h2 class=\"wp-block-heading\">Emancipa\u00e7\u00e3o<\/h2>\n\n\n\n<p>Marcondes ressaltou que, este ano, o Brasil tem comemora\u00e7\u00f5es muito pertinentes: o bicenten\u00e1rio da Independ\u00eancia, que marca a emancipa\u00e7\u00e3o do pa\u00eds,&nbsp;e os 100 anos da Semana da Arte Moderna, que comemora&nbsp;a emancipa\u00e7\u00e3o art\u00edstica, com todos os \u00edcones que fazem parte dessa Semana de 1922, como o maestro&nbsp;Villa-Lobos, os escritores&nbsp;M\u00e1rio de Andrade e Manuel Bandeira,&nbsp; e o pintor&nbsp;Di Cavalcanti\u201d.&nbsp;<\/p>\n\n\n\n<p>O presidente da Funarte&nbsp;diz tamb\u00e9m que o bal\u00e9 Macuna\u00edma apresenta algumas peculiaridades em rela\u00e7\u00e3o \u00e0 entidade, que trabalha de maneira muito forte as artes integradas. \u201cEsse bal\u00e9, especificamente, \u00e9 brilhante porque \u00e9 uma jun\u00e7\u00e3o de uma s\u00e9rie de linguagens: a orquestra, com a linguagem da m\u00fasica; a pr\u00f3pria dramaturgia, com encena\u00e7\u00f5es da dan\u00e7a do corpo de bal\u00e9; as artes visuais\u201d. Marcondes chamou a aten\u00e7\u00e3o para os efeitos visuais que o bal\u00e9 apresenta, com a transi\u00e7\u00e3o do que \u00e9 real, que s\u00e3o os bailarinos no palco, com o que est\u00e1 sendo transmitido na tela.<\/p>\n\n\n\n<p>Al\u00e9m disso, a obra apresenta algo em que a Funarte tem trabalhado durante os dois \u00faltimos anos, que \u00e9 a arte urbana. A cenografia, por exemplo, utiliza espelhos e foi desenvolvida por artistas do Museu do Grafite. Tamb\u00e9m no cen\u00e1rio e no figurino, destaca-se o padr\u00e3o art\u00edstico de sustentabilidade, no qual a Funarte tem investido por meio da&nbsp;Lei Rouanet. Comp\u00f5e ainda&nbsp;o cen\u00e1rio material reciclado pelo Coletivo Trouxinha, da UFRJ.<\/p>\n\n\n\n<p>O figurino \u00e9 todo feito com elementos de sustentabilidade e reaproveitamento de material, e faz uma releitura do acervo do TMRJ, com linguagem moderna, cada vez mais buscando o reaproveitamento.&nbsp;<\/p>\n\n\n\n<p>O bal\u00e9 Macuna\u00edma preserva as peculiaridades dos tons caracter\u00edsticos das obras dos grandes pintores da \u00e9poca da Semana de Arte Moderna. \u201cQuem for assistir, ver\u00e1 o amarelo de Anita Malfati, o azul cobalto de Portinari; o verde de Ismael Nery; o azul claro de John Graz; o laranja de Di Cavalcanti; o rosa de Milton Dacosta; o vermelho de Tarsila do Amaral. Tudo isso estar\u00e1&nbsp;presente no cen\u00e1rio e vai ser notado, enaltecendo os&nbsp;artistas da Semana de Arte de 1922\u201d, adianta Marcondes.<\/p>\n\n\n\n<h2 class=\"wp-block-heading\">Floresta Amaz\u00f4nica<\/h2>\n\n\n\n<p>O bal\u00e9 tem um ato, quatro quadros e, como cen\u00e1rio inicial, traz a Floresta Amaz\u00f4nica, na regi\u00e3o do Rio Uraricoera, terra natal de Macuna\u00edma, onde vivem os \u00edndios Tapanhumas. A narrativa tamb\u00e9m \u00e9 contada por meio da linguagem audiovisual. Os bailarinos contracenam com imagens e, em muitos momentos, \u201centram e saem da tela\u201d.<\/p>\n\n\n\n<p>A presidente da Funda\u00e7\u00e3o Teatro Municipal, Clara Paulino, destacou\u00a0o ineditismo do espet\u00e1culo, que conta com o apoio da Associa\u00e7\u00e3o de Amigos do Teatro Municipal e patroc\u00ednio da Petrobras. \u201cMacuna\u00edma \u00e9 um dos pontos altos da nossa temporada art\u00edstica de 2022 e estamos muito felizes com a expectativa de entregar \u00e0 popula\u00e7\u00e3o uma obra t\u00e3o importante para a cultura nacional, feita em\u00a0formato jamais visto que, com certeza, vai gerar impacto no p\u00fablico presente.\u201d<\/p>\n\n\n\n<p><\/p>\n\n\n\n<p>Ag\u00eancia Brasil<\/p>\n","protected":false},"excerpt":{"rendered":"<p>O bal\u00e9 Macuna\u00edma estreia hoje&nbsp;(22), \u00e0s 19h,&nbsp;no&nbsp;Theatro Municipal do Rio de Janeiro, localizado na regi\u00e3o central da capital fluminense. Baseada&nbsp;no livro hom\u00f4nimo de M\u00e1rio de Andrade, a&nbsp;obra integra o calend\u00e1rio de comemora\u00e7\u00f5es do centen\u00e1rio da Semana de Arte Moderna de 1922 e tem classifica\u00e7\u00e3o de 14 anos. A sess\u00e3o de estreia \u00e9 voltada para as [&hellip;]<\/p>\n","protected":false},"author":2,"featured_media":7367,"comment_status":"open","ping_status":"open","sticky":false,"template":"","format":"standard","meta":{"footnotes":""},"categories":[225,33],"tags":[],"class_list":["post-7366","post","type-post","status-publish","format-standard","has-post-thumbnail","hentry","category-destaque","category-rio-de-janeiro"],"yoast_head":"<!-- This site is optimized with the Yoast SEO plugin v26.5 - https:\/\/yoast.com\/wordpress\/plugins\/seo\/ -->\n<title>Bal\u00e9 Macuna\u00edma estreia no Theatro Municipal do Rio - Rota Rio<\/title>\n<meta name=\"robots\" content=\"index, follow, max-snippet:-1, max-image-preview:large, max-video-preview:-1\" \/>\n<link rel=\"canonical\" href=\"https:\/\/rotario.com.br\/site\/bale-macunaima-estreia-no-theatro-municipal-do-rio\/\" \/>\n<meta property=\"og:locale\" content=\"pt_BR\" \/>\n<meta property=\"og:type\" content=\"article\" \/>\n<meta property=\"og:title\" content=\"Bal\u00e9 Macuna\u00edma estreia no Theatro Municipal do Rio - Rota Rio\" \/>\n<meta property=\"og:description\" content=\"O bal\u00e9 Macuna\u00edma estreia hoje&nbsp;(22), \u00e0s 19h,&nbsp;no&nbsp;Theatro Municipal do Rio de Janeiro, localizado na regi\u00e3o central da capital fluminense. Baseada&nbsp;no livro hom\u00f4nimo de M\u00e1rio de Andrade, a&nbsp;obra integra o calend\u00e1rio de comemora\u00e7\u00f5es do centen\u00e1rio da Semana de Arte Moderna de 1922 e tem classifica\u00e7\u00e3o de 14 anos. A sess\u00e3o de estreia \u00e9 voltada para as [&hellip;]\" \/>\n<meta property=\"og:url\" content=\"https:\/\/rotario.com.br\/site\/bale-macunaima-estreia-no-theatro-municipal-do-rio\/\" \/>\n<meta property=\"og:site_name\" content=\"Rota Rio\" \/>\n<meta property=\"article:published_time\" content=\"2022-09-22T10:54:55+00:00\" \/>\n<meta property=\"article:modified_time\" content=\"2022-09-22T10:55:24+00:00\" \/>\n<meta property=\"og:image\" content=\"https:\/\/rotario.com.br\/site\/wp-content\/uploads\/2022\/09\/ffraz_abr_1907181883.jpg\" \/>\n\t<meta property=\"og:image:width\" content=\"1170\" \/>\n\t<meta property=\"og:image:height\" content=\"700\" \/>\n\t<meta property=\"og:image:type\" content=\"image\/jpeg\" \/>\n<meta name=\"author\" content=\"Galv\u00e3o\" \/>\n<meta name=\"twitter:card\" content=\"summary_large_image\" \/>\n<meta name=\"twitter:label1\" content=\"Escrito por\" \/>\n\t<meta name=\"twitter:data1\" content=\"Galv\u00e3o\" \/>\n\t<meta name=\"twitter:label2\" content=\"Est. tempo de leitura\" \/>\n\t<meta name=\"twitter:data2\" content=\"5 minutos\" \/>\n<script type=\"application\/ld+json\" class=\"yoast-schema-graph\">{\"@context\":\"https:\/\/schema.org\",\"@graph\":[{\"@type\":\"Article\",\"@id\":\"https:\/\/rotario.com.br\/site\/bale-macunaima-estreia-no-theatro-municipal-do-rio\/#article\",\"isPartOf\":{\"@id\":\"https:\/\/rotario.com.br\/site\/bale-macunaima-estreia-no-theatro-municipal-do-rio\/\"},\"author\":{\"name\":\"Galv\u00e3o\",\"@id\":\"https:\/\/rotario.com.br\/site\/#\/schema\/person\/fd89bbbf4136f7e8a21e0dd67b8a66c7\"},\"headline\":\"Bal\u00e9 Macuna\u00edma estreia no Theatro Municipal do Rio\",\"datePublished\":\"2022-09-22T10:54:55+00:00\",\"dateModified\":\"2022-09-22T10:55:24+00:00\",\"mainEntityOfPage\":{\"@id\":\"https:\/\/rotario.com.br\/site\/bale-macunaima-estreia-no-theatro-municipal-do-rio\/\"},\"wordCount\":855,\"commentCount\":0,\"publisher\":{\"@id\":\"https:\/\/rotario.com.br\/site\/#organization\"},\"image\":{\"@id\":\"https:\/\/rotario.com.br\/site\/bale-macunaima-estreia-no-theatro-municipal-do-rio\/#primaryimage\"},\"thumbnailUrl\":\"https:\/\/rotario.com.br\/site\/wp-content\/uploads\/2022\/09\/ffraz_abr_1907181883.jpg\",\"articleSection\":[\"Destaque\",\"Rio de Janeiro\"],\"inLanguage\":\"pt-BR\",\"potentialAction\":[{\"@type\":\"CommentAction\",\"name\":\"Comment\",\"target\":[\"https:\/\/rotario.com.br\/site\/bale-macunaima-estreia-no-theatro-municipal-do-rio\/#respond\"]}]},{\"@type\":\"WebPage\",\"@id\":\"https:\/\/rotario.com.br\/site\/bale-macunaima-estreia-no-theatro-municipal-do-rio\/\",\"url\":\"https:\/\/rotario.com.br\/site\/bale-macunaima-estreia-no-theatro-municipal-do-rio\/\",\"name\":\"Bal\u00e9 Macuna\u00edma estreia no Theatro Municipal do Rio - Rota Rio\",\"isPartOf\":{\"@id\":\"https:\/\/rotario.com.br\/site\/#website\"},\"primaryImageOfPage\":{\"@id\":\"https:\/\/rotario.com.br\/site\/bale-macunaima-estreia-no-theatro-municipal-do-rio\/#primaryimage\"},\"image\":{\"@id\":\"https:\/\/rotario.com.br\/site\/bale-macunaima-estreia-no-theatro-municipal-do-rio\/#primaryimage\"},\"thumbnailUrl\":\"https:\/\/rotario.com.br\/site\/wp-content\/uploads\/2022\/09\/ffraz_abr_1907181883.jpg\",\"datePublished\":\"2022-09-22T10:54:55+00:00\",\"dateModified\":\"2022-09-22T10:55:24+00:00\",\"breadcrumb\":{\"@id\":\"https:\/\/rotario.com.br\/site\/bale-macunaima-estreia-no-theatro-municipal-do-rio\/#breadcrumb\"},\"inLanguage\":\"pt-BR\",\"potentialAction\":[{\"@type\":\"ReadAction\",\"target\":[\"https:\/\/rotario.com.br\/site\/bale-macunaima-estreia-no-theatro-municipal-do-rio\/\"]}]},{\"@type\":\"ImageObject\",\"inLanguage\":\"pt-BR\",\"@id\":\"https:\/\/rotario.com.br\/site\/bale-macunaima-estreia-no-theatro-municipal-do-rio\/#primaryimage\",\"url\":\"https:\/\/rotario.com.br\/site\/wp-content\/uploads\/2022\/09\/ffraz_abr_1907181883.jpg\",\"contentUrl\":\"https:\/\/rotario.com.br\/site\/wp-content\/uploads\/2022\/09\/ffraz_abr_1907181883.jpg\",\"width\":1170,\"height\":700,\"caption\":\"Theatro Municipal do Rio de Janeiro completa 109 anos\"},{\"@type\":\"BreadcrumbList\",\"@id\":\"https:\/\/rotario.com.br\/site\/bale-macunaima-estreia-no-theatro-municipal-do-rio\/#breadcrumb\",\"itemListElement\":[{\"@type\":\"ListItem\",\"position\":1,\"name\":\"In\u00edcio\",\"item\":\"https:\/\/rotario.com.br\/site\/\"},{\"@type\":\"ListItem\",\"position\":2,\"name\":\"Bal\u00e9 Macuna\u00edma estreia no Theatro Municipal do Rio\"}]},{\"@type\":\"WebSite\",\"@id\":\"https:\/\/rotario.com.br\/site\/#website\",\"url\":\"https:\/\/rotario.com.br\/site\/\",\"name\":\"Rota Rio\",\"description\":\"Aqui, o Rio de Janeiro \u00e9 a pauta!\",\"publisher\":{\"@id\":\"https:\/\/rotario.com.br\/site\/#organization\"},\"potentialAction\":[{\"@type\":\"SearchAction\",\"target\":{\"@type\":\"EntryPoint\",\"urlTemplate\":\"https:\/\/rotario.com.br\/site\/?s={search_term_string}\"},\"query-input\":{\"@type\":\"PropertyValueSpecification\",\"valueRequired\":true,\"valueName\":\"search_term_string\"}}],\"inLanguage\":\"pt-BR\"},{\"@type\":\"Organization\",\"@id\":\"https:\/\/rotario.com.br\/site\/#organization\",\"name\":\"Rota Rio\",\"url\":\"https:\/\/rotario.com.br\/site\/\",\"logo\":{\"@type\":\"ImageObject\",\"inLanguage\":\"pt-BR\",\"@id\":\"https:\/\/rotario.com.br\/site\/#\/schema\/logo\/image\/\",\"url\":\"https:\/\/rotario.com.br\/site\/wp-content\/uploads\/2022\/04\/cropped-ROTARIO-LOGO-Prancheta-1-1-2048x654-1.png\",\"contentUrl\":\"https:\/\/rotario.com.br\/site\/wp-content\/uploads\/2022\/04\/cropped-ROTARIO-LOGO-Prancheta-1-1-2048x654-1.png\",\"width\":2048,\"height\":654,\"caption\":\"Rota Rio\"},\"image\":{\"@id\":\"https:\/\/rotario.com.br\/site\/#\/schema\/logo\/image\/\"}},{\"@type\":\"Person\",\"@id\":\"https:\/\/rotario.com.br\/site\/#\/schema\/person\/fd89bbbf4136f7e8a21e0dd67b8a66c7\",\"name\":\"Galv\u00e3o\",\"url\":\"https:\/\/rotario.com.br\/site\/author\/daniel\/\"}]}<\/script>\n<!-- \/ Yoast SEO plugin. -->","yoast_head_json":{"title":"Bal\u00e9 Macuna\u00edma estreia no Theatro Municipal do Rio - Rota Rio","robots":{"index":"index","follow":"follow","max-snippet":"max-snippet:-1","max-image-preview":"max-image-preview:large","max-video-preview":"max-video-preview:-1"},"canonical":"https:\/\/rotario.com.br\/site\/bale-macunaima-estreia-no-theatro-municipal-do-rio\/","og_locale":"pt_BR","og_type":"article","og_title":"Bal\u00e9 Macuna\u00edma estreia no Theatro Municipal do Rio - Rota Rio","og_description":"O bal\u00e9 Macuna\u00edma estreia hoje&nbsp;(22), \u00e0s 19h,&nbsp;no&nbsp;Theatro Municipal do Rio de Janeiro, localizado na regi\u00e3o central da capital fluminense. Baseada&nbsp;no livro hom\u00f4nimo de M\u00e1rio de Andrade, a&nbsp;obra integra o calend\u00e1rio de comemora\u00e7\u00f5es do centen\u00e1rio da Semana de Arte Moderna de 1922 e tem classifica\u00e7\u00e3o de 14 anos. A sess\u00e3o de estreia \u00e9 voltada para as [&hellip;]","og_url":"https:\/\/rotario.com.br\/site\/bale-macunaima-estreia-no-theatro-municipal-do-rio\/","og_site_name":"Rota Rio","article_published_time":"2022-09-22T10:54:55+00:00","article_modified_time":"2022-09-22T10:55:24+00:00","og_image":[{"width":1170,"height":700,"url":"https:\/\/rotario.com.br\/site\/wp-content\/uploads\/2022\/09\/ffraz_abr_1907181883.jpg","type":"image\/jpeg"}],"author":"Galv\u00e3o","twitter_card":"summary_large_image","twitter_misc":{"Escrito por":"Galv\u00e3o","Est. tempo de leitura":"5 minutos"},"schema":{"@context":"https:\/\/schema.org","@graph":[{"@type":"Article","@id":"https:\/\/rotario.com.br\/site\/bale-macunaima-estreia-no-theatro-municipal-do-rio\/#article","isPartOf":{"@id":"https:\/\/rotario.com.br\/site\/bale-macunaima-estreia-no-theatro-municipal-do-rio\/"},"author":{"name":"Galv\u00e3o","@id":"https:\/\/rotario.com.br\/site\/#\/schema\/person\/fd89bbbf4136f7e8a21e0dd67b8a66c7"},"headline":"Bal\u00e9 Macuna\u00edma estreia no Theatro Municipal do Rio","datePublished":"2022-09-22T10:54:55+00:00","dateModified":"2022-09-22T10:55:24+00:00","mainEntityOfPage":{"@id":"https:\/\/rotario.com.br\/site\/bale-macunaima-estreia-no-theatro-municipal-do-rio\/"},"wordCount":855,"commentCount":0,"publisher":{"@id":"https:\/\/rotario.com.br\/site\/#organization"},"image":{"@id":"https:\/\/rotario.com.br\/site\/bale-macunaima-estreia-no-theatro-municipal-do-rio\/#primaryimage"},"thumbnailUrl":"https:\/\/rotario.com.br\/site\/wp-content\/uploads\/2022\/09\/ffraz_abr_1907181883.jpg","articleSection":["Destaque","Rio de Janeiro"],"inLanguage":"pt-BR","potentialAction":[{"@type":"CommentAction","name":"Comment","target":["https:\/\/rotario.com.br\/site\/bale-macunaima-estreia-no-theatro-municipal-do-rio\/#respond"]}]},{"@type":"WebPage","@id":"https:\/\/rotario.com.br\/site\/bale-macunaima-estreia-no-theatro-municipal-do-rio\/","url":"https:\/\/rotario.com.br\/site\/bale-macunaima-estreia-no-theatro-municipal-do-rio\/","name":"Bal\u00e9 Macuna\u00edma estreia no Theatro Municipal do Rio - Rota Rio","isPartOf":{"@id":"https:\/\/rotario.com.br\/site\/#website"},"primaryImageOfPage":{"@id":"https:\/\/rotario.com.br\/site\/bale-macunaima-estreia-no-theatro-municipal-do-rio\/#primaryimage"},"image":{"@id":"https:\/\/rotario.com.br\/site\/bale-macunaima-estreia-no-theatro-municipal-do-rio\/#primaryimage"},"thumbnailUrl":"https:\/\/rotario.com.br\/site\/wp-content\/uploads\/2022\/09\/ffraz_abr_1907181883.jpg","datePublished":"2022-09-22T10:54:55+00:00","dateModified":"2022-09-22T10:55:24+00:00","breadcrumb":{"@id":"https:\/\/rotario.com.br\/site\/bale-macunaima-estreia-no-theatro-municipal-do-rio\/#breadcrumb"},"inLanguage":"pt-BR","potentialAction":[{"@type":"ReadAction","target":["https:\/\/rotario.com.br\/site\/bale-macunaima-estreia-no-theatro-municipal-do-rio\/"]}]},{"@type":"ImageObject","inLanguage":"pt-BR","@id":"https:\/\/rotario.com.br\/site\/bale-macunaima-estreia-no-theatro-municipal-do-rio\/#primaryimage","url":"https:\/\/rotario.com.br\/site\/wp-content\/uploads\/2022\/09\/ffraz_abr_1907181883.jpg","contentUrl":"https:\/\/rotario.com.br\/site\/wp-content\/uploads\/2022\/09\/ffraz_abr_1907181883.jpg","width":1170,"height":700,"caption":"Theatro Municipal do Rio de Janeiro completa 109 anos"},{"@type":"BreadcrumbList","@id":"https:\/\/rotario.com.br\/site\/bale-macunaima-estreia-no-theatro-municipal-do-rio\/#breadcrumb","itemListElement":[{"@type":"ListItem","position":1,"name":"In\u00edcio","item":"https:\/\/rotario.com.br\/site\/"},{"@type":"ListItem","position":2,"name":"Bal\u00e9 Macuna\u00edma estreia no Theatro Municipal do Rio"}]},{"@type":"WebSite","@id":"https:\/\/rotario.com.br\/site\/#website","url":"https:\/\/rotario.com.br\/site\/","name":"Rota Rio","description":"Aqui, o Rio de Janeiro \u00e9 a pauta!","publisher":{"@id":"https:\/\/rotario.com.br\/site\/#organization"},"potentialAction":[{"@type":"SearchAction","target":{"@type":"EntryPoint","urlTemplate":"https:\/\/rotario.com.br\/site\/?s={search_term_string}"},"query-input":{"@type":"PropertyValueSpecification","valueRequired":true,"valueName":"search_term_string"}}],"inLanguage":"pt-BR"},{"@type":"Organization","@id":"https:\/\/rotario.com.br\/site\/#organization","name":"Rota Rio","url":"https:\/\/rotario.com.br\/site\/","logo":{"@type":"ImageObject","inLanguage":"pt-BR","@id":"https:\/\/rotario.com.br\/site\/#\/schema\/logo\/image\/","url":"https:\/\/rotario.com.br\/site\/wp-content\/uploads\/2022\/04\/cropped-ROTARIO-LOGO-Prancheta-1-1-2048x654-1.png","contentUrl":"https:\/\/rotario.com.br\/site\/wp-content\/uploads\/2022\/04\/cropped-ROTARIO-LOGO-Prancheta-1-1-2048x654-1.png","width":2048,"height":654,"caption":"Rota Rio"},"image":{"@id":"https:\/\/rotario.com.br\/site\/#\/schema\/logo\/image\/"}},{"@type":"Person","@id":"https:\/\/rotario.com.br\/site\/#\/schema\/person\/fd89bbbf4136f7e8a21e0dd67b8a66c7","name":"Galv\u00e3o","url":"https:\/\/rotario.com.br\/site\/author\/daniel\/"}]}},"_links":{"self":[{"href":"https:\/\/rotario.com.br\/site\/wp-json\/wp\/v2\/posts\/7366","targetHints":{"allow":["GET"]}}],"collection":[{"href":"https:\/\/rotario.com.br\/site\/wp-json\/wp\/v2\/posts"}],"about":[{"href":"https:\/\/rotario.com.br\/site\/wp-json\/wp\/v2\/types\/post"}],"author":[{"embeddable":true,"href":"https:\/\/rotario.com.br\/site\/wp-json\/wp\/v2\/users\/2"}],"replies":[{"embeddable":true,"href":"https:\/\/rotario.com.br\/site\/wp-json\/wp\/v2\/comments?post=7366"}],"version-history":[{"count":0,"href":"https:\/\/rotario.com.br\/site\/wp-json\/wp\/v2\/posts\/7366\/revisions"}],"wp:featuredmedia":[{"embeddable":true,"href":"https:\/\/rotario.com.br\/site\/wp-json\/wp\/v2\/media\/7367"}],"wp:attachment":[{"href":"https:\/\/rotario.com.br\/site\/wp-json\/wp\/v2\/media?parent=7366"}],"wp:term":[{"taxonomy":"category","embeddable":true,"href":"https:\/\/rotario.com.br\/site\/wp-json\/wp\/v2\/categories?post=7366"},{"taxonomy":"post_tag","embeddable":true,"href":"https:\/\/rotario.com.br\/site\/wp-json\/wp\/v2\/tags?post=7366"}],"curies":[{"name":"wp","href":"https:\/\/api.w.org\/{rel}","templated":true}]}}