{"id":7373,"date":"2022-09-22T08:03:20","date_gmt":"2022-09-22T11:03:20","guid":{"rendered":"https:\/\/rotario.com.br\/site\/?p=7373"},"modified":"2022-09-22T08:03:22","modified_gmt":"2022-09-22T11:03:22","slug":"marica-se-destaca-no-campeonato-brasileiro-de-karate","status":"publish","type":"post","link":"https:\/\/rotario.com.br\/site\/marica-se-destaca-no-campeonato-brasileiro-de-karate\/","title":{"rendered":"Maric\u00e1 se destaca no Campeonato Brasileiro de Karat\u00ea"},"content":{"rendered":"\n<p class=\"has-drop-cap\">Com apoio da Prefeitura de Maric\u00e1, seis atletas do Maric\u00e1 Esporte Competi\u00e7\u00f5es conquistaram nove medalhas, sendo uma de ouro, tr\u00eas de prata e cinco de bronze no 29\u00b0 Campeonato Brasileiro de Karat\u00ea Interestilos, que aconteceu no Parque Ibirapuera, em S\u00e3o Paulo, no \u00faltimo fim de semana (dias 17 e 18\/09). A equipe foi acompanhada pelos t\u00e9cnicos Gilmar de Paula e Ana Carolina Alves, da Secretaria de Esporte e Lazer.<\/p>\n\n\n\n<p>\u201c\u00c9 uma felicidade enorme ver esses atletas conquistando cada vez mais espa\u00e7o no cen\u00e1rio esportivo nacional. O projeto Maric\u00e1 Esporte Competi\u00e7\u00f5es tem cumprido seu objetivo que \u00e9 dar suporte para que o nome da nossa cidade esteja sempre nos p\u00f3dios Brasil afora\u201d, disse o secret\u00e1rio de Esporte e Lazer, Filipe Bittencourt.<\/p>\n\n\n\n<p>Para o bicampe\u00e3o brasileiro de Karat\u00ea Interestilos, Leonardo Milit\u00e3o, esse t\u00edtulo mostra muita dedica\u00e7\u00e3o. \u201cIr a um campeonato grande como um brasileiro representando Maric\u00e1 \u00e9 muito especial. Essa participa\u00e7\u00e3o tem um peso que fez eu me esfor\u00e7ar cada segundo da competi\u00e7\u00e3o para voltar com a medalha de campe\u00e3o. N\u00e3o foi algo f\u00e1cil de conseguir, mas por conta de todas as pessoas que est\u00e3o envolvidas e que me ajudaram nessa conquista consegui ser bicampe\u00e3o brasileiro, que veio com muita dedica\u00e7\u00e3o nos treinos e me esfor\u00e7ando cada vez mais para melhorar\u201d, disse Leonardo.<\/p>\n\n\n\n<p><strong>Resultados dos atletas na competi\u00e7\u00e3o<\/strong><\/p>\n\n\n\n<p>Leonardo Milit\u00e3o \u2013 campe\u00e3o na modalidade kumite (luta)<br>Jo\u00e3o Francisco Bicalho \u2013 vice-campe\u00e3o na modalidade Kata e Kumite (luta)<br>Sergio Figueiredo \u2013 vice-campe\u00e3o modalidade kata e Vice campe\u00e3o no kumite<br>Yasmin Moreira \u2013 bronze na modalidade kumite<br>Fabr\u00edcio Oct\u00e1vio Rollin \u2013 5\u00b0 Lugar na modalidade kata<br>Beatriz Gomes \u2013 bronze na modalidade Kata e bronze na modalidade kata por equipe<br>Giovany Bicalho -7\u00b0 na modalidade kata<\/p>\n","protected":false},"excerpt":{"rendered":"<p>Com apoio da Prefeitura de Maric\u00e1, seis atletas do Maric\u00e1 Esporte Competi\u00e7\u00f5es conquistaram nove medalhas, sendo uma de ouro, tr\u00eas de prata e cinco de bronze no 29\u00b0 Campeonato Brasileiro de Karat\u00ea Interestilos, que aconteceu no Parque Ibirapuera, em S\u00e3o Paulo, no \u00faltimo fim de semana (dias 17 e 18\/09). A equipe foi acompanhada pelos [&hellip;]<\/p>\n","protected":false},"author":2,"featured_media":7374,"comment_status":"open","ping_status":"open","sticky":false,"template":"","format":"standard","meta":{"footnotes":""},"categories":[225,120],"tags":[],"class_list":["post-7373","post","type-post","status-publish","format-standard","has-post-thumbnail","hentry","category-destaque","category-marica-costa-do-sol"],"yoast_head":"<!-- This site is optimized with the Yoast SEO plugin v26.5 - https:\/\/yoast.com\/wordpress\/plugins\/seo\/ -->\n<title>Maric\u00e1 se destaca no Campeonato Brasileiro de Karat\u00ea - Rota Rio<\/title>\n<meta name=\"robots\" content=\"index, follow, max-snippet:-1, max-image-preview:large, max-video-preview:-1\" \/>\n<link rel=\"canonical\" href=\"https:\/\/rotario.com.br\/site\/marica-se-destaca-no-campeonato-brasileiro-de-karate\/\" \/>\n<meta property=\"og:locale\" content=\"pt_BR\" \/>\n<meta property=\"og:type\" content=\"article\" \/>\n<meta property=\"og:title\" content=\"Maric\u00e1 se destaca no Campeonato Brasileiro de Karat\u00ea - Rota Rio\" \/>\n<meta property=\"og:description\" content=\"Com apoio da Prefeitura de Maric\u00e1, seis atletas do Maric\u00e1 Esporte Competi\u00e7\u00f5es conquistaram nove medalhas, sendo uma de ouro, tr\u00eas de prata e cinco de bronze no 29\u00b0 Campeonato Brasileiro de Karat\u00ea Interestilos, que aconteceu no Parque Ibirapuera, em S\u00e3o Paulo, no \u00faltimo fim de semana (dias 17 e 18\/09). A equipe foi acompanhada pelos [&hellip;]\" \/>\n<meta property=\"og:url\" content=\"https:\/\/rotario.com.br\/site\/marica-se-destaca-no-campeonato-brasileiro-de-karate\/\" \/>\n<meta property=\"og:site_name\" content=\"Rota Rio\" \/>\n<meta property=\"article:published_time\" content=\"2022-09-22T11:03:20+00:00\" \/>\n<meta property=\"article:modified_time\" content=\"2022-09-22T11:03:22+00:00\" \/>\n<meta property=\"og:image\" content=\"https:\/\/rotario.com.br\/site\/wp-content\/uploads\/2022\/09\/WhatsApp-Image-2022-09-20-at-10.32.07.jpeg\" \/>\n\t<meta property=\"og:image:width\" content=\"1311\" \/>\n\t<meta property=\"og:image:height\" content=\"1194\" \/>\n\t<meta property=\"og:image:type\" content=\"image\/jpeg\" \/>\n<meta name=\"author\" content=\"Galv\u00e3o\" \/>\n<meta name=\"twitter:card\" content=\"summary_large_image\" \/>\n<meta name=\"twitter:label1\" content=\"Escrito por\" \/>\n\t<meta name=\"twitter:data1\" content=\"Galv\u00e3o\" \/>\n\t<meta name=\"twitter:label2\" content=\"Est. tempo de leitura\" \/>\n\t<meta name=\"twitter:data2\" content=\"2 minutos\" \/>\n<script type=\"application\/ld+json\" class=\"yoast-schema-graph\">{\"@context\":\"https:\/\/schema.org\",\"@graph\":[{\"@type\":\"Article\",\"@id\":\"https:\/\/rotario.com.br\/site\/marica-se-destaca-no-campeonato-brasileiro-de-karate\/#article\",\"isPartOf\":{\"@id\":\"https:\/\/rotario.com.br\/site\/marica-se-destaca-no-campeonato-brasileiro-de-karate\/\"},\"author\":{\"name\":\"Galv\u00e3o\",\"@id\":\"https:\/\/rotario.com.br\/site\/#\/schema\/person\/fd89bbbf4136f7e8a21e0dd67b8a66c7\"},\"headline\":\"Maric\u00e1 se destaca no Campeonato Brasileiro de Karat\u00ea\",\"datePublished\":\"2022-09-22T11:03:20+00:00\",\"dateModified\":\"2022-09-22T11:03:22+00:00\",\"mainEntityOfPage\":{\"@id\":\"https:\/\/rotario.com.br\/site\/marica-se-destaca-no-campeonato-brasileiro-de-karate\/\"},\"wordCount\":305,\"commentCount\":0,\"publisher\":{\"@id\":\"https:\/\/rotario.com.br\/site\/#organization\"},\"image\":{\"@id\":\"https:\/\/rotario.com.br\/site\/marica-se-destaca-no-campeonato-brasileiro-de-karate\/#primaryimage\"},\"thumbnailUrl\":\"https:\/\/rotario.com.br\/site\/wp-content\/uploads\/2022\/09\/WhatsApp-Image-2022-09-20-at-10.32.07.jpeg\",\"articleSection\":[\"Destaque\",\"Maric\u00e1\"],\"inLanguage\":\"pt-BR\",\"potentialAction\":[{\"@type\":\"CommentAction\",\"name\":\"Comment\",\"target\":[\"https:\/\/rotario.com.br\/site\/marica-se-destaca-no-campeonato-brasileiro-de-karate\/#respond\"]}]},{\"@type\":\"WebPage\",\"@id\":\"https:\/\/rotario.com.br\/site\/marica-se-destaca-no-campeonato-brasileiro-de-karate\/\",\"url\":\"https:\/\/rotario.com.br\/site\/marica-se-destaca-no-campeonato-brasileiro-de-karate\/\",\"name\":\"Maric\u00e1 se destaca no Campeonato Brasileiro de Karat\u00ea - Rota Rio\",\"isPartOf\":{\"@id\":\"https:\/\/rotario.com.br\/site\/#website\"},\"primaryImageOfPage\":{\"@id\":\"https:\/\/rotario.com.br\/site\/marica-se-destaca-no-campeonato-brasileiro-de-karate\/#primaryimage\"},\"image\":{\"@id\":\"https:\/\/rotario.com.br\/site\/marica-se-destaca-no-campeonato-brasileiro-de-karate\/#primaryimage\"},\"thumbnailUrl\":\"https:\/\/rotario.com.br\/site\/wp-content\/uploads\/2022\/09\/WhatsApp-Image-2022-09-20-at-10.32.07.jpeg\",\"datePublished\":\"2022-09-22T11:03:20+00:00\",\"dateModified\":\"2022-09-22T11:03:22+00:00\",\"breadcrumb\":{\"@id\":\"https:\/\/rotario.com.br\/site\/marica-se-destaca-no-campeonato-brasileiro-de-karate\/#breadcrumb\"},\"inLanguage\":\"pt-BR\",\"potentialAction\":[{\"@type\":\"ReadAction\",\"target\":[\"https:\/\/rotario.com.br\/site\/marica-se-destaca-no-campeonato-brasileiro-de-karate\/\"]}]},{\"@type\":\"ImageObject\",\"inLanguage\":\"pt-BR\",\"@id\":\"https:\/\/rotario.com.br\/site\/marica-se-destaca-no-campeonato-brasileiro-de-karate\/#primaryimage\",\"url\":\"https:\/\/rotario.com.br\/site\/wp-content\/uploads\/2022\/09\/WhatsApp-Image-2022-09-20-at-10.32.07.jpeg\",\"contentUrl\":\"https:\/\/rotario.com.br\/site\/wp-content\/uploads\/2022\/09\/WhatsApp-Image-2022-09-20-at-10.32.07.jpeg\",\"width\":1311,\"height\":1194},{\"@type\":\"BreadcrumbList\",\"@id\":\"https:\/\/rotario.com.br\/site\/marica-se-destaca-no-campeonato-brasileiro-de-karate\/#breadcrumb\",\"itemListElement\":[{\"@type\":\"ListItem\",\"position\":1,\"name\":\"In\u00edcio\",\"item\":\"https:\/\/rotario.com.br\/site\/\"},{\"@type\":\"ListItem\",\"position\":2,\"name\":\"Maric\u00e1 se destaca no Campeonato Brasileiro de Karat\u00ea\"}]},{\"@type\":\"WebSite\",\"@id\":\"https:\/\/rotario.com.br\/site\/#website\",\"url\":\"https:\/\/rotario.com.br\/site\/\",\"name\":\"Rota Rio\",\"description\":\"Aqui, o Rio de Janeiro \u00e9 a pauta!\",\"publisher\":{\"@id\":\"https:\/\/rotario.com.br\/site\/#organization\"},\"potentialAction\":[{\"@type\":\"SearchAction\",\"target\":{\"@type\":\"EntryPoint\",\"urlTemplate\":\"https:\/\/rotario.com.br\/site\/?s={search_term_string}\"},\"query-input\":{\"@type\":\"PropertyValueSpecification\",\"valueRequired\":true,\"valueName\":\"search_term_string\"}}],\"inLanguage\":\"pt-BR\"},{\"@type\":\"Organization\",\"@id\":\"https:\/\/rotario.com.br\/site\/#organization\",\"name\":\"Rota Rio\",\"url\":\"https:\/\/rotario.com.br\/site\/\",\"logo\":{\"@type\":\"ImageObject\",\"inLanguage\":\"pt-BR\",\"@id\":\"https:\/\/rotario.com.br\/site\/#\/schema\/logo\/image\/\",\"url\":\"https:\/\/rotario.com.br\/site\/wp-content\/uploads\/2022\/04\/cropped-ROTARIO-LOGO-Prancheta-1-1-2048x654-1.png\",\"contentUrl\":\"https:\/\/rotario.com.br\/site\/wp-content\/uploads\/2022\/04\/cropped-ROTARIO-LOGO-Prancheta-1-1-2048x654-1.png\",\"width\":2048,\"height\":654,\"caption\":\"Rota Rio\"},\"image\":{\"@id\":\"https:\/\/rotario.com.br\/site\/#\/schema\/logo\/image\/\"}},{\"@type\":\"Person\",\"@id\":\"https:\/\/rotario.com.br\/site\/#\/schema\/person\/fd89bbbf4136f7e8a21e0dd67b8a66c7\",\"name\":\"Galv\u00e3o\",\"url\":\"https:\/\/rotario.com.br\/site\/author\/daniel\/\"}]}<\/script>\n<!-- \/ Yoast SEO plugin. -->","yoast_head_json":{"title":"Maric\u00e1 se destaca no Campeonato Brasileiro de Karat\u00ea - Rota Rio","robots":{"index":"index","follow":"follow","max-snippet":"max-snippet:-1","max-image-preview":"max-image-preview:large","max-video-preview":"max-video-preview:-1"},"canonical":"https:\/\/rotario.com.br\/site\/marica-se-destaca-no-campeonato-brasileiro-de-karate\/","og_locale":"pt_BR","og_type":"article","og_title":"Maric\u00e1 se destaca no Campeonato Brasileiro de Karat\u00ea - Rota Rio","og_description":"Com apoio da Prefeitura de Maric\u00e1, seis atletas do Maric\u00e1 Esporte Competi\u00e7\u00f5es conquistaram nove medalhas, sendo uma de ouro, tr\u00eas de prata e cinco de bronze no 29\u00b0 Campeonato Brasileiro de Karat\u00ea Interestilos, que aconteceu no Parque Ibirapuera, em S\u00e3o Paulo, no \u00faltimo fim de semana (dias 17 e 18\/09). A equipe foi acompanhada pelos [&hellip;]","og_url":"https:\/\/rotario.com.br\/site\/marica-se-destaca-no-campeonato-brasileiro-de-karate\/","og_site_name":"Rota Rio","article_published_time":"2022-09-22T11:03:20+00:00","article_modified_time":"2022-09-22T11:03:22+00:00","og_image":[{"width":1311,"height":1194,"url":"https:\/\/rotario.com.br\/site\/wp-content\/uploads\/2022\/09\/WhatsApp-Image-2022-09-20-at-10.32.07.jpeg","type":"image\/jpeg"}],"author":"Galv\u00e3o","twitter_card":"summary_large_image","twitter_misc":{"Escrito por":"Galv\u00e3o","Est. tempo de leitura":"2 minutos"},"schema":{"@context":"https:\/\/schema.org","@graph":[{"@type":"Article","@id":"https:\/\/rotario.com.br\/site\/marica-se-destaca-no-campeonato-brasileiro-de-karate\/#article","isPartOf":{"@id":"https:\/\/rotario.com.br\/site\/marica-se-destaca-no-campeonato-brasileiro-de-karate\/"},"author":{"name":"Galv\u00e3o","@id":"https:\/\/rotario.com.br\/site\/#\/schema\/person\/fd89bbbf4136f7e8a21e0dd67b8a66c7"},"headline":"Maric\u00e1 se destaca no Campeonato Brasileiro de Karat\u00ea","datePublished":"2022-09-22T11:03:20+00:00","dateModified":"2022-09-22T11:03:22+00:00","mainEntityOfPage":{"@id":"https:\/\/rotario.com.br\/site\/marica-se-destaca-no-campeonato-brasileiro-de-karate\/"},"wordCount":305,"commentCount":0,"publisher":{"@id":"https:\/\/rotario.com.br\/site\/#organization"},"image":{"@id":"https:\/\/rotario.com.br\/site\/marica-se-destaca-no-campeonato-brasileiro-de-karate\/#primaryimage"},"thumbnailUrl":"https:\/\/rotario.com.br\/site\/wp-content\/uploads\/2022\/09\/WhatsApp-Image-2022-09-20-at-10.32.07.jpeg","articleSection":["Destaque","Maric\u00e1"],"inLanguage":"pt-BR","potentialAction":[{"@type":"CommentAction","name":"Comment","target":["https:\/\/rotario.com.br\/site\/marica-se-destaca-no-campeonato-brasileiro-de-karate\/#respond"]}]},{"@type":"WebPage","@id":"https:\/\/rotario.com.br\/site\/marica-se-destaca-no-campeonato-brasileiro-de-karate\/","url":"https:\/\/rotario.com.br\/site\/marica-se-destaca-no-campeonato-brasileiro-de-karate\/","name":"Maric\u00e1 se destaca no Campeonato Brasileiro de Karat\u00ea - Rota Rio","isPartOf":{"@id":"https:\/\/rotario.com.br\/site\/#website"},"primaryImageOfPage":{"@id":"https:\/\/rotario.com.br\/site\/marica-se-destaca-no-campeonato-brasileiro-de-karate\/#primaryimage"},"image":{"@id":"https:\/\/rotario.com.br\/site\/marica-se-destaca-no-campeonato-brasileiro-de-karate\/#primaryimage"},"thumbnailUrl":"https:\/\/rotario.com.br\/site\/wp-content\/uploads\/2022\/09\/WhatsApp-Image-2022-09-20-at-10.32.07.jpeg","datePublished":"2022-09-22T11:03:20+00:00","dateModified":"2022-09-22T11:03:22+00:00","breadcrumb":{"@id":"https:\/\/rotario.com.br\/site\/marica-se-destaca-no-campeonato-brasileiro-de-karate\/#breadcrumb"},"inLanguage":"pt-BR","potentialAction":[{"@type":"ReadAction","target":["https:\/\/rotario.com.br\/site\/marica-se-destaca-no-campeonato-brasileiro-de-karate\/"]}]},{"@type":"ImageObject","inLanguage":"pt-BR","@id":"https:\/\/rotario.com.br\/site\/marica-se-destaca-no-campeonato-brasileiro-de-karate\/#primaryimage","url":"https:\/\/rotario.com.br\/site\/wp-content\/uploads\/2022\/09\/WhatsApp-Image-2022-09-20-at-10.32.07.jpeg","contentUrl":"https:\/\/rotario.com.br\/site\/wp-content\/uploads\/2022\/09\/WhatsApp-Image-2022-09-20-at-10.32.07.jpeg","width":1311,"height":1194},{"@type":"BreadcrumbList","@id":"https:\/\/rotario.com.br\/site\/marica-se-destaca-no-campeonato-brasileiro-de-karate\/#breadcrumb","itemListElement":[{"@type":"ListItem","position":1,"name":"In\u00edcio","item":"https:\/\/rotario.com.br\/site\/"},{"@type":"ListItem","position":2,"name":"Maric\u00e1 se destaca no Campeonato Brasileiro de Karat\u00ea"}]},{"@type":"WebSite","@id":"https:\/\/rotario.com.br\/site\/#website","url":"https:\/\/rotario.com.br\/site\/","name":"Rota Rio","description":"Aqui, o Rio de Janeiro \u00e9 a pauta!","publisher":{"@id":"https:\/\/rotario.com.br\/site\/#organization"},"potentialAction":[{"@type":"SearchAction","target":{"@type":"EntryPoint","urlTemplate":"https:\/\/rotario.com.br\/site\/?s={search_term_string}"},"query-input":{"@type":"PropertyValueSpecification","valueRequired":true,"valueName":"search_term_string"}}],"inLanguage":"pt-BR"},{"@type":"Organization","@id":"https:\/\/rotario.com.br\/site\/#organization","name":"Rota Rio","url":"https:\/\/rotario.com.br\/site\/","logo":{"@type":"ImageObject","inLanguage":"pt-BR","@id":"https:\/\/rotario.com.br\/site\/#\/schema\/logo\/image\/","url":"https:\/\/rotario.com.br\/site\/wp-content\/uploads\/2022\/04\/cropped-ROTARIO-LOGO-Prancheta-1-1-2048x654-1.png","contentUrl":"https:\/\/rotario.com.br\/site\/wp-content\/uploads\/2022\/04\/cropped-ROTARIO-LOGO-Prancheta-1-1-2048x654-1.png","width":2048,"height":654,"caption":"Rota Rio"},"image":{"@id":"https:\/\/rotario.com.br\/site\/#\/schema\/logo\/image\/"}},{"@type":"Person","@id":"https:\/\/rotario.com.br\/site\/#\/schema\/person\/fd89bbbf4136f7e8a21e0dd67b8a66c7","name":"Galv\u00e3o","url":"https:\/\/rotario.com.br\/site\/author\/daniel\/"}]}},"_links":{"self":[{"href":"https:\/\/rotario.com.br\/site\/wp-json\/wp\/v2\/posts\/7373","targetHints":{"allow":["GET"]}}],"collection":[{"href":"https:\/\/rotario.com.br\/site\/wp-json\/wp\/v2\/posts"}],"about":[{"href":"https:\/\/rotario.com.br\/site\/wp-json\/wp\/v2\/types\/post"}],"author":[{"embeddable":true,"href":"https:\/\/rotario.com.br\/site\/wp-json\/wp\/v2\/users\/2"}],"replies":[{"embeddable":true,"href":"https:\/\/rotario.com.br\/site\/wp-json\/wp\/v2\/comments?post=7373"}],"version-history":[{"count":0,"href":"https:\/\/rotario.com.br\/site\/wp-json\/wp\/v2\/posts\/7373\/revisions"}],"wp:featuredmedia":[{"embeddable":true,"href":"https:\/\/rotario.com.br\/site\/wp-json\/wp\/v2\/media\/7374"}],"wp:attachment":[{"href":"https:\/\/rotario.com.br\/site\/wp-json\/wp\/v2\/media?parent=7373"}],"wp:term":[{"taxonomy":"category","embeddable":true,"href":"https:\/\/rotario.com.br\/site\/wp-json\/wp\/v2\/categories?post=7373"},{"taxonomy":"post_tag","embeddable":true,"href":"https:\/\/rotario.com.br\/site\/wp-json\/wp\/v2\/tags?post=7373"}],"curies":[{"name":"wp","href":"https:\/\/api.w.org\/{rel}","templated":true}]}}