{"id":8346,"date":"2022-11-09T06:31:57","date_gmt":"2022-11-09T09:31:57","guid":{"rendered":"https:\/\/rotario.com.br\/site\/?p=8346"},"modified":"2022-11-09T06:45:58","modified_gmt":"2022-11-09T09:45:58","slug":"prefeitura-realizara-campanha-de-vacinacao-animal-em-toda-a-cidade","status":"publish","type":"post","link":"https:\/\/rotario.com.br\/site\/prefeitura-realizara-campanha-de-vacinacao-animal-em-toda-a-cidade\/","title":{"rendered":"Prefeitura realizar\u00e1 Campanha de Vacina\u00e7\u00e3o  Animal na cidade"},"content":{"rendered":"\n<p class=\"has-drop-cap\">A Prefeitura de Maric\u00e1, por meio da Secretaria de Sa\u00fade, promove nos dias 19 e 26\/11 a Campanha de Vacina\u00e7\u00e3o Antirr\u00e1bica Animal no munic\u00edpio, com o objetivo de imunizar c\u00e3es e gatos a partir dos tr\u00eas meses de idade contra a raiva \u2014 doen\u00e7a viral infecciosa que atinge diversas partes do organismo dos pets e pode ser transmitida para os humanos. Em 19\/11, das 9h \u00e0s 17h, a vacina\u00e7\u00e3o acontece em 33 postos de vacina\u00e7\u00e3o presentes nos bairros do primeiro distrito (Centro) e do segundo distrito (Ponta Negra). J\u00e1 no dia 26\/11, a campanha ocorre, das 9h \u00e0s 17h, em 17 locais de imuniza\u00e7\u00e3o no terceiro distrito (Ino\u00e3) e no quarto distrito (Itaipua\u00e7u).<\/p>\n\n\n\n<p>\u00c9 importante refor\u00e7ar que s\u00f3 ser\u00e3o vacinados c\u00e3es e gatos saud\u00e1veis, que n\u00e3o apresentem estado gestacional; e somente pessoas maiores de 18 anos poder\u00e3o levar os animais at\u00e9 os polos de vacina\u00e7\u00e3o. Al\u00e9m disso, no dia da imuniza\u00e7\u00e3o, \u00e9 recomendado que todos os c\u00e3es estejam com coleira, guia e, no caso dos animais de grande porte, \u00e9 obrigat\u00f3ria a utiliza\u00e7\u00e3o de focinheira. Os gatos devem ser levados em caixas de transporte para evitar fugas ou acidentes.<\/p>\n\n\n\n<p>Micheli Ferreira, coordenadora da Vigil\u00e2ncia em Sa\u00fade de Maric\u00e1, ressaltou a import\u00e2ncia dos tutores aproveitarem a oportunidade para levar os pets aos polos de vacina\u00e7\u00e3o, aumentando a prote\u00e7\u00e3o contra uma doen\u00e7a perigosa, que pode infectar outros animais e at\u00e9 humanos.<\/p>\n\n\n\n<p>\u201c\u00c9 o momento da popula\u00e7\u00e3o maricaense se conscientizar ainda mais e levar c\u00e3es e gatos para se vacinarem contra a raiva, a\u00e7\u00e3o essencial para os animais se protegerem, proporcionando mais sa\u00fade e qualidade de vida. Neste ano, realizamos a campanha em dois s\u00e1bados, com 50 polos distribu\u00eddos pelos quatro distritos da cidade, o que facilita o acesso e permite a participa\u00e7\u00e3o de mais pessoas. Por isso, pedimos que os moradores se unam \u00e0 mobiliza\u00e7\u00e3o, contribuindo com o combate a uma zoonose que causa s\u00e9rios danos aos bichinhos e pode ser prevenida\u201d, destacou Micheli.<\/p>\n\n\n\n<p><strong>Profissionais capacitados para vacinar os animais<\/strong><\/p>\n\n\n\n<p>Os c\u00e3es e gatos ter\u00e3o suporte qualificado durante a imuniza\u00e7\u00e3o. A Vigil\u00e2ncia em Sa\u00fade Ambiental de Maric\u00e1 promoveu, nos dias 03 e 04\/11, uma capacita\u00e7\u00e3o voltada \u00e0 vacina\u00e7\u00e3o antirr\u00e1bica animal, contando com a participa\u00e7\u00e3o de aproximadamente 300 pessoas que atuar\u00e3o na campanha. A forma\u00e7\u00e3o teve o intuito de propor reflex\u00f5es e aprimorar t\u00e9cnicas fundamentais para a vacina\u00e7\u00e3o dos pets, compartilhando informa\u00e7\u00f5es sobre a raiva e detalhes log\u00edsticos da campanha aos presentes.<\/p>\n\n\n\n<p><strong>Confira os polos de vacina\u00e7\u00e3o completos<\/strong><\/p>\n\n\n\n<p><strong>1\u00ba e 2\u00ba distritos (Centro e Ponta Negra)<\/strong><\/p>\n\n\n\n<p><strong>19\/11, das 9h \u00e0s 17h<\/strong><\/p>\n\n\n\n<p>\u2014 USF Central: Rua Cl\u00edmaco Pereira, 241, Centro.<br>\u2014 Coordenadoria de Prote\u00e7\u00e3o Animal: Rua Prefeito Hil\u00e1rio Costa e Silva, n\u00ba 100, Parque Eldorado.<br>\u2014 Garagem da Frota: Rua Albatroz, pr\u00f3ximo ao Natinho Atacad\u00e3o, Parque Nanci.<br>\u2014 Pra\u00e7a do Lelei (Caju): R. Luiz Fernando dos Santos Caetano, s\/n\u00ba.<br>\u2014 USF Bairro da Amizade: Rua 53, Lt 31, Qd 91, Bairro da Amizade.<br>\u2014 Escola Municipal Maur\u00edcio Antunes Carvalho: Rua 73 lt. 1, Saco das Flores.<br>\u2014 Escola Municipal Barra de Zacarias: Rua dos Pescadores, Zacarias.<br>\u2014 Associa\u00e7\u00e3o de Moradores de Zacarias: Rua Marilene Rangel da Cruz Vieira, Zacarias.<br>\u2014 Escola Municipal Jo\u00e3o S. Bezerra: Pra\u00e7a Ana Ferreira, n\u00ba 01, Divin\u00e9ia.<br>\u2014 USF Guaratiba: Est. Beira da Lagoa, s\/n\u00ba, Guaratiba.<br>\u2014 USF Bambu\u00ed: Av. do Contorno, s\/n\u00ba, Bambu\u00ed.<br>\u2014 Escola Municipal Ant\u00f4nio Ruffino: Estr. da Gamboa s\/n\u00ba, Caju.<br>\u2014 USF Marinel\u00e2ndia: Rua 09, Quadra 15, Cordeirinho.<br>\u2014 USF Ponta Negra: Rua Alceb\u00edades Teodoro Pereira, s\/n\u00ba, Ponta Negra.<br>\u2014 Escola Municipal Amanda Pena: Estrada de Ponta Negra, n\u00ba118.<br>\u2014 USF Espraiado: Rua Gualberto Batista de Macedo, Espraiado.<br>\u2014 Portaria do bairro Condado: Alameda Maric\u00e1, s\/n\u00ba, Condado.<br>\u2014 Escola Municipal Alfredo Nicolau: Rua Visc. de Itauna, Qd 17, Marqu\u00eas.<br>\u2014 Escola Estadual Dom\u00edcio da Gama: Av. Roberto Silveira, n\u00ba 1138, Flamengo.<br>\u2014 Arena Flamengo: Rua dos Uirapurus, s\/n\u00ba, Flamengo.<br>\u2014 Escola Municipal Benvindo Taques Horta: Rua Jos\u00e9 Fortes da Silva s\/n, Ubatiba.<br>\u2014 USF Mumbuca: Rua Hip\u00f3lito de Abreu Rangel, s\/n\u00ba, Mumbuca.<br>\u2014 Escola Municipal Ant\u00f4nio Lopes da Fontoura: Av. Portinari s\/n, Itapeba.<br>\u2014 Escola Estadual Prof\u00aa Cacilda: R. Ivone dos Santos Cardoso, s\/n\u00ba, Itapeba.<br>\u2014 USF Retiro: Estrada do Retiro, s\/n\u00ba, Retiro.<br>\u2014 USF Ponta Grossa: Rua Irineu Ferreira Pinto, s\/n\u00ba, Ponta Grossa.<br>\u2014 CAIC Elomir Silva: Av. Guaruj\u00e1, s\/n\u00ba, km 22, Marine.<br>\u2014 USF S\u00e3o Jos\u00e9 II: Estrada da Cachoeira, s\/n\u00ba, S\u00e3o Jos\u00e9 do Imbassa\u00ed.<br>\u2014 Quadra Esportiva Manu Manuela: Rua 12 com Rua 25, loteamento Manu Manuela, em S\u00e3o Jos\u00e9 do Imbassa\u00ed.<br>\u2014 Posto volante 1: Escola Municipal Dilza S\u00e1 Rego Estrada de Jacon\u00e9, s\/n\u00ba, Jacon\u00e9 (09 \u00e0s 12h). Vale da Figueira \u2013 Estrada de Ponta Negra, Vale da Figueira, s\/n (13 \u00e0s 17h).<br>\u2014 Posto volante 2: Escola Municipal Alceb\u00edades Afonso Viana \u2013 Rua Ernestina Oliveira Viana, s\/n, Cachoeiras (09 \u00e0s 12h). Escola Municipal de Pindobas \u2013 Estrada de Pindobas, 69, Pindobas (13 \u00e0s 17h).<br>\u2014 Posto volante 3: Escola Municipal Brasilina Coutinho \u2013 Estr. Comandante Celso s\/n, Lagarto (09h \u00e0s 12h).<br>\u2014 Posto volante 4: sede da Guarda Ambiental \u2013 Estrada do Espraiado, s\/n (09h \u00e0s 12h). Escola Municipal Jo\u00e3o P. Machado \u2013 Rod. Amaral Peixoto, km 38, Manoel Ribeiro (13h \u00e0s 17h).<\/p>\n\n\n\n<p><strong>3\u00ba e 4\u00ba distritos (Ino\u00e3 e Itaipua\u00e7u)<\/strong><\/p>\n\n\n\n<p><strong>26\/11, das 9h \u00e0s 17h<\/strong><\/p>\n\n\n\n<p>\u2014 Escola Municipalizada de Ino\u00e3: Rodovia Amaral Peixoto, km 17, Ino\u00e3.<br>\u2014 USF Ch\u00e1cara de Ino\u00e3: Rodovia Amaral Peixoto, km 16, Ino\u00e3.<br>\u2014 Escola Municipal Aniceto Elias: Rua Leonardo Jos\u00e9 Antunes, s\/n\u00ba, Ino\u00e3.<br>\u2014 USF Ino\u00e3 II: Rodovia Amaral Peixoto, km 14, Ino\u00e3.<br>\u2014 Escola Municipal Ministro Luis Sparano: Rodovia Amaral Peixoto, km 13, Pra\u00e7a<br>Julho Bezerra, Spar.<br>\u2014 Escola Municipal Osdewaldo da Matta: Estrada de Cassorotiba, s\/n\u00ba, Santa Paula.<br>\u2014 UPAM \u2013 Serra da Tiririca: R. Fran\u00e7a, 65, Itaipua\u00e7u.<br>\u2014 Escola Municipal Rita Cartaxo: Rua Guarani, s\/n\u00ba, Itaocaia Valley, Itaipua\u00e7u.<br>\u2014 CPG (antigo CEI \u2013 Itaipua\u00e7u): Rua das Ac\u00e1cias, 655, Qd 35, Lt 02, Barroco, Itaipua\u00e7u.<br>\u2014 Senai \u2013 Polo Itaipua\u00e7u: Avenida Carlos Mariguella, 160, Lote 1, Quadra 14, S\u00e3o Bento da Lagoa, Itaipua\u00e7u.<br>\u2014 USF Recanto: Rua Domingos Barbosa, Recanto de Itaipua\u00e7u.<br>\u2014 Associa\u00e7\u00e3o de Moradores do Bosque dos Flamboyants: Rua Cora Coralina, lote 20, Qd. 568, Jardim Atl\u00e2ntico Oeste, Itaipua\u00e7u.<br>\u2014 USF Barroco: Rua Get\u00falio Vargas (antiga rua 02),lote 13, Quadra 04, Jardim Atl\u00e2ntico Oeste, Itaipua\u00e7u.<br>\u2014 USF Jardim Atl\u00e2ntico: Rua 36, Lt. 01, Qd. 206, Jardim Atl\u00e2ntico Central, Itaipua\u00e7u.<br>\u2014 Escola Municipal Marqu\u00eas de Maric\u00e1: Rua Douglas Marques Rienti, 0, Jardim Atl\u00e2ntico Leste, Itaipua\u00e7u.<br>\u2014 Posto volante 5: Condom\u00ednio Santa Paula 1 (9h \u00e0s 12h) e Condom\u00ednio Santa Paula 2 (13h \u00e0s 17h)<br>\u2014 Escola Municipal Professor Osvaldo Rodrigues: Estrada dos Cajueiros, s\/n, Itaipua\u00e7u.<\/p>\n","protected":false},"excerpt":{"rendered":"<p>A Prefeitura de Maric\u00e1, por meio da Secretaria de Sa\u00fade, promove nos dias 19 e 26\/11 a Campanha de Vacina\u00e7\u00e3o Antirr\u00e1bica Animal no munic\u00edpio, com o objetivo de imunizar c\u00e3es e gatos a partir dos tr\u00eas meses de idade contra a raiva \u2014 doen\u00e7a viral infecciosa que atinge diversas partes do organismo dos pets e [&hellip;]<\/p>\n","protected":false},"author":2,"featured_media":8347,"comment_status":"open","ping_status":"open","sticky":false,"template":"","format":"standard","meta":{"footnotes":""},"categories":[225,42,120],"tags":[],"class_list":["post-8346","post","type-post","status-publish","format-standard","has-post-thumbnail","hentry","category-destaque","category-marica","category-marica-costa-do-sol"],"yoast_head":"<!-- This site is optimized with the Yoast SEO plugin v26.5 - https:\/\/yoast.com\/wordpress\/plugins\/seo\/ -->\n<title>Prefeitura realizar\u00e1 Campanha de Vacina\u00e7\u00e3o Animal na cidade - Rota Rio<\/title>\n<meta name=\"robots\" content=\"index, follow, max-snippet:-1, max-image-preview:large, max-video-preview:-1\" \/>\n<link rel=\"canonical\" href=\"https:\/\/rotario.com.br\/site\/prefeitura-realizara-campanha-de-vacinacao-animal-em-toda-a-cidade\/\" \/>\n<meta property=\"og:locale\" content=\"pt_BR\" \/>\n<meta property=\"og:type\" content=\"article\" \/>\n<meta property=\"og:title\" content=\"Prefeitura realizar\u00e1 Campanha de Vacina\u00e7\u00e3o Animal na cidade - Rota Rio\" \/>\n<meta property=\"og:description\" content=\"A Prefeitura de Maric\u00e1, por meio da Secretaria de Sa\u00fade, promove nos dias 19 e 26\/11 a Campanha de Vacina\u00e7\u00e3o Antirr\u00e1bica Animal no munic\u00edpio, com o objetivo de imunizar c\u00e3es e gatos a partir dos tr\u00eas meses de idade contra a raiva \u2014 doen\u00e7a viral infecciosa que atinge diversas partes do organismo dos pets e [&hellip;]\" \/>\n<meta property=\"og:url\" content=\"https:\/\/rotario.com.br\/site\/prefeitura-realizara-campanha-de-vacinacao-animal-em-toda-a-cidade\/\" \/>\n<meta property=\"og:site_name\" content=\"Rota Rio\" \/>\n<meta property=\"article:published_time\" content=\"2022-11-09T09:31:57+00:00\" \/>\n<meta property=\"article:modified_time\" content=\"2022-11-09T09:45:58+00:00\" \/>\n<meta property=\"og:image\" content=\"https:\/\/rotario.com.br\/site\/wp-content\/uploads\/2022\/11\/Vacinacao-Antirrabica-3.jpg\" \/>\n\t<meta property=\"og:image:width\" content=\"2048\" \/>\n\t<meta property=\"og:image:height\" content=\"1365\" \/>\n\t<meta property=\"og:image:type\" content=\"image\/jpeg\" \/>\n<meta name=\"author\" content=\"Galv\u00e3o\" \/>\n<meta name=\"twitter:card\" content=\"summary_large_image\" \/>\n<meta name=\"twitter:label1\" content=\"Escrito por\" \/>\n\t<meta name=\"twitter:data1\" content=\"Galv\u00e3o\" \/>\n\t<meta name=\"twitter:label2\" content=\"Est. tempo de leitura\" \/>\n\t<meta name=\"twitter:data2\" content=\"6 minutos\" \/>\n<script type=\"application\/ld+json\" class=\"yoast-schema-graph\">{\"@context\":\"https:\/\/schema.org\",\"@graph\":[{\"@type\":\"Article\",\"@id\":\"https:\/\/rotario.com.br\/site\/prefeitura-realizara-campanha-de-vacinacao-animal-em-toda-a-cidade\/#article\",\"isPartOf\":{\"@id\":\"https:\/\/rotario.com.br\/site\/prefeitura-realizara-campanha-de-vacinacao-animal-em-toda-a-cidade\/\"},\"author\":{\"name\":\"Galv\u00e3o\",\"@id\":\"https:\/\/rotario.com.br\/site\/#\/schema\/person\/fd89bbbf4136f7e8a21e0dd67b8a66c7\"},\"headline\":\"Prefeitura realizar\u00e1 Campanha de Vacina\u00e7\u00e3o Animal na cidade\",\"datePublished\":\"2022-11-09T09:31:57+00:00\",\"dateModified\":\"2022-11-09T09:45:58+00:00\",\"mainEntityOfPage\":{\"@id\":\"https:\/\/rotario.com.br\/site\/prefeitura-realizara-campanha-de-vacinacao-animal-em-toda-a-cidade\/\"},\"wordCount\":1100,\"commentCount\":0,\"publisher\":{\"@id\":\"https:\/\/rotario.com.br\/site\/#organization\"},\"image\":{\"@id\":\"https:\/\/rotario.com.br\/site\/prefeitura-realizara-campanha-de-vacinacao-animal-em-toda-a-cidade\/#primaryimage\"},\"thumbnailUrl\":\"https:\/\/rotario.com.br\/site\/wp-content\/uploads\/2022\/11\/Vacinacao-Antirrabica-3.jpg\",\"articleSection\":[\"Destaque\",\"Maric\u00e1\",\"Maric\u00e1\"],\"inLanguage\":\"pt-BR\",\"potentialAction\":[{\"@type\":\"CommentAction\",\"name\":\"Comment\",\"target\":[\"https:\/\/rotario.com.br\/site\/prefeitura-realizara-campanha-de-vacinacao-animal-em-toda-a-cidade\/#respond\"]}]},{\"@type\":\"WebPage\",\"@id\":\"https:\/\/rotario.com.br\/site\/prefeitura-realizara-campanha-de-vacinacao-animal-em-toda-a-cidade\/\",\"url\":\"https:\/\/rotario.com.br\/site\/prefeitura-realizara-campanha-de-vacinacao-animal-em-toda-a-cidade\/\",\"name\":\"Prefeitura realizar\u00e1 Campanha de Vacina\u00e7\u00e3o Animal na cidade - Rota Rio\",\"isPartOf\":{\"@id\":\"https:\/\/rotario.com.br\/site\/#website\"},\"primaryImageOfPage\":{\"@id\":\"https:\/\/rotario.com.br\/site\/prefeitura-realizara-campanha-de-vacinacao-animal-em-toda-a-cidade\/#primaryimage\"},\"image\":{\"@id\":\"https:\/\/rotario.com.br\/site\/prefeitura-realizara-campanha-de-vacinacao-animal-em-toda-a-cidade\/#primaryimage\"},\"thumbnailUrl\":\"https:\/\/rotario.com.br\/site\/wp-content\/uploads\/2022\/11\/Vacinacao-Antirrabica-3.jpg\",\"datePublished\":\"2022-11-09T09:31:57+00:00\",\"dateModified\":\"2022-11-09T09:45:58+00:00\",\"breadcrumb\":{\"@id\":\"https:\/\/rotario.com.br\/site\/prefeitura-realizara-campanha-de-vacinacao-animal-em-toda-a-cidade\/#breadcrumb\"},\"inLanguage\":\"pt-BR\",\"potentialAction\":[{\"@type\":\"ReadAction\",\"target\":[\"https:\/\/rotario.com.br\/site\/prefeitura-realizara-campanha-de-vacinacao-animal-em-toda-a-cidade\/\"]}]},{\"@type\":\"ImageObject\",\"inLanguage\":\"pt-BR\",\"@id\":\"https:\/\/rotario.com.br\/site\/prefeitura-realizara-campanha-de-vacinacao-animal-em-toda-a-cidade\/#primaryimage\",\"url\":\"https:\/\/rotario.com.br\/site\/wp-content\/uploads\/2022\/11\/Vacinacao-Antirrabica-3.jpg\",\"contentUrl\":\"https:\/\/rotario.com.br\/site\/wp-content\/uploads\/2022\/11\/Vacinacao-Antirrabica-3.jpg\",\"width\":2048,\"height\":1365},{\"@type\":\"BreadcrumbList\",\"@id\":\"https:\/\/rotario.com.br\/site\/prefeitura-realizara-campanha-de-vacinacao-animal-em-toda-a-cidade\/#breadcrumb\",\"itemListElement\":[{\"@type\":\"ListItem\",\"position\":1,\"name\":\"In\u00edcio\",\"item\":\"https:\/\/rotario.com.br\/site\/\"},{\"@type\":\"ListItem\",\"position\":2,\"name\":\"Prefeitura realizar\u00e1 Campanha de Vacina\u00e7\u00e3o Animal na cidade\"}]},{\"@type\":\"WebSite\",\"@id\":\"https:\/\/rotario.com.br\/site\/#website\",\"url\":\"https:\/\/rotario.com.br\/site\/\",\"name\":\"Rota Rio\",\"description\":\"Aqui, o Rio de Janeiro \u00e9 a pauta!\",\"publisher\":{\"@id\":\"https:\/\/rotario.com.br\/site\/#organization\"},\"potentialAction\":[{\"@type\":\"SearchAction\",\"target\":{\"@type\":\"EntryPoint\",\"urlTemplate\":\"https:\/\/rotario.com.br\/site\/?s={search_term_string}\"},\"query-input\":{\"@type\":\"PropertyValueSpecification\",\"valueRequired\":true,\"valueName\":\"search_term_string\"}}],\"inLanguage\":\"pt-BR\"},{\"@type\":\"Organization\",\"@id\":\"https:\/\/rotario.com.br\/site\/#organization\",\"name\":\"Rota Rio\",\"url\":\"https:\/\/rotario.com.br\/site\/\",\"logo\":{\"@type\":\"ImageObject\",\"inLanguage\":\"pt-BR\",\"@id\":\"https:\/\/rotario.com.br\/site\/#\/schema\/logo\/image\/\",\"url\":\"https:\/\/rotario.com.br\/site\/wp-content\/uploads\/2022\/04\/cropped-ROTARIO-LOGO-Prancheta-1-1-2048x654-1.png\",\"contentUrl\":\"https:\/\/rotario.com.br\/site\/wp-content\/uploads\/2022\/04\/cropped-ROTARIO-LOGO-Prancheta-1-1-2048x654-1.png\",\"width\":2048,\"height\":654,\"caption\":\"Rota Rio\"},\"image\":{\"@id\":\"https:\/\/rotario.com.br\/site\/#\/schema\/logo\/image\/\"}},{\"@type\":\"Person\",\"@id\":\"https:\/\/rotario.com.br\/site\/#\/schema\/person\/fd89bbbf4136f7e8a21e0dd67b8a66c7\",\"name\":\"Galv\u00e3o\",\"url\":\"https:\/\/rotario.com.br\/site\/author\/daniel\/\"}]}<\/script>\n<!-- \/ Yoast SEO plugin. -->","yoast_head_json":{"title":"Prefeitura realizar\u00e1 Campanha de Vacina\u00e7\u00e3o Animal na cidade - Rota Rio","robots":{"index":"index","follow":"follow","max-snippet":"max-snippet:-1","max-image-preview":"max-image-preview:large","max-video-preview":"max-video-preview:-1"},"canonical":"https:\/\/rotario.com.br\/site\/prefeitura-realizara-campanha-de-vacinacao-animal-em-toda-a-cidade\/","og_locale":"pt_BR","og_type":"article","og_title":"Prefeitura realizar\u00e1 Campanha de Vacina\u00e7\u00e3o Animal na cidade - Rota Rio","og_description":"A Prefeitura de Maric\u00e1, por meio da Secretaria de Sa\u00fade, promove nos dias 19 e 26\/11 a Campanha de Vacina\u00e7\u00e3o Antirr\u00e1bica Animal no munic\u00edpio, com o objetivo de imunizar c\u00e3es e gatos a partir dos tr\u00eas meses de idade contra a raiva \u2014 doen\u00e7a viral infecciosa que atinge diversas partes do organismo dos pets e [&hellip;]","og_url":"https:\/\/rotario.com.br\/site\/prefeitura-realizara-campanha-de-vacinacao-animal-em-toda-a-cidade\/","og_site_name":"Rota Rio","article_published_time":"2022-11-09T09:31:57+00:00","article_modified_time":"2022-11-09T09:45:58+00:00","og_image":[{"width":2048,"height":1365,"url":"https:\/\/rotario.com.br\/site\/wp-content\/uploads\/2022\/11\/Vacinacao-Antirrabica-3.jpg","type":"image\/jpeg"}],"author":"Galv\u00e3o","twitter_card":"summary_large_image","twitter_misc":{"Escrito por":"Galv\u00e3o","Est. tempo de leitura":"6 minutos"},"schema":{"@context":"https:\/\/schema.org","@graph":[{"@type":"Article","@id":"https:\/\/rotario.com.br\/site\/prefeitura-realizara-campanha-de-vacinacao-animal-em-toda-a-cidade\/#article","isPartOf":{"@id":"https:\/\/rotario.com.br\/site\/prefeitura-realizara-campanha-de-vacinacao-animal-em-toda-a-cidade\/"},"author":{"name":"Galv\u00e3o","@id":"https:\/\/rotario.com.br\/site\/#\/schema\/person\/fd89bbbf4136f7e8a21e0dd67b8a66c7"},"headline":"Prefeitura realizar\u00e1 Campanha de Vacina\u00e7\u00e3o Animal na cidade","datePublished":"2022-11-09T09:31:57+00:00","dateModified":"2022-11-09T09:45:58+00:00","mainEntityOfPage":{"@id":"https:\/\/rotario.com.br\/site\/prefeitura-realizara-campanha-de-vacinacao-animal-em-toda-a-cidade\/"},"wordCount":1100,"commentCount":0,"publisher":{"@id":"https:\/\/rotario.com.br\/site\/#organization"},"image":{"@id":"https:\/\/rotario.com.br\/site\/prefeitura-realizara-campanha-de-vacinacao-animal-em-toda-a-cidade\/#primaryimage"},"thumbnailUrl":"https:\/\/rotario.com.br\/site\/wp-content\/uploads\/2022\/11\/Vacinacao-Antirrabica-3.jpg","articleSection":["Destaque","Maric\u00e1","Maric\u00e1"],"inLanguage":"pt-BR","potentialAction":[{"@type":"CommentAction","name":"Comment","target":["https:\/\/rotario.com.br\/site\/prefeitura-realizara-campanha-de-vacinacao-animal-em-toda-a-cidade\/#respond"]}]},{"@type":"WebPage","@id":"https:\/\/rotario.com.br\/site\/prefeitura-realizara-campanha-de-vacinacao-animal-em-toda-a-cidade\/","url":"https:\/\/rotario.com.br\/site\/prefeitura-realizara-campanha-de-vacinacao-animal-em-toda-a-cidade\/","name":"Prefeitura realizar\u00e1 Campanha de Vacina\u00e7\u00e3o Animal na cidade - Rota Rio","isPartOf":{"@id":"https:\/\/rotario.com.br\/site\/#website"},"primaryImageOfPage":{"@id":"https:\/\/rotario.com.br\/site\/prefeitura-realizara-campanha-de-vacinacao-animal-em-toda-a-cidade\/#primaryimage"},"image":{"@id":"https:\/\/rotario.com.br\/site\/prefeitura-realizara-campanha-de-vacinacao-animal-em-toda-a-cidade\/#primaryimage"},"thumbnailUrl":"https:\/\/rotario.com.br\/site\/wp-content\/uploads\/2022\/11\/Vacinacao-Antirrabica-3.jpg","datePublished":"2022-11-09T09:31:57+00:00","dateModified":"2022-11-09T09:45:58+00:00","breadcrumb":{"@id":"https:\/\/rotario.com.br\/site\/prefeitura-realizara-campanha-de-vacinacao-animal-em-toda-a-cidade\/#breadcrumb"},"inLanguage":"pt-BR","potentialAction":[{"@type":"ReadAction","target":["https:\/\/rotario.com.br\/site\/prefeitura-realizara-campanha-de-vacinacao-animal-em-toda-a-cidade\/"]}]},{"@type":"ImageObject","inLanguage":"pt-BR","@id":"https:\/\/rotario.com.br\/site\/prefeitura-realizara-campanha-de-vacinacao-animal-em-toda-a-cidade\/#primaryimage","url":"https:\/\/rotario.com.br\/site\/wp-content\/uploads\/2022\/11\/Vacinacao-Antirrabica-3.jpg","contentUrl":"https:\/\/rotario.com.br\/site\/wp-content\/uploads\/2022\/11\/Vacinacao-Antirrabica-3.jpg","width":2048,"height":1365},{"@type":"BreadcrumbList","@id":"https:\/\/rotario.com.br\/site\/prefeitura-realizara-campanha-de-vacinacao-animal-em-toda-a-cidade\/#breadcrumb","itemListElement":[{"@type":"ListItem","position":1,"name":"In\u00edcio","item":"https:\/\/rotario.com.br\/site\/"},{"@type":"ListItem","position":2,"name":"Prefeitura realizar\u00e1 Campanha de Vacina\u00e7\u00e3o Animal na cidade"}]},{"@type":"WebSite","@id":"https:\/\/rotario.com.br\/site\/#website","url":"https:\/\/rotario.com.br\/site\/","name":"Rota Rio","description":"Aqui, o Rio de Janeiro \u00e9 a pauta!","publisher":{"@id":"https:\/\/rotario.com.br\/site\/#organization"},"potentialAction":[{"@type":"SearchAction","target":{"@type":"EntryPoint","urlTemplate":"https:\/\/rotario.com.br\/site\/?s={search_term_string}"},"query-input":{"@type":"PropertyValueSpecification","valueRequired":true,"valueName":"search_term_string"}}],"inLanguage":"pt-BR"},{"@type":"Organization","@id":"https:\/\/rotario.com.br\/site\/#organization","name":"Rota Rio","url":"https:\/\/rotario.com.br\/site\/","logo":{"@type":"ImageObject","inLanguage":"pt-BR","@id":"https:\/\/rotario.com.br\/site\/#\/schema\/logo\/image\/","url":"https:\/\/rotario.com.br\/site\/wp-content\/uploads\/2022\/04\/cropped-ROTARIO-LOGO-Prancheta-1-1-2048x654-1.png","contentUrl":"https:\/\/rotario.com.br\/site\/wp-content\/uploads\/2022\/04\/cropped-ROTARIO-LOGO-Prancheta-1-1-2048x654-1.png","width":2048,"height":654,"caption":"Rota Rio"},"image":{"@id":"https:\/\/rotario.com.br\/site\/#\/schema\/logo\/image\/"}},{"@type":"Person","@id":"https:\/\/rotario.com.br\/site\/#\/schema\/person\/fd89bbbf4136f7e8a21e0dd67b8a66c7","name":"Galv\u00e3o","url":"https:\/\/rotario.com.br\/site\/author\/daniel\/"}]}},"_links":{"self":[{"href":"https:\/\/rotario.com.br\/site\/wp-json\/wp\/v2\/posts\/8346","targetHints":{"allow":["GET"]}}],"collection":[{"href":"https:\/\/rotario.com.br\/site\/wp-json\/wp\/v2\/posts"}],"about":[{"href":"https:\/\/rotario.com.br\/site\/wp-json\/wp\/v2\/types\/post"}],"author":[{"embeddable":true,"href":"https:\/\/rotario.com.br\/site\/wp-json\/wp\/v2\/users\/2"}],"replies":[{"embeddable":true,"href":"https:\/\/rotario.com.br\/site\/wp-json\/wp\/v2\/comments?post=8346"}],"version-history":[{"count":0,"href":"https:\/\/rotario.com.br\/site\/wp-json\/wp\/v2\/posts\/8346\/revisions"}],"wp:featuredmedia":[{"embeddable":true,"href":"https:\/\/rotario.com.br\/site\/wp-json\/wp\/v2\/media\/8347"}],"wp:attachment":[{"href":"https:\/\/rotario.com.br\/site\/wp-json\/wp\/v2\/media?parent=8346"}],"wp:term":[{"taxonomy":"category","embeddable":true,"href":"https:\/\/rotario.com.br\/site\/wp-json\/wp\/v2\/categories?post=8346"},{"taxonomy":"post_tag","embeddable":true,"href":"https:\/\/rotario.com.br\/site\/wp-json\/wp\/v2\/tags?post=8346"}],"curies":[{"name":"wp","href":"https:\/\/api.w.org\/{rel}","templated":true}]}}