{"id":8360,"date":"2022-11-09T17:41:10","date_gmt":"2022-11-09T20:41:10","guid":{"rendered":"https:\/\/rotario.com.br\/site\/?p=8360"},"modified":"2022-11-09T17:41:12","modified_gmt":"2022-11-09T20:41:12","slug":"marica-sedia-campeonato-de-tiro-com-arco","status":"publish","type":"post","link":"https:\/\/rotario.com.br\/site\/marica-sedia-campeonato-de-tiro-com-arco\/","title":{"rendered":"Maric\u00e1 sedia Campeonato de Tiro com Arco"},"content":{"rendered":"\n<p class=\"has-drop-cap\">A cidade de Maric\u00e1 vai sediar, a partir da pr\u00f3xima ter\u00e7a-feira (15\/11), a 48\u00aa edi\u00e7\u00e3o do Campeonato Brasileiro de Tiro com Arco Outdoor e o 4\u00aa Campeonato Brasileiro de Tiro com Arco Barebow, que acontecem at\u00e9 o dia 19\/11 na sede da Confedera\u00e7\u00e3o Brasileira de Tiro com Arco (CBTArco), em Itapeba. Ao todo, 31 equipes com 201 atletas de 15 estados do pa\u00eds disputar\u00e3o o torneio, que tem apoio da Prefeitura de Maric\u00e1 por meio da Secretaria de Esporte e Lazer.&nbsp;<a href=\"https:\/\/www.marica.rj.gov.br\/wp-content\/uploads\/2022\/11\/Agenda-v0.1.pdf\">Confira aqui a programa\u00e7\u00e3o<\/a><\/p>\n\n\n\n<p>O torneio ser\u00e1 disputado nas categorias Individual recurvo feminino e masculino, composto feminino e masculino, barebow feminino e masculino e tamb\u00e9m nas categorias por equipes e duplas mistas. Os treinos livres com os atletas acontecem na segunda-feira (14\/11), a partir das 8h. Na ter\u00e7a-feira (15\/11) ser\u00e1 realizada a cerim\u00f4nia de abertura, a partir das 11h45, no Centro de Treinamento da CBTArco, em Itapeba. As competi\u00e7\u00f5es ser\u00e3o iniciadas na quarta-feira (16\/11), a partir das 8h30, com o round classificat\u00f3rio.<\/p>\n\n\n\n<p>\u201cTemos uma parceria com a Confedera\u00e7\u00e3o Brasileira de Tiro com Arco, por isso formamos atletas no projeto socioesportivo, que hoje j\u00e1 disputam o Brasileiro, al\u00e9m dos grandes nomes da modalidade que treinam diariamente na cidade. Estamos recebendo o Campeonato Brasileiro mais uma vez e tenho certeza que Maric\u00e1 ficar\u00e1 com muitas medalhas. Convido a todos para prestigiarem nossos atletas\u201d, declarou o secret\u00e1rio de Esporte e Lazer, Filipe Bittencourt.<\/p>\n\n\n\n<p>O tiro com arco \u00e9 a pr\u00e1tica de utilizar um arco e flechas para atingir um alvo. Surgiu como atividade de ca\u00e7a e guerra. Passou a ser esporte ol\u00edmpico nos jogos de Paris, em 1900. \u00c9 praticado em um campo de competi\u00e7\u00e3o que deve ser plano e sem obst\u00e1culos para os arqueiros. Somente o tipo de categoria outdoor e o arco recurvo ou ol\u00edmpico fazem parte dos Jogos Ol\u00edmpicos e Pan-Americanos.<\/p>\n\n\n\n<p><strong>Servi\u00e7o:<\/strong><\/p>\n\n\n\n<p>48\u00ba Campeonato Brasileiro Open &amp; 4\u00ba Campeonato Brasileiro Barebow<br>Data: 14\/11 at\u00e9 19\/11<br><strong>Local:<\/strong>&nbsp;Centro de Treinamento da Confedera\u00e7\u00e3o Brasileira de Tiro com Arco (CBTArco)<br><strong>Endere\u00e7o:<\/strong>&nbsp;Rua Ivone dos Santos Cardoso, 340, Itapeba, Maric\u00e1<\/p>\n","protected":false},"excerpt":{"rendered":"<p>A cidade de Maric\u00e1 vai sediar, a partir da pr\u00f3xima ter\u00e7a-feira (15\/11), a 48\u00aa edi\u00e7\u00e3o do Campeonato Brasileiro de Tiro com Arco Outdoor e o 4\u00aa Campeonato Brasileiro de Tiro com Arco Barebow, que acontecem at\u00e9 o dia 19\/11 na sede da Confedera\u00e7\u00e3o Brasileira de Tiro com Arco (CBTArco), em Itapeba. Ao todo, 31 equipes [&hellip;]<\/p>\n","protected":false},"author":2,"featured_media":8361,"comment_status":"open","ping_status":"open","sticky":false,"template":"","format":"standard","meta":{"footnotes":""},"categories":[225,42,120],"tags":[],"class_list":["post-8360","post","type-post","status-publish","format-standard","has-post-thumbnail","hentry","category-destaque","category-marica","category-marica-costa-do-sol"],"yoast_head":"<!-- This site is optimized with the Yoast SEO plugin v26.5 - https:\/\/yoast.com\/wordpress\/plugins\/seo\/ -->\n<title>Maric\u00e1 sedia Campeonato de Tiro com Arco - Rota Rio<\/title>\n<meta name=\"robots\" content=\"index, follow, max-snippet:-1, max-image-preview:large, max-video-preview:-1\" \/>\n<link rel=\"canonical\" href=\"https:\/\/rotario.com.br\/site\/marica-sedia-campeonato-de-tiro-com-arco\/\" \/>\n<meta property=\"og:locale\" content=\"pt_BR\" \/>\n<meta property=\"og:type\" content=\"article\" \/>\n<meta property=\"og:title\" content=\"Maric\u00e1 sedia Campeonato de Tiro com Arco - Rota Rio\" \/>\n<meta property=\"og:description\" content=\"A cidade de Maric\u00e1 vai sediar, a partir da pr\u00f3xima ter\u00e7a-feira (15\/11), a 48\u00aa edi\u00e7\u00e3o do Campeonato Brasileiro de Tiro com Arco Outdoor e o 4\u00aa Campeonato Brasileiro de Tiro com Arco Barebow, que acontecem at\u00e9 o dia 19\/11 na sede da Confedera\u00e7\u00e3o Brasileira de Tiro com Arco (CBTArco), em Itapeba. Ao todo, 31 equipes [&hellip;]\" \/>\n<meta property=\"og:url\" content=\"https:\/\/rotario.com.br\/site\/marica-sedia-campeonato-de-tiro-com-arco\/\" \/>\n<meta property=\"og:site_name\" content=\"Rota Rio\" \/>\n<meta property=\"article:published_time\" content=\"2022-11-09T20:41:10+00:00\" \/>\n<meta property=\"article:modified_time\" content=\"2022-11-09T20:41:12+00:00\" \/>\n<meta property=\"og:image\" content=\"https:\/\/rotario.com.br\/site\/wp-content\/uploads\/2022\/11\/51586536035_dbdfd41414_o-scaled-1.jpg\" \/>\n\t<meta property=\"og:image:width\" content=\"2560\" \/>\n\t<meta property=\"og:image:height\" content=\"1707\" \/>\n\t<meta property=\"og:image:type\" content=\"image\/jpeg\" \/>\n<meta name=\"author\" content=\"Galv\u00e3o\" \/>\n<meta name=\"twitter:card\" content=\"summary_large_image\" \/>\n<meta name=\"twitter:label1\" content=\"Escrito por\" \/>\n\t<meta name=\"twitter:data1\" content=\"Galv\u00e3o\" \/>\n\t<meta name=\"twitter:label2\" content=\"Est. tempo de leitura\" \/>\n\t<meta name=\"twitter:data2\" content=\"2 minutos\" \/>\n<script type=\"application\/ld+json\" class=\"yoast-schema-graph\">{\"@context\":\"https:\/\/schema.org\",\"@graph\":[{\"@type\":\"Article\",\"@id\":\"https:\/\/rotario.com.br\/site\/marica-sedia-campeonato-de-tiro-com-arco\/#article\",\"isPartOf\":{\"@id\":\"https:\/\/rotario.com.br\/site\/marica-sedia-campeonato-de-tiro-com-arco\/\"},\"author\":{\"name\":\"Galv\u00e3o\",\"@id\":\"https:\/\/rotario.com.br\/site\/#\/schema\/person\/fd89bbbf4136f7e8a21e0dd67b8a66c7\"},\"headline\":\"Maric\u00e1 sedia Campeonato de Tiro com Arco\",\"datePublished\":\"2022-11-09T20:41:10+00:00\",\"dateModified\":\"2022-11-09T20:41:12+00:00\",\"mainEntityOfPage\":{\"@id\":\"https:\/\/rotario.com.br\/site\/marica-sedia-campeonato-de-tiro-com-arco\/\"},\"wordCount\":354,\"commentCount\":0,\"publisher\":{\"@id\":\"https:\/\/rotario.com.br\/site\/#organization\"},\"image\":{\"@id\":\"https:\/\/rotario.com.br\/site\/marica-sedia-campeonato-de-tiro-com-arco\/#primaryimage\"},\"thumbnailUrl\":\"https:\/\/rotario.com.br\/site\/wp-content\/uploads\/2022\/11\/51586536035_dbdfd41414_o-scaled-1.jpg\",\"articleSection\":[\"Destaque\",\"Maric\u00e1\",\"Maric\u00e1\"],\"inLanguage\":\"pt-BR\",\"potentialAction\":[{\"@type\":\"CommentAction\",\"name\":\"Comment\",\"target\":[\"https:\/\/rotario.com.br\/site\/marica-sedia-campeonato-de-tiro-com-arco\/#respond\"]}]},{\"@type\":\"WebPage\",\"@id\":\"https:\/\/rotario.com.br\/site\/marica-sedia-campeonato-de-tiro-com-arco\/\",\"url\":\"https:\/\/rotario.com.br\/site\/marica-sedia-campeonato-de-tiro-com-arco\/\",\"name\":\"Maric\u00e1 sedia Campeonato de Tiro com Arco - Rota Rio\",\"isPartOf\":{\"@id\":\"https:\/\/rotario.com.br\/site\/#website\"},\"primaryImageOfPage\":{\"@id\":\"https:\/\/rotario.com.br\/site\/marica-sedia-campeonato-de-tiro-com-arco\/#primaryimage\"},\"image\":{\"@id\":\"https:\/\/rotario.com.br\/site\/marica-sedia-campeonato-de-tiro-com-arco\/#primaryimage\"},\"thumbnailUrl\":\"https:\/\/rotario.com.br\/site\/wp-content\/uploads\/2022\/11\/51586536035_dbdfd41414_o-scaled-1.jpg\",\"datePublished\":\"2022-11-09T20:41:10+00:00\",\"dateModified\":\"2022-11-09T20:41:12+00:00\",\"breadcrumb\":{\"@id\":\"https:\/\/rotario.com.br\/site\/marica-sedia-campeonato-de-tiro-com-arco\/#breadcrumb\"},\"inLanguage\":\"pt-BR\",\"potentialAction\":[{\"@type\":\"ReadAction\",\"target\":[\"https:\/\/rotario.com.br\/site\/marica-sedia-campeonato-de-tiro-com-arco\/\"]}]},{\"@type\":\"ImageObject\",\"inLanguage\":\"pt-BR\",\"@id\":\"https:\/\/rotario.com.br\/site\/marica-sedia-campeonato-de-tiro-com-arco\/#primaryimage\",\"url\":\"https:\/\/rotario.com.br\/site\/wp-content\/uploads\/2022\/11\/51586536035_dbdfd41414_o-scaled-1.jpg\",\"contentUrl\":\"https:\/\/rotario.com.br\/site\/wp-content\/uploads\/2022\/11\/51586536035_dbdfd41414_o-scaled-1.jpg\",\"width\":2560,\"height\":1707},{\"@type\":\"BreadcrumbList\",\"@id\":\"https:\/\/rotario.com.br\/site\/marica-sedia-campeonato-de-tiro-com-arco\/#breadcrumb\",\"itemListElement\":[{\"@type\":\"ListItem\",\"position\":1,\"name\":\"In\u00edcio\",\"item\":\"https:\/\/rotario.com.br\/site\/\"},{\"@type\":\"ListItem\",\"position\":2,\"name\":\"Maric\u00e1 sedia Campeonato de Tiro com Arco\"}]},{\"@type\":\"WebSite\",\"@id\":\"https:\/\/rotario.com.br\/site\/#website\",\"url\":\"https:\/\/rotario.com.br\/site\/\",\"name\":\"Rota Rio\",\"description\":\"Aqui, o Rio de Janeiro \u00e9 a pauta!\",\"publisher\":{\"@id\":\"https:\/\/rotario.com.br\/site\/#organization\"},\"potentialAction\":[{\"@type\":\"SearchAction\",\"target\":{\"@type\":\"EntryPoint\",\"urlTemplate\":\"https:\/\/rotario.com.br\/site\/?s={search_term_string}\"},\"query-input\":{\"@type\":\"PropertyValueSpecification\",\"valueRequired\":true,\"valueName\":\"search_term_string\"}}],\"inLanguage\":\"pt-BR\"},{\"@type\":\"Organization\",\"@id\":\"https:\/\/rotario.com.br\/site\/#organization\",\"name\":\"Rota Rio\",\"url\":\"https:\/\/rotario.com.br\/site\/\",\"logo\":{\"@type\":\"ImageObject\",\"inLanguage\":\"pt-BR\",\"@id\":\"https:\/\/rotario.com.br\/site\/#\/schema\/logo\/image\/\",\"url\":\"https:\/\/rotario.com.br\/site\/wp-content\/uploads\/2022\/04\/cropped-ROTARIO-LOGO-Prancheta-1-1-2048x654-1.png\",\"contentUrl\":\"https:\/\/rotario.com.br\/site\/wp-content\/uploads\/2022\/04\/cropped-ROTARIO-LOGO-Prancheta-1-1-2048x654-1.png\",\"width\":2048,\"height\":654,\"caption\":\"Rota Rio\"},\"image\":{\"@id\":\"https:\/\/rotario.com.br\/site\/#\/schema\/logo\/image\/\"}},{\"@type\":\"Person\",\"@id\":\"https:\/\/rotario.com.br\/site\/#\/schema\/person\/fd89bbbf4136f7e8a21e0dd67b8a66c7\",\"name\":\"Galv\u00e3o\",\"url\":\"https:\/\/rotario.com.br\/site\/author\/daniel\/\"}]}<\/script>\n<!-- \/ Yoast SEO plugin. -->","yoast_head_json":{"title":"Maric\u00e1 sedia Campeonato de Tiro com Arco - Rota Rio","robots":{"index":"index","follow":"follow","max-snippet":"max-snippet:-1","max-image-preview":"max-image-preview:large","max-video-preview":"max-video-preview:-1"},"canonical":"https:\/\/rotario.com.br\/site\/marica-sedia-campeonato-de-tiro-com-arco\/","og_locale":"pt_BR","og_type":"article","og_title":"Maric\u00e1 sedia Campeonato de Tiro com Arco - Rota Rio","og_description":"A cidade de Maric\u00e1 vai sediar, a partir da pr\u00f3xima ter\u00e7a-feira (15\/11), a 48\u00aa edi\u00e7\u00e3o do Campeonato Brasileiro de Tiro com Arco Outdoor e o 4\u00aa Campeonato Brasileiro de Tiro com Arco Barebow, que acontecem at\u00e9 o dia 19\/11 na sede da Confedera\u00e7\u00e3o Brasileira de Tiro com Arco (CBTArco), em Itapeba. Ao todo, 31 equipes [&hellip;]","og_url":"https:\/\/rotario.com.br\/site\/marica-sedia-campeonato-de-tiro-com-arco\/","og_site_name":"Rota Rio","article_published_time":"2022-11-09T20:41:10+00:00","article_modified_time":"2022-11-09T20:41:12+00:00","og_image":[{"width":2560,"height":1707,"url":"https:\/\/rotario.com.br\/site\/wp-content\/uploads\/2022\/11\/51586536035_dbdfd41414_o-scaled-1.jpg","type":"image\/jpeg"}],"author":"Galv\u00e3o","twitter_card":"summary_large_image","twitter_misc":{"Escrito por":"Galv\u00e3o","Est. tempo de leitura":"2 minutos"},"schema":{"@context":"https:\/\/schema.org","@graph":[{"@type":"Article","@id":"https:\/\/rotario.com.br\/site\/marica-sedia-campeonato-de-tiro-com-arco\/#article","isPartOf":{"@id":"https:\/\/rotario.com.br\/site\/marica-sedia-campeonato-de-tiro-com-arco\/"},"author":{"name":"Galv\u00e3o","@id":"https:\/\/rotario.com.br\/site\/#\/schema\/person\/fd89bbbf4136f7e8a21e0dd67b8a66c7"},"headline":"Maric\u00e1 sedia Campeonato de Tiro com Arco","datePublished":"2022-11-09T20:41:10+00:00","dateModified":"2022-11-09T20:41:12+00:00","mainEntityOfPage":{"@id":"https:\/\/rotario.com.br\/site\/marica-sedia-campeonato-de-tiro-com-arco\/"},"wordCount":354,"commentCount":0,"publisher":{"@id":"https:\/\/rotario.com.br\/site\/#organization"},"image":{"@id":"https:\/\/rotario.com.br\/site\/marica-sedia-campeonato-de-tiro-com-arco\/#primaryimage"},"thumbnailUrl":"https:\/\/rotario.com.br\/site\/wp-content\/uploads\/2022\/11\/51586536035_dbdfd41414_o-scaled-1.jpg","articleSection":["Destaque","Maric\u00e1","Maric\u00e1"],"inLanguage":"pt-BR","potentialAction":[{"@type":"CommentAction","name":"Comment","target":["https:\/\/rotario.com.br\/site\/marica-sedia-campeonato-de-tiro-com-arco\/#respond"]}]},{"@type":"WebPage","@id":"https:\/\/rotario.com.br\/site\/marica-sedia-campeonato-de-tiro-com-arco\/","url":"https:\/\/rotario.com.br\/site\/marica-sedia-campeonato-de-tiro-com-arco\/","name":"Maric\u00e1 sedia Campeonato de Tiro com Arco - Rota Rio","isPartOf":{"@id":"https:\/\/rotario.com.br\/site\/#website"},"primaryImageOfPage":{"@id":"https:\/\/rotario.com.br\/site\/marica-sedia-campeonato-de-tiro-com-arco\/#primaryimage"},"image":{"@id":"https:\/\/rotario.com.br\/site\/marica-sedia-campeonato-de-tiro-com-arco\/#primaryimage"},"thumbnailUrl":"https:\/\/rotario.com.br\/site\/wp-content\/uploads\/2022\/11\/51586536035_dbdfd41414_o-scaled-1.jpg","datePublished":"2022-11-09T20:41:10+00:00","dateModified":"2022-11-09T20:41:12+00:00","breadcrumb":{"@id":"https:\/\/rotario.com.br\/site\/marica-sedia-campeonato-de-tiro-com-arco\/#breadcrumb"},"inLanguage":"pt-BR","potentialAction":[{"@type":"ReadAction","target":["https:\/\/rotario.com.br\/site\/marica-sedia-campeonato-de-tiro-com-arco\/"]}]},{"@type":"ImageObject","inLanguage":"pt-BR","@id":"https:\/\/rotario.com.br\/site\/marica-sedia-campeonato-de-tiro-com-arco\/#primaryimage","url":"https:\/\/rotario.com.br\/site\/wp-content\/uploads\/2022\/11\/51586536035_dbdfd41414_o-scaled-1.jpg","contentUrl":"https:\/\/rotario.com.br\/site\/wp-content\/uploads\/2022\/11\/51586536035_dbdfd41414_o-scaled-1.jpg","width":2560,"height":1707},{"@type":"BreadcrumbList","@id":"https:\/\/rotario.com.br\/site\/marica-sedia-campeonato-de-tiro-com-arco\/#breadcrumb","itemListElement":[{"@type":"ListItem","position":1,"name":"In\u00edcio","item":"https:\/\/rotario.com.br\/site\/"},{"@type":"ListItem","position":2,"name":"Maric\u00e1 sedia Campeonato de Tiro com Arco"}]},{"@type":"WebSite","@id":"https:\/\/rotario.com.br\/site\/#website","url":"https:\/\/rotario.com.br\/site\/","name":"Rota Rio","description":"Aqui, o Rio de Janeiro \u00e9 a pauta!","publisher":{"@id":"https:\/\/rotario.com.br\/site\/#organization"},"potentialAction":[{"@type":"SearchAction","target":{"@type":"EntryPoint","urlTemplate":"https:\/\/rotario.com.br\/site\/?s={search_term_string}"},"query-input":{"@type":"PropertyValueSpecification","valueRequired":true,"valueName":"search_term_string"}}],"inLanguage":"pt-BR"},{"@type":"Organization","@id":"https:\/\/rotario.com.br\/site\/#organization","name":"Rota Rio","url":"https:\/\/rotario.com.br\/site\/","logo":{"@type":"ImageObject","inLanguage":"pt-BR","@id":"https:\/\/rotario.com.br\/site\/#\/schema\/logo\/image\/","url":"https:\/\/rotario.com.br\/site\/wp-content\/uploads\/2022\/04\/cropped-ROTARIO-LOGO-Prancheta-1-1-2048x654-1.png","contentUrl":"https:\/\/rotario.com.br\/site\/wp-content\/uploads\/2022\/04\/cropped-ROTARIO-LOGO-Prancheta-1-1-2048x654-1.png","width":2048,"height":654,"caption":"Rota Rio"},"image":{"@id":"https:\/\/rotario.com.br\/site\/#\/schema\/logo\/image\/"}},{"@type":"Person","@id":"https:\/\/rotario.com.br\/site\/#\/schema\/person\/fd89bbbf4136f7e8a21e0dd67b8a66c7","name":"Galv\u00e3o","url":"https:\/\/rotario.com.br\/site\/author\/daniel\/"}]}},"_links":{"self":[{"href":"https:\/\/rotario.com.br\/site\/wp-json\/wp\/v2\/posts\/8360","targetHints":{"allow":["GET"]}}],"collection":[{"href":"https:\/\/rotario.com.br\/site\/wp-json\/wp\/v2\/posts"}],"about":[{"href":"https:\/\/rotario.com.br\/site\/wp-json\/wp\/v2\/types\/post"}],"author":[{"embeddable":true,"href":"https:\/\/rotario.com.br\/site\/wp-json\/wp\/v2\/users\/2"}],"replies":[{"embeddable":true,"href":"https:\/\/rotario.com.br\/site\/wp-json\/wp\/v2\/comments?post=8360"}],"version-history":[{"count":0,"href":"https:\/\/rotario.com.br\/site\/wp-json\/wp\/v2\/posts\/8360\/revisions"}],"wp:featuredmedia":[{"embeddable":true,"href":"https:\/\/rotario.com.br\/site\/wp-json\/wp\/v2\/media\/8361"}],"wp:attachment":[{"href":"https:\/\/rotario.com.br\/site\/wp-json\/wp\/v2\/media?parent=8360"}],"wp:term":[{"taxonomy":"category","embeddable":true,"href":"https:\/\/rotario.com.br\/site\/wp-json\/wp\/v2\/categories?post=8360"},{"taxonomy":"post_tag","embeddable":true,"href":"https:\/\/rotario.com.br\/site\/wp-json\/wp\/v2\/tags?post=8360"}],"curies":[{"name":"wp","href":"https:\/\/api.w.org\/{rel}","templated":true}]}}