{"id":8474,"date":"2022-11-15T12:27:10","date_gmt":"2022-11-15T15:27:10","guid":{"rendered":"https:\/\/rotario.com.br\/site\/?p=8474"},"modified":"2022-11-15T12:27:12","modified_gmt":"2022-11-15T15:27:12","slug":"caravelas-portuguesas-sao-registradas-em-praias-de-marica","status":"publish","type":"post","link":"https:\/\/rotario.com.br\/site\/caravelas-portuguesas-sao-registradas-em-praias-de-marica\/","title":{"rendered":"Caravelas-portuguesas s\u00e3o registradas em praias de Maric\u00e1"},"content":{"rendered":"\n<p class=\"has-drop-cap\">Moradores de\u00a0<a href=\"https:\/\/g1.globo.com\/rj\/regiao-dos-lagos\/cidade\/marica\/\">Maric\u00e1<\/a>, na Regi\u00e3o Metropolitana do Rio, est\u00e3o registrando o aparecimento de caravelas-portuguesas em praias da cidade. Do grupo dos cnid\u00e1rios, a caravela-portuguesa \u00e9 parecida com as \u00e1guas-vivas, mas \u00e9 ainda mais perigosa.<\/p>\n\n\n\n<p>A caravela-portuguesa\u00a0<em>(Physalia physalis)<\/em>, ou barco-de-guerra-portugu\u00eas, vive nas \u00e1guas de todas as regi\u00f5es tropicais dos oceanos. Ela possui tent\u00e1culos cheios de c\u00e9lulas urticantes. Apesar de parecer um animal, \u00e9, na realidade, uma col\u00f4nia composta por muitos animais inter-relacionados (p\u00f3lipos).<\/p>\n\n\n\n<p>De acordo com o professor de biologia Tiago Dantas, os tent\u00e1culos das caravelas podem atingir at\u00e9 20 metros de comprimento. Elas s\u00e3o trazidas para a regi\u00e3o litor\u00e2nea do Brasil atrav\u00e9s das correntes mar\u00edtimas.<\/p>\n\n\n\n<p>Quando em contato com a pela humana, os tent\u00e1culos causam queimaduras que podem doer muito por at\u00e9 30 minutos. Outros sintomas s\u00e3o coceira, inflama\u00e7\u00e3o em volta das queimaduras e, em casos de pessoas al\u00e9rgicas, as rea\u00e7\u00f5es podem ser ainda piores.<\/p>\n\n\n\n<p>A recomenda\u00e7\u00e3o para pessoas que sofram queimaduras \u00e9 lavar o local com vinagre e nunca com \u00e1gua doce, porque ela pode potencializar o efeito da toxina. Tamb\u00e9m&nbsp;n\u00e3o \u00e9 recomendado esfregar areia no local da queimadura.<\/p>\n\n\n\n<p>O banhista que for atingido pelos tent\u00e1culos n\u00e3o deve tocar no local afetado, pois a toxina se espalha para onde a pessoa levar a m\u00e3o.<\/p>\n\n\n\n<p>A Prefeitura informou que nenhum paciente deu entrada v\u00edtima das queimaduras nos \u00faltimos dias e que a Defesa Civil, atrav\u00e9s dos guarda-vidas, tamb\u00e9m n\u00e3o registrou nenhum atendimento nas areias das praias.<\/p>\n\n\n\n<p><\/p>\n\n\n\n<p>G1<\/p>\n","protected":false},"excerpt":{"rendered":"<p>Moradores de\u00a0Maric\u00e1, na Regi\u00e3o Metropolitana do Rio, est\u00e3o registrando o aparecimento de caravelas-portuguesas em praias da cidade. Do grupo dos cnid\u00e1rios, a caravela-portuguesa \u00e9 parecida com as \u00e1guas-vivas, mas \u00e9 ainda mais perigosa. A caravela-portuguesa\u00a0(Physalia physalis), ou barco-de-guerra-portugu\u00eas, vive nas \u00e1guas de todas as regi\u00f5es tropicais dos oceanos. Ela possui tent\u00e1culos cheios de c\u00e9lulas urticantes. [&hellip;]<\/p>\n","protected":false},"author":2,"featured_media":8475,"comment_status":"open","ping_status":"open","sticky":false,"template":"","format":"standard","meta":{"footnotes":""},"categories":[225,120,42],"tags":[],"class_list":["post-8474","post","type-post","status-publish","format-standard","has-post-thumbnail","hentry","category-destaque","category-marica-costa-do-sol","category-marica"],"yoast_head":"<!-- This site is optimized with the Yoast SEO plugin v26.5 - https:\/\/yoast.com\/wordpress\/plugins\/seo\/ -->\n<title>Caravelas-portuguesas s\u00e3o registradas em praias de Maric\u00e1 - Rota Rio<\/title>\n<meta name=\"robots\" content=\"index, follow, max-snippet:-1, max-image-preview:large, max-video-preview:-1\" \/>\n<link rel=\"canonical\" href=\"https:\/\/rotario.com.br\/site\/caravelas-portuguesas-sao-registradas-em-praias-de-marica\/\" \/>\n<meta property=\"og:locale\" content=\"pt_BR\" \/>\n<meta property=\"og:type\" content=\"article\" \/>\n<meta property=\"og:title\" content=\"Caravelas-portuguesas s\u00e3o registradas em praias de Maric\u00e1 - Rota Rio\" \/>\n<meta property=\"og:description\" content=\"Moradores de\u00a0Maric\u00e1, na Regi\u00e3o Metropolitana do Rio, est\u00e3o registrando o aparecimento de caravelas-portuguesas em praias da cidade. Do grupo dos cnid\u00e1rios, a caravela-portuguesa \u00e9 parecida com as \u00e1guas-vivas, mas \u00e9 ainda mais perigosa. A caravela-portuguesa\u00a0(Physalia physalis), ou barco-de-guerra-portugu\u00eas, vive nas \u00e1guas de todas as regi\u00f5es tropicais dos oceanos. Ela possui tent\u00e1culos cheios de c\u00e9lulas urticantes. [&hellip;]\" \/>\n<meta property=\"og:url\" content=\"https:\/\/rotario.com.br\/site\/caravelas-portuguesas-sao-registradas-em-praias-de-marica\/\" \/>\n<meta property=\"og:site_name\" content=\"Rota Rio\" \/>\n<meta property=\"article:published_time\" content=\"2022-11-15T15:27:10+00:00\" \/>\n<meta property=\"article:modified_time\" content=\"2022-11-15T15:27:12+00:00\" \/>\n<meta property=\"og:image\" content=\"https:\/\/rotario.com.br\/site\/wp-content\/uploads\/2022\/11\/Caravela-Portuguesa.jpg\" \/>\n\t<meta property=\"og:image:width\" content=\"1005\" \/>\n\t<meta property=\"og:image:height\" content=\"565\" \/>\n\t<meta property=\"og:image:type\" content=\"image\/jpeg\" \/>\n<meta name=\"author\" content=\"Galv\u00e3o\" \/>\n<meta name=\"twitter:card\" content=\"summary_large_image\" \/>\n<meta name=\"twitter:label1\" content=\"Escrito por\" \/>\n\t<meta name=\"twitter:data1\" content=\"Galv\u00e3o\" \/>\n\t<meta name=\"twitter:label2\" content=\"Est. tempo de leitura\" \/>\n\t<meta name=\"twitter:data2\" content=\"2 minutos\" \/>\n<script type=\"application\/ld+json\" class=\"yoast-schema-graph\">{\"@context\":\"https:\/\/schema.org\",\"@graph\":[{\"@type\":\"Article\",\"@id\":\"https:\/\/rotario.com.br\/site\/caravelas-portuguesas-sao-registradas-em-praias-de-marica\/#article\",\"isPartOf\":{\"@id\":\"https:\/\/rotario.com.br\/site\/caravelas-portuguesas-sao-registradas-em-praias-de-marica\/\"},\"author\":{\"name\":\"Galv\u00e3o\",\"@id\":\"https:\/\/rotario.com.br\/site\/#\/schema\/person\/fd89bbbf4136f7e8a21e0dd67b8a66c7\"},\"headline\":\"Caravelas-portuguesas s\u00e3o registradas em praias de Maric\u00e1\",\"datePublished\":\"2022-11-15T15:27:10+00:00\",\"dateModified\":\"2022-11-15T15:27:12+00:00\",\"mainEntityOfPage\":{\"@id\":\"https:\/\/rotario.com.br\/site\/caravelas-portuguesas-sao-registradas-em-praias-de-marica\/\"},\"wordCount\":271,\"commentCount\":0,\"publisher\":{\"@id\":\"https:\/\/rotario.com.br\/site\/#organization\"},\"image\":{\"@id\":\"https:\/\/rotario.com.br\/site\/caravelas-portuguesas-sao-registradas-em-praias-de-marica\/#primaryimage\"},\"thumbnailUrl\":\"https:\/\/rotario.com.br\/site\/wp-content\/uploads\/2022\/11\/Caravela-Portuguesa.jpg\",\"articleSection\":[\"Destaque\",\"Maric\u00e1\",\"Maric\u00e1\"],\"inLanguage\":\"pt-BR\",\"potentialAction\":[{\"@type\":\"CommentAction\",\"name\":\"Comment\",\"target\":[\"https:\/\/rotario.com.br\/site\/caravelas-portuguesas-sao-registradas-em-praias-de-marica\/#respond\"]}]},{\"@type\":\"WebPage\",\"@id\":\"https:\/\/rotario.com.br\/site\/caravelas-portuguesas-sao-registradas-em-praias-de-marica\/\",\"url\":\"https:\/\/rotario.com.br\/site\/caravelas-portuguesas-sao-registradas-em-praias-de-marica\/\",\"name\":\"Caravelas-portuguesas s\u00e3o registradas em praias de Maric\u00e1 - Rota Rio\",\"isPartOf\":{\"@id\":\"https:\/\/rotario.com.br\/site\/#website\"},\"primaryImageOfPage\":{\"@id\":\"https:\/\/rotario.com.br\/site\/caravelas-portuguesas-sao-registradas-em-praias-de-marica\/#primaryimage\"},\"image\":{\"@id\":\"https:\/\/rotario.com.br\/site\/caravelas-portuguesas-sao-registradas-em-praias-de-marica\/#primaryimage\"},\"thumbnailUrl\":\"https:\/\/rotario.com.br\/site\/wp-content\/uploads\/2022\/11\/Caravela-Portuguesa.jpg\",\"datePublished\":\"2022-11-15T15:27:10+00:00\",\"dateModified\":\"2022-11-15T15:27:12+00:00\",\"breadcrumb\":{\"@id\":\"https:\/\/rotario.com.br\/site\/caravelas-portuguesas-sao-registradas-em-praias-de-marica\/#breadcrumb\"},\"inLanguage\":\"pt-BR\",\"potentialAction\":[{\"@type\":\"ReadAction\",\"target\":[\"https:\/\/rotario.com.br\/site\/caravelas-portuguesas-sao-registradas-em-praias-de-marica\/\"]}]},{\"@type\":\"ImageObject\",\"inLanguage\":\"pt-BR\",\"@id\":\"https:\/\/rotario.com.br\/site\/caravelas-portuguesas-sao-registradas-em-praias-de-marica\/#primaryimage\",\"url\":\"https:\/\/rotario.com.br\/site\/wp-content\/uploads\/2022\/11\/Caravela-Portuguesa.jpg\",\"contentUrl\":\"https:\/\/rotario.com.br\/site\/wp-content\/uploads\/2022\/11\/Caravela-Portuguesa.jpg\",\"width\":1005,\"height\":565},{\"@type\":\"BreadcrumbList\",\"@id\":\"https:\/\/rotario.com.br\/site\/caravelas-portuguesas-sao-registradas-em-praias-de-marica\/#breadcrumb\",\"itemListElement\":[{\"@type\":\"ListItem\",\"position\":1,\"name\":\"In\u00edcio\",\"item\":\"https:\/\/rotario.com.br\/site\/\"},{\"@type\":\"ListItem\",\"position\":2,\"name\":\"Caravelas-portuguesas s\u00e3o registradas em praias de Maric\u00e1\"}]},{\"@type\":\"WebSite\",\"@id\":\"https:\/\/rotario.com.br\/site\/#website\",\"url\":\"https:\/\/rotario.com.br\/site\/\",\"name\":\"Rota Rio\",\"description\":\"Aqui, o Rio de Janeiro \u00e9 a pauta!\",\"publisher\":{\"@id\":\"https:\/\/rotario.com.br\/site\/#organization\"},\"potentialAction\":[{\"@type\":\"SearchAction\",\"target\":{\"@type\":\"EntryPoint\",\"urlTemplate\":\"https:\/\/rotario.com.br\/site\/?s={search_term_string}\"},\"query-input\":{\"@type\":\"PropertyValueSpecification\",\"valueRequired\":true,\"valueName\":\"search_term_string\"}}],\"inLanguage\":\"pt-BR\"},{\"@type\":\"Organization\",\"@id\":\"https:\/\/rotario.com.br\/site\/#organization\",\"name\":\"Rota Rio\",\"url\":\"https:\/\/rotario.com.br\/site\/\",\"logo\":{\"@type\":\"ImageObject\",\"inLanguage\":\"pt-BR\",\"@id\":\"https:\/\/rotario.com.br\/site\/#\/schema\/logo\/image\/\",\"url\":\"https:\/\/rotario.com.br\/site\/wp-content\/uploads\/2022\/04\/cropped-ROTARIO-LOGO-Prancheta-1-1-2048x654-1.png\",\"contentUrl\":\"https:\/\/rotario.com.br\/site\/wp-content\/uploads\/2022\/04\/cropped-ROTARIO-LOGO-Prancheta-1-1-2048x654-1.png\",\"width\":2048,\"height\":654,\"caption\":\"Rota Rio\"},\"image\":{\"@id\":\"https:\/\/rotario.com.br\/site\/#\/schema\/logo\/image\/\"}},{\"@type\":\"Person\",\"@id\":\"https:\/\/rotario.com.br\/site\/#\/schema\/person\/fd89bbbf4136f7e8a21e0dd67b8a66c7\",\"name\":\"Galv\u00e3o\",\"url\":\"https:\/\/rotario.com.br\/site\/author\/daniel\/\"}]}<\/script>\n<!-- \/ Yoast SEO plugin. -->","yoast_head_json":{"title":"Caravelas-portuguesas s\u00e3o registradas em praias de Maric\u00e1 - Rota Rio","robots":{"index":"index","follow":"follow","max-snippet":"max-snippet:-1","max-image-preview":"max-image-preview:large","max-video-preview":"max-video-preview:-1"},"canonical":"https:\/\/rotario.com.br\/site\/caravelas-portuguesas-sao-registradas-em-praias-de-marica\/","og_locale":"pt_BR","og_type":"article","og_title":"Caravelas-portuguesas s\u00e3o registradas em praias de Maric\u00e1 - Rota Rio","og_description":"Moradores de\u00a0Maric\u00e1, na Regi\u00e3o Metropolitana do Rio, est\u00e3o registrando o aparecimento de caravelas-portuguesas em praias da cidade. Do grupo dos cnid\u00e1rios, a caravela-portuguesa \u00e9 parecida com as \u00e1guas-vivas, mas \u00e9 ainda mais perigosa. A caravela-portuguesa\u00a0(Physalia physalis), ou barco-de-guerra-portugu\u00eas, vive nas \u00e1guas de todas as regi\u00f5es tropicais dos oceanos. Ela possui tent\u00e1culos cheios de c\u00e9lulas urticantes. [&hellip;]","og_url":"https:\/\/rotario.com.br\/site\/caravelas-portuguesas-sao-registradas-em-praias-de-marica\/","og_site_name":"Rota Rio","article_published_time":"2022-11-15T15:27:10+00:00","article_modified_time":"2022-11-15T15:27:12+00:00","og_image":[{"width":1005,"height":565,"url":"https:\/\/rotario.com.br\/site\/wp-content\/uploads\/2022\/11\/Caravela-Portuguesa.jpg","type":"image\/jpeg"}],"author":"Galv\u00e3o","twitter_card":"summary_large_image","twitter_misc":{"Escrito por":"Galv\u00e3o","Est. tempo de leitura":"2 minutos"},"schema":{"@context":"https:\/\/schema.org","@graph":[{"@type":"Article","@id":"https:\/\/rotario.com.br\/site\/caravelas-portuguesas-sao-registradas-em-praias-de-marica\/#article","isPartOf":{"@id":"https:\/\/rotario.com.br\/site\/caravelas-portuguesas-sao-registradas-em-praias-de-marica\/"},"author":{"name":"Galv\u00e3o","@id":"https:\/\/rotario.com.br\/site\/#\/schema\/person\/fd89bbbf4136f7e8a21e0dd67b8a66c7"},"headline":"Caravelas-portuguesas s\u00e3o registradas em praias de Maric\u00e1","datePublished":"2022-11-15T15:27:10+00:00","dateModified":"2022-11-15T15:27:12+00:00","mainEntityOfPage":{"@id":"https:\/\/rotario.com.br\/site\/caravelas-portuguesas-sao-registradas-em-praias-de-marica\/"},"wordCount":271,"commentCount":0,"publisher":{"@id":"https:\/\/rotario.com.br\/site\/#organization"},"image":{"@id":"https:\/\/rotario.com.br\/site\/caravelas-portuguesas-sao-registradas-em-praias-de-marica\/#primaryimage"},"thumbnailUrl":"https:\/\/rotario.com.br\/site\/wp-content\/uploads\/2022\/11\/Caravela-Portuguesa.jpg","articleSection":["Destaque","Maric\u00e1","Maric\u00e1"],"inLanguage":"pt-BR","potentialAction":[{"@type":"CommentAction","name":"Comment","target":["https:\/\/rotario.com.br\/site\/caravelas-portuguesas-sao-registradas-em-praias-de-marica\/#respond"]}]},{"@type":"WebPage","@id":"https:\/\/rotario.com.br\/site\/caravelas-portuguesas-sao-registradas-em-praias-de-marica\/","url":"https:\/\/rotario.com.br\/site\/caravelas-portuguesas-sao-registradas-em-praias-de-marica\/","name":"Caravelas-portuguesas s\u00e3o registradas em praias de Maric\u00e1 - Rota Rio","isPartOf":{"@id":"https:\/\/rotario.com.br\/site\/#website"},"primaryImageOfPage":{"@id":"https:\/\/rotario.com.br\/site\/caravelas-portuguesas-sao-registradas-em-praias-de-marica\/#primaryimage"},"image":{"@id":"https:\/\/rotario.com.br\/site\/caravelas-portuguesas-sao-registradas-em-praias-de-marica\/#primaryimage"},"thumbnailUrl":"https:\/\/rotario.com.br\/site\/wp-content\/uploads\/2022\/11\/Caravela-Portuguesa.jpg","datePublished":"2022-11-15T15:27:10+00:00","dateModified":"2022-11-15T15:27:12+00:00","breadcrumb":{"@id":"https:\/\/rotario.com.br\/site\/caravelas-portuguesas-sao-registradas-em-praias-de-marica\/#breadcrumb"},"inLanguage":"pt-BR","potentialAction":[{"@type":"ReadAction","target":["https:\/\/rotario.com.br\/site\/caravelas-portuguesas-sao-registradas-em-praias-de-marica\/"]}]},{"@type":"ImageObject","inLanguage":"pt-BR","@id":"https:\/\/rotario.com.br\/site\/caravelas-portuguesas-sao-registradas-em-praias-de-marica\/#primaryimage","url":"https:\/\/rotario.com.br\/site\/wp-content\/uploads\/2022\/11\/Caravela-Portuguesa.jpg","contentUrl":"https:\/\/rotario.com.br\/site\/wp-content\/uploads\/2022\/11\/Caravela-Portuguesa.jpg","width":1005,"height":565},{"@type":"BreadcrumbList","@id":"https:\/\/rotario.com.br\/site\/caravelas-portuguesas-sao-registradas-em-praias-de-marica\/#breadcrumb","itemListElement":[{"@type":"ListItem","position":1,"name":"In\u00edcio","item":"https:\/\/rotario.com.br\/site\/"},{"@type":"ListItem","position":2,"name":"Caravelas-portuguesas s\u00e3o registradas em praias de Maric\u00e1"}]},{"@type":"WebSite","@id":"https:\/\/rotario.com.br\/site\/#website","url":"https:\/\/rotario.com.br\/site\/","name":"Rota Rio","description":"Aqui, o Rio de Janeiro \u00e9 a pauta!","publisher":{"@id":"https:\/\/rotario.com.br\/site\/#organization"},"potentialAction":[{"@type":"SearchAction","target":{"@type":"EntryPoint","urlTemplate":"https:\/\/rotario.com.br\/site\/?s={search_term_string}"},"query-input":{"@type":"PropertyValueSpecification","valueRequired":true,"valueName":"search_term_string"}}],"inLanguage":"pt-BR"},{"@type":"Organization","@id":"https:\/\/rotario.com.br\/site\/#organization","name":"Rota Rio","url":"https:\/\/rotario.com.br\/site\/","logo":{"@type":"ImageObject","inLanguage":"pt-BR","@id":"https:\/\/rotario.com.br\/site\/#\/schema\/logo\/image\/","url":"https:\/\/rotario.com.br\/site\/wp-content\/uploads\/2022\/04\/cropped-ROTARIO-LOGO-Prancheta-1-1-2048x654-1.png","contentUrl":"https:\/\/rotario.com.br\/site\/wp-content\/uploads\/2022\/04\/cropped-ROTARIO-LOGO-Prancheta-1-1-2048x654-1.png","width":2048,"height":654,"caption":"Rota Rio"},"image":{"@id":"https:\/\/rotario.com.br\/site\/#\/schema\/logo\/image\/"}},{"@type":"Person","@id":"https:\/\/rotario.com.br\/site\/#\/schema\/person\/fd89bbbf4136f7e8a21e0dd67b8a66c7","name":"Galv\u00e3o","url":"https:\/\/rotario.com.br\/site\/author\/daniel\/"}]}},"_links":{"self":[{"href":"https:\/\/rotario.com.br\/site\/wp-json\/wp\/v2\/posts\/8474","targetHints":{"allow":["GET"]}}],"collection":[{"href":"https:\/\/rotario.com.br\/site\/wp-json\/wp\/v2\/posts"}],"about":[{"href":"https:\/\/rotario.com.br\/site\/wp-json\/wp\/v2\/types\/post"}],"author":[{"embeddable":true,"href":"https:\/\/rotario.com.br\/site\/wp-json\/wp\/v2\/users\/2"}],"replies":[{"embeddable":true,"href":"https:\/\/rotario.com.br\/site\/wp-json\/wp\/v2\/comments?post=8474"}],"version-history":[{"count":0,"href":"https:\/\/rotario.com.br\/site\/wp-json\/wp\/v2\/posts\/8474\/revisions"}],"wp:featuredmedia":[{"embeddable":true,"href":"https:\/\/rotario.com.br\/site\/wp-json\/wp\/v2\/media\/8475"}],"wp:attachment":[{"href":"https:\/\/rotario.com.br\/site\/wp-json\/wp\/v2\/media?parent=8474"}],"wp:term":[{"taxonomy":"category","embeddable":true,"href":"https:\/\/rotario.com.br\/site\/wp-json\/wp\/v2\/categories?post=8474"},{"taxonomy":"post_tag","embeddable":true,"href":"https:\/\/rotario.com.br\/site\/wp-json\/wp\/v2\/tags?post=8474"}],"curies":[{"name":"wp","href":"https:\/\/api.w.org\/{rel}","templated":true}]}}