{"id":8477,"date":"2022-11-15T12:32:25","date_gmt":"2022-11-15T15:32:25","guid":{"rendered":"https:\/\/rotario.com.br\/site\/?p=8477"},"modified":"2022-11-15T12:32:37","modified_gmt":"2022-11-15T15:32:37","slug":"ponte-rio-niteroi-e-liberada-parcialmente-apos-acidente-com-navio","status":"publish","type":"post","link":"https:\/\/rotario.com.br\/site\/ponte-rio-niteroi-e-liberada-parcialmente-apos-acidente-com-navio\/","title":{"rendered":"Navio bate na Ponte Rio-Niter\u00f3i"},"content":{"rendered":"\n<p class=\"has-drop-cap\">O navio graneleiro S\u00e3o Luiz que estava ancorado na&nbsp;<a href=\"https:\/\/g1.globo.com\/tudo-sobre\/baia-de-guanabara\/\">Ba\u00eda de Guanabara<\/a>&nbsp;desde 2016, foi&nbsp;<a href=\"https:\/\/g1.globo.com\/rj\/rio-de-janeiro\/noticia\/2022\/11\/14\/ponte-rio-niteroi-e-fechada.ghtml\">levado pelo vento e se chocou contra a estrutura da Ponte Rio-Niter\u00f3i<\/a>, perto de&nbsp;<a href=\"https:\/\/g1.globo.com\/rj\/rio-de-janeiro\/cidade\/niteroi\/\">Niter\u00f3i<\/a>, no come\u00e7o da noite desta segunda-feira (14). N\u00e3o houve feridos, j\u00e1 que a embarca\u00e7\u00e3o estava vazia. A Marinha investiga o acidente.<\/p>\n\n\n\n<p>Ap\u00f3s a colis\u00e3o, a ponte foi fechada em ambos os sentidos, por volta das 18h25, e a libera\u00e7\u00e3o s\u00f3 ocorreu \u00e0s 21h33.<\/p>\n\n\n\n<h2 class=\"wp-block-heading\">1. O que aconteceu para o navio se desprender?<\/h2>\n\n\n\n<p>O acidente ocorre em meio \u00e0 mudan\u00e7a de tempo no Rio. Fortes ventos atingiram a cidade, que est\u00e1 em est\u00e1gio de mobiliza\u00e7\u00e3o deste o in\u00edcio da tarde. Segundo o Alerta Rio, houve registro de vento forte nos aeroportos do Gale\u00e3o (57,4 km\/h) e Santos Dummont (53,7km).<\/p>\n\n\n\n<h2 class=\"wp-block-heading\">2. O cargueiro estava parado onde e percorreu por quantos quil\u00f4metros?<\/h2>\n\n\n\n<p>A embarca\u00e7\u00e3o estava fundeada nas proximidades da Ilha do Governador. A \u00e2ncora de 7,5 toneladas deveria manter a embarca\u00e7\u00e3o, de 200 metros de extens\u00e3o por 30 de largura a uma latitude e uma longitude, parada. Acredita-se que o navio se deslocou por aproximadamente 1 quil\u00f4metro at\u00e9 atingir a estrutura.<\/p>\n\n\n\n<p>Condi\u00e7\u00f5es prec\u00e1rias no navio S\u00e3o Luiz \u2014 Foto: Reprodu\u00e7\u00e3o<\/p>\n\n\n\n<h2 class=\"wp-block-heading\">3. Tinha algu\u00e9m dentro do navio?<\/h2>\n\n\n\n<p>O cargueiro est\u00e1 vazio desde 2018. At\u00e9 quatro anos atr\u00e1s, ele era tripulado por mar\u00edtimos da empresa Navega\u00e7\u00e3o Mansur, fundada nos anos 30 e dona do navio desde 1994, ano em que ele desceu a rampa do antigo estaleiro Caneco, no Caju. No momento da colis\u00e3o n\u00e3o havia nenhum tripulante.<\/p>\n\n\n\n<h2 class=\"wp-block-heading\">4. Como \u00e9 o navio? Estava carregado?<\/h2>\n\n\n\n<p>S\u00e3o Luiz j\u00e1 chegou a transportar 42 mil toneladas de carga. Ele tem 200 metros de extens\u00e3o por 30 de largura e estava vazio.<\/p>\n\n\n\n<h2 class=\"wp-block-heading\">5. A quem pertence?<\/h2>\n\n\n\n<p>A embarca\u00e7\u00e3o pertence a Navega\u00e7\u00e3o Mansur, fundada pelo pioneiro do setor em&nbsp;<a href=\"https:\/\/g1.globo.com\/rj\/norte-fluminense\/cidade\/sao-francisco-de-itabapoana\/\">S\u00e3o Francisco de Itabapoana<\/a>, Sim\u00e3o Mansur, deputado estadual pelo Rio por 12 anos e que chegou a ser vice-governador nos anos 60. Entretanto, atualmente existe uma disputa judicial e por isso a embarca\u00e7\u00e3o n\u00e3o pode ser usada.<\/p>\n\n\n\n<h2 class=\"wp-block-heading\">6. Em que ponto o navio atingiu a ponte?<\/h2>\n\n\n\n<p>A batida foi entre os p\u00f3rticos 11 e 12, no lado de dentro da ba\u00eda, ou seja, na pista sentido Niter\u00f3i-Rio.<\/p>\n\n\n\n<h2 class=\"wp-block-heading\">7. A ponte ficou danificada?<\/h2>\n\n\n\n<p><a href=\"https:\/\/globoplay.globo.com\/v\/11125731\/\">T\u00e9cnicos da Ecoponte<\/a>, concession\u00e1ria que administra a via, fazem uma vistoria no local do acidente para analisar se a estrutura ficou danificada. O guarda corpo da ponte foi atingido pela torre de exaust\u00e3o. Antes da libera\u00e7\u00e3o da rodovia, engenheiros avaliaram a integridade da estrutura da ponte para a libera\u00e7\u00e3o do tr\u00e2nsito. Segundo o prefeito Eduardo Paes, n\u00e3o h\u00e1 ind\u00edcios de danos mais graves.<\/p>\n\n\n\n<h2 class=\"wp-block-heading\">8. A ponte est\u00e1 liberada?<\/h2>\n\n\n\n<p><a href=\"https:\/\/g1.globo.com\/rj\/rio-de-janeiro\/noticia\/2022\/11\/14\/ponte-rio-niteroi-e-liberada-parcialemente-apos-batida-de-navio.ghtml\">Todas as quatro pistas da estrada em dire\u00e7\u00e3o&nbsp;<\/a>a Niter\u00f3i est\u00e3o em pleno funcionamento. J\u00e1 em dire\u00e7\u00e3o ao Rio, o motorista enfrente dificuldade, j\u00e1 que apenas duas faixas est\u00e3o em opera\u00e7\u00e3o.<\/p>\n\n\n\n<h2 class=\"wp-block-heading\">9. De quem \u00e9 a culpa?<\/h2>\n\n\n\n<p>A Marinha informou que abriu inqu\u00e9rito para apurar as causas do acidente. Segundo o texto da nota, enviada pela assessoria de imprensa, o navio \u00e9 &#8220;&#8216;objeto de processo judicial&#8221; e est\u00e1 ancorado desde 2016 na Ba\u00eda de Guanabara. A destina\u00e7\u00e3o da embarca\u00e7\u00e3o S\u00e3o Luiz \u00e9 objeto de processo judicial. Enquanto aguarda a decis\u00e3o judicial, a embarca\u00e7\u00e3o permanecia fundeada em local predefinido pela Autoridade Mar\u00edtima, na Ba\u00eda da Guanabara, desde fevereiro de 2016, sem oferecer riscos \u00e0 navega\u00e7\u00e3o&#8221;, diz o texto. &#8220;Um Inqu\u00e9rito sobre Acidentes e Fatos de Navega\u00e7\u00e3o (IAFN) ser\u00e1 instaurado para apurar causas, circunst\u00e2ncias e responsabilidades do acidente.&#8221; A Marinha n\u00e3o deu detalhes sobre o processo judicial.<\/p>\n\n\n\n<h2 class=\"wp-block-heading\">10. Ap\u00f3s o acidente, para onde o cargueiro foi levado?<\/h2>\n\n\n\n<p>Depois do incidente, o navio graneleiro&nbsp;<a href=\"https:\/\/g1.globo.com\/rj\/rio-de-janeiro\/noticia\/2022\/11\/15\/navio-e-levado-para-o-pier-maua-apos-colisao-contra-a-ponte-rio-niteroi.ghtml\">S\u00e3o Luiz foi ancorado entre os armaz\u00e9ns 13 e 14<\/a>, na Regi\u00e3o Portu\u00e1ria do Rio. Imagens do Globocop mostram a torre de exaust\u00e3o da embarca\u00e7\u00e3o, que tem 52 mil toneladas, bem avariada justamente na parte que colidiu com a ponte.<\/p>\n\n\n\n<h2 class=\"wp-block-heading\">11. O que a Marinha poderia\/deveria ter feito pra evitar o acidente?<\/h2>\n\n\n\n<p>A Ba\u00eda de Guanabara, importante para a economia estado do Rio de Janeiro, se tornou um cemit\u00e9rio de embarca\u00e7\u00f5es abandonadas. Al\u00e9m da polui\u00e7\u00e3o residual, enormes carca\u00e7as se acumulam no local.&nbsp;<a href=\"https:\/\/g1.globo.com\/rj\/rio-de-janeiro\/noticia\/2020\/08\/20\/acumulo-de-navios-abandonados-transforma-baia-de-guanabara-em-cemiterio-de-embarcacoes.ghtml\">H\u00e1 dois anos, RJ2 percorreu as \u00e1guas desde a Ilha do Governador at\u00e9 Niter\u00f3i<\/a>, na Regi\u00e3o Metropolitana. O S\u00e3o Luiz era um dos objetos abandonados. Sem uma fiscaliza\u00e7\u00e3o adequada, navios e barcos pesqueiros encalhados se acumulavam. A \u00e9poca, o Instituto Estadual do Ambiente (Inea) informou que a fiscaliza\u00e7\u00e3o de embarca\u00e7\u00f5es compete \u00e0 Capitania dos Portos e que o \u00f3rg\u00e3o s\u00f3 \u00e9 acionado quando ficam constatados danos ambientais. A Capitania dos Portos, por sua vez, informou que realiza diariamente atividades de inspe\u00e7\u00e3o naval, verificando as normas de seguran\u00e7a da navega\u00e7\u00e3o e a preven\u00e7\u00e3o da polui\u00e7\u00e3o h\u00eddrica.<\/p>\n\n\n\n<p><\/p>\n\n\n\n<p>G1<\/p>\n","protected":false},"excerpt":{"rendered":"<p>O navio graneleiro S\u00e3o Luiz que estava ancorado na&nbsp;Ba\u00eda de Guanabara&nbsp;desde 2016, foi&nbsp;levado pelo vento e se chocou contra a estrutura da Ponte Rio-Niter\u00f3i, perto de&nbsp;Niter\u00f3i, no come\u00e7o da noite desta segunda-feira (14). N\u00e3o houve feridos, j\u00e1 que a embarca\u00e7\u00e3o estava vazia. A Marinha investiga o acidente. Ap\u00f3s a colis\u00e3o, a ponte foi fechada em [&hellip;]<\/p>\n","protected":false},"author":2,"featured_media":8478,"comment_status":"open","ping_status":"open","sticky":false,"template":"","format":"standard","meta":{"footnotes":""},"categories":[225,133],"tags":[],"class_list":["post-8477","post","type-post","status-publish","format-standard","has-post-thumbnail","hentry","category-destaque","category-rio-de-janeiro-metropolitana"],"yoast_head":"<!-- This site is optimized with the Yoast SEO plugin v26.5 - https:\/\/yoast.com\/wordpress\/plugins\/seo\/ -->\n<title>Navio bate na Ponte Rio-Niter\u00f3i - Rota Rio<\/title>\n<meta name=\"robots\" content=\"index, follow, max-snippet:-1, max-image-preview:large, max-video-preview:-1\" \/>\n<link rel=\"canonical\" href=\"https:\/\/rotario.com.br\/site\/ponte-rio-niteroi-e-liberada-parcialmente-apos-acidente-com-navio\/\" \/>\n<meta property=\"og:locale\" content=\"pt_BR\" \/>\n<meta property=\"og:type\" content=\"article\" \/>\n<meta property=\"og:title\" content=\"Navio bate na Ponte Rio-Niter\u00f3i - Rota Rio\" \/>\n<meta property=\"og:description\" content=\"O navio graneleiro S\u00e3o Luiz que estava ancorado na&nbsp;Ba\u00eda de Guanabara&nbsp;desde 2016, foi&nbsp;levado pelo vento e se chocou contra a estrutura da Ponte Rio-Niter\u00f3i, perto de&nbsp;Niter\u00f3i, no come\u00e7o da noite desta segunda-feira (14). N\u00e3o houve feridos, j\u00e1 que a embarca\u00e7\u00e3o estava vazia. A Marinha investiga o acidente. Ap\u00f3s a colis\u00e3o, a ponte foi fechada em [&hellip;]\" \/>\n<meta property=\"og:url\" content=\"https:\/\/rotario.com.br\/site\/ponte-rio-niteroi-e-liberada-parcialmente-apos-acidente-com-navio\/\" \/>\n<meta property=\"og:site_name\" content=\"Rota Rio\" \/>\n<meta property=\"article:published_time\" content=\"2022-11-15T15:32:25+00:00\" \/>\n<meta property=\"article:modified_time\" content=\"2022-11-15T15:32:37+00:00\" \/>\n<meta property=\"og:image\" content=\"https:\/\/rotario.com.br\/site\/wp-content\/uploads\/2022\/11\/whatsapp-image-2022-11-14-at-18.42.26.webp\" \/>\n\t<meta property=\"og:image:width\" content=\"984\" \/>\n\t<meta property=\"og:image:height\" content=\"738\" \/>\n\t<meta property=\"og:image:type\" content=\"image\/webp\" \/>\n<meta name=\"author\" content=\"Galv\u00e3o\" \/>\n<meta name=\"twitter:card\" content=\"summary_large_image\" \/>\n<meta name=\"twitter:label1\" content=\"Escrito por\" \/>\n\t<meta name=\"twitter:data1\" content=\"Galv\u00e3o\" \/>\n\t<meta name=\"twitter:label2\" content=\"Est. tempo de leitura\" \/>\n\t<meta name=\"twitter:data2\" content=\"5 minutos\" \/>\n<script type=\"application\/ld+json\" class=\"yoast-schema-graph\">{\"@context\":\"https:\/\/schema.org\",\"@graph\":[{\"@type\":\"Article\",\"@id\":\"https:\/\/rotario.com.br\/site\/ponte-rio-niteroi-e-liberada-parcialmente-apos-acidente-com-navio\/#article\",\"isPartOf\":{\"@id\":\"https:\/\/rotario.com.br\/site\/ponte-rio-niteroi-e-liberada-parcialmente-apos-acidente-com-navio\/\"},\"author\":{\"name\":\"Galv\u00e3o\",\"@id\":\"https:\/\/rotario.com.br\/site\/#\/schema\/person\/fd89bbbf4136f7e8a21e0dd67b8a66c7\"},\"headline\":\"Navio bate na Ponte Rio-Niter\u00f3i\",\"datePublished\":\"2022-11-15T15:32:25+00:00\",\"dateModified\":\"2022-11-15T15:32:37+00:00\",\"mainEntityOfPage\":{\"@id\":\"https:\/\/rotario.com.br\/site\/ponte-rio-niteroi-e-liberada-parcialmente-apos-acidente-com-navio\/\"},\"wordCount\":848,\"commentCount\":0,\"publisher\":{\"@id\":\"https:\/\/rotario.com.br\/site\/#organization\"},\"image\":{\"@id\":\"https:\/\/rotario.com.br\/site\/ponte-rio-niteroi-e-liberada-parcialmente-apos-acidente-com-navio\/#primaryimage\"},\"thumbnailUrl\":\"https:\/\/rotario.com.br\/site\/wp-content\/uploads\/2022\/11\/whatsapp-image-2022-11-14-at-18.42.26.webp\",\"articleSection\":[\"Destaque\",\"Rio de Janeiro\"],\"inLanguage\":\"pt-BR\",\"potentialAction\":[{\"@type\":\"CommentAction\",\"name\":\"Comment\",\"target\":[\"https:\/\/rotario.com.br\/site\/ponte-rio-niteroi-e-liberada-parcialmente-apos-acidente-com-navio\/#respond\"]}]},{\"@type\":\"WebPage\",\"@id\":\"https:\/\/rotario.com.br\/site\/ponte-rio-niteroi-e-liberada-parcialmente-apos-acidente-com-navio\/\",\"url\":\"https:\/\/rotario.com.br\/site\/ponte-rio-niteroi-e-liberada-parcialmente-apos-acidente-com-navio\/\",\"name\":\"Navio bate na Ponte Rio-Niter\u00f3i - Rota Rio\",\"isPartOf\":{\"@id\":\"https:\/\/rotario.com.br\/site\/#website\"},\"primaryImageOfPage\":{\"@id\":\"https:\/\/rotario.com.br\/site\/ponte-rio-niteroi-e-liberada-parcialmente-apos-acidente-com-navio\/#primaryimage\"},\"image\":{\"@id\":\"https:\/\/rotario.com.br\/site\/ponte-rio-niteroi-e-liberada-parcialmente-apos-acidente-com-navio\/#primaryimage\"},\"thumbnailUrl\":\"https:\/\/rotario.com.br\/site\/wp-content\/uploads\/2022\/11\/whatsapp-image-2022-11-14-at-18.42.26.webp\",\"datePublished\":\"2022-11-15T15:32:25+00:00\",\"dateModified\":\"2022-11-15T15:32:37+00:00\",\"breadcrumb\":{\"@id\":\"https:\/\/rotario.com.br\/site\/ponte-rio-niteroi-e-liberada-parcialmente-apos-acidente-com-navio\/#breadcrumb\"},\"inLanguage\":\"pt-BR\",\"potentialAction\":[{\"@type\":\"ReadAction\",\"target\":[\"https:\/\/rotario.com.br\/site\/ponte-rio-niteroi-e-liberada-parcialmente-apos-acidente-com-navio\/\"]}]},{\"@type\":\"ImageObject\",\"inLanguage\":\"pt-BR\",\"@id\":\"https:\/\/rotario.com.br\/site\/ponte-rio-niteroi-e-liberada-parcialmente-apos-acidente-com-navio\/#primaryimage\",\"url\":\"https:\/\/rotario.com.br\/site\/wp-content\/uploads\/2022\/11\/whatsapp-image-2022-11-14-at-18.42.26.webp\",\"contentUrl\":\"https:\/\/rotario.com.br\/site\/wp-content\/uploads\/2022\/11\/whatsapp-image-2022-11-14-at-18.42.26.webp\",\"width\":984,\"height\":738},{\"@type\":\"BreadcrumbList\",\"@id\":\"https:\/\/rotario.com.br\/site\/ponte-rio-niteroi-e-liberada-parcialmente-apos-acidente-com-navio\/#breadcrumb\",\"itemListElement\":[{\"@type\":\"ListItem\",\"position\":1,\"name\":\"In\u00edcio\",\"item\":\"https:\/\/rotario.com.br\/site\/\"},{\"@type\":\"ListItem\",\"position\":2,\"name\":\"Navio bate na Ponte Rio-Niter\u00f3i\"}]},{\"@type\":\"WebSite\",\"@id\":\"https:\/\/rotario.com.br\/site\/#website\",\"url\":\"https:\/\/rotario.com.br\/site\/\",\"name\":\"Rota Rio\",\"description\":\"Aqui, o Rio de Janeiro \u00e9 a pauta!\",\"publisher\":{\"@id\":\"https:\/\/rotario.com.br\/site\/#organization\"},\"potentialAction\":[{\"@type\":\"SearchAction\",\"target\":{\"@type\":\"EntryPoint\",\"urlTemplate\":\"https:\/\/rotario.com.br\/site\/?s={search_term_string}\"},\"query-input\":{\"@type\":\"PropertyValueSpecification\",\"valueRequired\":true,\"valueName\":\"search_term_string\"}}],\"inLanguage\":\"pt-BR\"},{\"@type\":\"Organization\",\"@id\":\"https:\/\/rotario.com.br\/site\/#organization\",\"name\":\"Rota Rio\",\"url\":\"https:\/\/rotario.com.br\/site\/\",\"logo\":{\"@type\":\"ImageObject\",\"inLanguage\":\"pt-BR\",\"@id\":\"https:\/\/rotario.com.br\/site\/#\/schema\/logo\/image\/\",\"url\":\"https:\/\/rotario.com.br\/site\/wp-content\/uploads\/2022\/04\/cropped-ROTARIO-LOGO-Prancheta-1-1-2048x654-1.png\",\"contentUrl\":\"https:\/\/rotario.com.br\/site\/wp-content\/uploads\/2022\/04\/cropped-ROTARIO-LOGO-Prancheta-1-1-2048x654-1.png\",\"width\":2048,\"height\":654,\"caption\":\"Rota Rio\"},\"image\":{\"@id\":\"https:\/\/rotario.com.br\/site\/#\/schema\/logo\/image\/\"}},{\"@type\":\"Person\",\"@id\":\"https:\/\/rotario.com.br\/site\/#\/schema\/person\/fd89bbbf4136f7e8a21e0dd67b8a66c7\",\"name\":\"Galv\u00e3o\",\"url\":\"https:\/\/rotario.com.br\/site\/author\/daniel\/\"}]}<\/script>\n<!-- \/ Yoast SEO plugin. -->","yoast_head_json":{"title":"Navio bate na Ponte Rio-Niter\u00f3i - Rota Rio","robots":{"index":"index","follow":"follow","max-snippet":"max-snippet:-1","max-image-preview":"max-image-preview:large","max-video-preview":"max-video-preview:-1"},"canonical":"https:\/\/rotario.com.br\/site\/ponte-rio-niteroi-e-liberada-parcialmente-apos-acidente-com-navio\/","og_locale":"pt_BR","og_type":"article","og_title":"Navio bate na Ponte Rio-Niter\u00f3i - Rota Rio","og_description":"O navio graneleiro S\u00e3o Luiz que estava ancorado na&nbsp;Ba\u00eda de Guanabara&nbsp;desde 2016, foi&nbsp;levado pelo vento e se chocou contra a estrutura da Ponte Rio-Niter\u00f3i, perto de&nbsp;Niter\u00f3i, no come\u00e7o da noite desta segunda-feira (14). N\u00e3o houve feridos, j\u00e1 que a embarca\u00e7\u00e3o estava vazia. A Marinha investiga o acidente. Ap\u00f3s a colis\u00e3o, a ponte foi fechada em [&hellip;]","og_url":"https:\/\/rotario.com.br\/site\/ponte-rio-niteroi-e-liberada-parcialmente-apos-acidente-com-navio\/","og_site_name":"Rota Rio","article_published_time":"2022-11-15T15:32:25+00:00","article_modified_time":"2022-11-15T15:32:37+00:00","og_image":[{"width":984,"height":738,"url":"https:\/\/rotario.com.br\/site\/wp-content\/uploads\/2022\/11\/whatsapp-image-2022-11-14-at-18.42.26.webp","type":"image\/webp"}],"author":"Galv\u00e3o","twitter_card":"summary_large_image","twitter_misc":{"Escrito por":"Galv\u00e3o","Est. tempo de leitura":"5 minutos"},"schema":{"@context":"https:\/\/schema.org","@graph":[{"@type":"Article","@id":"https:\/\/rotario.com.br\/site\/ponte-rio-niteroi-e-liberada-parcialmente-apos-acidente-com-navio\/#article","isPartOf":{"@id":"https:\/\/rotario.com.br\/site\/ponte-rio-niteroi-e-liberada-parcialmente-apos-acidente-com-navio\/"},"author":{"name":"Galv\u00e3o","@id":"https:\/\/rotario.com.br\/site\/#\/schema\/person\/fd89bbbf4136f7e8a21e0dd67b8a66c7"},"headline":"Navio bate na Ponte Rio-Niter\u00f3i","datePublished":"2022-11-15T15:32:25+00:00","dateModified":"2022-11-15T15:32:37+00:00","mainEntityOfPage":{"@id":"https:\/\/rotario.com.br\/site\/ponte-rio-niteroi-e-liberada-parcialmente-apos-acidente-com-navio\/"},"wordCount":848,"commentCount":0,"publisher":{"@id":"https:\/\/rotario.com.br\/site\/#organization"},"image":{"@id":"https:\/\/rotario.com.br\/site\/ponte-rio-niteroi-e-liberada-parcialmente-apos-acidente-com-navio\/#primaryimage"},"thumbnailUrl":"https:\/\/rotario.com.br\/site\/wp-content\/uploads\/2022\/11\/whatsapp-image-2022-11-14-at-18.42.26.webp","articleSection":["Destaque","Rio de Janeiro"],"inLanguage":"pt-BR","potentialAction":[{"@type":"CommentAction","name":"Comment","target":["https:\/\/rotario.com.br\/site\/ponte-rio-niteroi-e-liberada-parcialmente-apos-acidente-com-navio\/#respond"]}]},{"@type":"WebPage","@id":"https:\/\/rotario.com.br\/site\/ponte-rio-niteroi-e-liberada-parcialmente-apos-acidente-com-navio\/","url":"https:\/\/rotario.com.br\/site\/ponte-rio-niteroi-e-liberada-parcialmente-apos-acidente-com-navio\/","name":"Navio bate na Ponte Rio-Niter\u00f3i - Rota Rio","isPartOf":{"@id":"https:\/\/rotario.com.br\/site\/#website"},"primaryImageOfPage":{"@id":"https:\/\/rotario.com.br\/site\/ponte-rio-niteroi-e-liberada-parcialmente-apos-acidente-com-navio\/#primaryimage"},"image":{"@id":"https:\/\/rotario.com.br\/site\/ponte-rio-niteroi-e-liberada-parcialmente-apos-acidente-com-navio\/#primaryimage"},"thumbnailUrl":"https:\/\/rotario.com.br\/site\/wp-content\/uploads\/2022\/11\/whatsapp-image-2022-11-14-at-18.42.26.webp","datePublished":"2022-11-15T15:32:25+00:00","dateModified":"2022-11-15T15:32:37+00:00","breadcrumb":{"@id":"https:\/\/rotario.com.br\/site\/ponte-rio-niteroi-e-liberada-parcialmente-apos-acidente-com-navio\/#breadcrumb"},"inLanguage":"pt-BR","potentialAction":[{"@type":"ReadAction","target":["https:\/\/rotario.com.br\/site\/ponte-rio-niteroi-e-liberada-parcialmente-apos-acidente-com-navio\/"]}]},{"@type":"ImageObject","inLanguage":"pt-BR","@id":"https:\/\/rotario.com.br\/site\/ponte-rio-niteroi-e-liberada-parcialmente-apos-acidente-com-navio\/#primaryimage","url":"https:\/\/rotario.com.br\/site\/wp-content\/uploads\/2022\/11\/whatsapp-image-2022-11-14-at-18.42.26.webp","contentUrl":"https:\/\/rotario.com.br\/site\/wp-content\/uploads\/2022\/11\/whatsapp-image-2022-11-14-at-18.42.26.webp","width":984,"height":738},{"@type":"BreadcrumbList","@id":"https:\/\/rotario.com.br\/site\/ponte-rio-niteroi-e-liberada-parcialmente-apos-acidente-com-navio\/#breadcrumb","itemListElement":[{"@type":"ListItem","position":1,"name":"In\u00edcio","item":"https:\/\/rotario.com.br\/site\/"},{"@type":"ListItem","position":2,"name":"Navio bate na Ponte Rio-Niter\u00f3i"}]},{"@type":"WebSite","@id":"https:\/\/rotario.com.br\/site\/#website","url":"https:\/\/rotario.com.br\/site\/","name":"Rota Rio","description":"Aqui, o Rio de Janeiro \u00e9 a pauta!","publisher":{"@id":"https:\/\/rotario.com.br\/site\/#organization"},"potentialAction":[{"@type":"SearchAction","target":{"@type":"EntryPoint","urlTemplate":"https:\/\/rotario.com.br\/site\/?s={search_term_string}"},"query-input":{"@type":"PropertyValueSpecification","valueRequired":true,"valueName":"search_term_string"}}],"inLanguage":"pt-BR"},{"@type":"Organization","@id":"https:\/\/rotario.com.br\/site\/#organization","name":"Rota Rio","url":"https:\/\/rotario.com.br\/site\/","logo":{"@type":"ImageObject","inLanguage":"pt-BR","@id":"https:\/\/rotario.com.br\/site\/#\/schema\/logo\/image\/","url":"https:\/\/rotario.com.br\/site\/wp-content\/uploads\/2022\/04\/cropped-ROTARIO-LOGO-Prancheta-1-1-2048x654-1.png","contentUrl":"https:\/\/rotario.com.br\/site\/wp-content\/uploads\/2022\/04\/cropped-ROTARIO-LOGO-Prancheta-1-1-2048x654-1.png","width":2048,"height":654,"caption":"Rota Rio"},"image":{"@id":"https:\/\/rotario.com.br\/site\/#\/schema\/logo\/image\/"}},{"@type":"Person","@id":"https:\/\/rotario.com.br\/site\/#\/schema\/person\/fd89bbbf4136f7e8a21e0dd67b8a66c7","name":"Galv\u00e3o","url":"https:\/\/rotario.com.br\/site\/author\/daniel\/"}]}},"_links":{"self":[{"href":"https:\/\/rotario.com.br\/site\/wp-json\/wp\/v2\/posts\/8477","targetHints":{"allow":["GET"]}}],"collection":[{"href":"https:\/\/rotario.com.br\/site\/wp-json\/wp\/v2\/posts"}],"about":[{"href":"https:\/\/rotario.com.br\/site\/wp-json\/wp\/v2\/types\/post"}],"author":[{"embeddable":true,"href":"https:\/\/rotario.com.br\/site\/wp-json\/wp\/v2\/users\/2"}],"replies":[{"embeddable":true,"href":"https:\/\/rotario.com.br\/site\/wp-json\/wp\/v2\/comments?post=8477"}],"version-history":[{"count":0,"href":"https:\/\/rotario.com.br\/site\/wp-json\/wp\/v2\/posts\/8477\/revisions"}],"wp:featuredmedia":[{"embeddable":true,"href":"https:\/\/rotario.com.br\/site\/wp-json\/wp\/v2\/media\/8478"}],"wp:attachment":[{"href":"https:\/\/rotario.com.br\/site\/wp-json\/wp\/v2\/media?parent=8477"}],"wp:term":[{"taxonomy":"category","embeddable":true,"href":"https:\/\/rotario.com.br\/site\/wp-json\/wp\/v2\/categories?post=8477"},{"taxonomy":"post_tag","embeddable":true,"href":"https:\/\/rotario.com.br\/site\/wp-json\/wp\/v2\/tags?post=8477"}],"curies":[{"name":"wp","href":"https:\/\/api.w.org\/{rel}","templated":true}]}}