{"id":9001,"date":"2022-12-12T12:25:24","date_gmt":"2022-12-12T15:25:24","guid":{"rendered":"https:\/\/rotario.com.br\/site\/?p=9001"},"modified":"2022-12-12T12:25:26","modified_gmt":"2022-12-12T15:25:26","slug":"sesc-e-sesi-estao-com-inscricoes-abertas-para-colonia-de-ferias","status":"publish","type":"post","link":"https:\/\/rotario.com.br\/site\/sesc-e-sesi-estao-com-inscricoes-abertas-para-colonia-de-ferias\/","title":{"rendered":"Sesc e Sesi est\u00e3o com inscri\u00e7\u00f5es abertas para col\u00f4nia de f\u00e9rias"},"content":{"rendered":"\n<p class=\"has-drop-cap\">Est\u00e1 aberta a temporada de f\u00e9rias escolares para a crian\u00e7ada. O Sesc e o Sesi est\u00e3o com inscri\u00e7\u00f5es abertas para col\u00f4nias de f\u00e9rias, que come\u00e7am em janeiro, em Nova Friburgo, na Regi\u00e3o Serrana do Rio.<\/p>\n\n\n\n<p>Na col\u00f4nia do Sesc, podem participar crian\u00e7as entre tr\u00eas e 14 anos, j\u00e1 o Sesi permite a presen\u00e7a dos baixinhos de seis a 12 anos. As duas unidades prepararam um program\u00e3o com brincadeiras, oficinas, atividades esportivas e de lazer.<\/p>\n\n\n\n<p>O que muda \u00e9 o per\u00edodo de cadastro de participa\u00e7\u00e3o. O Sesc abriu as inscri\u00e7\u00f5es neste m\u00eas de dezembro, enquanto o Sesi disponibilizou as datas para os pais inscreverem os filhos desde o in\u00edcio do m\u00eas de novembro.<\/p>\n\n\n\n<p><strong>Fique ligado<\/strong><\/p>\n\n\n\n<p>As inscri\u00e7\u00f5es no Sesc v\u00e3o at\u00e9 o dia 20 de dezembro. Podem participar crian\u00e7as credenciadas ou n\u00e3o na unidade.<\/p>\n\n\n\n<p>\u00c9 preciso levar a carteira do Sesc, se tiver; c\u00f3pia de RG do respons\u00e1vel; c\u00f3pia certid\u00e3o de nascimento ou RG do menor; comprovante de resid\u00eancia; atestado m\u00e9dico atualizado; duas fotos 3\u00d74 e pagamento da taxa conforme categoria.<\/p>\n\n\n\n<p>O endere\u00e7o do Sesc Friburgo \u00e9 Av. Presidente Costa e Silva, n\u00ba 231, Centro.<\/p>\n\n\n\n<p>J\u00e1 para quem tiver interesse em participar da col\u00f4nia de f\u00e9rias do Sesi, as inscri\u00e7\u00f5es ter\u00e3o um per\u00edodo um pouco maior. Elas podem ser feitas diretamente em uma unidade da Firjan Sesi ou&nbsp;<strong><a href=\"https:\/\/www.firjan.com.br\/sesi\/qualidade-de-vida\/colonia-de-ferias\/\">pelo site<\/a><\/strong>.<\/p>\n\n\n\n<p>O Sesi Friburgo fica localizado na rua Teres\u00f3polis, n\u00ba 248, no bairro Vila Am\u00e9lia.<\/p>\n\n\n\n<p>Tanto o Sesc quanto o Sesi v\u00e3o disponibilizar duas semanas de col\u00f4nia de f\u00e9rias para a crian\u00e7ada, encerrando as atividades na \u00faltima sexta-feira de janeiro, dia 27.<\/p>\n","protected":false},"excerpt":{"rendered":"<p>Est\u00e1 aberta a temporada de f\u00e9rias escolares para a crian\u00e7ada. O Sesc e o Sesi est\u00e3o com inscri\u00e7\u00f5es abertas para col\u00f4nias de f\u00e9rias, que come\u00e7am em janeiro, em Nova Friburgo, na Regi\u00e3o Serrana do Rio. Na col\u00f4nia do Sesc, podem participar crian\u00e7as entre tr\u00eas e 14 anos, j\u00e1 o Sesi permite a presen\u00e7a dos baixinhos [&hellip;]<\/p>\n","protected":false},"author":2,"featured_media":9002,"comment_status":"open","ping_status":"open","sticky":false,"template":"","format":"standard","meta":{"footnotes":""},"categories":[225,136],"tags":[],"class_list":["post-9001","post","type-post","status-publish","format-standard","has-post-thumbnail","hentry","category-destaque","category-nova-friburgo-serra-verde-imperial"],"yoast_head":"<!-- This site is optimized with the Yoast SEO plugin v26.5 - https:\/\/yoast.com\/wordpress\/plugins\/seo\/ -->\n<title>Sesc e Sesi est\u00e3o com inscri\u00e7\u00f5es abertas para col\u00f4nia de f\u00e9rias - Rota Rio<\/title>\n<meta name=\"robots\" content=\"index, follow, max-snippet:-1, max-image-preview:large, max-video-preview:-1\" \/>\n<link rel=\"canonical\" href=\"https:\/\/rotario.com.br\/site\/sesc-e-sesi-estao-com-inscricoes-abertas-para-colonia-de-ferias\/\" \/>\n<meta property=\"og:locale\" content=\"pt_BR\" \/>\n<meta property=\"og:type\" content=\"article\" \/>\n<meta property=\"og:title\" content=\"Sesc e Sesi est\u00e3o com inscri\u00e7\u00f5es abertas para col\u00f4nia de f\u00e9rias - Rota Rio\" \/>\n<meta property=\"og:description\" content=\"Est\u00e1 aberta a temporada de f\u00e9rias escolares para a crian\u00e7ada. O Sesc e o Sesi est\u00e3o com inscri\u00e7\u00f5es abertas para col\u00f4nias de f\u00e9rias, que come\u00e7am em janeiro, em Nova Friburgo, na Regi\u00e3o Serrana do Rio. Na col\u00f4nia do Sesc, podem participar crian\u00e7as entre tr\u00eas e 14 anos, j\u00e1 o Sesi permite a presen\u00e7a dos baixinhos [&hellip;]\" \/>\n<meta property=\"og:url\" content=\"https:\/\/rotario.com.br\/site\/sesc-e-sesi-estao-com-inscricoes-abertas-para-colonia-de-ferias\/\" \/>\n<meta property=\"og:site_name\" content=\"Rota Rio\" \/>\n<meta property=\"article:published_time\" content=\"2022-12-12T15:25:24+00:00\" \/>\n<meta property=\"article:modified_time\" content=\"2022-12-12T15:25:26+00:00\" \/>\n<meta property=\"og:image\" content=\"https:\/\/rotario.com.br\/site\/wp-content\/uploads\/2022\/12\/sesc.jpg\" \/>\n\t<meta property=\"og:image:width\" content=\"1024\" \/>\n\t<meta property=\"og:image:height\" content=\"512\" \/>\n\t<meta property=\"og:image:type\" content=\"image\/jpeg\" \/>\n<meta name=\"author\" content=\"Galv\u00e3o\" \/>\n<meta name=\"twitter:card\" content=\"summary_large_image\" \/>\n<meta name=\"twitter:label1\" content=\"Escrito por\" \/>\n\t<meta name=\"twitter:data1\" content=\"Galv\u00e3o\" \/>\n\t<meta name=\"twitter:label2\" content=\"Est. tempo de leitura\" \/>\n\t<meta name=\"twitter:data2\" content=\"2 minutos\" \/>\n<script type=\"application\/ld+json\" class=\"yoast-schema-graph\">{\"@context\":\"https:\/\/schema.org\",\"@graph\":[{\"@type\":\"Article\",\"@id\":\"https:\/\/rotario.com.br\/site\/sesc-e-sesi-estao-com-inscricoes-abertas-para-colonia-de-ferias\/#article\",\"isPartOf\":{\"@id\":\"https:\/\/rotario.com.br\/site\/sesc-e-sesi-estao-com-inscricoes-abertas-para-colonia-de-ferias\/\"},\"author\":{\"name\":\"Galv\u00e3o\",\"@id\":\"https:\/\/rotario.com.br\/site\/#\/schema\/person\/fd89bbbf4136f7e8a21e0dd67b8a66c7\"},\"headline\":\"Sesc e Sesi est\u00e3o com inscri\u00e7\u00f5es abertas para col\u00f4nia de f\u00e9rias\",\"datePublished\":\"2022-12-12T15:25:24+00:00\",\"dateModified\":\"2022-12-12T15:25:26+00:00\",\"mainEntityOfPage\":{\"@id\":\"https:\/\/rotario.com.br\/site\/sesc-e-sesi-estao-com-inscricoes-abertas-para-colonia-de-ferias\/\"},\"wordCount\":307,\"commentCount\":0,\"publisher\":{\"@id\":\"https:\/\/rotario.com.br\/site\/#organization\"},\"image\":{\"@id\":\"https:\/\/rotario.com.br\/site\/sesc-e-sesi-estao-com-inscricoes-abertas-para-colonia-de-ferias\/#primaryimage\"},\"thumbnailUrl\":\"https:\/\/rotario.com.br\/site\/wp-content\/uploads\/2022\/12\/sesc.jpg\",\"articleSection\":[\"Destaque\",\"Nova Friburgo\"],\"inLanguage\":\"pt-BR\",\"potentialAction\":[{\"@type\":\"CommentAction\",\"name\":\"Comment\",\"target\":[\"https:\/\/rotario.com.br\/site\/sesc-e-sesi-estao-com-inscricoes-abertas-para-colonia-de-ferias\/#respond\"]}]},{\"@type\":\"WebPage\",\"@id\":\"https:\/\/rotario.com.br\/site\/sesc-e-sesi-estao-com-inscricoes-abertas-para-colonia-de-ferias\/\",\"url\":\"https:\/\/rotario.com.br\/site\/sesc-e-sesi-estao-com-inscricoes-abertas-para-colonia-de-ferias\/\",\"name\":\"Sesc e Sesi est\u00e3o com inscri\u00e7\u00f5es abertas para col\u00f4nia de f\u00e9rias - Rota Rio\",\"isPartOf\":{\"@id\":\"https:\/\/rotario.com.br\/site\/#website\"},\"primaryImageOfPage\":{\"@id\":\"https:\/\/rotario.com.br\/site\/sesc-e-sesi-estao-com-inscricoes-abertas-para-colonia-de-ferias\/#primaryimage\"},\"image\":{\"@id\":\"https:\/\/rotario.com.br\/site\/sesc-e-sesi-estao-com-inscricoes-abertas-para-colonia-de-ferias\/#primaryimage\"},\"thumbnailUrl\":\"https:\/\/rotario.com.br\/site\/wp-content\/uploads\/2022\/12\/sesc.jpg\",\"datePublished\":\"2022-12-12T15:25:24+00:00\",\"dateModified\":\"2022-12-12T15:25:26+00:00\",\"breadcrumb\":{\"@id\":\"https:\/\/rotario.com.br\/site\/sesc-e-sesi-estao-com-inscricoes-abertas-para-colonia-de-ferias\/#breadcrumb\"},\"inLanguage\":\"pt-BR\",\"potentialAction\":[{\"@type\":\"ReadAction\",\"target\":[\"https:\/\/rotario.com.br\/site\/sesc-e-sesi-estao-com-inscricoes-abertas-para-colonia-de-ferias\/\"]}]},{\"@type\":\"ImageObject\",\"inLanguage\":\"pt-BR\",\"@id\":\"https:\/\/rotario.com.br\/site\/sesc-e-sesi-estao-com-inscricoes-abertas-para-colonia-de-ferias\/#primaryimage\",\"url\":\"https:\/\/rotario.com.br\/site\/wp-content\/uploads\/2022\/12\/sesc.jpg\",\"contentUrl\":\"https:\/\/rotario.com.br\/site\/wp-content\/uploads\/2022\/12\/sesc.jpg\",\"width\":1024,\"height\":512},{\"@type\":\"BreadcrumbList\",\"@id\":\"https:\/\/rotario.com.br\/site\/sesc-e-sesi-estao-com-inscricoes-abertas-para-colonia-de-ferias\/#breadcrumb\",\"itemListElement\":[{\"@type\":\"ListItem\",\"position\":1,\"name\":\"In\u00edcio\",\"item\":\"https:\/\/rotario.com.br\/site\/\"},{\"@type\":\"ListItem\",\"position\":2,\"name\":\"Sesc e Sesi est\u00e3o com inscri\u00e7\u00f5es abertas para col\u00f4nia de f\u00e9rias\"}]},{\"@type\":\"WebSite\",\"@id\":\"https:\/\/rotario.com.br\/site\/#website\",\"url\":\"https:\/\/rotario.com.br\/site\/\",\"name\":\"Rota Rio\",\"description\":\"Aqui, o Rio de Janeiro \u00e9 a pauta!\",\"publisher\":{\"@id\":\"https:\/\/rotario.com.br\/site\/#organization\"},\"potentialAction\":[{\"@type\":\"SearchAction\",\"target\":{\"@type\":\"EntryPoint\",\"urlTemplate\":\"https:\/\/rotario.com.br\/site\/?s={search_term_string}\"},\"query-input\":{\"@type\":\"PropertyValueSpecification\",\"valueRequired\":true,\"valueName\":\"search_term_string\"}}],\"inLanguage\":\"pt-BR\"},{\"@type\":\"Organization\",\"@id\":\"https:\/\/rotario.com.br\/site\/#organization\",\"name\":\"Rota Rio\",\"url\":\"https:\/\/rotario.com.br\/site\/\",\"logo\":{\"@type\":\"ImageObject\",\"inLanguage\":\"pt-BR\",\"@id\":\"https:\/\/rotario.com.br\/site\/#\/schema\/logo\/image\/\",\"url\":\"https:\/\/rotario.com.br\/site\/wp-content\/uploads\/2022\/04\/cropped-ROTARIO-LOGO-Prancheta-1-1-2048x654-1.png\",\"contentUrl\":\"https:\/\/rotario.com.br\/site\/wp-content\/uploads\/2022\/04\/cropped-ROTARIO-LOGO-Prancheta-1-1-2048x654-1.png\",\"width\":2048,\"height\":654,\"caption\":\"Rota Rio\"},\"image\":{\"@id\":\"https:\/\/rotario.com.br\/site\/#\/schema\/logo\/image\/\"}},{\"@type\":\"Person\",\"@id\":\"https:\/\/rotario.com.br\/site\/#\/schema\/person\/fd89bbbf4136f7e8a21e0dd67b8a66c7\",\"name\":\"Galv\u00e3o\",\"url\":\"https:\/\/rotario.com.br\/site\/author\/daniel\/\"}]}<\/script>\n<!-- \/ Yoast SEO plugin. -->","yoast_head_json":{"title":"Sesc e Sesi est\u00e3o com inscri\u00e7\u00f5es abertas para col\u00f4nia de f\u00e9rias - Rota Rio","robots":{"index":"index","follow":"follow","max-snippet":"max-snippet:-1","max-image-preview":"max-image-preview:large","max-video-preview":"max-video-preview:-1"},"canonical":"https:\/\/rotario.com.br\/site\/sesc-e-sesi-estao-com-inscricoes-abertas-para-colonia-de-ferias\/","og_locale":"pt_BR","og_type":"article","og_title":"Sesc e Sesi est\u00e3o com inscri\u00e7\u00f5es abertas para col\u00f4nia de f\u00e9rias - Rota Rio","og_description":"Est\u00e1 aberta a temporada de f\u00e9rias escolares para a crian\u00e7ada. O Sesc e o Sesi est\u00e3o com inscri\u00e7\u00f5es abertas para col\u00f4nias de f\u00e9rias, que come\u00e7am em janeiro, em Nova Friburgo, na Regi\u00e3o Serrana do Rio. Na col\u00f4nia do Sesc, podem participar crian\u00e7as entre tr\u00eas e 14 anos, j\u00e1 o Sesi permite a presen\u00e7a dos baixinhos [&hellip;]","og_url":"https:\/\/rotario.com.br\/site\/sesc-e-sesi-estao-com-inscricoes-abertas-para-colonia-de-ferias\/","og_site_name":"Rota Rio","article_published_time":"2022-12-12T15:25:24+00:00","article_modified_time":"2022-12-12T15:25:26+00:00","og_image":[{"width":1024,"height":512,"url":"https:\/\/rotario.com.br\/site\/wp-content\/uploads\/2022\/12\/sesc.jpg","type":"image\/jpeg"}],"author":"Galv\u00e3o","twitter_card":"summary_large_image","twitter_misc":{"Escrito por":"Galv\u00e3o","Est. tempo de leitura":"2 minutos"},"schema":{"@context":"https:\/\/schema.org","@graph":[{"@type":"Article","@id":"https:\/\/rotario.com.br\/site\/sesc-e-sesi-estao-com-inscricoes-abertas-para-colonia-de-ferias\/#article","isPartOf":{"@id":"https:\/\/rotario.com.br\/site\/sesc-e-sesi-estao-com-inscricoes-abertas-para-colonia-de-ferias\/"},"author":{"name":"Galv\u00e3o","@id":"https:\/\/rotario.com.br\/site\/#\/schema\/person\/fd89bbbf4136f7e8a21e0dd67b8a66c7"},"headline":"Sesc e Sesi est\u00e3o com inscri\u00e7\u00f5es abertas para col\u00f4nia de f\u00e9rias","datePublished":"2022-12-12T15:25:24+00:00","dateModified":"2022-12-12T15:25:26+00:00","mainEntityOfPage":{"@id":"https:\/\/rotario.com.br\/site\/sesc-e-sesi-estao-com-inscricoes-abertas-para-colonia-de-ferias\/"},"wordCount":307,"commentCount":0,"publisher":{"@id":"https:\/\/rotario.com.br\/site\/#organization"},"image":{"@id":"https:\/\/rotario.com.br\/site\/sesc-e-sesi-estao-com-inscricoes-abertas-para-colonia-de-ferias\/#primaryimage"},"thumbnailUrl":"https:\/\/rotario.com.br\/site\/wp-content\/uploads\/2022\/12\/sesc.jpg","articleSection":["Destaque","Nova Friburgo"],"inLanguage":"pt-BR","potentialAction":[{"@type":"CommentAction","name":"Comment","target":["https:\/\/rotario.com.br\/site\/sesc-e-sesi-estao-com-inscricoes-abertas-para-colonia-de-ferias\/#respond"]}]},{"@type":"WebPage","@id":"https:\/\/rotario.com.br\/site\/sesc-e-sesi-estao-com-inscricoes-abertas-para-colonia-de-ferias\/","url":"https:\/\/rotario.com.br\/site\/sesc-e-sesi-estao-com-inscricoes-abertas-para-colonia-de-ferias\/","name":"Sesc e Sesi est\u00e3o com inscri\u00e7\u00f5es abertas para col\u00f4nia de f\u00e9rias - Rota Rio","isPartOf":{"@id":"https:\/\/rotario.com.br\/site\/#website"},"primaryImageOfPage":{"@id":"https:\/\/rotario.com.br\/site\/sesc-e-sesi-estao-com-inscricoes-abertas-para-colonia-de-ferias\/#primaryimage"},"image":{"@id":"https:\/\/rotario.com.br\/site\/sesc-e-sesi-estao-com-inscricoes-abertas-para-colonia-de-ferias\/#primaryimage"},"thumbnailUrl":"https:\/\/rotario.com.br\/site\/wp-content\/uploads\/2022\/12\/sesc.jpg","datePublished":"2022-12-12T15:25:24+00:00","dateModified":"2022-12-12T15:25:26+00:00","breadcrumb":{"@id":"https:\/\/rotario.com.br\/site\/sesc-e-sesi-estao-com-inscricoes-abertas-para-colonia-de-ferias\/#breadcrumb"},"inLanguage":"pt-BR","potentialAction":[{"@type":"ReadAction","target":["https:\/\/rotario.com.br\/site\/sesc-e-sesi-estao-com-inscricoes-abertas-para-colonia-de-ferias\/"]}]},{"@type":"ImageObject","inLanguage":"pt-BR","@id":"https:\/\/rotario.com.br\/site\/sesc-e-sesi-estao-com-inscricoes-abertas-para-colonia-de-ferias\/#primaryimage","url":"https:\/\/rotario.com.br\/site\/wp-content\/uploads\/2022\/12\/sesc.jpg","contentUrl":"https:\/\/rotario.com.br\/site\/wp-content\/uploads\/2022\/12\/sesc.jpg","width":1024,"height":512},{"@type":"BreadcrumbList","@id":"https:\/\/rotario.com.br\/site\/sesc-e-sesi-estao-com-inscricoes-abertas-para-colonia-de-ferias\/#breadcrumb","itemListElement":[{"@type":"ListItem","position":1,"name":"In\u00edcio","item":"https:\/\/rotario.com.br\/site\/"},{"@type":"ListItem","position":2,"name":"Sesc e Sesi est\u00e3o com inscri\u00e7\u00f5es abertas para col\u00f4nia de f\u00e9rias"}]},{"@type":"WebSite","@id":"https:\/\/rotario.com.br\/site\/#website","url":"https:\/\/rotario.com.br\/site\/","name":"Rota Rio","description":"Aqui, o Rio de Janeiro \u00e9 a pauta!","publisher":{"@id":"https:\/\/rotario.com.br\/site\/#organization"},"potentialAction":[{"@type":"SearchAction","target":{"@type":"EntryPoint","urlTemplate":"https:\/\/rotario.com.br\/site\/?s={search_term_string}"},"query-input":{"@type":"PropertyValueSpecification","valueRequired":true,"valueName":"search_term_string"}}],"inLanguage":"pt-BR"},{"@type":"Organization","@id":"https:\/\/rotario.com.br\/site\/#organization","name":"Rota Rio","url":"https:\/\/rotario.com.br\/site\/","logo":{"@type":"ImageObject","inLanguage":"pt-BR","@id":"https:\/\/rotario.com.br\/site\/#\/schema\/logo\/image\/","url":"https:\/\/rotario.com.br\/site\/wp-content\/uploads\/2022\/04\/cropped-ROTARIO-LOGO-Prancheta-1-1-2048x654-1.png","contentUrl":"https:\/\/rotario.com.br\/site\/wp-content\/uploads\/2022\/04\/cropped-ROTARIO-LOGO-Prancheta-1-1-2048x654-1.png","width":2048,"height":654,"caption":"Rota Rio"},"image":{"@id":"https:\/\/rotario.com.br\/site\/#\/schema\/logo\/image\/"}},{"@type":"Person","@id":"https:\/\/rotario.com.br\/site\/#\/schema\/person\/fd89bbbf4136f7e8a21e0dd67b8a66c7","name":"Galv\u00e3o","url":"https:\/\/rotario.com.br\/site\/author\/daniel\/"}]}},"_links":{"self":[{"href":"https:\/\/rotario.com.br\/site\/wp-json\/wp\/v2\/posts\/9001","targetHints":{"allow":["GET"]}}],"collection":[{"href":"https:\/\/rotario.com.br\/site\/wp-json\/wp\/v2\/posts"}],"about":[{"href":"https:\/\/rotario.com.br\/site\/wp-json\/wp\/v2\/types\/post"}],"author":[{"embeddable":true,"href":"https:\/\/rotario.com.br\/site\/wp-json\/wp\/v2\/users\/2"}],"replies":[{"embeddable":true,"href":"https:\/\/rotario.com.br\/site\/wp-json\/wp\/v2\/comments?post=9001"}],"version-history":[{"count":0,"href":"https:\/\/rotario.com.br\/site\/wp-json\/wp\/v2\/posts\/9001\/revisions"}],"wp:featuredmedia":[{"embeddable":true,"href":"https:\/\/rotario.com.br\/site\/wp-json\/wp\/v2\/media\/9002"}],"wp:attachment":[{"href":"https:\/\/rotario.com.br\/site\/wp-json\/wp\/v2\/media?parent=9001"}],"wp:term":[{"taxonomy":"category","embeddable":true,"href":"https:\/\/rotario.com.br\/site\/wp-json\/wp\/v2\/categories?post=9001"},{"taxonomy":"post_tag","embeddable":true,"href":"https:\/\/rotario.com.br\/site\/wp-json\/wp\/v2\/tags?post=9001"}],"curies":[{"name":"wp","href":"https:\/\/api.w.org\/{rel}","templated":true}]}}