{"id":9007,"date":"2022-12-12T12:30:25","date_gmt":"2022-12-12T15:30:25","guid":{"rendered":"https:\/\/rotario.com.br\/site\/?p=9007"},"modified":"2022-12-12T12:30:27","modified_gmt":"2022-12-12T15:30:27","slug":"2a-edicao-da-cantata-de-natal-estreia-com-noite-marcada-pela-emocao","status":"publish","type":"post","link":"https:\/\/rotario.com.br\/site\/2a-edicao-da-cantata-de-natal-estreia-com-noite-marcada-pela-emocao\/","title":{"rendered":"2\u00aa Edi\u00e7\u00e3o da Cantata de Natal estreia com noite marcada pela emo\u00e7\u00e3o"},"content":{"rendered":"\n<p class=\"has-drop-cap\">Na noite desta sexta-feira (09), B\u00fazios recebeu a t\u00e3o esperada Cantata de Natal que este ano intitulou-se \u201cIncompar\u00e1vel\u201d.<\/p>\n\n\n\n<p>Com dire\u00e7\u00e3o art\u00edstica e reg\u00eancia do maestro Alberto Midon e adapta\u00e7\u00e3o da preparadora vocal do coral, Gleris Domingues, o musical natalino \u201cIncompar\u00e1vel\u201d contou com a participa\u00e7\u00e3o de 100 vozes do Coral Municipal e a novidade do ano, o Coral Infantojuvenil que traz em sua forma\u00e7\u00e3o os integrantes da Guarda Mirim Municipal.<\/p>\n\n\n\n<p>A Pra\u00e7a do INEFI foi tomada pela emo\u00e7\u00e3o do p\u00fablico que vibrou, celebrou e chegou \u00e0s l\u00e1grimas enquanto prestigiava as apresenta\u00e7\u00f5es do espet\u00e1culo. O grupo Brazilian Piper, a banda de gaitas escocesas de S\u00e3o Gon\u00e7alo-RJ e da Orquestra de Sopros \u201cNova Aurora\u201d, levou algumas pessoas as l\u00e1grimas durante as apresenta\u00e7\u00f5es. A atmosfera do esp\u00edrito natalino predominou durante todo o espet\u00e1culo.<\/p>\n\n\n\n<p>Hoje \u00e9 o \u00faltimo dia da atra\u00e7\u00e3o que tem in\u00edcio \u00e0s 19h, chegue cedo, traga sua fam\u00edlia e participe deste momento m\u00e1gico e inesquec\u00edvel.<\/p>\n","protected":false},"excerpt":{"rendered":"<p>Na noite desta sexta-feira (09), B\u00fazios recebeu a t\u00e3o esperada Cantata de Natal que este ano intitulou-se \u201cIncompar\u00e1vel\u201d. Com dire\u00e7\u00e3o art\u00edstica e reg\u00eancia do maestro Alberto Midon e adapta\u00e7\u00e3o da preparadora vocal do coral, Gleris Domingues, o musical natalino \u201cIncompar\u00e1vel\u201d contou com a participa\u00e7\u00e3o de 100 vozes do Coral Municipal e a novidade do ano, [&hellip;]<\/p>\n","protected":false},"author":2,"featured_media":9008,"comment_status":"open","ping_status":"open","sticky":false,"template":"","format":"standard","meta":{"footnotes":""},"categories":[30,225],"tags":[],"class_list":["post-9007","post","type-post","status-publish","format-standard","has-post-thumbnail","hentry","category-buzios","category-destaque"],"yoast_head":"<!-- This site is optimized with the Yoast SEO plugin v26.5 - https:\/\/yoast.com\/wordpress\/plugins\/seo\/ -->\n<title>2\u00aa Edi\u00e7\u00e3o da Cantata de Natal estreia com noite marcada pela emo\u00e7\u00e3o - Rota Rio<\/title>\n<meta name=\"robots\" content=\"index, follow, max-snippet:-1, max-image-preview:large, max-video-preview:-1\" \/>\n<link rel=\"canonical\" href=\"https:\/\/rotario.com.br\/site\/2a-edicao-da-cantata-de-natal-estreia-com-noite-marcada-pela-emocao\/\" \/>\n<meta property=\"og:locale\" content=\"pt_BR\" \/>\n<meta property=\"og:type\" content=\"article\" \/>\n<meta property=\"og:title\" content=\"2\u00aa Edi\u00e7\u00e3o da Cantata de Natal estreia com noite marcada pela emo\u00e7\u00e3o - Rota Rio\" \/>\n<meta property=\"og:description\" content=\"Na noite desta sexta-feira (09), B\u00fazios recebeu a t\u00e3o esperada Cantata de Natal que este ano intitulou-se \u201cIncompar\u00e1vel\u201d. Com dire\u00e7\u00e3o art\u00edstica e reg\u00eancia do maestro Alberto Midon e adapta\u00e7\u00e3o da preparadora vocal do coral, Gleris Domingues, o musical natalino \u201cIncompar\u00e1vel\u201d contou com a participa\u00e7\u00e3o de 100 vozes do Coral Municipal e a novidade do ano, [&hellip;]\" \/>\n<meta property=\"og:url\" content=\"https:\/\/rotario.com.br\/site\/2a-edicao-da-cantata-de-natal-estreia-com-noite-marcada-pela-emocao\/\" \/>\n<meta property=\"og:site_name\" content=\"Rota Rio\" \/>\n<meta property=\"article:published_time\" content=\"2022-12-12T15:30:25+00:00\" \/>\n<meta property=\"article:modified_time\" content=\"2022-12-12T15:30:27+00:00\" \/>\n<meta property=\"og:image\" content=\"https:\/\/rotario.com.br\/site\/wp-content\/uploads\/2022\/12\/capa-6.jpeg\" \/>\n\t<meta property=\"og:image:width\" content=\"1200\" \/>\n\t<meta property=\"og:image:height\" content=\"800\" \/>\n\t<meta property=\"og:image:type\" content=\"image\/jpeg\" \/>\n<meta name=\"author\" content=\"Galv\u00e3o\" \/>\n<meta name=\"twitter:card\" content=\"summary_large_image\" \/>\n<meta name=\"twitter:label1\" content=\"Escrito por\" \/>\n\t<meta name=\"twitter:data1\" content=\"Galv\u00e3o\" \/>\n\t<meta name=\"twitter:label2\" content=\"Est. tempo de leitura\" \/>\n\t<meta name=\"twitter:data2\" content=\"1 minuto\" \/>\n<script type=\"application\/ld+json\" class=\"yoast-schema-graph\">{\"@context\":\"https:\/\/schema.org\",\"@graph\":[{\"@type\":\"Article\",\"@id\":\"https:\/\/rotario.com.br\/site\/2a-edicao-da-cantata-de-natal-estreia-com-noite-marcada-pela-emocao\/#article\",\"isPartOf\":{\"@id\":\"https:\/\/rotario.com.br\/site\/2a-edicao-da-cantata-de-natal-estreia-com-noite-marcada-pela-emocao\/\"},\"author\":{\"name\":\"Galv\u00e3o\",\"@id\":\"https:\/\/rotario.com.br\/site\/#\/schema\/person\/fd89bbbf4136f7e8a21e0dd67b8a66c7\"},\"headline\":\"2\u00aa Edi\u00e7\u00e3o da Cantata de Natal estreia com noite marcada pela emo\u00e7\u00e3o\",\"datePublished\":\"2022-12-12T15:30:25+00:00\",\"dateModified\":\"2022-12-12T15:30:27+00:00\",\"mainEntityOfPage\":{\"@id\":\"https:\/\/rotario.com.br\/site\/2a-edicao-da-cantata-de-natal-estreia-com-noite-marcada-pela-emocao\/\"},\"wordCount\":190,\"commentCount\":0,\"publisher\":{\"@id\":\"https:\/\/rotario.com.br\/site\/#organization\"},\"image\":{\"@id\":\"https:\/\/rotario.com.br\/site\/2a-edicao-da-cantata-de-natal-estreia-com-noite-marcada-pela-emocao\/#primaryimage\"},\"thumbnailUrl\":\"https:\/\/rotario.com.br\/site\/wp-content\/uploads\/2022\/12\/capa-6.jpeg\",\"articleSection\":[\"B\u00fazios\",\"Destaque\"],\"inLanguage\":\"pt-BR\",\"potentialAction\":[{\"@type\":\"CommentAction\",\"name\":\"Comment\",\"target\":[\"https:\/\/rotario.com.br\/site\/2a-edicao-da-cantata-de-natal-estreia-com-noite-marcada-pela-emocao\/#respond\"]}]},{\"@type\":\"WebPage\",\"@id\":\"https:\/\/rotario.com.br\/site\/2a-edicao-da-cantata-de-natal-estreia-com-noite-marcada-pela-emocao\/\",\"url\":\"https:\/\/rotario.com.br\/site\/2a-edicao-da-cantata-de-natal-estreia-com-noite-marcada-pela-emocao\/\",\"name\":\"2\u00aa Edi\u00e7\u00e3o da Cantata de Natal estreia com noite marcada pela emo\u00e7\u00e3o - Rota Rio\",\"isPartOf\":{\"@id\":\"https:\/\/rotario.com.br\/site\/#website\"},\"primaryImageOfPage\":{\"@id\":\"https:\/\/rotario.com.br\/site\/2a-edicao-da-cantata-de-natal-estreia-com-noite-marcada-pela-emocao\/#primaryimage\"},\"image\":{\"@id\":\"https:\/\/rotario.com.br\/site\/2a-edicao-da-cantata-de-natal-estreia-com-noite-marcada-pela-emocao\/#primaryimage\"},\"thumbnailUrl\":\"https:\/\/rotario.com.br\/site\/wp-content\/uploads\/2022\/12\/capa-6.jpeg\",\"datePublished\":\"2022-12-12T15:30:25+00:00\",\"dateModified\":\"2022-12-12T15:30:27+00:00\",\"breadcrumb\":{\"@id\":\"https:\/\/rotario.com.br\/site\/2a-edicao-da-cantata-de-natal-estreia-com-noite-marcada-pela-emocao\/#breadcrumb\"},\"inLanguage\":\"pt-BR\",\"potentialAction\":[{\"@type\":\"ReadAction\",\"target\":[\"https:\/\/rotario.com.br\/site\/2a-edicao-da-cantata-de-natal-estreia-com-noite-marcada-pela-emocao\/\"]}]},{\"@type\":\"ImageObject\",\"inLanguage\":\"pt-BR\",\"@id\":\"https:\/\/rotario.com.br\/site\/2a-edicao-da-cantata-de-natal-estreia-com-noite-marcada-pela-emocao\/#primaryimage\",\"url\":\"https:\/\/rotario.com.br\/site\/wp-content\/uploads\/2022\/12\/capa-6.jpeg\",\"contentUrl\":\"https:\/\/rotario.com.br\/site\/wp-content\/uploads\/2022\/12\/capa-6.jpeg\",\"width\":1200,\"height\":800},{\"@type\":\"BreadcrumbList\",\"@id\":\"https:\/\/rotario.com.br\/site\/2a-edicao-da-cantata-de-natal-estreia-com-noite-marcada-pela-emocao\/#breadcrumb\",\"itemListElement\":[{\"@type\":\"ListItem\",\"position\":1,\"name\":\"In\u00edcio\",\"item\":\"https:\/\/rotario.com.br\/site\/\"},{\"@type\":\"ListItem\",\"position\":2,\"name\":\"2\u00aa Edi\u00e7\u00e3o da Cantata de Natal estreia com noite marcada pela emo\u00e7\u00e3o\"}]},{\"@type\":\"WebSite\",\"@id\":\"https:\/\/rotario.com.br\/site\/#website\",\"url\":\"https:\/\/rotario.com.br\/site\/\",\"name\":\"Rota Rio\",\"description\":\"Aqui, o Rio de Janeiro \u00e9 a pauta!\",\"publisher\":{\"@id\":\"https:\/\/rotario.com.br\/site\/#organization\"},\"potentialAction\":[{\"@type\":\"SearchAction\",\"target\":{\"@type\":\"EntryPoint\",\"urlTemplate\":\"https:\/\/rotario.com.br\/site\/?s={search_term_string}\"},\"query-input\":{\"@type\":\"PropertyValueSpecification\",\"valueRequired\":true,\"valueName\":\"search_term_string\"}}],\"inLanguage\":\"pt-BR\"},{\"@type\":\"Organization\",\"@id\":\"https:\/\/rotario.com.br\/site\/#organization\",\"name\":\"Rota Rio\",\"url\":\"https:\/\/rotario.com.br\/site\/\",\"logo\":{\"@type\":\"ImageObject\",\"inLanguage\":\"pt-BR\",\"@id\":\"https:\/\/rotario.com.br\/site\/#\/schema\/logo\/image\/\",\"url\":\"https:\/\/rotario.com.br\/site\/wp-content\/uploads\/2022\/04\/cropped-ROTARIO-LOGO-Prancheta-1-1-2048x654-1.png\",\"contentUrl\":\"https:\/\/rotario.com.br\/site\/wp-content\/uploads\/2022\/04\/cropped-ROTARIO-LOGO-Prancheta-1-1-2048x654-1.png\",\"width\":2048,\"height\":654,\"caption\":\"Rota Rio\"},\"image\":{\"@id\":\"https:\/\/rotario.com.br\/site\/#\/schema\/logo\/image\/\"}},{\"@type\":\"Person\",\"@id\":\"https:\/\/rotario.com.br\/site\/#\/schema\/person\/fd89bbbf4136f7e8a21e0dd67b8a66c7\",\"name\":\"Galv\u00e3o\",\"url\":\"https:\/\/rotario.com.br\/site\/author\/daniel\/\"}]}<\/script>\n<!-- \/ Yoast SEO plugin. -->","yoast_head_json":{"title":"2\u00aa Edi\u00e7\u00e3o da Cantata de Natal estreia com noite marcada pela emo\u00e7\u00e3o - Rota Rio","robots":{"index":"index","follow":"follow","max-snippet":"max-snippet:-1","max-image-preview":"max-image-preview:large","max-video-preview":"max-video-preview:-1"},"canonical":"https:\/\/rotario.com.br\/site\/2a-edicao-da-cantata-de-natal-estreia-com-noite-marcada-pela-emocao\/","og_locale":"pt_BR","og_type":"article","og_title":"2\u00aa Edi\u00e7\u00e3o da Cantata de Natal estreia com noite marcada pela emo\u00e7\u00e3o - Rota Rio","og_description":"Na noite desta sexta-feira (09), B\u00fazios recebeu a t\u00e3o esperada Cantata de Natal que este ano intitulou-se \u201cIncompar\u00e1vel\u201d. Com dire\u00e7\u00e3o art\u00edstica e reg\u00eancia do maestro Alberto Midon e adapta\u00e7\u00e3o da preparadora vocal do coral, Gleris Domingues, o musical natalino \u201cIncompar\u00e1vel\u201d contou com a participa\u00e7\u00e3o de 100 vozes do Coral Municipal e a novidade do ano, [&hellip;]","og_url":"https:\/\/rotario.com.br\/site\/2a-edicao-da-cantata-de-natal-estreia-com-noite-marcada-pela-emocao\/","og_site_name":"Rota Rio","article_published_time":"2022-12-12T15:30:25+00:00","article_modified_time":"2022-12-12T15:30:27+00:00","og_image":[{"width":1200,"height":800,"url":"https:\/\/rotario.com.br\/site\/wp-content\/uploads\/2022\/12\/capa-6.jpeg","type":"image\/jpeg"}],"author":"Galv\u00e3o","twitter_card":"summary_large_image","twitter_misc":{"Escrito por":"Galv\u00e3o","Est. tempo de leitura":"1 minuto"},"schema":{"@context":"https:\/\/schema.org","@graph":[{"@type":"Article","@id":"https:\/\/rotario.com.br\/site\/2a-edicao-da-cantata-de-natal-estreia-com-noite-marcada-pela-emocao\/#article","isPartOf":{"@id":"https:\/\/rotario.com.br\/site\/2a-edicao-da-cantata-de-natal-estreia-com-noite-marcada-pela-emocao\/"},"author":{"name":"Galv\u00e3o","@id":"https:\/\/rotario.com.br\/site\/#\/schema\/person\/fd89bbbf4136f7e8a21e0dd67b8a66c7"},"headline":"2\u00aa Edi\u00e7\u00e3o da Cantata de Natal estreia com noite marcada pela emo\u00e7\u00e3o","datePublished":"2022-12-12T15:30:25+00:00","dateModified":"2022-12-12T15:30:27+00:00","mainEntityOfPage":{"@id":"https:\/\/rotario.com.br\/site\/2a-edicao-da-cantata-de-natal-estreia-com-noite-marcada-pela-emocao\/"},"wordCount":190,"commentCount":0,"publisher":{"@id":"https:\/\/rotario.com.br\/site\/#organization"},"image":{"@id":"https:\/\/rotario.com.br\/site\/2a-edicao-da-cantata-de-natal-estreia-com-noite-marcada-pela-emocao\/#primaryimage"},"thumbnailUrl":"https:\/\/rotario.com.br\/site\/wp-content\/uploads\/2022\/12\/capa-6.jpeg","articleSection":["B\u00fazios","Destaque"],"inLanguage":"pt-BR","potentialAction":[{"@type":"CommentAction","name":"Comment","target":["https:\/\/rotario.com.br\/site\/2a-edicao-da-cantata-de-natal-estreia-com-noite-marcada-pela-emocao\/#respond"]}]},{"@type":"WebPage","@id":"https:\/\/rotario.com.br\/site\/2a-edicao-da-cantata-de-natal-estreia-com-noite-marcada-pela-emocao\/","url":"https:\/\/rotario.com.br\/site\/2a-edicao-da-cantata-de-natal-estreia-com-noite-marcada-pela-emocao\/","name":"2\u00aa Edi\u00e7\u00e3o da Cantata de Natal estreia com noite marcada pela emo\u00e7\u00e3o - Rota Rio","isPartOf":{"@id":"https:\/\/rotario.com.br\/site\/#website"},"primaryImageOfPage":{"@id":"https:\/\/rotario.com.br\/site\/2a-edicao-da-cantata-de-natal-estreia-com-noite-marcada-pela-emocao\/#primaryimage"},"image":{"@id":"https:\/\/rotario.com.br\/site\/2a-edicao-da-cantata-de-natal-estreia-com-noite-marcada-pela-emocao\/#primaryimage"},"thumbnailUrl":"https:\/\/rotario.com.br\/site\/wp-content\/uploads\/2022\/12\/capa-6.jpeg","datePublished":"2022-12-12T15:30:25+00:00","dateModified":"2022-12-12T15:30:27+00:00","breadcrumb":{"@id":"https:\/\/rotario.com.br\/site\/2a-edicao-da-cantata-de-natal-estreia-com-noite-marcada-pela-emocao\/#breadcrumb"},"inLanguage":"pt-BR","potentialAction":[{"@type":"ReadAction","target":["https:\/\/rotario.com.br\/site\/2a-edicao-da-cantata-de-natal-estreia-com-noite-marcada-pela-emocao\/"]}]},{"@type":"ImageObject","inLanguage":"pt-BR","@id":"https:\/\/rotario.com.br\/site\/2a-edicao-da-cantata-de-natal-estreia-com-noite-marcada-pela-emocao\/#primaryimage","url":"https:\/\/rotario.com.br\/site\/wp-content\/uploads\/2022\/12\/capa-6.jpeg","contentUrl":"https:\/\/rotario.com.br\/site\/wp-content\/uploads\/2022\/12\/capa-6.jpeg","width":1200,"height":800},{"@type":"BreadcrumbList","@id":"https:\/\/rotario.com.br\/site\/2a-edicao-da-cantata-de-natal-estreia-com-noite-marcada-pela-emocao\/#breadcrumb","itemListElement":[{"@type":"ListItem","position":1,"name":"In\u00edcio","item":"https:\/\/rotario.com.br\/site\/"},{"@type":"ListItem","position":2,"name":"2\u00aa Edi\u00e7\u00e3o da Cantata de Natal estreia com noite marcada pela emo\u00e7\u00e3o"}]},{"@type":"WebSite","@id":"https:\/\/rotario.com.br\/site\/#website","url":"https:\/\/rotario.com.br\/site\/","name":"Rota Rio","description":"Aqui, o Rio de Janeiro \u00e9 a pauta!","publisher":{"@id":"https:\/\/rotario.com.br\/site\/#organization"},"potentialAction":[{"@type":"SearchAction","target":{"@type":"EntryPoint","urlTemplate":"https:\/\/rotario.com.br\/site\/?s={search_term_string}"},"query-input":{"@type":"PropertyValueSpecification","valueRequired":true,"valueName":"search_term_string"}}],"inLanguage":"pt-BR"},{"@type":"Organization","@id":"https:\/\/rotario.com.br\/site\/#organization","name":"Rota Rio","url":"https:\/\/rotario.com.br\/site\/","logo":{"@type":"ImageObject","inLanguage":"pt-BR","@id":"https:\/\/rotario.com.br\/site\/#\/schema\/logo\/image\/","url":"https:\/\/rotario.com.br\/site\/wp-content\/uploads\/2022\/04\/cropped-ROTARIO-LOGO-Prancheta-1-1-2048x654-1.png","contentUrl":"https:\/\/rotario.com.br\/site\/wp-content\/uploads\/2022\/04\/cropped-ROTARIO-LOGO-Prancheta-1-1-2048x654-1.png","width":2048,"height":654,"caption":"Rota Rio"},"image":{"@id":"https:\/\/rotario.com.br\/site\/#\/schema\/logo\/image\/"}},{"@type":"Person","@id":"https:\/\/rotario.com.br\/site\/#\/schema\/person\/fd89bbbf4136f7e8a21e0dd67b8a66c7","name":"Galv\u00e3o","url":"https:\/\/rotario.com.br\/site\/author\/daniel\/"}]}},"_links":{"self":[{"href":"https:\/\/rotario.com.br\/site\/wp-json\/wp\/v2\/posts\/9007","targetHints":{"allow":["GET"]}}],"collection":[{"href":"https:\/\/rotario.com.br\/site\/wp-json\/wp\/v2\/posts"}],"about":[{"href":"https:\/\/rotario.com.br\/site\/wp-json\/wp\/v2\/types\/post"}],"author":[{"embeddable":true,"href":"https:\/\/rotario.com.br\/site\/wp-json\/wp\/v2\/users\/2"}],"replies":[{"embeddable":true,"href":"https:\/\/rotario.com.br\/site\/wp-json\/wp\/v2\/comments?post=9007"}],"version-history":[{"count":0,"href":"https:\/\/rotario.com.br\/site\/wp-json\/wp\/v2\/posts\/9007\/revisions"}],"wp:featuredmedia":[{"embeddable":true,"href":"https:\/\/rotario.com.br\/site\/wp-json\/wp\/v2\/media\/9008"}],"wp:attachment":[{"href":"https:\/\/rotario.com.br\/site\/wp-json\/wp\/v2\/media?parent=9007"}],"wp:term":[{"taxonomy":"category","embeddable":true,"href":"https:\/\/rotario.com.br\/site\/wp-json\/wp\/v2\/categories?post=9007"},{"taxonomy":"post_tag","embeddable":true,"href":"https:\/\/rotario.com.br\/site\/wp-json\/wp\/v2\/tags?post=9007"}],"curies":[{"name":"wp","href":"https:\/\/api.w.org\/{rel}","templated":true}]}}