{"id":9022,"date":"2022-12-13T14:27:25","date_gmt":"2022-12-13T17:27:25","guid":{"rendered":"https:\/\/rotario.com.br\/site\/?p=9022"},"modified":"2022-12-13T14:27:26","modified_gmt":"2022-12-13T17:27:26","slug":"presidente-da-fecomercio-recebe-o-premio-lideres-do-rio-2022","status":"publish","type":"post","link":"https:\/\/rotario.com.br\/site\/presidente-da-fecomercio-recebe-o-premio-lideres-do-rio-2022\/","title":{"rendered":"Presidente da Fecom\u00e9rcio recebe o pr\u00eamio L\u00edderes do Rio 2022"},"content":{"rendered":"\n<p class=\"has-drop-cap\">O presidente da Federa\u00e7\u00e3o do Com\u00e9rcio de Bens, Servi\u00e7os e Turismo do Estado do Rio de Janeiro (Fecom\u00e9rcio), do Sesc e do Senac, Antonio Florencio de Queiroz Junior (foto), recebeu na semana passada o pr\u00eamio L\u00edderes do Rio 2022. A distin\u00e7\u00e3o, entregue no Hotel Fairmont, em Copacabana, na Zona Sul carioca, tem o prop\u00f3sito de reconhecer e homenagear personalidades e institui\u00e7\u00f5es cujo trabalho contribui decisivamente para a expans\u00e3o do ambiente de inova\u00e7\u00e3o, neg\u00f3cios, crescimento econ\u00f4mico e social, gera\u00e7\u00e3o de renda, incrementando o desenvolvimento sustent\u00e1vel do Estado do Rio de Janeiro.<\/p>\n\n\n\n<p>Antonio Florencio de Queiroz Junior foi agraciado na categoria Personalidade P\u00fablica, um reconhecimento \u00e0 sua atua\u00e7\u00e3o \u00e0 frente das tr\u00eas institui\u00e7\u00f5es que contribuem para o desenvolvimento do estado do Rio. Pela Fecom\u00e9rcio, o dirigente vem conquistando vit\u00f3rias importantes no sentido de criar um ambiente de neg\u00f3cios favor\u00e1vel no estado, em especial ao com\u00e9rcio de bens, servi\u00e7os e turismo, o maior empregador do pa\u00eds. Na condu\u00e7\u00e3o do Sesc, contribuiu para o bem-estar da popula\u00e7\u00e3o por meio de projetos nas \u00e1reas de assist\u00eancia, cultura, educa\u00e7\u00e3o, lazer e sa\u00fade. J\u00e1 \u00e0 frente do Senac, se destacou pela forma\u00e7\u00e3o e capacita\u00e7\u00e3o de milhares de trabalhadores, gerando emprego e renda no estado do Rio.<\/p>\n\n\n\n<p><strong>Sobre a Fecom\u00e9rcio RJ<\/strong><\/p>\n\n\n\n<p>A entidade re\u00fane 59 sindicatos patronais, l\u00edderes empresariais, especialistas e consultores com o objetivo de fomentar o desenvolvimento dos neg\u00f3cios no setor do com\u00e9rcio de bens, servi\u00e7os e turismo no estado do Rio de Janeiro. Desenvolve solu\u00e7\u00f5es, pesquisas e disponibiliza conte\u00fado sobre quest\u00f5es que impactam a vida do empreendedor e colaboram nas decis\u00f5es dos gestores p\u00fablicos.&nbsp;<\/p>\n\n\n\n<p>A Fecom\u00e9rcio representa mais de 321 mil estabelecimentos, que respondem por 2\/3 da atividade econ\u00f4mica do estado e 68% dos estabelecimentos fluminenses, gerando mais de 1,5 milh\u00e3o de empregos formais, que equivalem a 60% dos postos de trabalho com carteira assinada no estado. Atrav\u00e9s do Servi\u00e7o Social do Com\u00e9rcio (Sesc RJ) atua em assist\u00eancia social, cultura, educa\u00e7\u00e3o, lazer e sa\u00fade aos comerci\u00e1rios e popula\u00e7\u00e3o carente, enquanto o Servi\u00e7o Nacional de Aprendizagem no Com\u00e9rcio (Senac RJ) promove educa\u00e7\u00e3o profissional voltada para o setor.<\/p>\n","protected":false},"excerpt":{"rendered":"<p>O presidente da Federa\u00e7\u00e3o do Com\u00e9rcio de Bens, Servi\u00e7os e Turismo do Estado do Rio de Janeiro (Fecom\u00e9rcio), do Sesc e do Senac, Antonio Florencio de Queiroz Junior (foto), recebeu na semana passada o pr\u00eamio L\u00edderes do Rio 2022. A distin\u00e7\u00e3o, entregue no Hotel Fairmont, em Copacabana, na Zona Sul carioca, tem o prop\u00f3sito de [&hellip;]<\/p>\n","protected":false},"author":2,"featured_media":9023,"comment_status":"open","ping_status":"open","sticky":false,"template":"","format":"standard","meta":{"footnotes":""},"categories":[225,133],"tags":[],"class_list":["post-9022","post","type-post","status-publish","format-standard","has-post-thumbnail","hentry","category-destaque","category-rio-de-janeiro-metropolitana"],"yoast_head":"<!-- This site is optimized with the Yoast SEO plugin v26.5 - https:\/\/yoast.com\/wordpress\/plugins\/seo\/ -->\n<title>Presidente da Fecom\u00e9rcio recebe o pr\u00eamio L\u00edderes do Rio 2022 - Rota Rio<\/title>\n<meta name=\"robots\" content=\"index, follow, max-snippet:-1, max-image-preview:large, max-video-preview:-1\" \/>\n<link rel=\"canonical\" href=\"https:\/\/rotario.com.br\/site\/presidente-da-fecomercio-recebe-o-premio-lideres-do-rio-2022\/\" \/>\n<meta property=\"og:locale\" content=\"pt_BR\" \/>\n<meta property=\"og:type\" content=\"article\" \/>\n<meta property=\"og:title\" content=\"Presidente da Fecom\u00e9rcio recebe o pr\u00eamio L\u00edderes do Rio 2022 - Rota Rio\" \/>\n<meta property=\"og:description\" content=\"O presidente da Federa\u00e7\u00e3o do Com\u00e9rcio de Bens, Servi\u00e7os e Turismo do Estado do Rio de Janeiro (Fecom\u00e9rcio), do Sesc e do Senac, Antonio Florencio de Queiroz Junior (foto), recebeu na semana passada o pr\u00eamio L\u00edderes do Rio 2022. A distin\u00e7\u00e3o, entregue no Hotel Fairmont, em Copacabana, na Zona Sul carioca, tem o prop\u00f3sito de [&hellip;]\" \/>\n<meta property=\"og:url\" content=\"https:\/\/rotario.com.br\/site\/presidente-da-fecomercio-recebe-o-premio-lideres-do-rio-2022\/\" \/>\n<meta property=\"og:site_name\" content=\"Rota Rio\" \/>\n<meta property=\"article:published_time\" content=\"2022-12-13T17:27:25+00:00\" \/>\n<meta property=\"article:modified_time\" content=\"2022-12-13T17:27:26+00:00\" \/>\n<meta property=\"og:image\" content=\"https:\/\/rotario.com.br\/site\/wp-content\/uploads\/2022\/12\/antonio_florencio_queiroz_junior_0.jpeg\" \/>\n\t<meta property=\"og:image:width\" content=\"853\" \/>\n\t<meta property=\"og:image:height\" content=\"1280\" \/>\n\t<meta property=\"og:image:type\" content=\"image\/jpeg\" \/>\n<meta name=\"author\" content=\"Galv\u00e3o\" \/>\n<meta name=\"twitter:card\" content=\"summary_large_image\" \/>\n<meta name=\"twitter:label1\" content=\"Escrito por\" \/>\n\t<meta name=\"twitter:data1\" content=\"Galv\u00e3o\" \/>\n\t<meta name=\"twitter:label2\" content=\"Est. tempo de leitura\" \/>\n\t<meta name=\"twitter:data2\" content=\"2 minutos\" \/>\n<script type=\"application\/ld+json\" class=\"yoast-schema-graph\">{\"@context\":\"https:\/\/schema.org\",\"@graph\":[{\"@type\":\"Article\",\"@id\":\"https:\/\/rotario.com.br\/site\/presidente-da-fecomercio-recebe-o-premio-lideres-do-rio-2022\/#article\",\"isPartOf\":{\"@id\":\"https:\/\/rotario.com.br\/site\/presidente-da-fecomercio-recebe-o-premio-lideres-do-rio-2022\/\"},\"author\":{\"name\":\"Galv\u00e3o\",\"@id\":\"https:\/\/rotario.com.br\/site\/#\/schema\/person\/fd89bbbf4136f7e8a21e0dd67b8a66c7\"},\"headline\":\"Presidente da Fecom\u00e9rcio recebe o pr\u00eamio L\u00edderes do Rio 2022\",\"datePublished\":\"2022-12-13T17:27:25+00:00\",\"dateModified\":\"2022-12-13T17:27:26+00:00\",\"mainEntityOfPage\":{\"@id\":\"https:\/\/rotario.com.br\/site\/presidente-da-fecomercio-recebe-o-premio-lideres-do-rio-2022\/\"},\"wordCount\":402,\"commentCount\":0,\"publisher\":{\"@id\":\"https:\/\/rotario.com.br\/site\/#organization\"},\"image\":{\"@id\":\"https:\/\/rotario.com.br\/site\/presidente-da-fecomercio-recebe-o-premio-lideres-do-rio-2022\/#primaryimage\"},\"thumbnailUrl\":\"https:\/\/rotario.com.br\/site\/wp-content\/uploads\/2022\/12\/antonio_florencio_queiroz_junior_0.jpeg\",\"articleSection\":[\"Destaque\",\"Rio de Janeiro\"],\"inLanguage\":\"pt-BR\",\"potentialAction\":[{\"@type\":\"CommentAction\",\"name\":\"Comment\",\"target\":[\"https:\/\/rotario.com.br\/site\/presidente-da-fecomercio-recebe-o-premio-lideres-do-rio-2022\/#respond\"]}]},{\"@type\":\"WebPage\",\"@id\":\"https:\/\/rotario.com.br\/site\/presidente-da-fecomercio-recebe-o-premio-lideres-do-rio-2022\/\",\"url\":\"https:\/\/rotario.com.br\/site\/presidente-da-fecomercio-recebe-o-premio-lideres-do-rio-2022\/\",\"name\":\"Presidente da Fecom\u00e9rcio recebe o pr\u00eamio L\u00edderes do Rio 2022 - Rota Rio\",\"isPartOf\":{\"@id\":\"https:\/\/rotario.com.br\/site\/#website\"},\"primaryImageOfPage\":{\"@id\":\"https:\/\/rotario.com.br\/site\/presidente-da-fecomercio-recebe-o-premio-lideres-do-rio-2022\/#primaryimage\"},\"image\":{\"@id\":\"https:\/\/rotario.com.br\/site\/presidente-da-fecomercio-recebe-o-premio-lideres-do-rio-2022\/#primaryimage\"},\"thumbnailUrl\":\"https:\/\/rotario.com.br\/site\/wp-content\/uploads\/2022\/12\/antonio_florencio_queiroz_junior_0.jpeg\",\"datePublished\":\"2022-12-13T17:27:25+00:00\",\"dateModified\":\"2022-12-13T17:27:26+00:00\",\"breadcrumb\":{\"@id\":\"https:\/\/rotario.com.br\/site\/presidente-da-fecomercio-recebe-o-premio-lideres-do-rio-2022\/#breadcrumb\"},\"inLanguage\":\"pt-BR\",\"potentialAction\":[{\"@type\":\"ReadAction\",\"target\":[\"https:\/\/rotario.com.br\/site\/presidente-da-fecomercio-recebe-o-premio-lideres-do-rio-2022\/\"]}]},{\"@type\":\"ImageObject\",\"inLanguage\":\"pt-BR\",\"@id\":\"https:\/\/rotario.com.br\/site\/presidente-da-fecomercio-recebe-o-premio-lideres-do-rio-2022\/#primaryimage\",\"url\":\"https:\/\/rotario.com.br\/site\/wp-content\/uploads\/2022\/12\/antonio_florencio_queiroz_junior_0.jpeg\",\"contentUrl\":\"https:\/\/rotario.com.br\/site\/wp-content\/uploads\/2022\/12\/antonio_florencio_queiroz_junior_0.jpeg\",\"width\":853,\"height\":1280},{\"@type\":\"BreadcrumbList\",\"@id\":\"https:\/\/rotario.com.br\/site\/presidente-da-fecomercio-recebe-o-premio-lideres-do-rio-2022\/#breadcrumb\",\"itemListElement\":[{\"@type\":\"ListItem\",\"position\":1,\"name\":\"In\u00edcio\",\"item\":\"https:\/\/rotario.com.br\/site\/\"},{\"@type\":\"ListItem\",\"position\":2,\"name\":\"Presidente da Fecom\u00e9rcio recebe o pr\u00eamio L\u00edderes do Rio 2022\"}]},{\"@type\":\"WebSite\",\"@id\":\"https:\/\/rotario.com.br\/site\/#website\",\"url\":\"https:\/\/rotario.com.br\/site\/\",\"name\":\"Rota Rio\",\"description\":\"Aqui, o Rio de Janeiro \u00e9 a pauta!\",\"publisher\":{\"@id\":\"https:\/\/rotario.com.br\/site\/#organization\"},\"potentialAction\":[{\"@type\":\"SearchAction\",\"target\":{\"@type\":\"EntryPoint\",\"urlTemplate\":\"https:\/\/rotario.com.br\/site\/?s={search_term_string}\"},\"query-input\":{\"@type\":\"PropertyValueSpecification\",\"valueRequired\":true,\"valueName\":\"search_term_string\"}}],\"inLanguage\":\"pt-BR\"},{\"@type\":\"Organization\",\"@id\":\"https:\/\/rotario.com.br\/site\/#organization\",\"name\":\"Rota Rio\",\"url\":\"https:\/\/rotario.com.br\/site\/\",\"logo\":{\"@type\":\"ImageObject\",\"inLanguage\":\"pt-BR\",\"@id\":\"https:\/\/rotario.com.br\/site\/#\/schema\/logo\/image\/\",\"url\":\"https:\/\/rotario.com.br\/site\/wp-content\/uploads\/2022\/04\/cropped-ROTARIO-LOGO-Prancheta-1-1-2048x654-1.png\",\"contentUrl\":\"https:\/\/rotario.com.br\/site\/wp-content\/uploads\/2022\/04\/cropped-ROTARIO-LOGO-Prancheta-1-1-2048x654-1.png\",\"width\":2048,\"height\":654,\"caption\":\"Rota Rio\"},\"image\":{\"@id\":\"https:\/\/rotario.com.br\/site\/#\/schema\/logo\/image\/\"}},{\"@type\":\"Person\",\"@id\":\"https:\/\/rotario.com.br\/site\/#\/schema\/person\/fd89bbbf4136f7e8a21e0dd67b8a66c7\",\"name\":\"Galv\u00e3o\",\"url\":\"https:\/\/rotario.com.br\/site\/author\/daniel\/\"}]}<\/script>\n<!-- \/ Yoast SEO plugin. -->","yoast_head_json":{"title":"Presidente da Fecom\u00e9rcio recebe o pr\u00eamio L\u00edderes do Rio 2022 - Rota Rio","robots":{"index":"index","follow":"follow","max-snippet":"max-snippet:-1","max-image-preview":"max-image-preview:large","max-video-preview":"max-video-preview:-1"},"canonical":"https:\/\/rotario.com.br\/site\/presidente-da-fecomercio-recebe-o-premio-lideres-do-rio-2022\/","og_locale":"pt_BR","og_type":"article","og_title":"Presidente da Fecom\u00e9rcio recebe o pr\u00eamio L\u00edderes do Rio 2022 - Rota Rio","og_description":"O presidente da Federa\u00e7\u00e3o do Com\u00e9rcio de Bens, Servi\u00e7os e Turismo do Estado do Rio de Janeiro (Fecom\u00e9rcio), do Sesc e do Senac, Antonio Florencio de Queiroz Junior (foto), recebeu na semana passada o pr\u00eamio L\u00edderes do Rio 2022. A distin\u00e7\u00e3o, entregue no Hotel Fairmont, em Copacabana, na Zona Sul carioca, tem o prop\u00f3sito de [&hellip;]","og_url":"https:\/\/rotario.com.br\/site\/presidente-da-fecomercio-recebe-o-premio-lideres-do-rio-2022\/","og_site_name":"Rota Rio","article_published_time":"2022-12-13T17:27:25+00:00","article_modified_time":"2022-12-13T17:27:26+00:00","og_image":[{"width":853,"height":1280,"url":"https:\/\/rotario.com.br\/site\/wp-content\/uploads\/2022\/12\/antonio_florencio_queiroz_junior_0.jpeg","type":"image\/jpeg"}],"author":"Galv\u00e3o","twitter_card":"summary_large_image","twitter_misc":{"Escrito por":"Galv\u00e3o","Est. tempo de leitura":"2 minutos"},"schema":{"@context":"https:\/\/schema.org","@graph":[{"@type":"Article","@id":"https:\/\/rotario.com.br\/site\/presidente-da-fecomercio-recebe-o-premio-lideres-do-rio-2022\/#article","isPartOf":{"@id":"https:\/\/rotario.com.br\/site\/presidente-da-fecomercio-recebe-o-premio-lideres-do-rio-2022\/"},"author":{"name":"Galv\u00e3o","@id":"https:\/\/rotario.com.br\/site\/#\/schema\/person\/fd89bbbf4136f7e8a21e0dd67b8a66c7"},"headline":"Presidente da Fecom\u00e9rcio recebe o pr\u00eamio L\u00edderes do Rio 2022","datePublished":"2022-12-13T17:27:25+00:00","dateModified":"2022-12-13T17:27:26+00:00","mainEntityOfPage":{"@id":"https:\/\/rotario.com.br\/site\/presidente-da-fecomercio-recebe-o-premio-lideres-do-rio-2022\/"},"wordCount":402,"commentCount":0,"publisher":{"@id":"https:\/\/rotario.com.br\/site\/#organization"},"image":{"@id":"https:\/\/rotario.com.br\/site\/presidente-da-fecomercio-recebe-o-premio-lideres-do-rio-2022\/#primaryimage"},"thumbnailUrl":"https:\/\/rotario.com.br\/site\/wp-content\/uploads\/2022\/12\/antonio_florencio_queiroz_junior_0.jpeg","articleSection":["Destaque","Rio de Janeiro"],"inLanguage":"pt-BR","potentialAction":[{"@type":"CommentAction","name":"Comment","target":["https:\/\/rotario.com.br\/site\/presidente-da-fecomercio-recebe-o-premio-lideres-do-rio-2022\/#respond"]}]},{"@type":"WebPage","@id":"https:\/\/rotario.com.br\/site\/presidente-da-fecomercio-recebe-o-premio-lideres-do-rio-2022\/","url":"https:\/\/rotario.com.br\/site\/presidente-da-fecomercio-recebe-o-premio-lideres-do-rio-2022\/","name":"Presidente da Fecom\u00e9rcio recebe o pr\u00eamio L\u00edderes do Rio 2022 - Rota Rio","isPartOf":{"@id":"https:\/\/rotario.com.br\/site\/#website"},"primaryImageOfPage":{"@id":"https:\/\/rotario.com.br\/site\/presidente-da-fecomercio-recebe-o-premio-lideres-do-rio-2022\/#primaryimage"},"image":{"@id":"https:\/\/rotario.com.br\/site\/presidente-da-fecomercio-recebe-o-premio-lideres-do-rio-2022\/#primaryimage"},"thumbnailUrl":"https:\/\/rotario.com.br\/site\/wp-content\/uploads\/2022\/12\/antonio_florencio_queiroz_junior_0.jpeg","datePublished":"2022-12-13T17:27:25+00:00","dateModified":"2022-12-13T17:27:26+00:00","breadcrumb":{"@id":"https:\/\/rotario.com.br\/site\/presidente-da-fecomercio-recebe-o-premio-lideres-do-rio-2022\/#breadcrumb"},"inLanguage":"pt-BR","potentialAction":[{"@type":"ReadAction","target":["https:\/\/rotario.com.br\/site\/presidente-da-fecomercio-recebe-o-premio-lideres-do-rio-2022\/"]}]},{"@type":"ImageObject","inLanguage":"pt-BR","@id":"https:\/\/rotario.com.br\/site\/presidente-da-fecomercio-recebe-o-premio-lideres-do-rio-2022\/#primaryimage","url":"https:\/\/rotario.com.br\/site\/wp-content\/uploads\/2022\/12\/antonio_florencio_queiroz_junior_0.jpeg","contentUrl":"https:\/\/rotario.com.br\/site\/wp-content\/uploads\/2022\/12\/antonio_florencio_queiroz_junior_0.jpeg","width":853,"height":1280},{"@type":"BreadcrumbList","@id":"https:\/\/rotario.com.br\/site\/presidente-da-fecomercio-recebe-o-premio-lideres-do-rio-2022\/#breadcrumb","itemListElement":[{"@type":"ListItem","position":1,"name":"In\u00edcio","item":"https:\/\/rotario.com.br\/site\/"},{"@type":"ListItem","position":2,"name":"Presidente da Fecom\u00e9rcio recebe o pr\u00eamio L\u00edderes do Rio 2022"}]},{"@type":"WebSite","@id":"https:\/\/rotario.com.br\/site\/#website","url":"https:\/\/rotario.com.br\/site\/","name":"Rota Rio","description":"Aqui, o Rio de Janeiro \u00e9 a pauta!","publisher":{"@id":"https:\/\/rotario.com.br\/site\/#organization"},"potentialAction":[{"@type":"SearchAction","target":{"@type":"EntryPoint","urlTemplate":"https:\/\/rotario.com.br\/site\/?s={search_term_string}"},"query-input":{"@type":"PropertyValueSpecification","valueRequired":true,"valueName":"search_term_string"}}],"inLanguage":"pt-BR"},{"@type":"Organization","@id":"https:\/\/rotario.com.br\/site\/#organization","name":"Rota Rio","url":"https:\/\/rotario.com.br\/site\/","logo":{"@type":"ImageObject","inLanguage":"pt-BR","@id":"https:\/\/rotario.com.br\/site\/#\/schema\/logo\/image\/","url":"https:\/\/rotario.com.br\/site\/wp-content\/uploads\/2022\/04\/cropped-ROTARIO-LOGO-Prancheta-1-1-2048x654-1.png","contentUrl":"https:\/\/rotario.com.br\/site\/wp-content\/uploads\/2022\/04\/cropped-ROTARIO-LOGO-Prancheta-1-1-2048x654-1.png","width":2048,"height":654,"caption":"Rota Rio"},"image":{"@id":"https:\/\/rotario.com.br\/site\/#\/schema\/logo\/image\/"}},{"@type":"Person","@id":"https:\/\/rotario.com.br\/site\/#\/schema\/person\/fd89bbbf4136f7e8a21e0dd67b8a66c7","name":"Galv\u00e3o","url":"https:\/\/rotario.com.br\/site\/author\/daniel\/"}]}},"_links":{"self":[{"href":"https:\/\/rotario.com.br\/site\/wp-json\/wp\/v2\/posts\/9022","targetHints":{"allow":["GET"]}}],"collection":[{"href":"https:\/\/rotario.com.br\/site\/wp-json\/wp\/v2\/posts"}],"about":[{"href":"https:\/\/rotario.com.br\/site\/wp-json\/wp\/v2\/types\/post"}],"author":[{"embeddable":true,"href":"https:\/\/rotario.com.br\/site\/wp-json\/wp\/v2\/users\/2"}],"replies":[{"embeddable":true,"href":"https:\/\/rotario.com.br\/site\/wp-json\/wp\/v2\/comments?post=9022"}],"version-history":[{"count":0,"href":"https:\/\/rotario.com.br\/site\/wp-json\/wp\/v2\/posts\/9022\/revisions"}],"wp:featuredmedia":[{"embeddable":true,"href":"https:\/\/rotario.com.br\/site\/wp-json\/wp\/v2\/media\/9023"}],"wp:attachment":[{"href":"https:\/\/rotario.com.br\/site\/wp-json\/wp\/v2\/media?parent=9022"}],"wp:term":[{"taxonomy":"category","embeddable":true,"href":"https:\/\/rotario.com.br\/site\/wp-json\/wp\/v2\/categories?post=9022"},{"taxonomy":"post_tag","embeddable":true,"href":"https:\/\/rotario.com.br\/site\/wp-json\/wp\/v2\/tags?post=9022"}],"curies":[{"name":"wp","href":"https:\/\/api.w.org\/{rel}","templated":true}]}}