{"id":9028,"date":"2022-12-13T14:31:02","date_gmt":"2022-12-13T17:31:02","guid":{"rendered":"https:\/\/rotario.com.br\/site\/?p=9028"},"modified":"2022-12-13T14:31:03","modified_gmt":"2022-12-13T17:31:03","slug":"governador-do-rj-anuncia-reajuste-salarial-de-59-para-servidores-em-fevereiro","status":"publish","type":"post","link":"https:\/\/rotario.com.br\/site\/governador-do-rj-anuncia-reajuste-salarial-de-59-para-servidores-em-fevereiro\/","title":{"rendered":"Governador do RJ anuncia reajuste salarial de 5,9% para servidores em fevereiro"},"content":{"rendered":"\n<p class=\"has-drop-cap\">O governador Cl\u00e1udio Castro anunciou na segunda-feira, dia 12, que a recomposi\u00e7\u00e3o salarial dos servidores, garantida por meio de lei aprovada na Assembleia Legislativa do Estado do Rio de Janeiro (Alerj), ser\u00e1 paga no in\u00edcio do ano que vem.<\/p>\n\n\n\n<p>A corre\u00e7\u00e3o ser\u00e1 aplicada sobre os sal\u00e1rios de janeiro, pagos em fevereiro de 2023.<\/p>\n\n\n\n<p>O percentual usado na recomposi\u00e7\u00e3o corresponde ao \u00cdndice Nacional de Pre\u00e7os ao Consumidor Amplo (IPCA) acumulado entre dezembro de 2021 e novembro de 2022, que chegou a 5,9%, de acordo com dados do Instituto Brasileiro de Geografia e Estat\u00edstica (IBGE), respons\u00e1vel pela divulga\u00e7\u00e3o do \u00edndice.<\/p>\n\n\n\n<p>&#8220;Toda vez que o estado n\u00e3o faz a recomposi\u00e7\u00e3o salarial, na pr\u00e1tica h\u00e1 uma redu\u00e7\u00e3o no sal\u00e1rio do servidor, porque houve infla\u00e7\u00e3o em todos os itens. Essa recomposi\u00e7\u00e3o \u00e9 fundamental para manter o poder de compra dele. O servidor \u00e9 muito importante para o governo e para a economia do Rio de Janeiro&#8221;, disse Cl\u00e1udio Castro.<\/p>\n\n\n\n<p>A medida vale para cerca de 384 mil servidores ativos, inativos e pensionistas.<\/p>\n\n\n\n<p>O governo estadual informou que este \u00e9 o segundo ano consecutivo em que \u00e9 feita a recomposi\u00e7\u00e3o salarial dos servidores. Nenhum reajuste era concedido desde 2014 na folha salarial. A conquista hist\u00f3rica segue as regras do Regime de Recupera\u00e7\u00e3o Fiscal.<\/p>\n\n\n\n<p>&#8220;A garantia da recomposi\u00e7\u00e3o salarial e todos os avan\u00e7os que estamos conseguindo tirar do papel devem-se ao resultado de uma gest\u00e3o respons\u00e1vel das finan\u00e7as p\u00fablicas. Al\u00e9m de diminuirmos gastos, houve muito incentivo na economia&#8221;, acrescentou o governador.<\/p>\n","protected":false},"excerpt":{"rendered":"<p>O governador Cl\u00e1udio Castro anunciou na segunda-feira, dia 12, que a recomposi\u00e7\u00e3o salarial dos servidores, garantida por meio de lei aprovada na Assembleia Legislativa do Estado do Rio de Janeiro (Alerj), ser\u00e1 paga no in\u00edcio do ano que vem. A corre\u00e7\u00e3o ser\u00e1 aplicada sobre os sal\u00e1rios de janeiro, pagos em fevereiro de 2023. O percentual [&hellip;]<\/p>\n","protected":false},"author":2,"featured_media":9029,"comment_status":"open","ping_status":"open","sticky":false,"template":"","format":"standard","meta":{"footnotes":""},"categories":[225,133],"tags":[],"class_list":["post-9028","post","type-post","status-publish","format-standard","has-post-thumbnail","hentry","category-destaque","category-rio-de-janeiro-metropolitana"],"yoast_head":"<!-- This site is optimized with the Yoast SEO plugin v26.5 - https:\/\/yoast.com\/wordpress\/plugins\/seo\/ -->\n<title>Governador do RJ anuncia reajuste salarial de 5,9% para servidores em fevereiro - Rota Rio<\/title>\n<meta name=\"robots\" content=\"index, follow, max-snippet:-1, max-image-preview:large, max-video-preview:-1\" \/>\n<link rel=\"canonical\" href=\"https:\/\/rotario.com.br\/site\/governador-do-rj-anuncia-reajuste-salarial-de-59-para-servidores-em-fevereiro\/\" \/>\n<meta property=\"og:locale\" content=\"pt_BR\" \/>\n<meta property=\"og:type\" content=\"article\" \/>\n<meta property=\"og:title\" content=\"Governador do RJ anuncia reajuste salarial de 5,9% para servidores em fevereiro - Rota Rio\" \/>\n<meta property=\"og:description\" content=\"O governador Cl\u00e1udio Castro anunciou na segunda-feira, dia 12, que a recomposi\u00e7\u00e3o salarial dos servidores, garantida por meio de lei aprovada na Assembleia Legislativa do Estado do Rio de Janeiro (Alerj), ser\u00e1 paga no in\u00edcio do ano que vem. A corre\u00e7\u00e3o ser\u00e1 aplicada sobre os sal\u00e1rios de janeiro, pagos em fevereiro de 2023. O percentual [&hellip;]\" \/>\n<meta property=\"og:url\" content=\"https:\/\/rotario.com.br\/site\/governador-do-rj-anuncia-reajuste-salarial-de-59-para-servidores-em-fevereiro\/\" \/>\n<meta property=\"og:site_name\" content=\"Rota Rio\" \/>\n<meta property=\"article:published_time\" content=\"2022-12-13T17:31:02+00:00\" \/>\n<meta property=\"article:modified_time\" content=\"2022-12-13T17:31:03+00:00\" \/>\n<meta property=\"og:image\" content=\"https:\/\/rotario.com.br\/site\/wp-content\/uploads\/2022\/12\/oioi.jpg\" \/>\n\t<meta property=\"og:image:width\" content=\"1024\" \/>\n\t<meta property=\"og:image:height\" content=\"512\" \/>\n\t<meta property=\"og:image:type\" content=\"image\/jpeg\" \/>\n<meta name=\"author\" content=\"Galv\u00e3o\" \/>\n<meta name=\"twitter:card\" content=\"summary_large_image\" \/>\n<meta name=\"twitter:label1\" content=\"Escrito por\" \/>\n\t<meta name=\"twitter:data1\" content=\"Galv\u00e3o\" \/>\n\t<meta name=\"twitter:label2\" content=\"Est. tempo de leitura\" \/>\n\t<meta name=\"twitter:data2\" content=\"2 minutos\" \/>\n<script type=\"application\/ld+json\" class=\"yoast-schema-graph\">{\"@context\":\"https:\/\/schema.org\",\"@graph\":[{\"@type\":\"Article\",\"@id\":\"https:\/\/rotario.com.br\/site\/governador-do-rj-anuncia-reajuste-salarial-de-59-para-servidores-em-fevereiro\/#article\",\"isPartOf\":{\"@id\":\"https:\/\/rotario.com.br\/site\/governador-do-rj-anuncia-reajuste-salarial-de-59-para-servidores-em-fevereiro\/\"},\"author\":{\"name\":\"Galv\u00e3o\",\"@id\":\"https:\/\/rotario.com.br\/site\/#\/schema\/person\/fd89bbbf4136f7e8a21e0dd67b8a66c7\"},\"headline\":\"Governador do RJ anuncia reajuste salarial de 5,9% para servidores em fevereiro\",\"datePublished\":\"2022-12-13T17:31:02+00:00\",\"dateModified\":\"2022-12-13T17:31:03+00:00\",\"mainEntityOfPage\":{\"@id\":\"https:\/\/rotario.com.br\/site\/governador-do-rj-anuncia-reajuste-salarial-de-59-para-servidores-em-fevereiro\/\"},\"wordCount\":272,\"commentCount\":0,\"publisher\":{\"@id\":\"https:\/\/rotario.com.br\/site\/#organization\"},\"image\":{\"@id\":\"https:\/\/rotario.com.br\/site\/governador-do-rj-anuncia-reajuste-salarial-de-59-para-servidores-em-fevereiro\/#primaryimage\"},\"thumbnailUrl\":\"https:\/\/rotario.com.br\/site\/wp-content\/uploads\/2022\/12\/oioi.jpg\",\"articleSection\":[\"Destaque\",\"Rio de Janeiro\"],\"inLanguage\":\"pt-BR\",\"potentialAction\":[{\"@type\":\"CommentAction\",\"name\":\"Comment\",\"target\":[\"https:\/\/rotario.com.br\/site\/governador-do-rj-anuncia-reajuste-salarial-de-59-para-servidores-em-fevereiro\/#respond\"]}]},{\"@type\":\"WebPage\",\"@id\":\"https:\/\/rotario.com.br\/site\/governador-do-rj-anuncia-reajuste-salarial-de-59-para-servidores-em-fevereiro\/\",\"url\":\"https:\/\/rotario.com.br\/site\/governador-do-rj-anuncia-reajuste-salarial-de-59-para-servidores-em-fevereiro\/\",\"name\":\"Governador do RJ anuncia reajuste salarial de 5,9% para servidores em fevereiro - Rota Rio\",\"isPartOf\":{\"@id\":\"https:\/\/rotario.com.br\/site\/#website\"},\"primaryImageOfPage\":{\"@id\":\"https:\/\/rotario.com.br\/site\/governador-do-rj-anuncia-reajuste-salarial-de-59-para-servidores-em-fevereiro\/#primaryimage\"},\"image\":{\"@id\":\"https:\/\/rotario.com.br\/site\/governador-do-rj-anuncia-reajuste-salarial-de-59-para-servidores-em-fevereiro\/#primaryimage\"},\"thumbnailUrl\":\"https:\/\/rotario.com.br\/site\/wp-content\/uploads\/2022\/12\/oioi.jpg\",\"datePublished\":\"2022-12-13T17:31:02+00:00\",\"dateModified\":\"2022-12-13T17:31:03+00:00\",\"breadcrumb\":{\"@id\":\"https:\/\/rotario.com.br\/site\/governador-do-rj-anuncia-reajuste-salarial-de-59-para-servidores-em-fevereiro\/#breadcrumb\"},\"inLanguage\":\"pt-BR\",\"potentialAction\":[{\"@type\":\"ReadAction\",\"target\":[\"https:\/\/rotario.com.br\/site\/governador-do-rj-anuncia-reajuste-salarial-de-59-para-servidores-em-fevereiro\/\"]}]},{\"@type\":\"ImageObject\",\"inLanguage\":\"pt-BR\",\"@id\":\"https:\/\/rotario.com.br\/site\/governador-do-rj-anuncia-reajuste-salarial-de-59-para-servidores-em-fevereiro\/#primaryimage\",\"url\":\"https:\/\/rotario.com.br\/site\/wp-content\/uploads\/2022\/12\/oioi.jpg\",\"contentUrl\":\"https:\/\/rotario.com.br\/site\/wp-content\/uploads\/2022\/12\/oioi.jpg\",\"width\":1024,\"height\":512},{\"@type\":\"BreadcrumbList\",\"@id\":\"https:\/\/rotario.com.br\/site\/governador-do-rj-anuncia-reajuste-salarial-de-59-para-servidores-em-fevereiro\/#breadcrumb\",\"itemListElement\":[{\"@type\":\"ListItem\",\"position\":1,\"name\":\"In\u00edcio\",\"item\":\"https:\/\/rotario.com.br\/site\/\"},{\"@type\":\"ListItem\",\"position\":2,\"name\":\"Governador do RJ anuncia reajuste salarial de 5,9% para servidores em fevereiro\"}]},{\"@type\":\"WebSite\",\"@id\":\"https:\/\/rotario.com.br\/site\/#website\",\"url\":\"https:\/\/rotario.com.br\/site\/\",\"name\":\"Rota Rio\",\"description\":\"Aqui, o Rio de Janeiro \u00e9 a pauta!\",\"publisher\":{\"@id\":\"https:\/\/rotario.com.br\/site\/#organization\"},\"potentialAction\":[{\"@type\":\"SearchAction\",\"target\":{\"@type\":\"EntryPoint\",\"urlTemplate\":\"https:\/\/rotario.com.br\/site\/?s={search_term_string}\"},\"query-input\":{\"@type\":\"PropertyValueSpecification\",\"valueRequired\":true,\"valueName\":\"search_term_string\"}}],\"inLanguage\":\"pt-BR\"},{\"@type\":\"Organization\",\"@id\":\"https:\/\/rotario.com.br\/site\/#organization\",\"name\":\"Rota Rio\",\"url\":\"https:\/\/rotario.com.br\/site\/\",\"logo\":{\"@type\":\"ImageObject\",\"inLanguage\":\"pt-BR\",\"@id\":\"https:\/\/rotario.com.br\/site\/#\/schema\/logo\/image\/\",\"url\":\"https:\/\/rotario.com.br\/site\/wp-content\/uploads\/2022\/04\/cropped-ROTARIO-LOGO-Prancheta-1-1-2048x654-1.png\",\"contentUrl\":\"https:\/\/rotario.com.br\/site\/wp-content\/uploads\/2022\/04\/cropped-ROTARIO-LOGO-Prancheta-1-1-2048x654-1.png\",\"width\":2048,\"height\":654,\"caption\":\"Rota Rio\"},\"image\":{\"@id\":\"https:\/\/rotario.com.br\/site\/#\/schema\/logo\/image\/\"}},{\"@type\":\"Person\",\"@id\":\"https:\/\/rotario.com.br\/site\/#\/schema\/person\/fd89bbbf4136f7e8a21e0dd67b8a66c7\",\"name\":\"Galv\u00e3o\",\"url\":\"https:\/\/rotario.com.br\/site\/author\/daniel\/\"}]}<\/script>\n<!-- \/ Yoast SEO plugin. -->","yoast_head_json":{"title":"Governador do RJ anuncia reajuste salarial de 5,9% para servidores em fevereiro - Rota Rio","robots":{"index":"index","follow":"follow","max-snippet":"max-snippet:-1","max-image-preview":"max-image-preview:large","max-video-preview":"max-video-preview:-1"},"canonical":"https:\/\/rotario.com.br\/site\/governador-do-rj-anuncia-reajuste-salarial-de-59-para-servidores-em-fevereiro\/","og_locale":"pt_BR","og_type":"article","og_title":"Governador do RJ anuncia reajuste salarial de 5,9% para servidores em fevereiro - Rota Rio","og_description":"O governador Cl\u00e1udio Castro anunciou na segunda-feira, dia 12, que a recomposi\u00e7\u00e3o salarial dos servidores, garantida por meio de lei aprovada na Assembleia Legislativa do Estado do Rio de Janeiro (Alerj), ser\u00e1 paga no in\u00edcio do ano que vem. A corre\u00e7\u00e3o ser\u00e1 aplicada sobre os sal\u00e1rios de janeiro, pagos em fevereiro de 2023. O percentual [&hellip;]","og_url":"https:\/\/rotario.com.br\/site\/governador-do-rj-anuncia-reajuste-salarial-de-59-para-servidores-em-fevereiro\/","og_site_name":"Rota Rio","article_published_time":"2022-12-13T17:31:02+00:00","article_modified_time":"2022-12-13T17:31:03+00:00","og_image":[{"width":1024,"height":512,"url":"https:\/\/rotario.com.br\/site\/wp-content\/uploads\/2022\/12\/oioi.jpg","type":"image\/jpeg"}],"author":"Galv\u00e3o","twitter_card":"summary_large_image","twitter_misc":{"Escrito por":"Galv\u00e3o","Est. tempo de leitura":"2 minutos"},"schema":{"@context":"https:\/\/schema.org","@graph":[{"@type":"Article","@id":"https:\/\/rotario.com.br\/site\/governador-do-rj-anuncia-reajuste-salarial-de-59-para-servidores-em-fevereiro\/#article","isPartOf":{"@id":"https:\/\/rotario.com.br\/site\/governador-do-rj-anuncia-reajuste-salarial-de-59-para-servidores-em-fevereiro\/"},"author":{"name":"Galv\u00e3o","@id":"https:\/\/rotario.com.br\/site\/#\/schema\/person\/fd89bbbf4136f7e8a21e0dd67b8a66c7"},"headline":"Governador do RJ anuncia reajuste salarial de 5,9% para servidores em fevereiro","datePublished":"2022-12-13T17:31:02+00:00","dateModified":"2022-12-13T17:31:03+00:00","mainEntityOfPage":{"@id":"https:\/\/rotario.com.br\/site\/governador-do-rj-anuncia-reajuste-salarial-de-59-para-servidores-em-fevereiro\/"},"wordCount":272,"commentCount":0,"publisher":{"@id":"https:\/\/rotario.com.br\/site\/#organization"},"image":{"@id":"https:\/\/rotario.com.br\/site\/governador-do-rj-anuncia-reajuste-salarial-de-59-para-servidores-em-fevereiro\/#primaryimage"},"thumbnailUrl":"https:\/\/rotario.com.br\/site\/wp-content\/uploads\/2022\/12\/oioi.jpg","articleSection":["Destaque","Rio de Janeiro"],"inLanguage":"pt-BR","potentialAction":[{"@type":"CommentAction","name":"Comment","target":["https:\/\/rotario.com.br\/site\/governador-do-rj-anuncia-reajuste-salarial-de-59-para-servidores-em-fevereiro\/#respond"]}]},{"@type":"WebPage","@id":"https:\/\/rotario.com.br\/site\/governador-do-rj-anuncia-reajuste-salarial-de-59-para-servidores-em-fevereiro\/","url":"https:\/\/rotario.com.br\/site\/governador-do-rj-anuncia-reajuste-salarial-de-59-para-servidores-em-fevereiro\/","name":"Governador do RJ anuncia reajuste salarial de 5,9% para servidores em fevereiro - Rota Rio","isPartOf":{"@id":"https:\/\/rotario.com.br\/site\/#website"},"primaryImageOfPage":{"@id":"https:\/\/rotario.com.br\/site\/governador-do-rj-anuncia-reajuste-salarial-de-59-para-servidores-em-fevereiro\/#primaryimage"},"image":{"@id":"https:\/\/rotario.com.br\/site\/governador-do-rj-anuncia-reajuste-salarial-de-59-para-servidores-em-fevereiro\/#primaryimage"},"thumbnailUrl":"https:\/\/rotario.com.br\/site\/wp-content\/uploads\/2022\/12\/oioi.jpg","datePublished":"2022-12-13T17:31:02+00:00","dateModified":"2022-12-13T17:31:03+00:00","breadcrumb":{"@id":"https:\/\/rotario.com.br\/site\/governador-do-rj-anuncia-reajuste-salarial-de-59-para-servidores-em-fevereiro\/#breadcrumb"},"inLanguage":"pt-BR","potentialAction":[{"@type":"ReadAction","target":["https:\/\/rotario.com.br\/site\/governador-do-rj-anuncia-reajuste-salarial-de-59-para-servidores-em-fevereiro\/"]}]},{"@type":"ImageObject","inLanguage":"pt-BR","@id":"https:\/\/rotario.com.br\/site\/governador-do-rj-anuncia-reajuste-salarial-de-59-para-servidores-em-fevereiro\/#primaryimage","url":"https:\/\/rotario.com.br\/site\/wp-content\/uploads\/2022\/12\/oioi.jpg","contentUrl":"https:\/\/rotario.com.br\/site\/wp-content\/uploads\/2022\/12\/oioi.jpg","width":1024,"height":512},{"@type":"BreadcrumbList","@id":"https:\/\/rotario.com.br\/site\/governador-do-rj-anuncia-reajuste-salarial-de-59-para-servidores-em-fevereiro\/#breadcrumb","itemListElement":[{"@type":"ListItem","position":1,"name":"In\u00edcio","item":"https:\/\/rotario.com.br\/site\/"},{"@type":"ListItem","position":2,"name":"Governador do RJ anuncia reajuste salarial de 5,9% para servidores em fevereiro"}]},{"@type":"WebSite","@id":"https:\/\/rotario.com.br\/site\/#website","url":"https:\/\/rotario.com.br\/site\/","name":"Rota Rio","description":"Aqui, o Rio de Janeiro \u00e9 a pauta!","publisher":{"@id":"https:\/\/rotario.com.br\/site\/#organization"},"potentialAction":[{"@type":"SearchAction","target":{"@type":"EntryPoint","urlTemplate":"https:\/\/rotario.com.br\/site\/?s={search_term_string}"},"query-input":{"@type":"PropertyValueSpecification","valueRequired":true,"valueName":"search_term_string"}}],"inLanguage":"pt-BR"},{"@type":"Organization","@id":"https:\/\/rotario.com.br\/site\/#organization","name":"Rota Rio","url":"https:\/\/rotario.com.br\/site\/","logo":{"@type":"ImageObject","inLanguage":"pt-BR","@id":"https:\/\/rotario.com.br\/site\/#\/schema\/logo\/image\/","url":"https:\/\/rotario.com.br\/site\/wp-content\/uploads\/2022\/04\/cropped-ROTARIO-LOGO-Prancheta-1-1-2048x654-1.png","contentUrl":"https:\/\/rotario.com.br\/site\/wp-content\/uploads\/2022\/04\/cropped-ROTARIO-LOGO-Prancheta-1-1-2048x654-1.png","width":2048,"height":654,"caption":"Rota Rio"},"image":{"@id":"https:\/\/rotario.com.br\/site\/#\/schema\/logo\/image\/"}},{"@type":"Person","@id":"https:\/\/rotario.com.br\/site\/#\/schema\/person\/fd89bbbf4136f7e8a21e0dd67b8a66c7","name":"Galv\u00e3o","url":"https:\/\/rotario.com.br\/site\/author\/daniel\/"}]}},"_links":{"self":[{"href":"https:\/\/rotario.com.br\/site\/wp-json\/wp\/v2\/posts\/9028","targetHints":{"allow":["GET"]}}],"collection":[{"href":"https:\/\/rotario.com.br\/site\/wp-json\/wp\/v2\/posts"}],"about":[{"href":"https:\/\/rotario.com.br\/site\/wp-json\/wp\/v2\/types\/post"}],"author":[{"embeddable":true,"href":"https:\/\/rotario.com.br\/site\/wp-json\/wp\/v2\/users\/2"}],"replies":[{"embeddable":true,"href":"https:\/\/rotario.com.br\/site\/wp-json\/wp\/v2\/comments?post=9028"}],"version-history":[{"count":0,"href":"https:\/\/rotario.com.br\/site\/wp-json\/wp\/v2\/posts\/9028\/revisions"}],"wp:featuredmedia":[{"embeddable":true,"href":"https:\/\/rotario.com.br\/site\/wp-json\/wp\/v2\/media\/9029"}],"wp:attachment":[{"href":"https:\/\/rotario.com.br\/site\/wp-json\/wp\/v2\/media?parent=9028"}],"wp:term":[{"taxonomy":"category","embeddable":true,"href":"https:\/\/rotario.com.br\/site\/wp-json\/wp\/v2\/categories?post=9028"},{"taxonomy":"post_tag","embeddable":true,"href":"https:\/\/rotario.com.br\/site\/wp-json\/wp\/v2\/tags?post=9028"}],"curies":[{"name":"wp","href":"https:\/\/api.w.org\/{rel}","templated":true}]}}