{"id":9032,"date":"2022-12-13T14:33:16","date_gmt":"2022-12-13T17:33:16","guid":{"rendered":"https:\/\/rotario.com.br\/site\/?p=9032"},"modified":"2022-12-13T14:33:17","modified_gmt":"2022-12-13T17:33:17","slug":"concurso-publico-em-friburgo-e-aprovado-pela-camara","status":"publish","type":"post","link":"https:\/\/rotario.com.br\/site\/concurso-publico-em-friburgo-e-aprovado-pela-camara\/","title":{"rendered":"\u00a0Concurso p\u00fablico em Friburgo \u00e9 aprovado pela C\u00e2mara"},"content":{"rendered":"\n<p class=\"has-drop-cap\">A C\u00e2mara Municipal de Vereadores de Nova Friburgo, na Regi\u00e3o Serrana do Rio, aprovou nessa ter\u00e7a-feira, dia 6, a abertura de um concurso p\u00fablico para o munic\u00edpio.<\/p>\n\n\n\n<p>Por unanimidade, os 13 parlamentares que participaram da vota\u00e7\u00e3o decidiram aceitar o Projeto de Lei Complementar enviado pelo Executivo no m\u00eas de agosto deste ano, segundo a C\u00e2mara.<\/p>\n\n\n\n<p>No projeto, consta a oferta de 2.968 vagas para novos servidores municipais, por meio de prova, com data ainda a ser definida.<\/p>\n\n\n\n<p>A pr\u00f3xima etapa ser\u00e1 a san\u00e7\u00e3o e elabora\u00e7\u00e3o de edital do concurso pelo governo municipal.<\/p>\n\n\n\n<p>Ainda ser\u00e1 preciso escolher uma banca organizadora, que ser\u00e1 respons\u00e1vel pela aplica\u00e7\u00e3o das provas. Ap\u00f3s este procedimento, poder\u00e1 ser confirmada a data de publica\u00e7\u00e3o do edital de abertura das inscri\u00e7\u00f5es.<\/p>\n\n\n\n<p>De acordo com a C\u00e2mara, para esse tipo de projeto de lei eram necess\u00e1rios 11 votos a favor. Sendo assim, a alto n\u00famero de absten\u00e7\u00f5es n\u00e3o impediu a aprova\u00e7\u00e3o da abertura do concurso.<\/p>\n\n\n\n<p><strong>Novos servidores<\/strong><\/p>\n\n\n\n<p>O projeto para a cria\u00e7\u00e3o de um novo concurso p\u00fablico na cidade foi encaminhado \u00e0 C\u00e2mara no dia 11 de agosto. Na ocasi\u00e3o, o prefeito Johnny Maycon (Republicanos) postou um v\u00eddeo em suas redes sociais falando sobre o certame:<\/p>\n\n\n\n<p>\u201c\u00c9 uma necessidade aqui do munic\u00edpio de muito tempo. O pr\u00f3ximo passo \u00e9 contratar a banca e a expectativa \u00e9 de que muito em breve a gente vai ter esse concurso. Aproveito para incentivar a cada um de voc\u00eas a estudarem.\u201d<\/p>\n\n\n\n<p>Nesta quinta-feira, 8, a prefeitura informou que &#8220;como a delibera\u00e7\u00e3o parlamentar aconteceu na noite da \u00faltima ter\u00e7a-feira, 6, a lei aprovada ainda n\u00e3o retornou para a san\u00e7\u00e3o do prefeito, que ter\u00e1 at\u00e9 15 dias para sancionar e publicar a referida lei autorizativa&#8221;. Ap\u00f3s esse procedimento, o munic\u00edpio poder\u00e1 avan\u00e7ar com o processo de contrata\u00e7\u00e3o da banca organizadora, que ser\u00e1 respons\u00e1vel pela defini\u00e7\u00e3o de detalhes do concurso, como a data da prova e o valor da inscri\u00e7\u00e3o.<\/p>\n\n\n\n<p>O \u00faltimo concurso p\u00fablico feito pela Prefeitura de Nova Friburgo ocorreu em 2015, com uma oferta de 868 vagas.<\/p>\n","protected":false},"excerpt":{"rendered":"<p>A C\u00e2mara Municipal de Vereadores de Nova Friburgo, na Regi\u00e3o Serrana do Rio, aprovou nessa ter\u00e7a-feira, dia 6, a abertura de um concurso p\u00fablico para o munic\u00edpio. Por unanimidade, os 13 parlamentares que participaram da vota\u00e7\u00e3o decidiram aceitar o Projeto de Lei Complementar enviado pelo Executivo no m\u00eas de agosto deste ano, segundo a C\u00e2mara. [&hellip;]<\/p>\n","protected":false},"author":2,"featured_media":9033,"comment_status":"open","ping_status":"open","sticky":false,"template":"","format":"standard","meta":{"footnotes":""},"categories":[225,38],"tags":[],"class_list":["post-9032","post","type-post","status-publish","format-standard","has-post-thumbnail","hentry","category-destaque","category-nova-friburgo"],"yoast_head":"<!-- This site is optimized with the Yoast SEO plugin v26.5 - https:\/\/yoast.com\/wordpress\/plugins\/seo\/ -->\n<title>\u00a0Concurso p\u00fablico em Friburgo \u00e9 aprovado pela C\u00e2mara - Rota Rio<\/title>\n<meta name=\"robots\" content=\"index, follow, max-snippet:-1, max-image-preview:large, max-video-preview:-1\" \/>\n<link rel=\"canonical\" href=\"https:\/\/rotario.com.br\/site\/concurso-publico-em-friburgo-e-aprovado-pela-camara\/\" \/>\n<meta property=\"og:locale\" content=\"pt_BR\" \/>\n<meta property=\"og:type\" content=\"article\" \/>\n<meta property=\"og:title\" content=\"\u00a0Concurso p\u00fablico em Friburgo \u00e9 aprovado pela C\u00e2mara - Rota Rio\" \/>\n<meta property=\"og:description\" content=\"A C\u00e2mara Municipal de Vereadores de Nova Friburgo, na Regi\u00e3o Serrana do Rio, aprovou nessa ter\u00e7a-feira, dia 6, a abertura de um concurso p\u00fablico para o munic\u00edpio. Por unanimidade, os 13 parlamentares que participaram da vota\u00e7\u00e3o decidiram aceitar o Projeto de Lei Complementar enviado pelo Executivo no m\u00eas de agosto deste ano, segundo a C\u00e2mara. [&hellip;]\" \/>\n<meta property=\"og:url\" content=\"https:\/\/rotario.com.br\/site\/concurso-publico-em-friburgo-e-aprovado-pela-camara\/\" \/>\n<meta property=\"og:site_name\" content=\"Rota Rio\" \/>\n<meta property=\"article:published_time\" content=\"2022-12-13T17:33:16+00:00\" \/>\n<meta property=\"article:modified_time\" content=\"2022-12-13T17:33:17+00:00\" \/>\n<meta property=\"og:image\" content=\"https:\/\/rotario.com.br\/site\/wp-content\/uploads\/2022\/12\/prnf.jpg\" \/>\n\t<meta property=\"og:image:width\" content=\"1024\" \/>\n\t<meta property=\"og:image:height\" content=\"512\" \/>\n\t<meta property=\"og:image:type\" content=\"image\/jpeg\" \/>\n<meta name=\"author\" content=\"Galv\u00e3o\" \/>\n<meta name=\"twitter:card\" content=\"summary_large_image\" \/>\n<meta name=\"twitter:label1\" content=\"Escrito por\" \/>\n\t<meta name=\"twitter:data1\" content=\"Galv\u00e3o\" \/>\n\t<meta name=\"twitter:label2\" content=\"Est. tempo de leitura\" \/>\n\t<meta name=\"twitter:data2\" content=\"2 minutos\" \/>\n<script type=\"application\/ld+json\" class=\"yoast-schema-graph\">{\"@context\":\"https:\/\/schema.org\",\"@graph\":[{\"@type\":\"Article\",\"@id\":\"https:\/\/rotario.com.br\/site\/concurso-publico-em-friburgo-e-aprovado-pela-camara\/#article\",\"isPartOf\":{\"@id\":\"https:\/\/rotario.com.br\/site\/concurso-publico-em-friburgo-e-aprovado-pela-camara\/\"},\"author\":{\"name\":\"Galv\u00e3o\",\"@id\":\"https:\/\/rotario.com.br\/site\/#\/schema\/person\/fd89bbbf4136f7e8a21e0dd67b8a66c7\"},\"headline\":\"\u00a0Concurso p\u00fablico em Friburgo \u00e9 aprovado pela C\u00e2mara\",\"datePublished\":\"2022-12-13T17:33:16+00:00\",\"dateModified\":\"2022-12-13T17:33:17+00:00\",\"mainEntityOfPage\":{\"@id\":\"https:\/\/rotario.com.br\/site\/concurso-publico-em-friburgo-e-aprovado-pela-camara\/\"},\"wordCount\":369,\"commentCount\":0,\"publisher\":{\"@id\":\"https:\/\/rotario.com.br\/site\/#organization\"},\"image\":{\"@id\":\"https:\/\/rotario.com.br\/site\/concurso-publico-em-friburgo-e-aprovado-pela-camara\/#primaryimage\"},\"thumbnailUrl\":\"https:\/\/rotario.com.br\/site\/wp-content\/uploads\/2022\/12\/prnf.jpg\",\"articleSection\":[\"Destaque\",\"Nova Friburgo\"],\"inLanguage\":\"pt-BR\",\"potentialAction\":[{\"@type\":\"CommentAction\",\"name\":\"Comment\",\"target\":[\"https:\/\/rotario.com.br\/site\/concurso-publico-em-friburgo-e-aprovado-pela-camara\/#respond\"]}]},{\"@type\":\"WebPage\",\"@id\":\"https:\/\/rotario.com.br\/site\/concurso-publico-em-friburgo-e-aprovado-pela-camara\/\",\"url\":\"https:\/\/rotario.com.br\/site\/concurso-publico-em-friburgo-e-aprovado-pela-camara\/\",\"name\":\"\u00a0Concurso p\u00fablico em Friburgo \u00e9 aprovado pela C\u00e2mara - Rota Rio\",\"isPartOf\":{\"@id\":\"https:\/\/rotario.com.br\/site\/#website\"},\"primaryImageOfPage\":{\"@id\":\"https:\/\/rotario.com.br\/site\/concurso-publico-em-friburgo-e-aprovado-pela-camara\/#primaryimage\"},\"image\":{\"@id\":\"https:\/\/rotario.com.br\/site\/concurso-publico-em-friburgo-e-aprovado-pela-camara\/#primaryimage\"},\"thumbnailUrl\":\"https:\/\/rotario.com.br\/site\/wp-content\/uploads\/2022\/12\/prnf.jpg\",\"datePublished\":\"2022-12-13T17:33:16+00:00\",\"dateModified\":\"2022-12-13T17:33:17+00:00\",\"breadcrumb\":{\"@id\":\"https:\/\/rotario.com.br\/site\/concurso-publico-em-friburgo-e-aprovado-pela-camara\/#breadcrumb\"},\"inLanguage\":\"pt-BR\",\"potentialAction\":[{\"@type\":\"ReadAction\",\"target\":[\"https:\/\/rotario.com.br\/site\/concurso-publico-em-friburgo-e-aprovado-pela-camara\/\"]}]},{\"@type\":\"ImageObject\",\"inLanguage\":\"pt-BR\",\"@id\":\"https:\/\/rotario.com.br\/site\/concurso-publico-em-friburgo-e-aprovado-pela-camara\/#primaryimage\",\"url\":\"https:\/\/rotario.com.br\/site\/wp-content\/uploads\/2022\/12\/prnf.jpg\",\"contentUrl\":\"https:\/\/rotario.com.br\/site\/wp-content\/uploads\/2022\/12\/prnf.jpg\",\"width\":1024,\"height\":512},{\"@type\":\"BreadcrumbList\",\"@id\":\"https:\/\/rotario.com.br\/site\/concurso-publico-em-friburgo-e-aprovado-pela-camara\/#breadcrumb\",\"itemListElement\":[{\"@type\":\"ListItem\",\"position\":1,\"name\":\"In\u00edcio\",\"item\":\"https:\/\/rotario.com.br\/site\/\"},{\"@type\":\"ListItem\",\"position\":2,\"name\":\"\u00a0Concurso p\u00fablico em Friburgo \u00e9 aprovado pela C\u00e2mara\"}]},{\"@type\":\"WebSite\",\"@id\":\"https:\/\/rotario.com.br\/site\/#website\",\"url\":\"https:\/\/rotario.com.br\/site\/\",\"name\":\"Rota Rio\",\"description\":\"Aqui, o Rio de Janeiro \u00e9 a pauta!\",\"publisher\":{\"@id\":\"https:\/\/rotario.com.br\/site\/#organization\"},\"potentialAction\":[{\"@type\":\"SearchAction\",\"target\":{\"@type\":\"EntryPoint\",\"urlTemplate\":\"https:\/\/rotario.com.br\/site\/?s={search_term_string}\"},\"query-input\":{\"@type\":\"PropertyValueSpecification\",\"valueRequired\":true,\"valueName\":\"search_term_string\"}}],\"inLanguage\":\"pt-BR\"},{\"@type\":\"Organization\",\"@id\":\"https:\/\/rotario.com.br\/site\/#organization\",\"name\":\"Rota Rio\",\"url\":\"https:\/\/rotario.com.br\/site\/\",\"logo\":{\"@type\":\"ImageObject\",\"inLanguage\":\"pt-BR\",\"@id\":\"https:\/\/rotario.com.br\/site\/#\/schema\/logo\/image\/\",\"url\":\"https:\/\/rotario.com.br\/site\/wp-content\/uploads\/2022\/04\/cropped-ROTARIO-LOGO-Prancheta-1-1-2048x654-1.png\",\"contentUrl\":\"https:\/\/rotario.com.br\/site\/wp-content\/uploads\/2022\/04\/cropped-ROTARIO-LOGO-Prancheta-1-1-2048x654-1.png\",\"width\":2048,\"height\":654,\"caption\":\"Rota Rio\"},\"image\":{\"@id\":\"https:\/\/rotario.com.br\/site\/#\/schema\/logo\/image\/\"}},{\"@type\":\"Person\",\"@id\":\"https:\/\/rotario.com.br\/site\/#\/schema\/person\/fd89bbbf4136f7e8a21e0dd67b8a66c7\",\"name\":\"Galv\u00e3o\",\"url\":\"https:\/\/rotario.com.br\/site\/author\/daniel\/\"}]}<\/script>\n<!-- \/ Yoast SEO plugin. -->","yoast_head_json":{"title":"\u00a0Concurso p\u00fablico em Friburgo \u00e9 aprovado pela C\u00e2mara - Rota Rio","robots":{"index":"index","follow":"follow","max-snippet":"max-snippet:-1","max-image-preview":"max-image-preview:large","max-video-preview":"max-video-preview:-1"},"canonical":"https:\/\/rotario.com.br\/site\/concurso-publico-em-friburgo-e-aprovado-pela-camara\/","og_locale":"pt_BR","og_type":"article","og_title":"\u00a0Concurso p\u00fablico em Friburgo \u00e9 aprovado pela C\u00e2mara - Rota Rio","og_description":"A C\u00e2mara Municipal de Vereadores de Nova Friburgo, na Regi\u00e3o Serrana do Rio, aprovou nessa ter\u00e7a-feira, dia 6, a abertura de um concurso p\u00fablico para o munic\u00edpio. Por unanimidade, os 13 parlamentares que participaram da vota\u00e7\u00e3o decidiram aceitar o Projeto de Lei Complementar enviado pelo Executivo no m\u00eas de agosto deste ano, segundo a C\u00e2mara. [&hellip;]","og_url":"https:\/\/rotario.com.br\/site\/concurso-publico-em-friburgo-e-aprovado-pela-camara\/","og_site_name":"Rota Rio","article_published_time":"2022-12-13T17:33:16+00:00","article_modified_time":"2022-12-13T17:33:17+00:00","og_image":[{"width":1024,"height":512,"url":"https:\/\/rotario.com.br\/site\/wp-content\/uploads\/2022\/12\/prnf.jpg","type":"image\/jpeg"}],"author":"Galv\u00e3o","twitter_card":"summary_large_image","twitter_misc":{"Escrito por":"Galv\u00e3o","Est. tempo de leitura":"2 minutos"},"schema":{"@context":"https:\/\/schema.org","@graph":[{"@type":"Article","@id":"https:\/\/rotario.com.br\/site\/concurso-publico-em-friburgo-e-aprovado-pela-camara\/#article","isPartOf":{"@id":"https:\/\/rotario.com.br\/site\/concurso-publico-em-friburgo-e-aprovado-pela-camara\/"},"author":{"name":"Galv\u00e3o","@id":"https:\/\/rotario.com.br\/site\/#\/schema\/person\/fd89bbbf4136f7e8a21e0dd67b8a66c7"},"headline":"\u00a0Concurso p\u00fablico em Friburgo \u00e9 aprovado pela C\u00e2mara","datePublished":"2022-12-13T17:33:16+00:00","dateModified":"2022-12-13T17:33:17+00:00","mainEntityOfPage":{"@id":"https:\/\/rotario.com.br\/site\/concurso-publico-em-friburgo-e-aprovado-pela-camara\/"},"wordCount":369,"commentCount":0,"publisher":{"@id":"https:\/\/rotario.com.br\/site\/#organization"},"image":{"@id":"https:\/\/rotario.com.br\/site\/concurso-publico-em-friburgo-e-aprovado-pela-camara\/#primaryimage"},"thumbnailUrl":"https:\/\/rotario.com.br\/site\/wp-content\/uploads\/2022\/12\/prnf.jpg","articleSection":["Destaque","Nova Friburgo"],"inLanguage":"pt-BR","potentialAction":[{"@type":"CommentAction","name":"Comment","target":["https:\/\/rotario.com.br\/site\/concurso-publico-em-friburgo-e-aprovado-pela-camara\/#respond"]}]},{"@type":"WebPage","@id":"https:\/\/rotario.com.br\/site\/concurso-publico-em-friburgo-e-aprovado-pela-camara\/","url":"https:\/\/rotario.com.br\/site\/concurso-publico-em-friburgo-e-aprovado-pela-camara\/","name":"\u00a0Concurso p\u00fablico em Friburgo \u00e9 aprovado pela C\u00e2mara - Rota Rio","isPartOf":{"@id":"https:\/\/rotario.com.br\/site\/#website"},"primaryImageOfPage":{"@id":"https:\/\/rotario.com.br\/site\/concurso-publico-em-friburgo-e-aprovado-pela-camara\/#primaryimage"},"image":{"@id":"https:\/\/rotario.com.br\/site\/concurso-publico-em-friburgo-e-aprovado-pela-camara\/#primaryimage"},"thumbnailUrl":"https:\/\/rotario.com.br\/site\/wp-content\/uploads\/2022\/12\/prnf.jpg","datePublished":"2022-12-13T17:33:16+00:00","dateModified":"2022-12-13T17:33:17+00:00","breadcrumb":{"@id":"https:\/\/rotario.com.br\/site\/concurso-publico-em-friburgo-e-aprovado-pela-camara\/#breadcrumb"},"inLanguage":"pt-BR","potentialAction":[{"@type":"ReadAction","target":["https:\/\/rotario.com.br\/site\/concurso-publico-em-friburgo-e-aprovado-pela-camara\/"]}]},{"@type":"ImageObject","inLanguage":"pt-BR","@id":"https:\/\/rotario.com.br\/site\/concurso-publico-em-friburgo-e-aprovado-pela-camara\/#primaryimage","url":"https:\/\/rotario.com.br\/site\/wp-content\/uploads\/2022\/12\/prnf.jpg","contentUrl":"https:\/\/rotario.com.br\/site\/wp-content\/uploads\/2022\/12\/prnf.jpg","width":1024,"height":512},{"@type":"BreadcrumbList","@id":"https:\/\/rotario.com.br\/site\/concurso-publico-em-friburgo-e-aprovado-pela-camara\/#breadcrumb","itemListElement":[{"@type":"ListItem","position":1,"name":"In\u00edcio","item":"https:\/\/rotario.com.br\/site\/"},{"@type":"ListItem","position":2,"name":"\u00a0Concurso p\u00fablico em Friburgo \u00e9 aprovado pela C\u00e2mara"}]},{"@type":"WebSite","@id":"https:\/\/rotario.com.br\/site\/#website","url":"https:\/\/rotario.com.br\/site\/","name":"Rota Rio","description":"Aqui, o Rio de Janeiro \u00e9 a pauta!","publisher":{"@id":"https:\/\/rotario.com.br\/site\/#organization"},"potentialAction":[{"@type":"SearchAction","target":{"@type":"EntryPoint","urlTemplate":"https:\/\/rotario.com.br\/site\/?s={search_term_string}"},"query-input":{"@type":"PropertyValueSpecification","valueRequired":true,"valueName":"search_term_string"}}],"inLanguage":"pt-BR"},{"@type":"Organization","@id":"https:\/\/rotario.com.br\/site\/#organization","name":"Rota Rio","url":"https:\/\/rotario.com.br\/site\/","logo":{"@type":"ImageObject","inLanguage":"pt-BR","@id":"https:\/\/rotario.com.br\/site\/#\/schema\/logo\/image\/","url":"https:\/\/rotario.com.br\/site\/wp-content\/uploads\/2022\/04\/cropped-ROTARIO-LOGO-Prancheta-1-1-2048x654-1.png","contentUrl":"https:\/\/rotario.com.br\/site\/wp-content\/uploads\/2022\/04\/cropped-ROTARIO-LOGO-Prancheta-1-1-2048x654-1.png","width":2048,"height":654,"caption":"Rota Rio"},"image":{"@id":"https:\/\/rotario.com.br\/site\/#\/schema\/logo\/image\/"}},{"@type":"Person","@id":"https:\/\/rotario.com.br\/site\/#\/schema\/person\/fd89bbbf4136f7e8a21e0dd67b8a66c7","name":"Galv\u00e3o","url":"https:\/\/rotario.com.br\/site\/author\/daniel\/"}]}},"_links":{"self":[{"href":"https:\/\/rotario.com.br\/site\/wp-json\/wp\/v2\/posts\/9032","targetHints":{"allow":["GET"]}}],"collection":[{"href":"https:\/\/rotario.com.br\/site\/wp-json\/wp\/v2\/posts"}],"about":[{"href":"https:\/\/rotario.com.br\/site\/wp-json\/wp\/v2\/types\/post"}],"author":[{"embeddable":true,"href":"https:\/\/rotario.com.br\/site\/wp-json\/wp\/v2\/users\/2"}],"replies":[{"embeddable":true,"href":"https:\/\/rotario.com.br\/site\/wp-json\/wp\/v2\/comments?post=9032"}],"version-history":[{"count":0,"href":"https:\/\/rotario.com.br\/site\/wp-json\/wp\/v2\/posts\/9032\/revisions"}],"wp:featuredmedia":[{"embeddable":true,"href":"https:\/\/rotario.com.br\/site\/wp-json\/wp\/v2\/media\/9033"}],"wp:attachment":[{"href":"https:\/\/rotario.com.br\/site\/wp-json\/wp\/v2\/media?parent=9032"}],"wp:term":[{"taxonomy":"category","embeddable":true,"href":"https:\/\/rotario.com.br\/site\/wp-json\/wp\/v2\/categories?post=9032"},{"taxonomy":"post_tag","embeddable":true,"href":"https:\/\/rotario.com.br\/site\/wp-json\/wp\/v2\/tags?post=9032"}],"curies":[{"name":"wp","href":"https:\/\/api.w.org\/{rel}","templated":true}]}}