{"id":9035,"date":"2022-12-13T14:35:45","date_gmt":"2022-12-13T17:35:45","guid":{"rendered":"https:\/\/rotario.com.br\/site\/?p=9035"},"modified":"2022-12-13T14:35:47","modified_gmt":"2022-12-13T17:35:47","slug":"bandeira-azul-e-hasteada-pela-quinta-vez-na-praia-do-pero-em-cabo-frio","status":"publish","type":"post","link":"https:\/\/rotario.com.br\/site\/bandeira-azul-e-hasteada-pela-quinta-vez-na-praia-do-pero-em-cabo-frio\/","title":{"rendered":"Bandeira Azul \u00e9 hasteada pela quinta vez na Praia do Per\u00f3, em Cabo Frio"},"content":{"rendered":"\n<p class=\"has-drop-cap\">Pela quinta vez consecutiva, a Bandeira Azul foi erguida na Praia do Per\u00f3, em Cabo Frio. A cerim\u00f4nia foi realizada na manh\u00e3 desta segunda-feira (12) e contou com a presen\u00e7a do prefeito Jos\u00e9 Bonif\u00e1cio, secret\u00e1rios municipais e vereadores. A premia\u00e7\u00e3o internacional \u00e9 dedicada ao reconhecimento da gest\u00e3o sustent\u00e1vel de praias, marinas e embarca\u00e7\u00f5es de turismo, e ficar\u00e1 exposta na praia at\u00e9 o final do ano de 2023.<\/p>\n\n\n\n<p>Para ganhar o cobi\u00e7ado certificado internacional, \u00e9 preciso que as praias e marinas candidatas cumpram 34 crit\u00e9rios espec\u00edficos de qualidade da \u00e1gua, seguran\u00e7a, gest\u00e3o, educa\u00e7\u00e3o ambiental e servi\u00e7os de turismo sustent\u00e1vel. Todos precisam ser comprovados anualmente para que a bandeira permane\u00e7a hasteada.<\/p>\n\n\n\n<p>O principal objetivo do s\u00edmbolo \u00e9 conscientizar a sociedade quanto \u00e0 necessidade de proteger ambientes marinhos e costeiros, incentivando a realiza\u00e7\u00e3o de a\u00e7\u00f5es com foco em qualidade e prote\u00e7\u00e3o ambiental. De acordo com o prefeito Jos\u00e9 Bonif\u00e1cio, o selo \u00e9 fruto de uma conquista n\u00e3o s\u00f3 do poder p\u00fablico, mas da sociedade civil organizada.<\/p>\n\n\n\n<p>\u201c\u00c9 muito importante que a gente continue neste empenho para hastear a Bandeira Azul, mas essa conquista \u00e9 fruto do trabalho iniciado pelos Amigos do Per\u00f3, que sempre lutaram por este momento. Estamos mais uma vez consolidando este compromisso para que a gente continue com a bandeira hasteada aqui, na Praia do Per\u00f3, e que possamos estender para outros locais. Dependemos sempre tamb\u00e9m da conscientiza\u00e7\u00e3o da sociedade para que este selo continue sendo aprovado\u201d, afirmou o prefeito Jos\u00e9 Bonif\u00e1cio.<\/p>\n\n\n\n<p>Ao longo dos anos, a Bandeira Azul tornou-se um r\u00f3tulo ecol\u00f3gico altamente respeitado e reconhecido, trabalhando para reunir os setores de turismo e meio ambiente de maneira local, regional e internacional. O certificado foi criado pela FEE (Foundation for Environmental Education), que \u00e9 uma institui\u00e7\u00e3o internacional com diversos integrantes representando seus respectivos pa\u00edses.<\/p>\n\n\n\n<p>Folha dos Lagos<\/p>\n","protected":false},"excerpt":{"rendered":"<p>Pela quinta vez consecutiva, a Bandeira Azul foi erguida na Praia do Per\u00f3, em Cabo Frio. A cerim\u00f4nia foi realizada na manh\u00e3 desta segunda-feira (12) e contou com a presen\u00e7a do prefeito Jos\u00e9 Bonif\u00e1cio, secret\u00e1rios municipais e vereadores. A premia\u00e7\u00e3o internacional \u00e9 dedicada ao reconhecimento da gest\u00e3o sustent\u00e1vel de praias, marinas e embarca\u00e7\u00f5es de turismo, [&hellip;]<\/p>\n","protected":false},"author":2,"featured_media":9036,"comment_status":"open","ping_status":"open","sticky":false,"template":"","format":"standard","meta":{"footnotes":""},"categories":[31,225],"tags":[],"class_list":["post-9035","post","type-post","status-publish","format-standard","has-post-thumbnail","hentry","category-cabo-frio","category-destaque"],"yoast_head":"<!-- This site is optimized with the Yoast SEO plugin v26.5 - https:\/\/yoast.com\/wordpress\/plugins\/seo\/ -->\n<title>Bandeira Azul \u00e9 hasteada pela quinta vez na Praia do Per\u00f3, em Cabo Frio - Rota Rio<\/title>\n<meta name=\"robots\" content=\"index, follow, max-snippet:-1, max-image-preview:large, max-video-preview:-1\" \/>\n<link rel=\"canonical\" href=\"https:\/\/rotario.com.br\/site\/bandeira-azul-e-hasteada-pela-quinta-vez-na-praia-do-pero-em-cabo-frio\/\" \/>\n<meta property=\"og:locale\" content=\"pt_BR\" \/>\n<meta property=\"og:type\" content=\"article\" \/>\n<meta property=\"og:title\" content=\"Bandeira Azul \u00e9 hasteada pela quinta vez na Praia do Per\u00f3, em Cabo Frio - Rota Rio\" \/>\n<meta property=\"og:description\" content=\"Pela quinta vez consecutiva, a Bandeira Azul foi erguida na Praia do Per\u00f3, em Cabo Frio. A cerim\u00f4nia foi realizada na manh\u00e3 desta segunda-feira (12) e contou com a presen\u00e7a do prefeito Jos\u00e9 Bonif\u00e1cio, secret\u00e1rios municipais e vereadores. A premia\u00e7\u00e3o internacional \u00e9 dedicada ao reconhecimento da gest\u00e3o sustent\u00e1vel de praias, marinas e embarca\u00e7\u00f5es de turismo, [&hellip;]\" \/>\n<meta property=\"og:url\" content=\"https:\/\/rotario.com.br\/site\/bandeira-azul-e-hasteada-pela-quinta-vez-na-praia-do-pero-em-cabo-frio\/\" \/>\n<meta property=\"og:site_name\" content=\"Rota Rio\" \/>\n<meta property=\"article:published_time\" content=\"2022-12-13T17:35:45+00:00\" \/>\n<meta property=\"article:modified_time\" content=\"2022-12-13T17:35:47+00:00\" \/>\n<meta property=\"og:image\" content=\"https:\/\/rotario.com.br\/site\/wp-content\/uploads\/2022\/12\/imagemjpeg-2.jpg\" \/>\n\t<meta property=\"og:image:width\" content=\"600\" \/>\n\t<meta property=\"og:image:height\" content=\"320\" \/>\n\t<meta property=\"og:image:type\" content=\"image\/jpeg\" \/>\n<meta name=\"author\" content=\"Galv\u00e3o\" \/>\n<meta name=\"twitter:card\" content=\"summary_large_image\" \/>\n<meta name=\"twitter:label1\" content=\"Escrito por\" \/>\n\t<meta name=\"twitter:data1\" content=\"Galv\u00e3o\" \/>\n\t<meta name=\"twitter:label2\" content=\"Est. tempo de leitura\" \/>\n\t<meta name=\"twitter:data2\" content=\"2 minutos\" \/>\n<script type=\"application\/ld+json\" class=\"yoast-schema-graph\">{\"@context\":\"https:\/\/schema.org\",\"@graph\":[{\"@type\":\"Article\",\"@id\":\"https:\/\/rotario.com.br\/site\/bandeira-azul-e-hasteada-pela-quinta-vez-na-praia-do-pero-em-cabo-frio\/#article\",\"isPartOf\":{\"@id\":\"https:\/\/rotario.com.br\/site\/bandeira-azul-e-hasteada-pela-quinta-vez-na-praia-do-pero-em-cabo-frio\/\"},\"author\":{\"name\":\"Galv\u00e3o\",\"@id\":\"https:\/\/rotario.com.br\/site\/#\/schema\/person\/fd89bbbf4136f7e8a21e0dd67b8a66c7\"},\"headline\":\"Bandeira Azul \u00e9 hasteada pela quinta vez na Praia do Per\u00f3, em Cabo Frio\",\"datePublished\":\"2022-12-13T17:35:45+00:00\",\"dateModified\":\"2022-12-13T17:35:47+00:00\",\"mainEntityOfPage\":{\"@id\":\"https:\/\/rotario.com.br\/site\/bandeira-azul-e-hasteada-pela-quinta-vez-na-praia-do-pero-em-cabo-frio\/\"},\"wordCount\":331,\"commentCount\":0,\"publisher\":{\"@id\":\"https:\/\/rotario.com.br\/site\/#organization\"},\"image\":{\"@id\":\"https:\/\/rotario.com.br\/site\/bandeira-azul-e-hasteada-pela-quinta-vez-na-praia-do-pero-em-cabo-frio\/#primaryimage\"},\"thumbnailUrl\":\"https:\/\/rotario.com.br\/site\/wp-content\/uploads\/2022\/12\/imagemjpeg-2.jpg\",\"articleSection\":[\"Cabo Frio\",\"Destaque\"],\"inLanguage\":\"pt-BR\",\"potentialAction\":[{\"@type\":\"CommentAction\",\"name\":\"Comment\",\"target\":[\"https:\/\/rotario.com.br\/site\/bandeira-azul-e-hasteada-pela-quinta-vez-na-praia-do-pero-em-cabo-frio\/#respond\"]}]},{\"@type\":\"WebPage\",\"@id\":\"https:\/\/rotario.com.br\/site\/bandeira-azul-e-hasteada-pela-quinta-vez-na-praia-do-pero-em-cabo-frio\/\",\"url\":\"https:\/\/rotario.com.br\/site\/bandeira-azul-e-hasteada-pela-quinta-vez-na-praia-do-pero-em-cabo-frio\/\",\"name\":\"Bandeira Azul \u00e9 hasteada pela quinta vez na Praia do Per\u00f3, em Cabo Frio - Rota Rio\",\"isPartOf\":{\"@id\":\"https:\/\/rotario.com.br\/site\/#website\"},\"primaryImageOfPage\":{\"@id\":\"https:\/\/rotario.com.br\/site\/bandeira-azul-e-hasteada-pela-quinta-vez-na-praia-do-pero-em-cabo-frio\/#primaryimage\"},\"image\":{\"@id\":\"https:\/\/rotario.com.br\/site\/bandeira-azul-e-hasteada-pela-quinta-vez-na-praia-do-pero-em-cabo-frio\/#primaryimage\"},\"thumbnailUrl\":\"https:\/\/rotario.com.br\/site\/wp-content\/uploads\/2022\/12\/imagemjpeg-2.jpg\",\"datePublished\":\"2022-12-13T17:35:45+00:00\",\"dateModified\":\"2022-12-13T17:35:47+00:00\",\"breadcrumb\":{\"@id\":\"https:\/\/rotario.com.br\/site\/bandeira-azul-e-hasteada-pela-quinta-vez-na-praia-do-pero-em-cabo-frio\/#breadcrumb\"},\"inLanguage\":\"pt-BR\",\"potentialAction\":[{\"@type\":\"ReadAction\",\"target\":[\"https:\/\/rotario.com.br\/site\/bandeira-azul-e-hasteada-pela-quinta-vez-na-praia-do-pero-em-cabo-frio\/\"]}]},{\"@type\":\"ImageObject\",\"inLanguage\":\"pt-BR\",\"@id\":\"https:\/\/rotario.com.br\/site\/bandeira-azul-e-hasteada-pela-quinta-vez-na-praia-do-pero-em-cabo-frio\/#primaryimage\",\"url\":\"https:\/\/rotario.com.br\/site\/wp-content\/uploads\/2022\/12\/imagemjpeg-2.jpg\",\"contentUrl\":\"https:\/\/rotario.com.br\/site\/wp-content\/uploads\/2022\/12\/imagemjpeg-2.jpg\",\"width\":600,\"height\":320},{\"@type\":\"BreadcrumbList\",\"@id\":\"https:\/\/rotario.com.br\/site\/bandeira-azul-e-hasteada-pela-quinta-vez-na-praia-do-pero-em-cabo-frio\/#breadcrumb\",\"itemListElement\":[{\"@type\":\"ListItem\",\"position\":1,\"name\":\"In\u00edcio\",\"item\":\"https:\/\/rotario.com.br\/site\/\"},{\"@type\":\"ListItem\",\"position\":2,\"name\":\"Bandeira Azul \u00e9 hasteada pela quinta vez na Praia do Per\u00f3, em Cabo Frio\"}]},{\"@type\":\"WebSite\",\"@id\":\"https:\/\/rotario.com.br\/site\/#website\",\"url\":\"https:\/\/rotario.com.br\/site\/\",\"name\":\"Rota Rio\",\"description\":\"Aqui, o Rio de Janeiro \u00e9 a pauta!\",\"publisher\":{\"@id\":\"https:\/\/rotario.com.br\/site\/#organization\"},\"potentialAction\":[{\"@type\":\"SearchAction\",\"target\":{\"@type\":\"EntryPoint\",\"urlTemplate\":\"https:\/\/rotario.com.br\/site\/?s={search_term_string}\"},\"query-input\":{\"@type\":\"PropertyValueSpecification\",\"valueRequired\":true,\"valueName\":\"search_term_string\"}}],\"inLanguage\":\"pt-BR\"},{\"@type\":\"Organization\",\"@id\":\"https:\/\/rotario.com.br\/site\/#organization\",\"name\":\"Rota Rio\",\"url\":\"https:\/\/rotario.com.br\/site\/\",\"logo\":{\"@type\":\"ImageObject\",\"inLanguage\":\"pt-BR\",\"@id\":\"https:\/\/rotario.com.br\/site\/#\/schema\/logo\/image\/\",\"url\":\"https:\/\/rotario.com.br\/site\/wp-content\/uploads\/2022\/04\/cropped-ROTARIO-LOGO-Prancheta-1-1-2048x654-1.png\",\"contentUrl\":\"https:\/\/rotario.com.br\/site\/wp-content\/uploads\/2022\/04\/cropped-ROTARIO-LOGO-Prancheta-1-1-2048x654-1.png\",\"width\":2048,\"height\":654,\"caption\":\"Rota Rio\"},\"image\":{\"@id\":\"https:\/\/rotario.com.br\/site\/#\/schema\/logo\/image\/\"}},{\"@type\":\"Person\",\"@id\":\"https:\/\/rotario.com.br\/site\/#\/schema\/person\/fd89bbbf4136f7e8a21e0dd67b8a66c7\",\"name\":\"Galv\u00e3o\",\"url\":\"https:\/\/rotario.com.br\/site\/author\/daniel\/\"}]}<\/script>\n<!-- \/ Yoast SEO plugin. -->","yoast_head_json":{"title":"Bandeira Azul \u00e9 hasteada pela quinta vez na Praia do Per\u00f3, em Cabo Frio - Rota Rio","robots":{"index":"index","follow":"follow","max-snippet":"max-snippet:-1","max-image-preview":"max-image-preview:large","max-video-preview":"max-video-preview:-1"},"canonical":"https:\/\/rotario.com.br\/site\/bandeira-azul-e-hasteada-pela-quinta-vez-na-praia-do-pero-em-cabo-frio\/","og_locale":"pt_BR","og_type":"article","og_title":"Bandeira Azul \u00e9 hasteada pela quinta vez na Praia do Per\u00f3, em Cabo Frio - Rota Rio","og_description":"Pela quinta vez consecutiva, a Bandeira Azul foi erguida na Praia do Per\u00f3, em Cabo Frio. A cerim\u00f4nia foi realizada na manh\u00e3 desta segunda-feira (12) e contou com a presen\u00e7a do prefeito Jos\u00e9 Bonif\u00e1cio, secret\u00e1rios municipais e vereadores. A premia\u00e7\u00e3o internacional \u00e9 dedicada ao reconhecimento da gest\u00e3o sustent\u00e1vel de praias, marinas e embarca\u00e7\u00f5es de turismo, [&hellip;]","og_url":"https:\/\/rotario.com.br\/site\/bandeira-azul-e-hasteada-pela-quinta-vez-na-praia-do-pero-em-cabo-frio\/","og_site_name":"Rota Rio","article_published_time":"2022-12-13T17:35:45+00:00","article_modified_time":"2022-12-13T17:35:47+00:00","og_image":[{"width":600,"height":320,"url":"https:\/\/rotario.com.br\/site\/wp-content\/uploads\/2022\/12\/imagemjpeg-2.jpg","type":"image\/jpeg"}],"author":"Galv\u00e3o","twitter_card":"summary_large_image","twitter_misc":{"Escrito por":"Galv\u00e3o","Est. tempo de leitura":"2 minutos"},"schema":{"@context":"https:\/\/schema.org","@graph":[{"@type":"Article","@id":"https:\/\/rotario.com.br\/site\/bandeira-azul-e-hasteada-pela-quinta-vez-na-praia-do-pero-em-cabo-frio\/#article","isPartOf":{"@id":"https:\/\/rotario.com.br\/site\/bandeira-azul-e-hasteada-pela-quinta-vez-na-praia-do-pero-em-cabo-frio\/"},"author":{"name":"Galv\u00e3o","@id":"https:\/\/rotario.com.br\/site\/#\/schema\/person\/fd89bbbf4136f7e8a21e0dd67b8a66c7"},"headline":"Bandeira Azul \u00e9 hasteada pela quinta vez na Praia do Per\u00f3, em Cabo Frio","datePublished":"2022-12-13T17:35:45+00:00","dateModified":"2022-12-13T17:35:47+00:00","mainEntityOfPage":{"@id":"https:\/\/rotario.com.br\/site\/bandeira-azul-e-hasteada-pela-quinta-vez-na-praia-do-pero-em-cabo-frio\/"},"wordCount":331,"commentCount":0,"publisher":{"@id":"https:\/\/rotario.com.br\/site\/#organization"},"image":{"@id":"https:\/\/rotario.com.br\/site\/bandeira-azul-e-hasteada-pela-quinta-vez-na-praia-do-pero-em-cabo-frio\/#primaryimage"},"thumbnailUrl":"https:\/\/rotario.com.br\/site\/wp-content\/uploads\/2022\/12\/imagemjpeg-2.jpg","articleSection":["Cabo Frio","Destaque"],"inLanguage":"pt-BR","potentialAction":[{"@type":"CommentAction","name":"Comment","target":["https:\/\/rotario.com.br\/site\/bandeira-azul-e-hasteada-pela-quinta-vez-na-praia-do-pero-em-cabo-frio\/#respond"]}]},{"@type":"WebPage","@id":"https:\/\/rotario.com.br\/site\/bandeira-azul-e-hasteada-pela-quinta-vez-na-praia-do-pero-em-cabo-frio\/","url":"https:\/\/rotario.com.br\/site\/bandeira-azul-e-hasteada-pela-quinta-vez-na-praia-do-pero-em-cabo-frio\/","name":"Bandeira Azul \u00e9 hasteada pela quinta vez na Praia do Per\u00f3, em Cabo Frio - Rota Rio","isPartOf":{"@id":"https:\/\/rotario.com.br\/site\/#website"},"primaryImageOfPage":{"@id":"https:\/\/rotario.com.br\/site\/bandeira-azul-e-hasteada-pela-quinta-vez-na-praia-do-pero-em-cabo-frio\/#primaryimage"},"image":{"@id":"https:\/\/rotario.com.br\/site\/bandeira-azul-e-hasteada-pela-quinta-vez-na-praia-do-pero-em-cabo-frio\/#primaryimage"},"thumbnailUrl":"https:\/\/rotario.com.br\/site\/wp-content\/uploads\/2022\/12\/imagemjpeg-2.jpg","datePublished":"2022-12-13T17:35:45+00:00","dateModified":"2022-12-13T17:35:47+00:00","breadcrumb":{"@id":"https:\/\/rotario.com.br\/site\/bandeira-azul-e-hasteada-pela-quinta-vez-na-praia-do-pero-em-cabo-frio\/#breadcrumb"},"inLanguage":"pt-BR","potentialAction":[{"@type":"ReadAction","target":["https:\/\/rotario.com.br\/site\/bandeira-azul-e-hasteada-pela-quinta-vez-na-praia-do-pero-em-cabo-frio\/"]}]},{"@type":"ImageObject","inLanguage":"pt-BR","@id":"https:\/\/rotario.com.br\/site\/bandeira-azul-e-hasteada-pela-quinta-vez-na-praia-do-pero-em-cabo-frio\/#primaryimage","url":"https:\/\/rotario.com.br\/site\/wp-content\/uploads\/2022\/12\/imagemjpeg-2.jpg","contentUrl":"https:\/\/rotario.com.br\/site\/wp-content\/uploads\/2022\/12\/imagemjpeg-2.jpg","width":600,"height":320},{"@type":"BreadcrumbList","@id":"https:\/\/rotario.com.br\/site\/bandeira-azul-e-hasteada-pela-quinta-vez-na-praia-do-pero-em-cabo-frio\/#breadcrumb","itemListElement":[{"@type":"ListItem","position":1,"name":"In\u00edcio","item":"https:\/\/rotario.com.br\/site\/"},{"@type":"ListItem","position":2,"name":"Bandeira Azul \u00e9 hasteada pela quinta vez na Praia do Per\u00f3, em Cabo Frio"}]},{"@type":"WebSite","@id":"https:\/\/rotario.com.br\/site\/#website","url":"https:\/\/rotario.com.br\/site\/","name":"Rota Rio","description":"Aqui, o Rio de Janeiro \u00e9 a pauta!","publisher":{"@id":"https:\/\/rotario.com.br\/site\/#organization"},"potentialAction":[{"@type":"SearchAction","target":{"@type":"EntryPoint","urlTemplate":"https:\/\/rotario.com.br\/site\/?s={search_term_string}"},"query-input":{"@type":"PropertyValueSpecification","valueRequired":true,"valueName":"search_term_string"}}],"inLanguage":"pt-BR"},{"@type":"Organization","@id":"https:\/\/rotario.com.br\/site\/#organization","name":"Rota Rio","url":"https:\/\/rotario.com.br\/site\/","logo":{"@type":"ImageObject","inLanguage":"pt-BR","@id":"https:\/\/rotario.com.br\/site\/#\/schema\/logo\/image\/","url":"https:\/\/rotario.com.br\/site\/wp-content\/uploads\/2022\/04\/cropped-ROTARIO-LOGO-Prancheta-1-1-2048x654-1.png","contentUrl":"https:\/\/rotario.com.br\/site\/wp-content\/uploads\/2022\/04\/cropped-ROTARIO-LOGO-Prancheta-1-1-2048x654-1.png","width":2048,"height":654,"caption":"Rota Rio"},"image":{"@id":"https:\/\/rotario.com.br\/site\/#\/schema\/logo\/image\/"}},{"@type":"Person","@id":"https:\/\/rotario.com.br\/site\/#\/schema\/person\/fd89bbbf4136f7e8a21e0dd67b8a66c7","name":"Galv\u00e3o","url":"https:\/\/rotario.com.br\/site\/author\/daniel\/"}]}},"_links":{"self":[{"href":"https:\/\/rotario.com.br\/site\/wp-json\/wp\/v2\/posts\/9035","targetHints":{"allow":["GET"]}}],"collection":[{"href":"https:\/\/rotario.com.br\/site\/wp-json\/wp\/v2\/posts"}],"about":[{"href":"https:\/\/rotario.com.br\/site\/wp-json\/wp\/v2\/types\/post"}],"author":[{"embeddable":true,"href":"https:\/\/rotario.com.br\/site\/wp-json\/wp\/v2\/users\/2"}],"replies":[{"embeddable":true,"href":"https:\/\/rotario.com.br\/site\/wp-json\/wp\/v2\/comments?post=9035"}],"version-history":[{"count":0,"href":"https:\/\/rotario.com.br\/site\/wp-json\/wp\/v2\/posts\/9035\/revisions"}],"wp:featuredmedia":[{"embeddable":true,"href":"https:\/\/rotario.com.br\/site\/wp-json\/wp\/v2\/media\/9036"}],"wp:attachment":[{"href":"https:\/\/rotario.com.br\/site\/wp-json\/wp\/v2\/media?parent=9035"}],"wp:term":[{"taxonomy":"category","embeddable":true,"href":"https:\/\/rotario.com.br\/site\/wp-json\/wp\/v2\/categories?post=9035"},{"taxonomy":"post_tag","embeddable":true,"href":"https:\/\/rotario.com.br\/site\/wp-json\/wp\/v2\/tags?post=9035"}],"curies":[{"name":"wp","href":"https:\/\/api.w.org\/{rel}","templated":true}]}}