{"id":9038,"date":"2022-12-13T14:37:53","date_gmt":"2022-12-13T17:37:53","guid":{"rendered":"https:\/\/rotario.com.br\/site\/?p=9038"},"modified":"2022-12-13T14:37:54","modified_gmt":"2022-12-13T17:37:54","slug":"feira-fases-fatos-acontecera-no-rio","status":"publish","type":"post","link":"https:\/\/rotario.com.br\/site\/feira-fases-fatos-acontecera-no-rio\/","title":{"rendered":"Feira Fases &#038; Fatos acontecer\u00e1 no Rio"},"content":{"rendered":"\n<p class=\"has-drop-cap\">Nesta ter\u00e7a-feira (13) ser\u00e1 realizada a 7\u00aa edi\u00e7\u00e3o da Feira Liter\u00e1ria Fases &amp; Fatos, no Instituto de Arquitetos do Brasil, no Flamengo, Rio de Janeiro. Com entrada gratuita, o objetivo do projeto, voltado para o p\u00fablico em geral, \u00e9 movimentar o cen\u00e1rio cultural, apresentando obras de escritores locais e convidados, mostrando que a literatura \u00e9 capaz de transformar as pessoas, mudando, desta forma, o meio em que vivemos.&nbsp;<br>O evento sempre foi realizado em Cabo Frio e, este ano, ap\u00f3s ser selecionado no edital do Integra Rio, acontecer\u00e1 na Cidade Maravilhosa, agregando literatura, dan\u00e7a, shows musicais, palestras e exposi\u00e7\u00e3o de artes. Este ano ser\u00e1 trabalhado o tema \u201cConex\u00f5es Al\u00e9m da Vida\u201d. A programa\u00e7\u00e3o ter\u00e1 in\u00edcio \u00e0s 13h30min.<\/p>\n\n\n\n<p>Vale lembrar que toda a verba da Antologia \u201cConex\u00f5es Al\u00e9m da vida\u201d &#8211; lan\u00e7ada no dia do evento &#8211; ser\u00e1 revertida para as institui\u00e7\u00f5es Amigas da Mama das cidades de S\u00e3o Pedro da Aldeia, Arraial do Cabo e Cabo Frio, que tratam de pessoas acometidas pelo c\u00e2ncer.<br>A realiza\u00e7\u00e3o e organiza\u00e7\u00e3o \u00e9 da comunicadora e empres\u00e1ria Keetherine Giovanessa, atrav\u00e9s da Editora Comunica\u00e7\u00e3o (EdiCom).<\/p>\n\n\n\n<p>A programa\u00e7\u00e3o completa est\u00e1 dispon\u00edvel no site do evento:&nbsp;https:\/\/fasesefatos.com.br\/<\/p>\n\n\n\n<p>Folha os Lagos<\/p>\n","protected":false},"excerpt":{"rendered":"<p>Nesta ter\u00e7a-feira (13) ser\u00e1 realizada a 7\u00aa edi\u00e7\u00e3o da Feira Liter\u00e1ria Fases &amp; Fatos, no Instituto de Arquitetos do Brasil, no Flamengo, Rio de Janeiro. Com entrada gratuita, o objetivo do projeto, voltado para o p\u00fablico em geral, \u00e9 movimentar o cen\u00e1rio cultural, apresentando obras de escritores locais e convidados, mostrando que a literatura \u00e9 [&hellip;]<\/p>\n","protected":false},"author":2,"featured_media":9039,"comment_status":"open","ping_status":"open","sticky":false,"template":"","format":"standard","meta":{"footnotes":""},"categories":[225,33],"tags":[],"class_list":["post-9038","post","type-post","status-publish","format-standard","has-post-thumbnail","hentry","category-destaque","category-rio-de-janeiro"],"yoast_head":"<!-- This site is optimized with the Yoast SEO plugin v26.5 - https:\/\/yoast.com\/wordpress\/plugins\/seo\/ -->\n<title>Feira Fases &amp; Fatos acontecer\u00e1 no Rio - Rota Rio<\/title>\n<meta name=\"robots\" content=\"index, follow, max-snippet:-1, max-image-preview:large, max-video-preview:-1\" \/>\n<link rel=\"canonical\" href=\"https:\/\/rotario.com.br\/site\/feira-fases-fatos-acontecera-no-rio\/\" \/>\n<meta property=\"og:locale\" content=\"pt_BR\" \/>\n<meta property=\"og:type\" content=\"article\" \/>\n<meta property=\"og:title\" content=\"Feira Fases &amp; Fatos acontecer\u00e1 no Rio - Rota Rio\" \/>\n<meta property=\"og:description\" content=\"Nesta ter\u00e7a-feira (13) ser\u00e1 realizada a 7\u00aa edi\u00e7\u00e3o da Feira Liter\u00e1ria Fases &amp; Fatos, no Instituto de Arquitetos do Brasil, no Flamengo, Rio de Janeiro. Com entrada gratuita, o objetivo do projeto, voltado para o p\u00fablico em geral, \u00e9 movimentar o cen\u00e1rio cultural, apresentando obras de escritores locais e convidados, mostrando que a literatura \u00e9 [&hellip;]\" \/>\n<meta property=\"og:url\" content=\"https:\/\/rotario.com.br\/site\/feira-fases-fatos-acontecera-no-rio\/\" \/>\n<meta property=\"og:site_name\" content=\"Rota Rio\" \/>\n<meta property=\"article:published_time\" content=\"2022-12-13T17:37:53+00:00\" \/>\n<meta property=\"article:modified_time\" content=\"2022-12-13T17:37:54+00:00\" \/>\n<meta property=\"og:image\" content=\"https:\/\/rotario.com.br\/site\/wp-content\/uploads\/2022\/12\/313416767-3421452721515916-5156537138342904541-n.png\" \/>\n\t<meta property=\"og:image:width\" content=\"600\" \/>\n\t<meta property=\"og:image:height\" content=\"320\" \/>\n\t<meta property=\"og:image:type\" content=\"image\/png\" \/>\n<meta name=\"author\" content=\"Galv\u00e3o\" \/>\n<meta name=\"twitter:card\" content=\"summary_large_image\" \/>\n<meta name=\"twitter:label1\" content=\"Escrito por\" \/>\n\t<meta name=\"twitter:data1\" content=\"Galv\u00e3o\" \/>\n\t<meta name=\"twitter:label2\" content=\"Est. tempo de leitura\" \/>\n\t<meta name=\"twitter:data2\" content=\"2 minutos\" \/>\n<script type=\"application\/ld+json\" class=\"yoast-schema-graph\">{\"@context\":\"https:\/\/schema.org\",\"@graph\":[{\"@type\":\"Article\",\"@id\":\"https:\/\/rotario.com.br\/site\/feira-fases-fatos-acontecera-no-rio\/#article\",\"isPartOf\":{\"@id\":\"https:\/\/rotario.com.br\/site\/feira-fases-fatos-acontecera-no-rio\/\"},\"author\":{\"name\":\"Galv\u00e3o\",\"@id\":\"https:\/\/rotario.com.br\/site\/#\/schema\/person\/fd89bbbf4136f7e8a21e0dd67b8a66c7\"},\"headline\":\"Feira Fases &#038; Fatos acontecer\u00e1 no Rio\",\"datePublished\":\"2022-12-13T17:37:53+00:00\",\"dateModified\":\"2022-12-13T17:37:54+00:00\",\"mainEntityOfPage\":{\"@id\":\"https:\/\/rotario.com.br\/site\/feira-fases-fatos-acontecera-no-rio\/\"},\"wordCount\":225,\"commentCount\":0,\"publisher\":{\"@id\":\"https:\/\/rotario.com.br\/site\/#organization\"},\"image\":{\"@id\":\"https:\/\/rotario.com.br\/site\/feira-fases-fatos-acontecera-no-rio\/#primaryimage\"},\"thumbnailUrl\":\"https:\/\/rotario.com.br\/site\/wp-content\/uploads\/2022\/12\/313416767-3421452721515916-5156537138342904541-n.png\",\"articleSection\":[\"Destaque\",\"Rio de Janeiro\"],\"inLanguage\":\"pt-BR\",\"potentialAction\":[{\"@type\":\"CommentAction\",\"name\":\"Comment\",\"target\":[\"https:\/\/rotario.com.br\/site\/feira-fases-fatos-acontecera-no-rio\/#respond\"]}]},{\"@type\":\"WebPage\",\"@id\":\"https:\/\/rotario.com.br\/site\/feira-fases-fatos-acontecera-no-rio\/\",\"url\":\"https:\/\/rotario.com.br\/site\/feira-fases-fatos-acontecera-no-rio\/\",\"name\":\"Feira Fases & Fatos acontecer\u00e1 no Rio - Rota Rio\",\"isPartOf\":{\"@id\":\"https:\/\/rotario.com.br\/site\/#website\"},\"primaryImageOfPage\":{\"@id\":\"https:\/\/rotario.com.br\/site\/feira-fases-fatos-acontecera-no-rio\/#primaryimage\"},\"image\":{\"@id\":\"https:\/\/rotario.com.br\/site\/feira-fases-fatos-acontecera-no-rio\/#primaryimage\"},\"thumbnailUrl\":\"https:\/\/rotario.com.br\/site\/wp-content\/uploads\/2022\/12\/313416767-3421452721515916-5156537138342904541-n.png\",\"datePublished\":\"2022-12-13T17:37:53+00:00\",\"dateModified\":\"2022-12-13T17:37:54+00:00\",\"breadcrumb\":{\"@id\":\"https:\/\/rotario.com.br\/site\/feira-fases-fatos-acontecera-no-rio\/#breadcrumb\"},\"inLanguage\":\"pt-BR\",\"potentialAction\":[{\"@type\":\"ReadAction\",\"target\":[\"https:\/\/rotario.com.br\/site\/feira-fases-fatos-acontecera-no-rio\/\"]}]},{\"@type\":\"ImageObject\",\"inLanguage\":\"pt-BR\",\"@id\":\"https:\/\/rotario.com.br\/site\/feira-fases-fatos-acontecera-no-rio\/#primaryimage\",\"url\":\"https:\/\/rotario.com.br\/site\/wp-content\/uploads\/2022\/12\/313416767-3421452721515916-5156537138342904541-n.png\",\"contentUrl\":\"https:\/\/rotario.com.br\/site\/wp-content\/uploads\/2022\/12\/313416767-3421452721515916-5156537138342904541-n.png\",\"width\":600,\"height\":320},{\"@type\":\"BreadcrumbList\",\"@id\":\"https:\/\/rotario.com.br\/site\/feira-fases-fatos-acontecera-no-rio\/#breadcrumb\",\"itemListElement\":[{\"@type\":\"ListItem\",\"position\":1,\"name\":\"In\u00edcio\",\"item\":\"https:\/\/rotario.com.br\/site\/\"},{\"@type\":\"ListItem\",\"position\":2,\"name\":\"Feira Fases &#038; Fatos acontecer\u00e1 no Rio\"}]},{\"@type\":\"WebSite\",\"@id\":\"https:\/\/rotario.com.br\/site\/#website\",\"url\":\"https:\/\/rotario.com.br\/site\/\",\"name\":\"Rota Rio\",\"description\":\"Aqui, o Rio de Janeiro \u00e9 a pauta!\",\"publisher\":{\"@id\":\"https:\/\/rotario.com.br\/site\/#organization\"},\"potentialAction\":[{\"@type\":\"SearchAction\",\"target\":{\"@type\":\"EntryPoint\",\"urlTemplate\":\"https:\/\/rotario.com.br\/site\/?s={search_term_string}\"},\"query-input\":{\"@type\":\"PropertyValueSpecification\",\"valueRequired\":true,\"valueName\":\"search_term_string\"}}],\"inLanguage\":\"pt-BR\"},{\"@type\":\"Organization\",\"@id\":\"https:\/\/rotario.com.br\/site\/#organization\",\"name\":\"Rota Rio\",\"url\":\"https:\/\/rotario.com.br\/site\/\",\"logo\":{\"@type\":\"ImageObject\",\"inLanguage\":\"pt-BR\",\"@id\":\"https:\/\/rotario.com.br\/site\/#\/schema\/logo\/image\/\",\"url\":\"https:\/\/rotario.com.br\/site\/wp-content\/uploads\/2022\/04\/cropped-ROTARIO-LOGO-Prancheta-1-1-2048x654-1.png\",\"contentUrl\":\"https:\/\/rotario.com.br\/site\/wp-content\/uploads\/2022\/04\/cropped-ROTARIO-LOGO-Prancheta-1-1-2048x654-1.png\",\"width\":2048,\"height\":654,\"caption\":\"Rota Rio\"},\"image\":{\"@id\":\"https:\/\/rotario.com.br\/site\/#\/schema\/logo\/image\/\"}},{\"@type\":\"Person\",\"@id\":\"https:\/\/rotario.com.br\/site\/#\/schema\/person\/fd89bbbf4136f7e8a21e0dd67b8a66c7\",\"name\":\"Galv\u00e3o\",\"url\":\"https:\/\/rotario.com.br\/site\/author\/daniel\/\"}]}<\/script>\n<!-- \/ Yoast SEO plugin. -->","yoast_head_json":{"title":"Feira Fases & Fatos acontecer\u00e1 no Rio - Rota Rio","robots":{"index":"index","follow":"follow","max-snippet":"max-snippet:-1","max-image-preview":"max-image-preview:large","max-video-preview":"max-video-preview:-1"},"canonical":"https:\/\/rotario.com.br\/site\/feira-fases-fatos-acontecera-no-rio\/","og_locale":"pt_BR","og_type":"article","og_title":"Feira Fases & Fatos acontecer\u00e1 no Rio - Rota Rio","og_description":"Nesta ter\u00e7a-feira (13) ser\u00e1 realizada a 7\u00aa edi\u00e7\u00e3o da Feira Liter\u00e1ria Fases &amp; Fatos, no Instituto de Arquitetos do Brasil, no Flamengo, Rio de Janeiro. Com entrada gratuita, o objetivo do projeto, voltado para o p\u00fablico em geral, \u00e9 movimentar o cen\u00e1rio cultural, apresentando obras de escritores locais e convidados, mostrando que a literatura \u00e9 [&hellip;]","og_url":"https:\/\/rotario.com.br\/site\/feira-fases-fatos-acontecera-no-rio\/","og_site_name":"Rota Rio","article_published_time":"2022-12-13T17:37:53+00:00","article_modified_time":"2022-12-13T17:37:54+00:00","og_image":[{"width":600,"height":320,"url":"https:\/\/rotario.com.br\/site\/wp-content\/uploads\/2022\/12\/313416767-3421452721515916-5156537138342904541-n.png","type":"image\/png"}],"author":"Galv\u00e3o","twitter_card":"summary_large_image","twitter_misc":{"Escrito por":"Galv\u00e3o","Est. tempo de leitura":"2 minutos"},"schema":{"@context":"https:\/\/schema.org","@graph":[{"@type":"Article","@id":"https:\/\/rotario.com.br\/site\/feira-fases-fatos-acontecera-no-rio\/#article","isPartOf":{"@id":"https:\/\/rotario.com.br\/site\/feira-fases-fatos-acontecera-no-rio\/"},"author":{"name":"Galv\u00e3o","@id":"https:\/\/rotario.com.br\/site\/#\/schema\/person\/fd89bbbf4136f7e8a21e0dd67b8a66c7"},"headline":"Feira Fases &#038; Fatos acontecer\u00e1 no Rio","datePublished":"2022-12-13T17:37:53+00:00","dateModified":"2022-12-13T17:37:54+00:00","mainEntityOfPage":{"@id":"https:\/\/rotario.com.br\/site\/feira-fases-fatos-acontecera-no-rio\/"},"wordCount":225,"commentCount":0,"publisher":{"@id":"https:\/\/rotario.com.br\/site\/#organization"},"image":{"@id":"https:\/\/rotario.com.br\/site\/feira-fases-fatos-acontecera-no-rio\/#primaryimage"},"thumbnailUrl":"https:\/\/rotario.com.br\/site\/wp-content\/uploads\/2022\/12\/313416767-3421452721515916-5156537138342904541-n.png","articleSection":["Destaque","Rio de Janeiro"],"inLanguage":"pt-BR","potentialAction":[{"@type":"CommentAction","name":"Comment","target":["https:\/\/rotario.com.br\/site\/feira-fases-fatos-acontecera-no-rio\/#respond"]}]},{"@type":"WebPage","@id":"https:\/\/rotario.com.br\/site\/feira-fases-fatos-acontecera-no-rio\/","url":"https:\/\/rotario.com.br\/site\/feira-fases-fatos-acontecera-no-rio\/","name":"Feira Fases & Fatos acontecer\u00e1 no Rio - Rota Rio","isPartOf":{"@id":"https:\/\/rotario.com.br\/site\/#website"},"primaryImageOfPage":{"@id":"https:\/\/rotario.com.br\/site\/feira-fases-fatos-acontecera-no-rio\/#primaryimage"},"image":{"@id":"https:\/\/rotario.com.br\/site\/feira-fases-fatos-acontecera-no-rio\/#primaryimage"},"thumbnailUrl":"https:\/\/rotario.com.br\/site\/wp-content\/uploads\/2022\/12\/313416767-3421452721515916-5156537138342904541-n.png","datePublished":"2022-12-13T17:37:53+00:00","dateModified":"2022-12-13T17:37:54+00:00","breadcrumb":{"@id":"https:\/\/rotario.com.br\/site\/feira-fases-fatos-acontecera-no-rio\/#breadcrumb"},"inLanguage":"pt-BR","potentialAction":[{"@type":"ReadAction","target":["https:\/\/rotario.com.br\/site\/feira-fases-fatos-acontecera-no-rio\/"]}]},{"@type":"ImageObject","inLanguage":"pt-BR","@id":"https:\/\/rotario.com.br\/site\/feira-fases-fatos-acontecera-no-rio\/#primaryimage","url":"https:\/\/rotario.com.br\/site\/wp-content\/uploads\/2022\/12\/313416767-3421452721515916-5156537138342904541-n.png","contentUrl":"https:\/\/rotario.com.br\/site\/wp-content\/uploads\/2022\/12\/313416767-3421452721515916-5156537138342904541-n.png","width":600,"height":320},{"@type":"BreadcrumbList","@id":"https:\/\/rotario.com.br\/site\/feira-fases-fatos-acontecera-no-rio\/#breadcrumb","itemListElement":[{"@type":"ListItem","position":1,"name":"In\u00edcio","item":"https:\/\/rotario.com.br\/site\/"},{"@type":"ListItem","position":2,"name":"Feira Fases &#038; Fatos acontecer\u00e1 no Rio"}]},{"@type":"WebSite","@id":"https:\/\/rotario.com.br\/site\/#website","url":"https:\/\/rotario.com.br\/site\/","name":"Rota Rio","description":"Aqui, o Rio de Janeiro \u00e9 a pauta!","publisher":{"@id":"https:\/\/rotario.com.br\/site\/#organization"},"potentialAction":[{"@type":"SearchAction","target":{"@type":"EntryPoint","urlTemplate":"https:\/\/rotario.com.br\/site\/?s={search_term_string}"},"query-input":{"@type":"PropertyValueSpecification","valueRequired":true,"valueName":"search_term_string"}}],"inLanguage":"pt-BR"},{"@type":"Organization","@id":"https:\/\/rotario.com.br\/site\/#organization","name":"Rota Rio","url":"https:\/\/rotario.com.br\/site\/","logo":{"@type":"ImageObject","inLanguage":"pt-BR","@id":"https:\/\/rotario.com.br\/site\/#\/schema\/logo\/image\/","url":"https:\/\/rotario.com.br\/site\/wp-content\/uploads\/2022\/04\/cropped-ROTARIO-LOGO-Prancheta-1-1-2048x654-1.png","contentUrl":"https:\/\/rotario.com.br\/site\/wp-content\/uploads\/2022\/04\/cropped-ROTARIO-LOGO-Prancheta-1-1-2048x654-1.png","width":2048,"height":654,"caption":"Rota Rio"},"image":{"@id":"https:\/\/rotario.com.br\/site\/#\/schema\/logo\/image\/"}},{"@type":"Person","@id":"https:\/\/rotario.com.br\/site\/#\/schema\/person\/fd89bbbf4136f7e8a21e0dd67b8a66c7","name":"Galv\u00e3o","url":"https:\/\/rotario.com.br\/site\/author\/daniel\/"}]}},"_links":{"self":[{"href":"https:\/\/rotario.com.br\/site\/wp-json\/wp\/v2\/posts\/9038","targetHints":{"allow":["GET"]}}],"collection":[{"href":"https:\/\/rotario.com.br\/site\/wp-json\/wp\/v2\/posts"}],"about":[{"href":"https:\/\/rotario.com.br\/site\/wp-json\/wp\/v2\/types\/post"}],"author":[{"embeddable":true,"href":"https:\/\/rotario.com.br\/site\/wp-json\/wp\/v2\/users\/2"}],"replies":[{"embeddable":true,"href":"https:\/\/rotario.com.br\/site\/wp-json\/wp\/v2\/comments?post=9038"}],"version-history":[{"count":0,"href":"https:\/\/rotario.com.br\/site\/wp-json\/wp\/v2\/posts\/9038\/revisions"}],"wp:featuredmedia":[{"embeddable":true,"href":"https:\/\/rotario.com.br\/site\/wp-json\/wp\/v2\/media\/9039"}],"wp:attachment":[{"href":"https:\/\/rotario.com.br\/site\/wp-json\/wp\/v2\/media?parent=9038"}],"wp:term":[{"taxonomy":"category","embeddable":true,"href":"https:\/\/rotario.com.br\/site\/wp-json\/wp\/v2\/categories?post=9038"},{"taxonomy":"post_tag","embeddable":true,"href":"https:\/\/rotario.com.br\/site\/wp-json\/wp\/v2\/tags?post=9038"}],"curies":[{"name":"wp","href":"https:\/\/api.w.org\/{rel}","templated":true}]}}