{"id":9041,"date":"2022-12-13T14:40:14","date_gmt":"2022-12-13T17:40:14","guid":{"rendered":"https:\/\/rotario.com.br\/site\/?p=9041"},"modified":"2022-12-13T14:40:16","modified_gmt":"2022-12-13T17:40:16","slug":"mostra-da-emart-talento-e-emocao","status":"publish","type":"post","link":"https:\/\/rotario.com.br\/site\/mostra-da-emart-talento-e-emocao\/","title":{"rendered":"Mostra da Emart: talento e emo\u00e7\u00e3o"},"content":{"rendered":"\n<p class=\"has-drop-cap\">Talento, emo\u00e7\u00e3o e uma explos\u00e3o de sentimentos. Assim pode ser definida a mostra dos trabalhos da Escola Municipal de Artes Maria Jos\u00e9 Guedes (Emart), iniciada nesta segunda-feira (12). A mostra, que se estende at\u00e9 a pr\u00f3xima sexta-feira (16), conta com a culmin\u00e2ncia dos trabalhos desenvolvidos nas aulas de teatro, m\u00fasica (instrumento e canto) e pintura por cerca de 400 alunos dos cursos livre e t\u00e9cnico.<\/p>\n\n\n\n<p>Nesta segunda-feira (12) come\u00e7aram as apresenta\u00e7\u00f5es dos alunos do curso livre de teatro, no audit\u00f3rio Eus\u00e9bio de Mello &#8211; do Centro Maca\u00e9 de Cultura. Com muita sensibilidade, os alunos das turmas infantis (at\u00e9 11 anos) se destacaram.<br><br>J\u00e1 os adolescentes (12 a 16 anos) apresentaram poemas escolhidos e ensaiados por eles junto \u00e0s professoras C\u00e1ssia Gomes e Miliane Bodnarasec. Para familiares e apreciadores do teatro, tiveram a oportunidade de conhecer o trabalho realizado no decorrer do ano letivo. Os jovens escolheram trechos do livro Poesia Marginal, tamb\u00e9m chamada de Gera\u00e7\u00e3o Mime\u00f3grafo, com autores que enfatizam na nova forma de divulga\u00e7\u00e3o da arte e da cultura brasileira, como Chacal, Ana Cristina C\u00e9sar, Paulo Leminski, Cacazo e Francisco Alvim.<br><br>A apresenta\u00e7\u00e3o arrancou aplausos e encheu os participantes de orgulho. Entre eles estava Elena Nascimento Luz, de 14 anos, que estuda no Col\u00e9gio Municipal Botafogo.\u201cEstou feliz demais. Fa\u00e7o teatro livre h\u00e1 dois anos e minha amiga, m\u00e3e e irm\u00e3 vieram nos assistir. Quero me profissionalizar como atriz\u201d, destaca Elena.<\/p>\n\n\n\n<p>Satisfeita, a m\u00e3e Elizete Nascimento pontua que o curso est\u00e1 de parab\u00e9ns.\u201c\u00c9 gratificante ver tudo isso acontecendo. Todos est\u00e3o de parab\u00e9ns\u201d, conta Elizete.<\/p>\n\n\n\n<p>A proposta da Secretaria de Cultura \u00e9 ampliar o n\u00famero de vagas para a EMART e todos os outros projetos que promovem o resgate da identidade e da arte de Maca\u00e9.\u201cNo pr\u00f3ximo ano, vamos ampliar a programa\u00e7\u00e3o de eventos e projetos dedicados a potencializar os trabalhos dos nossos fazedores de Cultura de Maca\u00e9\u201d, destacou o Secret\u00e1rio de Cultura, Leandro Mussi.<\/p>\n\n\n\n<p>Para a diretora da Emart, Sheila Juv\u00eancio, a mostra destaca a import\u00e2ncia que a arte est\u00e1 viva.<br>\u201cA escola est\u00e1 funcionando. Muitos ficam conhecendo nosso trabalho. Este \u00e9 o momento dos alunos mostrarem o que foi aprendido. Estamos conseguindo resgatar o interesse pela arte, proporcionar a profissionaliza\u00e7\u00e3o e a forma\u00e7\u00e3o de plateia\u201d, pontua a diretora.<\/p>\n\n\n\n<p>A Escola foi criada em 2003 e regulamentada no ano seguinte, sendo inclu\u00edda no Cadastro Nacional de Cursos T\u00e9cnicos do Minist\u00e9rio da Educa\u00e7\u00e3o (CNCT). Depois do Curso T\u00e9cnico em Artes C\u00eanicas, foi aberto o Conservat\u00f3rio Maca\u00e9 de M\u00fasica, que passou a ser chamado de Curso de M\u00fasica.<\/p>\n\n\n\n<p>Atualmente, s\u00e3o oferecidos ainda: Curso Livre de Teatro para Adolescentes, Curso Livre de Teatro para Adultos, Curso T\u00e9cnico Profissionalizante em Interpreta\u00e7\u00e3o Musical com habilita\u00e7\u00e3o em Instrumento ou Canto; Coro de C\u00e2mara, Curso Livre de Musicaliza\u00e7\u00e3o Infantil, Curso B\u00e1sico de M\u00fasica, Curso Livre de Pintura, Curso Livre de Desenho e o Coral da Cidade de Maca\u00e9.<\/p>\n\n\n\n<p><strong>Programa\u00e7\u00e3o<br><\/strong>A mostra segue nesta quarta-feira (14), com apresenta\u00e7\u00f5es no Centro Cultural Rinha das Artes. \u00c0s 15h haver\u00e1 apresenta\u00e7\u00e3o da Orquestra Popular de Maca\u00e9. J\u00e1 \u00e0s 18h ser\u00e1 a vez dos alunos dos cursos livre e t\u00e9cnico de canto e instrumento musical. Na quinta-feira (15), a programa\u00e7\u00e3o ir\u00e1 se repetir com novas turmas, \u00e0s 15h e 18h. A novidade \u00e9 que a partir das 18h o Coral da Cidade de Maca\u00e9 tamb\u00e9m ir\u00e1 se apresentar.<\/p>\n\n\n\n<p>No mesmo hor\u00e1rio, a partir das 18h, vai acontecer a exposi\u00e7\u00e3o &#8220;Os bastidores da montagem: as perip\u00e9cias do gato Onofre\u201d, do curso livre em teatro de mamulengo. E, \u00e0s 20h, ser\u00e3o apresentadas &#8220;A cidade rachada: do balc\u00e3o \u00e0 mar\u00e9&#8221; e &#8220;Aquele que diz sim, outro que diz n\u00e3o&#8221;. Na sexta-feira (16), \u00e0s 19h, ser\u00e3o realizadas as mostras \u201cVozes Entretom\u201d e, \u00e0s 20h, \u201cPersonagens de mim\u201d.<\/p>\n\n\n\n<p>O Centro Maca\u00e9 de Cultura est\u00e1 localizado na Avenida Rui Barbosa, 780, Centro da cidade. J\u00e1 a Rinha das Artes funciona na Rua Dr. J\u00falio Olivier, 633, Centro.<\/p>\n","protected":false},"excerpt":{"rendered":"<p>Talento, emo\u00e7\u00e3o e uma explos\u00e3o de sentimentos. Assim pode ser definida a mostra dos trabalhos da Escola Municipal de Artes Maria Jos\u00e9 Guedes (Emart), iniciada nesta segunda-feira (12). A mostra, que se estende at\u00e9 a pr\u00f3xima sexta-feira (16), conta com a culmin\u00e2ncia dos trabalhos desenvolvidos nas aulas de teatro, m\u00fasica (instrumento e canto) e pintura [&hellip;]<\/p>\n","protected":false},"author":2,"featured_media":9042,"comment_status":"open","ping_status":"open","sticky":false,"template":"","format":"standard","meta":{"footnotes":""},"categories":[225,52,119],"tags":[],"class_list":["post-9041","post","type-post","status-publish","format-standard","has-post-thumbnail","hentry","category-destaque","category-macae","category-macae-costa-do-sol"],"yoast_head":"<!-- This site is optimized with the Yoast SEO plugin v26.5 - https:\/\/yoast.com\/wordpress\/plugins\/seo\/ -->\n<title>Mostra da Emart: talento e emo\u00e7\u00e3o - Rota Rio<\/title>\n<meta name=\"robots\" content=\"index, follow, max-snippet:-1, max-image-preview:large, max-video-preview:-1\" \/>\n<link rel=\"canonical\" href=\"https:\/\/rotario.com.br\/site\/mostra-da-emart-talento-e-emocao\/\" \/>\n<meta property=\"og:locale\" content=\"pt_BR\" \/>\n<meta property=\"og:type\" content=\"article\" \/>\n<meta property=\"og:title\" content=\"Mostra da Emart: talento e emo\u00e7\u00e3o - Rota Rio\" \/>\n<meta property=\"og:description\" content=\"Talento, emo\u00e7\u00e3o e uma explos\u00e3o de sentimentos. Assim pode ser definida a mostra dos trabalhos da Escola Municipal de Artes Maria Jos\u00e9 Guedes (Emart), iniciada nesta segunda-feira (12). A mostra, que se estende at\u00e9 a pr\u00f3xima sexta-feira (16), conta com a culmin\u00e2ncia dos trabalhos desenvolvidos nas aulas de teatro, m\u00fasica (instrumento e canto) e pintura [&hellip;]\" \/>\n<meta property=\"og:url\" content=\"https:\/\/rotario.com.br\/site\/mostra-da-emart-talento-e-emocao\/\" \/>\n<meta property=\"og:site_name\" content=\"Rota Rio\" \/>\n<meta property=\"article:published_time\" content=\"2022-12-13T17:40:14+00:00\" \/>\n<meta property=\"article:modified_time\" content=\"2022-12-13T17:40:16+00:00\" \/>\n<meta property=\"og:image\" content=\"https:\/\/rotario.com.br\/site\/wp-content\/uploads\/2022\/12\/1670990768.jpg\" \/>\n\t<meta property=\"og:image:width\" content=\"1417\" \/>\n\t<meta property=\"og:image:height\" content=\"945\" \/>\n\t<meta property=\"og:image:type\" content=\"image\/jpeg\" \/>\n<meta name=\"author\" content=\"Galv\u00e3o\" \/>\n<meta name=\"twitter:card\" content=\"summary_large_image\" \/>\n<meta name=\"twitter:label1\" content=\"Escrito por\" \/>\n\t<meta name=\"twitter:data1\" content=\"Galv\u00e3o\" \/>\n\t<meta name=\"twitter:label2\" content=\"Est. tempo de leitura\" \/>\n\t<meta name=\"twitter:data2\" content=\"4 minutos\" \/>\n<script type=\"application\/ld+json\" class=\"yoast-schema-graph\">{\"@context\":\"https:\/\/schema.org\",\"@graph\":[{\"@type\":\"Article\",\"@id\":\"https:\/\/rotario.com.br\/site\/mostra-da-emart-talento-e-emocao\/#article\",\"isPartOf\":{\"@id\":\"https:\/\/rotario.com.br\/site\/mostra-da-emart-talento-e-emocao\/\"},\"author\":{\"name\":\"Galv\u00e3o\",\"@id\":\"https:\/\/rotario.com.br\/site\/#\/schema\/person\/fd89bbbf4136f7e8a21e0dd67b8a66c7\"},\"headline\":\"Mostra da Emart: talento e emo\u00e7\u00e3o\",\"datePublished\":\"2022-12-13T17:40:14+00:00\",\"dateModified\":\"2022-12-13T17:40:16+00:00\",\"mainEntityOfPage\":{\"@id\":\"https:\/\/rotario.com.br\/site\/mostra-da-emart-talento-e-emocao\/\"},\"wordCount\":693,\"commentCount\":0,\"publisher\":{\"@id\":\"https:\/\/rotario.com.br\/site\/#organization\"},\"image\":{\"@id\":\"https:\/\/rotario.com.br\/site\/mostra-da-emart-talento-e-emocao\/#primaryimage\"},\"thumbnailUrl\":\"https:\/\/rotario.com.br\/site\/wp-content\/uploads\/2022\/12\/1670990768.jpg\",\"articleSection\":[\"Destaque\",\"Maca\u00e9\",\"Maca\u00e9\"],\"inLanguage\":\"pt-BR\",\"potentialAction\":[{\"@type\":\"CommentAction\",\"name\":\"Comment\",\"target\":[\"https:\/\/rotario.com.br\/site\/mostra-da-emart-talento-e-emocao\/#respond\"]}]},{\"@type\":\"WebPage\",\"@id\":\"https:\/\/rotario.com.br\/site\/mostra-da-emart-talento-e-emocao\/\",\"url\":\"https:\/\/rotario.com.br\/site\/mostra-da-emart-talento-e-emocao\/\",\"name\":\"Mostra da Emart: talento e emo\u00e7\u00e3o - Rota Rio\",\"isPartOf\":{\"@id\":\"https:\/\/rotario.com.br\/site\/#website\"},\"primaryImageOfPage\":{\"@id\":\"https:\/\/rotario.com.br\/site\/mostra-da-emart-talento-e-emocao\/#primaryimage\"},\"image\":{\"@id\":\"https:\/\/rotario.com.br\/site\/mostra-da-emart-talento-e-emocao\/#primaryimage\"},\"thumbnailUrl\":\"https:\/\/rotario.com.br\/site\/wp-content\/uploads\/2022\/12\/1670990768.jpg\",\"datePublished\":\"2022-12-13T17:40:14+00:00\",\"dateModified\":\"2022-12-13T17:40:16+00:00\",\"breadcrumb\":{\"@id\":\"https:\/\/rotario.com.br\/site\/mostra-da-emart-talento-e-emocao\/#breadcrumb\"},\"inLanguage\":\"pt-BR\",\"potentialAction\":[{\"@type\":\"ReadAction\",\"target\":[\"https:\/\/rotario.com.br\/site\/mostra-da-emart-talento-e-emocao\/\"]}]},{\"@type\":\"ImageObject\",\"inLanguage\":\"pt-BR\",\"@id\":\"https:\/\/rotario.com.br\/site\/mostra-da-emart-talento-e-emocao\/#primaryimage\",\"url\":\"https:\/\/rotario.com.br\/site\/wp-content\/uploads\/2022\/12\/1670990768.jpg\",\"contentUrl\":\"https:\/\/rotario.com.br\/site\/wp-content\/uploads\/2022\/12\/1670990768.jpg\",\"width\":1417,\"height\":945,\"caption\":\"Mostra de final de ano de alunos da EMART. Maca\u00e9\/RJ. Data: 12\/12\/2022. Foto: Rui Porto Filho\"},{\"@type\":\"BreadcrumbList\",\"@id\":\"https:\/\/rotario.com.br\/site\/mostra-da-emart-talento-e-emocao\/#breadcrumb\",\"itemListElement\":[{\"@type\":\"ListItem\",\"position\":1,\"name\":\"In\u00edcio\",\"item\":\"https:\/\/rotario.com.br\/site\/\"},{\"@type\":\"ListItem\",\"position\":2,\"name\":\"Mostra da Emart: talento e emo\u00e7\u00e3o\"}]},{\"@type\":\"WebSite\",\"@id\":\"https:\/\/rotario.com.br\/site\/#website\",\"url\":\"https:\/\/rotario.com.br\/site\/\",\"name\":\"Rota Rio\",\"description\":\"Aqui, o Rio de Janeiro \u00e9 a pauta!\",\"publisher\":{\"@id\":\"https:\/\/rotario.com.br\/site\/#organization\"},\"potentialAction\":[{\"@type\":\"SearchAction\",\"target\":{\"@type\":\"EntryPoint\",\"urlTemplate\":\"https:\/\/rotario.com.br\/site\/?s={search_term_string}\"},\"query-input\":{\"@type\":\"PropertyValueSpecification\",\"valueRequired\":true,\"valueName\":\"search_term_string\"}}],\"inLanguage\":\"pt-BR\"},{\"@type\":\"Organization\",\"@id\":\"https:\/\/rotario.com.br\/site\/#organization\",\"name\":\"Rota Rio\",\"url\":\"https:\/\/rotario.com.br\/site\/\",\"logo\":{\"@type\":\"ImageObject\",\"inLanguage\":\"pt-BR\",\"@id\":\"https:\/\/rotario.com.br\/site\/#\/schema\/logo\/image\/\",\"url\":\"https:\/\/rotario.com.br\/site\/wp-content\/uploads\/2022\/04\/cropped-ROTARIO-LOGO-Prancheta-1-1-2048x654-1.png\",\"contentUrl\":\"https:\/\/rotario.com.br\/site\/wp-content\/uploads\/2022\/04\/cropped-ROTARIO-LOGO-Prancheta-1-1-2048x654-1.png\",\"width\":2048,\"height\":654,\"caption\":\"Rota Rio\"},\"image\":{\"@id\":\"https:\/\/rotario.com.br\/site\/#\/schema\/logo\/image\/\"}},{\"@type\":\"Person\",\"@id\":\"https:\/\/rotario.com.br\/site\/#\/schema\/person\/fd89bbbf4136f7e8a21e0dd67b8a66c7\",\"name\":\"Galv\u00e3o\",\"url\":\"https:\/\/rotario.com.br\/site\/author\/daniel\/\"}]}<\/script>\n<!-- \/ Yoast SEO plugin. -->","yoast_head_json":{"title":"Mostra da Emart: talento e emo\u00e7\u00e3o - Rota Rio","robots":{"index":"index","follow":"follow","max-snippet":"max-snippet:-1","max-image-preview":"max-image-preview:large","max-video-preview":"max-video-preview:-1"},"canonical":"https:\/\/rotario.com.br\/site\/mostra-da-emart-talento-e-emocao\/","og_locale":"pt_BR","og_type":"article","og_title":"Mostra da Emart: talento e emo\u00e7\u00e3o - Rota Rio","og_description":"Talento, emo\u00e7\u00e3o e uma explos\u00e3o de sentimentos. Assim pode ser definida a mostra dos trabalhos da Escola Municipal de Artes Maria Jos\u00e9 Guedes (Emart), iniciada nesta segunda-feira (12). A mostra, que se estende at\u00e9 a pr\u00f3xima sexta-feira (16), conta com a culmin\u00e2ncia dos trabalhos desenvolvidos nas aulas de teatro, m\u00fasica (instrumento e canto) e pintura [&hellip;]","og_url":"https:\/\/rotario.com.br\/site\/mostra-da-emart-talento-e-emocao\/","og_site_name":"Rota Rio","article_published_time":"2022-12-13T17:40:14+00:00","article_modified_time":"2022-12-13T17:40:16+00:00","og_image":[{"width":1417,"height":945,"url":"https:\/\/rotario.com.br\/site\/wp-content\/uploads\/2022\/12\/1670990768.jpg","type":"image\/jpeg"}],"author":"Galv\u00e3o","twitter_card":"summary_large_image","twitter_misc":{"Escrito por":"Galv\u00e3o","Est. tempo de leitura":"4 minutos"},"schema":{"@context":"https:\/\/schema.org","@graph":[{"@type":"Article","@id":"https:\/\/rotario.com.br\/site\/mostra-da-emart-talento-e-emocao\/#article","isPartOf":{"@id":"https:\/\/rotario.com.br\/site\/mostra-da-emart-talento-e-emocao\/"},"author":{"name":"Galv\u00e3o","@id":"https:\/\/rotario.com.br\/site\/#\/schema\/person\/fd89bbbf4136f7e8a21e0dd67b8a66c7"},"headline":"Mostra da Emart: talento e emo\u00e7\u00e3o","datePublished":"2022-12-13T17:40:14+00:00","dateModified":"2022-12-13T17:40:16+00:00","mainEntityOfPage":{"@id":"https:\/\/rotario.com.br\/site\/mostra-da-emart-talento-e-emocao\/"},"wordCount":693,"commentCount":0,"publisher":{"@id":"https:\/\/rotario.com.br\/site\/#organization"},"image":{"@id":"https:\/\/rotario.com.br\/site\/mostra-da-emart-talento-e-emocao\/#primaryimage"},"thumbnailUrl":"https:\/\/rotario.com.br\/site\/wp-content\/uploads\/2022\/12\/1670990768.jpg","articleSection":["Destaque","Maca\u00e9","Maca\u00e9"],"inLanguage":"pt-BR","potentialAction":[{"@type":"CommentAction","name":"Comment","target":["https:\/\/rotario.com.br\/site\/mostra-da-emart-talento-e-emocao\/#respond"]}]},{"@type":"WebPage","@id":"https:\/\/rotario.com.br\/site\/mostra-da-emart-talento-e-emocao\/","url":"https:\/\/rotario.com.br\/site\/mostra-da-emart-talento-e-emocao\/","name":"Mostra da Emart: talento e emo\u00e7\u00e3o - Rota Rio","isPartOf":{"@id":"https:\/\/rotario.com.br\/site\/#website"},"primaryImageOfPage":{"@id":"https:\/\/rotario.com.br\/site\/mostra-da-emart-talento-e-emocao\/#primaryimage"},"image":{"@id":"https:\/\/rotario.com.br\/site\/mostra-da-emart-talento-e-emocao\/#primaryimage"},"thumbnailUrl":"https:\/\/rotario.com.br\/site\/wp-content\/uploads\/2022\/12\/1670990768.jpg","datePublished":"2022-12-13T17:40:14+00:00","dateModified":"2022-12-13T17:40:16+00:00","breadcrumb":{"@id":"https:\/\/rotario.com.br\/site\/mostra-da-emart-talento-e-emocao\/#breadcrumb"},"inLanguage":"pt-BR","potentialAction":[{"@type":"ReadAction","target":["https:\/\/rotario.com.br\/site\/mostra-da-emart-talento-e-emocao\/"]}]},{"@type":"ImageObject","inLanguage":"pt-BR","@id":"https:\/\/rotario.com.br\/site\/mostra-da-emart-talento-e-emocao\/#primaryimage","url":"https:\/\/rotario.com.br\/site\/wp-content\/uploads\/2022\/12\/1670990768.jpg","contentUrl":"https:\/\/rotario.com.br\/site\/wp-content\/uploads\/2022\/12\/1670990768.jpg","width":1417,"height":945,"caption":"Mostra de final de ano de alunos da EMART. Maca\u00e9\/RJ. Data: 12\/12\/2022. Foto: Rui Porto Filho"},{"@type":"BreadcrumbList","@id":"https:\/\/rotario.com.br\/site\/mostra-da-emart-talento-e-emocao\/#breadcrumb","itemListElement":[{"@type":"ListItem","position":1,"name":"In\u00edcio","item":"https:\/\/rotario.com.br\/site\/"},{"@type":"ListItem","position":2,"name":"Mostra da Emart: talento e emo\u00e7\u00e3o"}]},{"@type":"WebSite","@id":"https:\/\/rotario.com.br\/site\/#website","url":"https:\/\/rotario.com.br\/site\/","name":"Rota Rio","description":"Aqui, o Rio de Janeiro \u00e9 a pauta!","publisher":{"@id":"https:\/\/rotario.com.br\/site\/#organization"},"potentialAction":[{"@type":"SearchAction","target":{"@type":"EntryPoint","urlTemplate":"https:\/\/rotario.com.br\/site\/?s={search_term_string}"},"query-input":{"@type":"PropertyValueSpecification","valueRequired":true,"valueName":"search_term_string"}}],"inLanguage":"pt-BR"},{"@type":"Organization","@id":"https:\/\/rotario.com.br\/site\/#organization","name":"Rota Rio","url":"https:\/\/rotario.com.br\/site\/","logo":{"@type":"ImageObject","inLanguage":"pt-BR","@id":"https:\/\/rotario.com.br\/site\/#\/schema\/logo\/image\/","url":"https:\/\/rotario.com.br\/site\/wp-content\/uploads\/2022\/04\/cropped-ROTARIO-LOGO-Prancheta-1-1-2048x654-1.png","contentUrl":"https:\/\/rotario.com.br\/site\/wp-content\/uploads\/2022\/04\/cropped-ROTARIO-LOGO-Prancheta-1-1-2048x654-1.png","width":2048,"height":654,"caption":"Rota Rio"},"image":{"@id":"https:\/\/rotario.com.br\/site\/#\/schema\/logo\/image\/"}},{"@type":"Person","@id":"https:\/\/rotario.com.br\/site\/#\/schema\/person\/fd89bbbf4136f7e8a21e0dd67b8a66c7","name":"Galv\u00e3o","url":"https:\/\/rotario.com.br\/site\/author\/daniel\/"}]}},"_links":{"self":[{"href":"https:\/\/rotario.com.br\/site\/wp-json\/wp\/v2\/posts\/9041","targetHints":{"allow":["GET"]}}],"collection":[{"href":"https:\/\/rotario.com.br\/site\/wp-json\/wp\/v2\/posts"}],"about":[{"href":"https:\/\/rotario.com.br\/site\/wp-json\/wp\/v2\/types\/post"}],"author":[{"embeddable":true,"href":"https:\/\/rotario.com.br\/site\/wp-json\/wp\/v2\/users\/2"}],"replies":[{"embeddable":true,"href":"https:\/\/rotario.com.br\/site\/wp-json\/wp\/v2\/comments?post=9041"}],"version-history":[{"count":0,"href":"https:\/\/rotario.com.br\/site\/wp-json\/wp\/v2\/posts\/9041\/revisions"}],"wp:featuredmedia":[{"embeddable":true,"href":"https:\/\/rotario.com.br\/site\/wp-json\/wp\/v2\/media\/9042"}],"wp:attachment":[{"href":"https:\/\/rotario.com.br\/site\/wp-json\/wp\/v2\/media?parent=9041"}],"wp:term":[{"taxonomy":"category","embeddable":true,"href":"https:\/\/rotario.com.br\/site\/wp-json\/wp\/v2\/categories?post=9041"},{"taxonomy":"post_tag","embeddable":true,"href":"https:\/\/rotario.com.br\/site\/wp-json\/wp\/v2\/tags?post=9041"}],"curies":[{"name":"wp","href":"https:\/\/api.w.org\/{rel}","templated":true}]}}