{"id":9047,"date":"2022-12-14T12:10:47","date_gmt":"2022-12-14T15:10:47","guid":{"rendered":"https:\/\/rotario.com.br\/site\/?p=9047"},"modified":"2022-12-14T12:10:49","modified_gmt":"2022-12-14T15:10:49","slug":"reinauguracao-do-centro-cultural-do-legislativo","status":"publish","type":"post","link":"https:\/\/rotario.com.br\/site\/reinauguracao-do-centro-cultural-do-legislativo\/","title":{"rendered":"Reinaugura\u00e7\u00e3o do Centro Cultural do Legislativo"},"content":{"rendered":"\n<p class=\"has-drop-cap\">Considerada um dos principais patrim\u00f4nios hist\u00f3ricos da regi\u00e3o, a antiga sede da C\u00e2mara Municipal de Maca\u00e9 reabre as portas ao p\u00fablico nesta quarta-feira (14), \u00e0s 17h. A solenidade marca o fim da maior reforma j\u00e1 feita no im\u00f3vel constru\u00eddo h\u00e1 quase dois s\u00e9culos, al\u00e9m de iniciar de contar com a chegada do Papai Noel para acender a ilumina\u00e7\u00e3o natalina.<\/p>\n\n\n\n<p>De acordo com o presidente Cesinha (Pros), o Legislativo tem a miss\u00e3o de entregar aos macaenses um espa\u00e7o que seja democr\u00e1tico e que sirva como fonte de conhecimento. \u201cTamb\u00e9m pensamos na programa\u00e7\u00e3o natalina para movimentar o com\u00e9rcio da regi\u00e3o central e passar uma mensagem de esperan\u00e7a e f\u00e9, especialmente ap\u00f3s tantas dificuldades que passamos nos \u00faltimos tempos\u201d, acrescentou.<\/p>\n\n\n\n<p>As obras preservam a estrutura arquitet\u00f4nica do im\u00f3vel, que foi adaptada ao longo dos anos por ter sido o centro de decis\u00f5es pol\u00edticas locais. Durante um per\u00edodo, abrigou a C\u00e2mara e tamb\u00e9m a Prefeitura. Com a inaugura\u00e7\u00e3o do Pal\u00e1cio Nat\u00e1lio Salvador Antunes, o Legislativo transferiu as atividades para a nova sede. Posteriormente, os parlamentares aprovaram a cria\u00e7\u00e3o do Centro Cultural, que conta com o Museu e a Escola do Legislativo, al\u00e9m de uma biblioteca.<\/p>\n\n\n\n<p>No plen\u00e1rio, os m\u00f3veis foram restaurados e, no espa\u00e7o, ser\u00e1 poss\u00edvel novamente realizar sess\u00f5es e audi\u00eancias p\u00fablicas, incluindo equipamentos para transmiss\u00e3o ao vivo. \u201cO desenvolvimento de Maca\u00e9 passou por aqui. Por isso, tenho grande orgulho em dizer que a nossa gest\u00e3o conclui nesta semana, com recursos pr\u00f3prios, a reforma mais importante da nossa antiga sede\u201d, disse Cesinha.<\/p>\n\n\n\n<p>Um elevador foi instalado na parte interna, permitindo acesso ao piso superior, que conta espa\u00e7o administrativo e uma ampla sala para realiza\u00e7\u00e3o de cursos. Todo o telhado foi trocado e passou por impermeabiliza\u00e7\u00e3o para evitar goteiras e infiltra\u00e7\u00f5es. A Pra\u00e7a G\u00ea Sardenberg, no entorno, tamb\u00e9m ser\u00e1 entregue totalmente remodelada.<\/p>\n\n\n\n<p><strong>O im\u00f3vel<\/strong><\/p>\n\n\n\n<p>Constru\u00eddo em 1838, o local inicialmente serviu de resid\u00eancia para a fam\u00edlia de Francisco Domingues Ara\u00fajo, grande comerciante e fazendeiro da \u00e9poca. Tr\u00eas d\u00e9cadas depois, passou a ser alugada para a C\u00e2mara Municipal, que veio a adquirir oficialmente o im\u00f3vel em 1905. At\u00e9 o final de 2012, sediou o Legislativo.<\/p>\n","protected":false},"excerpt":{"rendered":"<p>Considerada um dos principais patrim\u00f4nios hist\u00f3ricos da regi\u00e3o, a antiga sede da C\u00e2mara Municipal de Maca\u00e9 reabre as portas ao p\u00fablico nesta quarta-feira (14), \u00e0s 17h. A solenidade marca o fim da maior reforma j\u00e1 feita no im\u00f3vel constru\u00eddo h\u00e1 quase dois s\u00e9culos, al\u00e9m de iniciar de contar com a chegada do Papai Noel para [&hellip;]<\/p>\n","protected":false},"author":2,"featured_media":9048,"comment_status":"open","ping_status":"open","sticky":false,"template":"","format":"standard","meta":{"footnotes":""},"categories":[225,52,119],"tags":[],"class_list":["post-9047","post","type-post","status-publish","format-standard","has-post-thumbnail","hentry","category-destaque","category-macae","category-macae-costa-do-sol"],"yoast_head":"<!-- This site is optimized with the Yoast SEO plugin v26.5 - https:\/\/yoast.com\/wordpress\/plugins\/seo\/ -->\n<title>Reinaugura\u00e7\u00e3o do Centro Cultural do Legislativo - Rota Rio<\/title>\n<meta name=\"robots\" content=\"index, follow, max-snippet:-1, max-image-preview:large, max-video-preview:-1\" \/>\n<link rel=\"canonical\" href=\"https:\/\/rotario.com.br\/site\/reinauguracao-do-centro-cultural-do-legislativo\/\" \/>\n<meta property=\"og:locale\" content=\"pt_BR\" \/>\n<meta property=\"og:type\" content=\"article\" \/>\n<meta property=\"og:title\" content=\"Reinaugura\u00e7\u00e3o do Centro Cultural do Legislativo - Rota Rio\" \/>\n<meta property=\"og:description\" content=\"Considerada um dos principais patrim\u00f4nios hist\u00f3ricos da regi\u00e3o, a antiga sede da C\u00e2mara Municipal de Maca\u00e9 reabre as portas ao p\u00fablico nesta quarta-feira (14), \u00e0s 17h. A solenidade marca o fim da maior reforma j\u00e1 feita no im\u00f3vel constru\u00eddo h\u00e1 quase dois s\u00e9culos, al\u00e9m de iniciar de contar com a chegada do Papai Noel para [&hellip;]\" \/>\n<meta property=\"og:url\" content=\"https:\/\/rotario.com.br\/site\/reinauguracao-do-centro-cultural-do-legislativo\/\" \/>\n<meta property=\"og:site_name\" content=\"Rota Rio\" \/>\n<meta property=\"article:published_time\" content=\"2022-12-14T15:10:47+00:00\" \/>\n<meta property=\"article:modified_time\" content=\"2022-12-14T15:10:49+00:00\" \/>\n<meta property=\"og:image\" content=\"https:\/\/rotario.com.br\/site\/wp-content\/uploads\/2022\/12\/banner-1900x903px_CAMARAMACAE-inauguracao.webp\" \/>\n\t<meta property=\"og:image:width\" content=\"710\" \/>\n\t<meta property=\"og:image:height\" content=\"337\" \/>\n\t<meta property=\"og:image:type\" content=\"image\/webp\" \/>\n<meta name=\"author\" content=\"Galv\u00e3o\" \/>\n<meta name=\"twitter:card\" content=\"summary_large_image\" \/>\n<meta name=\"twitter:label1\" content=\"Escrito por\" \/>\n\t<meta name=\"twitter:data1\" content=\"Galv\u00e3o\" \/>\n\t<meta name=\"twitter:label2\" content=\"Est. tempo de leitura\" \/>\n\t<meta name=\"twitter:data2\" content=\"2 minutos\" \/>\n<script type=\"application\/ld+json\" class=\"yoast-schema-graph\">{\"@context\":\"https:\/\/schema.org\",\"@graph\":[{\"@type\":\"Article\",\"@id\":\"https:\/\/rotario.com.br\/site\/reinauguracao-do-centro-cultural-do-legislativo\/#article\",\"isPartOf\":{\"@id\":\"https:\/\/rotario.com.br\/site\/reinauguracao-do-centro-cultural-do-legislativo\/\"},\"author\":{\"name\":\"Galv\u00e3o\",\"@id\":\"https:\/\/rotario.com.br\/site\/#\/schema\/person\/fd89bbbf4136f7e8a21e0dd67b8a66c7\"},\"headline\":\"Reinaugura\u00e7\u00e3o do Centro Cultural do Legislativo\",\"datePublished\":\"2022-12-14T15:10:47+00:00\",\"dateModified\":\"2022-12-14T15:10:49+00:00\",\"mainEntityOfPage\":{\"@id\":\"https:\/\/rotario.com.br\/site\/reinauguracao-do-centro-cultural-do-legislativo\/\"},\"wordCount\":408,\"commentCount\":0,\"publisher\":{\"@id\":\"https:\/\/rotario.com.br\/site\/#organization\"},\"image\":{\"@id\":\"https:\/\/rotario.com.br\/site\/reinauguracao-do-centro-cultural-do-legislativo\/#primaryimage\"},\"thumbnailUrl\":\"https:\/\/rotario.com.br\/site\/wp-content\/uploads\/2022\/12\/banner-1900x903px_CAMARAMACAE-inauguracao.webp\",\"articleSection\":[\"Destaque\",\"Maca\u00e9\",\"Maca\u00e9\"],\"inLanguage\":\"pt-BR\",\"potentialAction\":[{\"@type\":\"CommentAction\",\"name\":\"Comment\",\"target\":[\"https:\/\/rotario.com.br\/site\/reinauguracao-do-centro-cultural-do-legislativo\/#respond\"]}]},{\"@type\":\"WebPage\",\"@id\":\"https:\/\/rotario.com.br\/site\/reinauguracao-do-centro-cultural-do-legislativo\/\",\"url\":\"https:\/\/rotario.com.br\/site\/reinauguracao-do-centro-cultural-do-legislativo\/\",\"name\":\"Reinaugura\u00e7\u00e3o do Centro Cultural do Legislativo - Rota Rio\",\"isPartOf\":{\"@id\":\"https:\/\/rotario.com.br\/site\/#website\"},\"primaryImageOfPage\":{\"@id\":\"https:\/\/rotario.com.br\/site\/reinauguracao-do-centro-cultural-do-legislativo\/#primaryimage\"},\"image\":{\"@id\":\"https:\/\/rotario.com.br\/site\/reinauguracao-do-centro-cultural-do-legislativo\/#primaryimage\"},\"thumbnailUrl\":\"https:\/\/rotario.com.br\/site\/wp-content\/uploads\/2022\/12\/banner-1900x903px_CAMARAMACAE-inauguracao.webp\",\"datePublished\":\"2022-12-14T15:10:47+00:00\",\"dateModified\":\"2022-12-14T15:10:49+00:00\",\"breadcrumb\":{\"@id\":\"https:\/\/rotario.com.br\/site\/reinauguracao-do-centro-cultural-do-legislativo\/#breadcrumb\"},\"inLanguage\":\"pt-BR\",\"potentialAction\":[{\"@type\":\"ReadAction\",\"target\":[\"https:\/\/rotario.com.br\/site\/reinauguracao-do-centro-cultural-do-legislativo\/\"]}]},{\"@type\":\"ImageObject\",\"inLanguage\":\"pt-BR\",\"@id\":\"https:\/\/rotario.com.br\/site\/reinauguracao-do-centro-cultural-do-legislativo\/#primaryimage\",\"url\":\"https:\/\/rotario.com.br\/site\/wp-content\/uploads\/2022\/12\/banner-1900x903px_CAMARAMACAE-inauguracao.webp\",\"contentUrl\":\"https:\/\/rotario.com.br\/site\/wp-content\/uploads\/2022\/12\/banner-1900x903px_CAMARAMACAE-inauguracao.webp\",\"width\":710,\"height\":337},{\"@type\":\"BreadcrumbList\",\"@id\":\"https:\/\/rotario.com.br\/site\/reinauguracao-do-centro-cultural-do-legislativo\/#breadcrumb\",\"itemListElement\":[{\"@type\":\"ListItem\",\"position\":1,\"name\":\"In\u00edcio\",\"item\":\"https:\/\/rotario.com.br\/site\/\"},{\"@type\":\"ListItem\",\"position\":2,\"name\":\"Reinaugura\u00e7\u00e3o do Centro Cultural do Legislativo\"}]},{\"@type\":\"WebSite\",\"@id\":\"https:\/\/rotario.com.br\/site\/#website\",\"url\":\"https:\/\/rotario.com.br\/site\/\",\"name\":\"Rota Rio\",\"description\":\"Aqui, o Rio de Janeiro \u00e9 a pauta!\",\"publisher\":{\"@id\":\"https:\/\/rotario.com.br\/site\/#organization\"},\"potentialAction\":[{\"@type\":\"SearchAction\",\"target\":{\"@type\":\"EntryPoint\",\"urlTemplate\":\"https:\/\/rotario.com.br\/site\/?s={search_term_string}\"},\"query-input\":{\"@type\":\"PropertyValueSpecification\",\"valueRequired\":true,\"valueName\":\"search_term_string\"}}],\"inLanguage\":\"pt-BR\"},{\"@type\":\"Organization\",\"@id\":\"https:\/\/rotario.com.br\/site\/#organization\",\"name\":\"Rota Rio\",\"url\":\"https:\/\/rotario.com.br\/site\/\",\"logo\":{\"@type\":\"ImageObject\",\"inLanguage\":\"pt-BR\",\"@id\":\"https:\/\/rotario.com.br\/site\/#\/schema\/logo\/image\/\",\"url\":\"https:\/\/rotario.com.br\/site\/wp-content\/uploads\/2022\/04\/cropped-ROTARIO-LOGO-Prancheta-1-1-2048x654-1.png\",\"contentUrl\":\"https:\/\/rotario.com.br\/site\/wp-content\/uploads\/2022\/04\/cropped-ROTARIO-LOGO-Prancheta-1-1-2048x654-1.png\",\"width\":2048,\"height\":654,\"caption\":\"Rota Rio\"},\"image\":{\"@id\":\"https:\/\/rotario.com.br\/site\/#\/schema\/logo\/image\/\"}},{\"@type\":\"Person\",\"@id\":\"https:\/\/rotario.com.br\/site\/#\/schema\/person\/fd89bbbf4136f7e8a21e0dd67b8a66c7\",\"name\":\"Galv\u00e3o\",\"url\":\"https:\/\/rotario.com.br\/site\/author\/daniel\/\"}]}<\/script>\n<!-- \/ Yoast SEO plugin. -->","yoast_head_json":{"title":"Reinaugura\u00e7\u00e3o do Centro Cultural do Legislativo - Rota Rio","robots":{"index":"index","follow":"follow","max-snippet":"max-snippet:-1","max-image-preview":"max-image-preview:large","max-video-preview":"max-video-preview:-1"},"canonical":"https:\/\/rotario.com.br\/site\/reinauguracao-do-centro-cultural-do-legislativo\/","og_locale":"pt_BR","og_type":"article","og_title":"Reinaugura\u00e7\u00e3o do Centro Cultural do Legislativo - Rota Rio","og_description":"Considerada um dos principais patrim\u00f4nios hist\u00f3ricos da regi\u00e3o, a antiga sede da C\u00e2mara Municipal de Maca\u00e9 reabre as portas ao p\u00fablico nesta quarta-feira (14), \u00e0s 17h. A solenidade marca o fim da maior reforma j\u00e1 feita no im\u00f3vel constru\u00eddo h\u00e1 quase dois s\u00e9culos, al\u00e9m de iniciar de contar com a chegada do Papai Noel para [&hellip;]","og_url":"https:\/\/rotario.com.br\/site\/reinauguracao-do-centro-cultural-do-legislativo\/","og_site_name":"Rota Rio","article_published_time":"2022-12-14T15:10:47+00:00","article_modified_time":"2022-12-14T15:10:49+00:00","og_image":[{"width":710,"height":337,"url":"https:\/\/rotario.com.br\/site\/wp-content\/uploads\/2022\/12\/banner-1900x903px_CAMARAMACAE-inauguracao.webp","type":"image\/webp"}],"author":"Galv\u00e3o","twitter_card":"summary_large_image","twitter_misc":{"Escrito por":"Galv\u00e3o","Est. tempo de leitura":"2 minutos"},"schema":{"@context":"https:\/\/schema.org","@graph":[{"@type":"Article","@id":"https:\/\/rotario.com.br\/site\/reinauguracao-do-centro-cultural-do-legislativo\/#article","isPartOf":{"@id":"https:\/\/rotario.com.br\/site\/reinauguracao-do-centro-cultural-do-legislativo\/"},"author":{"name":"Galv\u00e3o","@id":"https:\/\/rotario.com.br\/site\/#\/schema\/person\/fd89bbbf4136f7e8a21e0dd67b8a66c7"},"headline":"Reinaugura\u00e7\u00e3o do Centro Cultural do Legislativo","datePublished":"2022-12-14T15:10:47+00:00","dateModified":"2022-12-14T15:10:49+00:00","mainEntityOfPage":{"@id":"https:\/\/rotario.com.br\/site\/reinauguracao-do-centro-cultural-do-legislativo\/"},"wordCount":408,"commentCount":0,"publisher":{"@id":"https:\/\/rotario.com.br\/site\/#organization"},"image":{"@id":"https:\/\/rotario.com.br\/site\/reinauguracao-do-centro-cultural-do-legislativo\/#primaryimage"},"thumbnailUrl":"https:\/\/rotario.com.br\/site\/wp-content\/uploads\/2022\/12\/banner-1900x903px_CAMARAMACAE-inauguracao.webp","articleSection":["Destaque","Maca\u00e9","Maca\u00e9"],"inLanguage":"pt-BR","potentialAction":[{"@type":"CommentAction","name":"Comment","target":["https:\/\/rotario.com.br\/site\/reinauguracao-do-centro-cultural-do-legislativo\/#respond"]}]},{"@type":"WebPage","@id":"https:\/\/rotario.com.br\/site\/reinauguracao-do-centro-cultural-do-legislativo\/","url":"https:\/\/rotario.com.br\/site\/reinauguracao-do-centro-cultural-do-legislativo\/","name":"Reinaugura\u00e7\u00e3o do Centro Cultural do Legislativo - Rota Rio","isPartOf":{"@id":"https:\/\/rotario.com.br\/site\/#website"},"primaryImageOfPage":{"@id":"https:\/\/rotario.com.br\/site\/reinauguracao-do-centro-cultural-do-legislativo\/#primaryimage"},"image":{"@id":"https:\/\/rotario.com.br\/site\/reinauguracao-do-centro-cultural-do-legislativo\/#primaryimage"},"thumbnailUrl":"https:\/\/rotario.com.br\/site\/wp-content\/uploads\/2022\/12\/banner-1900x903px_CAMARAMACAE-inauguracao.webp","datePublished":"2022-12-14T15:10:47+00:00","dateModified":"2022-12-14T15:10:49+00:00","breadcrumb":{"@id":"https:\/\/rotario.com.br\/site\/reinauguracao-do-centro-cultural-do-legislativo\/#breadcrumb"},"inLanguage":"pt-BR","potentialAction":[{"@type":"ReadAction","target":["https:\/\/rotario.com.br\/site\/reinauguracao-do-centro-cultural-do-legislativo\/"]}]},{"@type":"ImageObject","inLanguage":"pt-BR","@id":"https:\/\/rotario.com.br\/site\/reinauguracao-do-centro-cultural-do-legislativo\/#primaryimage","url":"https:\/\/rotario.com.br\/site\/wp-content\/uploads\/2022\/12\/banner-1900x903px_CAMARAMACAE-inauguracao.webp","contentUrl":"https:\/\/rotario.com.br\/site\/wp-content\/uploads\/2022\/12\/banner-1900x903px_CAMARAMACAE-inauguracao.webp","width":710,"height":337},{"@type":"BreadcrumbList","@id":"https:\/\/rotario.com.br\/site\/reinauguracao-do-centro-cultural-do-legislativo\/#breadcrumb","itemListElement":[{"@type":"ListItem","position":1,"name":"In\u00edcio","item":"https:\/\/rotario.com.br\/site\/"},{"@type":"ListItem","position":2,"name":"Reinaugura\u00e7\u00e3o do Centro Cultural do Legislativo"}]},{"@type":"WebSite","@id":"https:\/\/rotario.com.br\/site\/#website","url":"https:\/\/rotario.com.br\/site\/","name":"Rota Rio","description":"Aqui, o Rio de Janeiro \u00e9 a pauta!","publisher":{"@id":"https:\/\/rotario.com.br\/site\/#organization"},"potentialAction":[{"@type":"SearchAction","target":{"@type":"EntryPoint","urlTemplate":"https:\/\/rotario.com.br\/site\/?s={search_term_string}"},"query-input":{"@type":"PropertyValueSpecification","valueRequired":true,"valueName":"search_term_string"}}],"inLanguage":"pt-BR"},{"@type":"Organization","@id":"https:\/\/rotario.com.br\/site\/#organization","name":"Rota Rio","url":"https:\/\/rotario.com.br\/site\/","logo":{"@type":"ImageObject","inLanguage":"pt-BR","@id":"https:\/\/rotario.com.br\/site\/#\/schema\/logo\/image\/","url":"https:\/\/rotario.com.br\/site\/wp-content\/uploads\/2022\/04\/cropped-ROTARIO-LOGO-Prancheta-1-1-2048x654-1.png","contentUrl":"https:\/\/rotario.com.br\/site\/wp-content\/uploads\/2022\/04\/cropped-ROTARIO-LOGO-Prancheta-1-1-2048x654-1.png","width":2048,"height":654,"caption":"Rota Rio"},"image":{"@id":"https:\/\/rotario.com.br\/site\/#\/schema\/logo\/image\/"}},{"@type":"Person","@id":"https:\/\/rotario.com.br\/site\/#\/schema\/person\/fd89bbbf4136f7e8a21e0dd67b8a66c7","name":"Galv\u00e3o","url":"https:\/\/rotario.com.br\/site\/author\/daniel\/"}]}},"_links":{"self":[{"href":"https:\/\/rotario.com.br\/site\/wp-json\/wp\/v2\/posts\/9047","targetHints":{"allow":["GET"]}}],"collection":[{"href":"https:\/\/rotario.com.br\/site\/wp-json\/wp\/v2\/posts"}],"about":[{"href":"https:\/\/rotario.com.br\/site\/wp-json\/wp\/v2\/types\/post"}],"author":[{"embeddable":true,"href":"https:\/\/rotario.com.br\/site\/wp-json\/wp\/v2\/users\/2"}],"replies":[{"embeddable":true,"href":"https:\/\/rotario.com.br\/site\/wp-json\/wp\/v2\/comments?post=9047"}],"version-history":[{"count":0,"href":"https:\/\/rotario.com.br\/site\/wp-json\/wp\/v2\/posts\/9047\/revisions"}],"wp:featuredmedia":[{"embeddable":true,"href":"https:\/\/rotario.com.br\/site\/wp-json\/wp\/v2\/media\/9048"}],"wp:attachment":[{"href":"https:\/\/rotario.com.br\/site\/wp-json\/wp\/v2\/media?parent=9047"}],"wp:term":[{"taxonomy":"category","embeddable":true,"href":"https:\/\/rotario.com.br\/site\/wp-json\/wp\/v2\/categories?post=9047"},{"taxonomy":"post_tag","embeddable":true,"href":"https:\/\/rotario.com.br\/site\/wp-json\/wp\/v2\/tags?post=9047"}],"curies":[{"name":"wp","href":"https:\/\/api.w.org\/{rel}","templated":true}]}}